{"id":4804,"date":"2025-09-24T14:31:07","date_gmt":"2025-09-24T17:31:07","guid":{"rendered":"https:\/\/diariodelsurdigital.com.ar\/?p=4804"},"modified":"2025-09-24T14:31:08","modified_gmt":"2025-09-24T17:31:08","slug":"drones-atacaron-la-flotilla-humanitaria-de-ayuda-a-gaza-en-aguas-griegas","status":"publish","type":"post","link":"https:\/\/diariodelsurdigital.com.ar\/?p=4804","title":{"rendered":"Drones atacaron la flotilla humanitaria de ayuda a Gaza en aguas griegas"},"content":{"rendered":"\n<p>Los organizadores de la flotilla internacional denunciaron al menos nueve ataques contra ocho embarcaciones frente a las costas de Grecia. Los activistas aseguran que los drones intentaron intimidarlos, pero reafirmaron su compromiso de llevar ayuda humanitaria a Gaza y romper el bloqueo israel\u00ed.<\/p>\n\n\n\n<p>Los organizadores de la flotilla de ayuda con destino a Gaza aseguran que \u00abm\u00e1s de 15\u00bb aviones no tripulados hab\u00edan apuntado a varias de sus embarcaciones, situadas actualmente frente a las costas de Grecia.<\/p>\n\n\n\n<p>\u00abM\u00faltiples drones, objetos no identificados lanzados, comunicaciones interferidas y explosiones escuchadas desde varios barcos\u00bb, public\u00f3 el grupo en un comunicado en Instagram. Los activistas denunciaron al menos nueve ataques contra ocho de sus embarcaciones.<\/p>\n\n\n\n<p>\u00abNo nos intimidar\u00e1n\u00bb, record\u00f3 el grupo, que asegur\u00f3 que cada intento de hacerlo solo refuerza su compromiso. \u00abEstas t\u00e1cticas no nos disuadir\u00e1n de nuestra misi\u00f3n de entregar ayuda a Gaza y romper el asedio ilegal\u00bb.<\/p>\n\n\n\n<p>El grupo hizo un llamamiento a la Guardia Costera griega para que \u00abproteja cada embarcaci\u00f3n y cada vida humana dentro de su zona SAR\u00bb.<\/p>\n\n\n\n<p>El ataque se produjo al margen de la Asamblea General de las Naciones Unidas, que se est\u00e1 celebrando en Nueva York. Los organizadores de la flotilla instaron a los l\u00edderes mundiales presentes en la cumbre a tomar \u00abmedidas inmediatas en favor de Gaza\u00bb, en particular votando a favor de una resoluci\u00f3n \u00abrevolucionaria\u00bb presentada por el presidente de Colombia, Gustavo Petro.<\/p>\n\n\n\n<p>El dirigente colombiano hab\u00eda pedido la creaci\u00f3n de un \u00abpoderoso ej\u00e9rcito de pa\u00edses que no aceptan el genocidio\u00bb para establecer una \u00abfuerza de mantenimiento de la paz\u00bb en la regi\u00f3n.<\/p>\n\n\n\n<p>La misi\u00f3n humanitaria de la flotilla<br>La flotilla es una flota civil de m\u00e1s de 50 peque\u00f1as embarcaciones procedentes de 44 pa\u00edses, cuyo objetivo es romper el bloqueo israel\u00ed de Gaza, asolada por la hambruna, que se endureci\u00f3 a\u00fan m\u00e1s en octubre de 2023, al comienzo de la guerra en la Franja, tras el ataque militante dirigido por Ham\u00e1s contra el sur de Israel.<\/p>\n\n\n\n<p>No es la primera vez que los activistas que intentan romper el asedio son objeto de ataques. A principios de este mes, la flotilla fue atacada dos veces mientras sus barcos estaban atracados en aguas tunecinas, seg\u00fan los activistas.<\/p>\n\n\n\n<p>Uno de los barcos atacados es el Family Boat, de bandera portuguesa y l\u00edder de la flotilla, que transporta ayuda y algunos de los activistas m\u00e1s famosos a bordo, como Greta Thunberg y la exalcaldesa de Barcelona Ada Colau.<\/p>\n\n\n\n<p>Al parecer, el Alma, otro buque nodriza de la misi\u00f3n, tambi\u00e9n fue atacado. Aunque no hay pruebas concretas, los activistas han acusado a Israel de estar detr\u00e1s de los ataques. En julio, la flotilla desarmada Libertad fue abordada por fuerzas israel\u00edes en aguas internacionales, cuando se dirig\u00eda a transportar suministros a la Franja, public\u00f3 Euronews.<\/p>\n","protected":false},"excerpt":{"rendered":"<p>Los organizadores de la flotilla internacional denunciaron al menos nueve ataques contra ocho embarcaciones frente a las costas de Grecia. Los activistas aseguran que los drones intentaron intimidarlos, pero reafirmaron su compromiso de llevar ayuda humanitaria a Gaza y romper el bloqueo israel\u00ed. Los organizadores de la flotilla de ayuda con destino a Gaza aseguran [&hellip;]<\/p>\n","protected":false},"author":4,"featured_media":4805,"comment_status":"open","ping_status":"open","sticky":false,"template":"","format":"standard","meta":{"footnotes":""},"categories":[20],"tags":[],"class_list":{"0":"post-4804","1":"post","2":"type-post","3":"status-publish","4":"format-standard","5":"has-post-thumbnail","7":"category-internacionales"},"yoast_head":"<!-- This site is optimized with the Yoast SEO plugin v27.4 - https:\/\/yoast.com\/product\/yoast-seo-wordpress\/ -->\n<title>Drones atacaron la flotilla humanitaria de ayuda a Gaza en aguas griegas - Diario del Sur<\/title>\n<meta name=\"robots\" content=\"index, follow, max-snippet:-1, max-image-preview:large, max-video-preview:-1\" \/>\n<link rel=\"canonical\" href=\"https:\/\/diariodelsurdigital.com.ar\/?p=4804\" \/>\n<meta property=\"og:locale\" content=\"es_ES\" \/>\n<meta property=\"og:type\" content=\"article\" \/>\n<meta property=\"og:title\" content=\"Drones atacaron la flotilla humanitaria de ayuda a Gaza en aguas griegas - Diario del Sur\" \/>\n<meta property=\"og:description\" content=\"Los organizadores de la flotilla internacional denunciaron al menos nueve ataques contra ocho embarcaciones frente a las costas de Grecia. Los activistas aseguran que los drones intentaron intimidarlos, pero reafirmaron su compromiso de llevar ayuda humanitaria a Gaza y romper el bloqueo israel\u00ed. Los organizadores de la flotilla de ayuda con destino a Gaza aseguran [&hellip;]\" \/>\n<meta property=\"og:url\" content=\"https:\/\/diariodelsurdigital.com.ar\/?p=4804\" \/>\n<meta property=\"og:site_name\" content=\"Diario del Sur\" \/>\n<meta property=\"article:published_time\" content=\"2025-09-24T17:31:07+00:00\" \/>\n<meta property=\"article:modified_time\" content=\"2025-09-24T17:31:08+00:00\" \/>\n<meta property=\"og:image\" content=\"https:\/\/diariodelsurdigital.com.ar\/wp-content\/uploads\/2025\/09\/md-4-2.webp\" \/>\n\t<meta property=\"og:image:width\" content=\"992\" \/>\n\t<meta property=\"og:image:height\" content=\"992\" \/>\n\t<meta property=\"og:image:type\" content=\"image\/webp\" \/>\n<meta name=\"author\" content=\"Diario del Sur Digital\" \/>\n<meta name=\"twitter:card\" content=\"summary_large_image\" \/>\n<meta name=\"twitter:label1\" content=\"Escrito por\" \/>\n\t<meta name=\"twitter:data1\" content=\"Diario del Sur Digital\" \/>\n\t<meta name=\"twitter:label2\" content=\"Tiempo de lectura\" \/>\n\t<meta name=\"twitter:data2\" content=\"3 minutos\" \/>\n<script type=\"application\/ld+json\" class=\"yoast-schema-graph\">{\"@context\":\"https:\\\/\\\/schema.org\",\"@graph\":[{\"@type\":\"Article\",\"@id\":\"https:\\\/\\\/diariodelsurdigital.com.ar\\\/?p=4804#article\",\"isPartOf\":{\"@id\":\"https:\\\/\\\/diariodelsurdigital.com.ar\\\/?p=4804\"},\"author\":{\"name\":\"Diario del Sur Digital\",\"@id\":\"https:\\\/\\\/diariodelsurdigital.com.ar\\\/#\\\/schema\\\/person\\\/1a4992532ed62965c968031b49195c81\"},\"headline\":\"Drones atacaron la flotilla humanitaria de ayuda a Gaza en aguas griegas\",\"datePublished\":\"2025-09-24T17:31:07+00:00\",\"dateModified\":\"2025-09-24T17:31:08+00:00\",\"mainEntityOfPage\":{\"@id\":\"https:\\\/\\\/diariodelsurdigital.com.ar\\\/?p=4804\"},\"wordCount\":494,\"commentCount\":0,\"image\":{\"@id\":\"https:\\\/\\\/diariodelsurdigital.com.ar\\\/?p=4804#primaryimage\"},\"thumbnailUrl\":\"https:\\\/\\\/diariodelsurdigital.com.ar\\\/wp-content\\\/uploads\\\/2025\\\/09\\\/md-4-2.webp\",\"articleSection\":[\"Internacionales\"],\"inLanguage\":\"es\",\"potentialAction\":[{\"@type\":\"CommentAction\",\"name\":\"Comment\",\"target\":[\"https:\\\/\\\/diariodelsurdigital.com.ar\\\/?p=4804#respond\"]}]},{\"@type\":\"WebPage\",\"@id\":\"https:\\\/\\\/diariodelsurdigital.com.ar\\\/?p=4804\",\"url\":\"https:\\\/\\\/diariodelsurdigital.com.ar\\\/?p=4804\",\"name\":\"Drones atacaron la flotilla humanitaria de ayuda a Gaza en aguas griegas - Diario del Sur\",\"isPartOf\":{\"@id\":\"https:\\\/\\\/diariodelsurdigital.com.ar\\\/#website\"},\"primaryImageOfPage\":{\"@id\":\"https:\\\/\\\/diariodelsurdigital.com.ar\\\/?p=4804#primaryimage\"},\"image\":{\"@id\":\"https:\\\/\\\/diariodelsurdigital.com.ar\\\/?p=4804#primaryimage\"},\"thumbnailUrl\":\"https:\\\/\\\/diariodelsurdigital.com.ar\\\/wp-content\\\/uploads\\\/2025\\\/09\\\/md-4-2.webp\",\"datePublished\":\"2025-09-24T17:31:07+00:00\",\"dateModified\":\"2025-09-24T17:31:08+00:00\",\"author\":{\"@id\":\"https:\\\/\\\/diariodelsurdigital.com.ar\\\/#\\\/schema\\\/person\\\/1a4992532ed62965c968031b49195c81\"},\"breadcrumb\":{\"@id\":\"https:\\\/\\\/diariodelsurdigital.com.ar\\\/?p=4804#breadcrumb\"},\"inLanguage\":\"es\",\"potentialAction\":[{\"@type\":\"ReadAction\",\"target\":[\"https:\\\/\\\/diariodelsurdigital.com.ar\\\/?p=4804\"]}]},{\"@type\":\"ImageObject\",\"inLanguage\":\"es\",\"@id\":\"https:\\\/\\\/diariodelsurdigital.com.ar\\\/?p=4804#primaryimage\",\"url\":\"https:\\\/\\\/diariodelsurdigital.com.ar\\\/wp-content\\\/uploads\\\/2025\\\/09\\\/md-4-2.webp\",\"contentUrl\":\"https:\\\/\\\/diariodelsurdigital.com.ar\\\/wp-content\\\/uploads\\\/2025\\\/09\\\/md-4-2.webp\",\"width\":992,\"height\":992},{\"@type\":\"BreadcrumbList\",\"@id\":\"https:\\\/\\\/diariodelsurdigital.com.ar\\\/?p=4804#breadcrumb\",\"itemListElement\":[{\"@type\":\"ListItem\",\"position\":1,\"name\":\"Portada\",\"item\":\"https:\\\/\\\/diariodelsurdigital.com.ar\\\/\"},{\"@type\":\"ListItem\",\"position\":2,\"name\":\"Drones atacaron la flotilla humanitaria de ayuda a Gaza en aguas griegas\"}]},{\"@type\":\"WebSite\",\"@id\":\"https:\\\/\\\/diariodelsurdigital.com.ar\\\/#website\",\"url\":\"https:\\\/\\\/diariodelsurdigital.com.ar\\\/\",\"name\":\"Diario del Sur\",\"description\":\"Digital\",\"potentialAction\":[{\"@type\":\"SearchAction\",\"target\":{\"@type\":\"EntryPoint\",\"urlTemplate\":\"https:\\\/\\\/diariodelsurdigital.com.ar\\\/?s={search_term_string}\"},\"query-input\":{\"@type\":\"PropertyValueSpecification\",\"valueRequired\":true,\"valueName\":\"search_term_string\"}}],\"inLanguage\":\"es\"},{\"@type\":\"Person\",\"@id\":\"https:\\\/\\\/diariodelsurdigital.com.ar\\\/#\\\/schema\\\/person\\\/1a4992532ed62965c968031b49195c81\",\"name\":\"Diario del Sur Digital\",\"image\":{\"@type\":\"ImageObject\",\"inLanguage\":\"es\",\"@id\":\"https:\\\/\\\/secure.gravatar.com\\\/avatar\\\/f0c7c47fc7146d19828273b9b8eda651c9c7ab583767e6338d3d3bee825adf76?s=96&d=mm&r=g\",\"url\":\"https:\\\/\\\/secure.gravatar.com\\\/avatar\\\/f0c7c47fc7146d19828273b9b8eda651c9c7ab583767e6338d3d3bee825adf76?s=96&d=mm&r=g\",\"contentUrl\":\"https:\\\/\\\/secure.gravatar.com\\\/avatar\\\/f0c7c47fc7146d19828273b9b8eda651c9c7ab583767e6338d3d3bee825adf76?s=96&d=mm&r=g\",\"caption\":\"Diario del Sur Digital\"},\"url\":\"https:\\\/\\\/diariodelsurdigital.com.ar\\\/?author=4\"}]}<\/script>\n<!-- \/ Yoast SEO plugin. -->","yoast_head_json":{"title":"Drones atacaron la flotilla humanitaria de ayuda a Gaza en aguas griegas - Diario del Sur","robots":{"index":"index","follow":"follow","max-snippet":"max-snippet:-1","max-image-preview":"max-image-preview:large","max-video-preview":"max-video-preview:-1"},"canonical":"https:\/\/diariodelsurdigital.com.ar\/?p=4804","og_locale":"es_ES","og_type":"article","og_title":"Drones atacaron la flotilla humanitaria de ayuda a Gaza en aguas griegas - Diario del Sur","og_description":"Los organizadores de la flotilla internacional denunciaron al menos nueve ataques contra ocho embarcaciones frente a las costas de Grecia. Los activistas aseguran que los drones intentaron intimidarlos, pero reafirmaron su compromiso de llevar ayuda humanitaria a Gaza y romper el bloqueo israel\u00ed. Los organizadores de la flotilla de ayuda con destino a Gaza aseguran [&hellip;]","og_url":"https:\/\/diariodelsurdigital.com.ar\/?p=4804","og_site_name":"Diario del Sur","article_published_time":"2025-09-24T17:31:07+00:00","article_modified_time":"2025-09-24T17:31:08+00:00","og_image":[{"width":992,"height":992,"url":"https:\/\/diariodelsurdigital.com.ar\/wp-content\/uploads\/2025\/09\/md-4-2.webp","type":"image\/webp"}],"author":"Diario del Sur Digital","twitter_card":"summary_large_image","twitter_misc":{"Escrito por":"Diario del Sur Digital","Tiempo de lectura":"3 minutos"},"schema":{"@context":"https:\/\/schema.org","@graph":[{"@type":"Article","@id":"https:\/\/diariodelsurdigital.com.ar\/?p=4804#article","isPartOf":{"@id":"https:\/\/diariodelsurdigital.com.ar\/?p=4804"},"author":{"name":"Diario del Sur Digital","@id":"https:\/\/diariodelsurdigital.com.ar\/#\/schema\/person\/1a4992532ed62965c968031b49195c81"},"headline":"Drones atacaron la flotilla humanitaria de ayuda a Gaza en aguas griegas","datePublished":"2025-09-24T17:31:07+00:00","dateModified":"2025-09-24T17:31:08+00:00","mainEntityOfPage":{"@id":"https:\/\/diariodelsurdigital.com.ar\/?p=4804"},"wordCount":494,"commentCount":0,"image":{"@id":"https:\/\/diariodelsurdigital.com.ar\/?p=4804#primaryimage"},"thumbnailUrl":"https:\/\/diariodelsurdigital.com.ar\/wp-content\/uploads\/2025\/09\/md-4-2.webp","articleSection":["Internacionales"],"inLanguage":"es","potentialAction":[{"@type":"CommentAction","name":"Comment","target":["https:\/\/diariodelsurdigital.com.ar\/?p=4804#respond"]}]},{"@type":"WebPage","@id":"https:\/\/diariodelsurdigital.com.ar\/?p=4804","url":"https:\/\/diariodelsurdigital.com.ar\/?p=4804","name":"Drones atacaron la flotilla humanitaria de ayuda a Gaza en aguas griegas - Diario del Sur","isPartOf":{"@id":"https:\/\/diariodelsurdigital.com.ar\/#website"},"primaryImageOfPage":{"@id":"https:\/\/diariodelsurdigital.com.ar\/?p=4804#primaryimage"},"image":{"@id":"https:\/\/diariodelsurdigital.com.ar\/?p=4804#primaryimage"},"thumbnailUrl":"https:\/\/diariodelsurdigital.com.ar\/wp-content\/uploads\/2025\/09\/md-4-2.webp","datePublished":"2025-09-24T17:31:07+00:00","dateModified":"2025-09-24T17:31:08+00:00","author":{"@id":"https:\/\/diariodelsurdigital.com.ar\/#\/schema\/person\/1a4992532ed62965c968031b49195c81"},"breadcrumb":{"@id":"https:\/\/diariodelsurdigital.com.ar\/?p=4804#breadcrumb"},"inLanguage":"es","potentialAction":[{"@type":"ReadAction","target":["https:\/\/diariodelsurdigital.com.ar\/?p=4804"]}]},{"@type":"ImageObject","inLanguage":"es","@id":"https:\/\/diariodelsurdigital.com.ar\/?p=4804#primaryimage","url":"https:\/\/diariodelsurdigital.com.ar\/wp-content\/uploads\/2025\/09\/md-4-2.webp","contentUrl":"https:\/\/diariodelsurdigital.com.ar\/wp-content\/uploads\/2025\/09\/md-4-2.webp","width":992,"height":992},{"@type":"BreadcrumbList","@id":"https:\/\/diariodelsurdigital.com.ar\/?p=4804#breadcrumb","itemListElement":[{"@type":"ListItem","position":1,"name":"Portada","item":"https:\/\/diariodelsurdigital.com.ar\/"},{"@type":"ListItem","position":2,"name":"Drones atacaron la flotilla humanitaria de ayuda a Gaza en aguas griegas"}]},{"@type":"WebSite","@id":"https:\/\/diariodelsurdigital.com.ar\/#website","url":"https:\/\/diariodelsurdigital.com.ar\/","name":"Diario del Sur","description":"Digital","potentialAction":[{"@type":"SearchAction","target":{"@type":"EntryPoint","urlTemplate":"https:\/\/diariodelsurdigital.com.ar\/?s={search_term_string}"},"query-input":{"@type":"PropertyValueSpecification","valueRequired":true,"valueName":"search_term_string"}}],"inLanguage":"es"},{"@type":"Person","@id":"https:\/\/diariodelsurdigital.com.ar\/#\/schema\/person\/1a4992532ed62965c968031b49195c81","name":"Diario del Sur Digital","image":{"@type":"ImageObject","inLanguage":"es","@id":"https:\/\/secure.gravatar.com\/avatar\/f0c7c47fc7146d19828273b9b8eda651c9c7ab583767e6338d3d3bee825adf76?s=96&d=mm&r=g","url":"https:\/\/secure.gravatar.com\/avatar\/f0c7c47fc7146d19828273b9b8eda651c9c7ab583767e6338d3d3bee825adf76?s=96&d=mm&r=g","contentUrl":"https:\/\/secure.gravatar.com\/avatar\/f0c7c47fc7146d19828273b9b8eda651c9c7ab583767e6338d3d3bee825adf76?s=96&d=mm&r=g","caption":"Diario del Sur Digital"},"url":"https:\/\/diariodelsurdigital.com.ar\/?author=4"}]}},"_links":{"self":[{"href":"https:\/\/diariodelsurdigital.com.ar\/index.php?rest_route=\/wp\/v2\/posts\/4804","targetHints":{"allow":["GET"]}}],"collection":[{"href":"https:\/\/diariodelsurdigital.com.ar\/index.php?rest_route=\/wp\/v2\/posts"}],"about":[{"href":"https:\/\/diariodelsurdigital.com.ar\/index.php?rest_route=\/wp\/v2\/types\/post"}],"author":[{"embeddable":true,"href":"https:\/\/diariodelsurdigital.com.ar\/index.php?rest_route=\/wp\/v2\/users\/4"}],"replies":[{"embeddable":true,"href":"https:\/\/diariodelsurdigital.com.ar\/index.php?rest_route=%2Fwp%2Fv2%2Fcomments&post=4804"}],"version-history":[{"count":1,"href":"https:\/\/diariodelsurdigital.com.ar\/index.php?rest_route=\/wp\/v2\/posts\/4804\/revisions"}],"predecessor-version":[{"id":4806,"href":"https:\/\/diariodelsurdigital.com.ar\/index.php?rest_route=\/wp\/v2\/posts\/4804\/revisions\/4806"}],"wp:featuredmedia":[{"embeddable":true,"href":"https:\/\/diariodelsurdigital.com.ar\/index.php?rest_route=\/wp\/v2\/media\/4805"}],"wp:attachment":[{"href":"https:\/\/diariodelsurdigital.com.ar\/index.php?rest_route=%2Fwp%2Fv2%2Fmedia&parent=4804"}],"wp:term":[{"taxonomy":"category","embeddable":true,"href":"https:\/\/diariodelsurdigital.com.ar\/index.php?rest_route=%2Fwp%2Fv2%2Fcategories&post=4804"},{"taxonomy":"post_tag","embeddable":true,"href":"https:\/\/diariodelsurdigital.com.ar\/index.php?rest_route=%2Fwp%2Fv2%2Ftags&post=4804"}],"curies":[{"name":"wp","href":"https:\/\/api.w.org\/{rel}","templated":true}]}}