{"id":481,"date":"2025-01-07T15:36:49","date_gmt":"2025-01-07T18:36:49","guid":{"rendered":"https:\/\/diariodelsurdigital.com.ar\/?p=481"},"modified":"2025-01-07T15:36:49","modified_gmt":"2025-01-07T18:36:49","slug":"rechazan-habilitar-la-feria-para-tratar-el-pedido-de-kueider-para-volver-a-su-banca-en-el-senado","status":"publish","type":"post","link":"https:\/\/diariodelsurdigital.com.ar\/?p=481","title":{"rendered":"Rechazan habilitar la feria para tratar el pedido de Kueider para volver a su banca en el Senado"},"content":{"rendered":"\n<p>La C\u00e1mara en lo Contencioso Administrativo Federal rechaz\u00f3 hoy habilitar la feria judicial para resolver sobre el amparo que present\u00f3 el ex senador\u00a0<strong>Edgardo Kueider<\/strong>, quien pretende ser restituido en su banca de la C\u00e1mara Alta. Se trata de una decisi\u00f3n de la sala A de feria del Tribunal de Apelaciones, ante un planteo del ex legislador, quien est\u00e1 con arresto domiciliario en Paraguay por intento de contrabando.<\/p>\n\n\n\n<p>El entrerriano quer\u00eda se tratara en el receso de verano su apelaci\u00f3n al rechazo en primera instancia del amparo, seg\u00fan la resoluci\u00f3n. \u201cA la fecha, Edgardo Kueider contin\u00faa detenido en la Rep\u00fablica de Paraguay por disposici\u00f3n de un juez competente, lo que le impedir\u00eda concurrir a la HCSN\u201d en caso de convocarse a sesiones extraordinarias, como argument\u00f3 al pedir la habilitaci\u00f3n de feria, interpret\u00f3 el Tribunal de Apelaciones.<\/p>\n\n\n\n<p>Los jueces remarcaron que \u201cno se configura una situaci\u00f3n de urgencia objetiva que requiera ser resuelta en el lapso de la feria judicial y justifique sustraer la cuesti\u00f3n de la consideraci\u00f3n de sus jueces naturales\u201d.<\/p>\n\n\n\n<p>Kueider justific\u00f3 la urgencia de habilitar la feria al argumentar \u201cque la afectaci\u00f3n denunciada violentaba el derecho de un senador nacional que el 1\u00b0 de marzo deb\u00eda iniciar su labor legislativa, lo cual era esencial para el correcto funcionamiento de las instituciones de la Naci\u00f3n\u201d.<\/p>\n\n\n\n<p>Luego, mencion\u00f3 \u201cla posible existencia de sesiones extraordinarias del Congreso antes del 1\u00b0 de marzo, y calific\u00f3 el hecho como \u201dpotencial\u201c, ante lo cual los jueces remarcaron el car\u00e1cter hipot\u00e9tico de los planteos.<\/p>\n\n\n\n<p>Los camaristas Marcelo Duffy, Jorge Mor\u00e1n y Rogelio Vincenti advirtieron que el propio Kueider \u201creconoci\u00f3 que las circunstancias alegadas eran hipot\u00e9ticas y que sus funciones reci\u00e9n deb\u00edan reanudarse en marzo\u201d al rechazar habilitar la feria de enero.<\/p>\n\n\n\n<p>Ante esta decisi\u00f3n, el amparo que present\u00f3 para ser reincorporado de inmediato a su banca en el Senado quedar\u00e1 pendiente para febrero, cuando se reanude la actividad judicial.<\/p>\n","protected":false},"excerpt":{"rendered":"<p>La C\u00e1mara en lo Contencioso Administrativo Federal rechaz\u00f3 hoy habilitar la feria judicial para resolver sobre el amparo que present\u00f3 el ex senador\u00a0Edgardo Kueider, quien pretende ser restituido en su banca de la C\u00e1mara Alta. Se trata de una decisi\u00f3n de la sala A de feria del Tribunal de Apelaciones, ante un planteo del ex [&hellip;]<\/p>\n","protected":false},"author":4,"featured_media":482,"comment_status":"open","ping_status":"open","sticky":false,"template":"","format":"standard","meta":{"footnotes":""},"categories":[18,22],"tags":[],"class_list":{"0":"post-481","1":"post","2":"type-post","3":"status-publish","4":"format-standard","5":"has-post-thumbnail","7":"category-nacionales","8":"category-politica"},"yoast_head":"<!-- This site is optimized with the Yoast SEO plugin v27.4 - https:\/\/yoast.com\/product\/yoast-seo-wordpress\/ -->\n<title>Rechazan habilitar la feria para tratar el pedido de Kueider para volver a su banca en el Senado - Diario del Sur<\/title>\n<meta name=\"robots\" content=\"index, follow, max-snippet:-1, max-image-preview:large, max-video-preview:-1\" \/>\n<link rel=\"canonical\" href=\"https:\/\/diariodelsurdigital.com.ar\/?p=481\" \/>\n<meta property=\"og:locale\" content=\"es_ES\" \/>\n<meta property=\"og:type\" content=\"article\" \/>\n<meta property=\"og:title\" content=\"Rechazan habilitar la feria para tratar el pedido de Kueider para volver a su banca en el Senado - Diario del Sur\" \/>\n<meta property=\"og:description\" content=\"La C\u00e1mara en lo Contencioso Administrativo Federal rechaz\u00f3 hoy habilitar la feria judicial para resolver sobre el amparo que present\u00f3 el ex senador\u00a0Edgardo Kueider, quien pretende ser restituido en su banca de la C\u00e1mara Alta. Se trata de una decisi\u00f3n de la sala A de feria del Tribunal de Apelaciones, ante un planteo del ex [&hellip;]\" \/>\n<meta property=\"og:url\" content=\"https:\/\/diariodelsurdigital.com.ar\/?p=481\" \/>\n<meta property=\"og:site_name\" content=\"Diario del Sur\" \/>\n<meta property=\"article:published_time\" content=\"2025-01-07T18:36:49+00:00\" \/>\n<meta property=\"og:image\" content=\"https:\/\/diariodelsurdigital.com.ar\/wp-content\/uploads\/2025\/01\/4950ecff-d466-4beb-9d6d-764408fa5732_16-9-discover-aspect-ratio_default_0.webp\" \/>\n\t<meta property=\"og:image:width\" content=\"1200\" \/>\n\t<meta property=\"og:image:height\" content=\"675\" \/>\n\t<meta property=\"og:image:type\" content=\"image\/webp\" \/>\n<meta name=\"author\" content=\"Diario del Sur Digital\" \/>\n<meta name=\"twitter:card\" content=\"summary_large_image\" \/>\n<meta name=\"twitter:label1\" content=\"Escrito por\" \/>\n\t<meta name=\"twitter:data1\" content=\"Diario del Sur Digital\" \/>\n\t<meta name=\"twitter:label2\" content=\"Tiempo de lectura\" \/>\n\t<meta name=\"twitter:data2\" content=\"2 minutos\" \/>\n<script type=\"application\/ld+json\" class=\"yoast-schema-graph\">{\"@context\":\"https:\\\/\\\/schema.org\",\"@graph\":[{\"@type\":\"Article\",\"@id\":\"https:\\\/\\\/diariodelsurdigital.com.ar\\\/?p=481#article\",\"isPartOf\":{\"@id\":\"https:\\\/\\\/diariodelsurdigital.com.ar\\\/?p=481\"},\"author\":{\"name\":\"Diario del Sur Digital\",\"@id\":\"https:\\\/\\\/diariodelsurdigital.com.ar\\\/#\\\/schema\\\/person\\\/1a4992532ed62965c968031b49195c81\"},\"headline\":\"Rechazan habilitar la feria para tratar el pedido de Kueider para volver a su banca en el Senado\",\"datePublished\":\"2025-01-07T18:36:49+00:00\",\"mainEntityOfPage\":{\"@id\":\"https:\\\/\\\/diariodelsurdigital.com.ar\\\/?p=481\"},\"wordCount\":355,\"commentCount\":0,\"image\":{\"@id\":\"https:\\\/\\\/diariodelsurdigital.com.ar\\\/?p=481#primaryimage\"},\"thumbnailUrl\":\"https:\\\/\\\/diariodelsurdigital.com.ar\\\/wp-content\\\/uploads\\\/2025\\\/01\\\/4950ecff-d466-4beb-9d6d-764408fa5732_16-9-discover-aspect-ratio_default_0.webp\",\"articleSection\":[\"Nacionales\",\"Pol\u00edtica\"],\"inLanguage\":\"es\",\"potentialAction\":[{\"@type\":\"CommentAction\",\"name\":\"Comment\",\"target\":[\"https:\\\/\\\/diariodelsurdigital.com.ar\\\/?p=481#respond\"]}]},{\"@type\":\"WebPage\",\"@id\":\"https:\\\/\\\/diariodelsurdigital.com.ar\\\/?p=481\",\"url\":\"https:\\\/\\\/diariodelsurdigital.com.ar\\\/?p=481\",\"name\":\"Rechazan habilitar la feria para tratar el pedido de Kueider para volver a su banca en el Senado - Diario del Sur\",\"isPartOf\":{\"@id\":\"https:\\\/\\\/diariodelsurdigital.com.ar\\\/#website\"},\"primaryImageOfPage\":{\"@id\":\"https:\\\/\\\/diariodelsurdigital.com.ar\\\/?p=481#primaryimage\"},\"image\":{\"@id\":\"https:\\\/\\\/diariodelsurdigital.com.ar\\\/?p=481#primaryimage\"},\"thumbnailUrl\":\"https:\\\/\\\/diariodelsurdigital.com.ar\\\/wp-content\\\/uploads\\\/2025\\\/01\\\/4950ecff-d466-4beb-9d6d-764408fa5732_16-9-discover-aspect-ratio_default_0.webp\",\"datePublished\":\"2025-01-07T18:36:49+00:00\",\"author\":{\"@id\":\"https:\\\/\\\/diariodelsurdigital.com.ar\\\/#\\\/schema\\\/person\\\/1a4992532ed62965c968031b49195c81\"},\"breadcrumb\":{\"@id\":\"https:\\\/\\\/diariodelsurdigital.com.ar\\\/?p=481#breadcrumb\"},\"inLanguage\":\"es\",\"potentialAction\":[{\"@type\":\"ReadAction\",\"target\":[\"https:\\\/\\\/diariodelsurdigital.com.ar\\\/?p=481\"]}]},{\"@type\":\"ImageObject\",\"inLanguage\":\"es\",\"@id\":\"https:\\\/\\\/diariodelsurdigital.com.ar\\\/?p=481#primaryimage\",\"url\":\"https:\\\/\\\/diariodelsurdigital.com.ar\\\/wp-content\\\/uploads\\\/2025\\\/01\\\/4950ecff-d466-4beb-9d6d-764408fa5732_16-9-discover-aspect-ratio_default_0.webp\",\"contentUrl\":\"https:\\\/\\\/diariodelsurdigital.com.ar\\\/wp-content\\\/uploads\\\/2025\\\/01\\\/4950ecff-d466-4beb-9d6d-764408fa5732_16-9-discover-aspect-ratio_default_0.webp\",\"width\":1200,\"height\":675},{\"@type\":\"BreadcrumbList\",\"@id\":\"https:\\\/\\\/diariodelsurdigital.com.ar\\\/?p=481#breadcrumb\",\"itemListElement\":[{\"@type\":\"ListItem\",\"position\":1,\"name\":\"Portada\",\"item\":\"https:\\\/\\\/diariodelsurdigital.com.ar\\\/\"},{\"@type\":\"ListItem\",\"position\":2,\"name\":\"Rechazan habilitar la feria para tratar el pedido de Kueider para volver a su banca en el Senado\"}]},{\"@type\":\"WebSite\",\"@id\":\"https:\\\/\\\/diariodelsurdigital.com.ar\\\/#website\",\"url\":\"https:\\\/\\\/diariodelsurdigital.com.ar\\\/\",\"name\":\"Diario del Sur\",\"description\":\"Digital\",\"potentialAction\":[{\"@type\":\"SearchAction\",\"target\":{\"@type\":\"EntryPoint\",\"urlTemplate\":\"https:\\\/\\\/diariodelsurdigital.com.ar\\\/?s={search_term_string}\"},\"query-input\":{\"@type\":\"PropertyValueSpecification\",\"valueRequired\":true,\"valueName\":\"search_term_string\"}}],\"inLanguage\":\"es\"},{\"@type\":\"Person\",\"@id\":\"https:\\\/\\\/diariodelsurdigital.com.ar\\\/#\\\/schema\\\/person\\\/1a4992532ed62965c968031b49195c81\",\"name\":\"Diario del Sur Digital\",\"image\":{\"@type\":\"ImageObject\",\"inLanguage\":\"es\",\"@id\":\"https:\\\/\\\/secure.gravatar.com\\\/avatar\\\/f0c7c47fc7146d19828273b9b8eda651c9c7ab583767e6338d3d3bee825adf76?s=96&d=mm&r=g\",\"url\":\"https:\\\/\\\/secure.gravatar.com\\\/avatar\\\/f0c7c47fc7146d19828273b9b8eda651c9c7ab583767e6338d3d3bee825adf76?s=96&d=mm&r=g\",\"contentUrl\":\"https:\\\/\\\/secure.gravatar.com\\\/avatar\\\/f0c7c47fc7146d19828273b9b8eda651c9c7ab583767e6338d3d3bee825adf76?s=96&d=mm&r=g\",\"caption\":\"Diario del Sur Digital\"},\"url\":\"https:\\\/\\\/diariodelsurdigital.com.ar\\\/?author=4\"}]}<\/script>\n<!-- \/ Yoast SEO plugin. -->","yoast_head_json":{"title":"Rechazan habilitar la feria para tratar el pedido de Kueider para volver a su banca en el Senado - Diario del Sur","robots":{"index":"index","follow":"follow","max-snippet":"max-snippet:-1","max-image-preview":"max-image-preview:large","max-video-preview":"max-video-preview:-1"},"canonical":"https:\/\/diariodelsurdigital.com.ar\/?p=481","og_locale":"es_ES","og_type":"article","og_title":"Rechazan habilitar la feria para tratar el pedido de Kueider para volver a su banca en el Senado - Diario del Sur","og_description":"La C\u00e1mara en lo Contencioso Administrativo Federal rechaz\u00f3 hoy habilitar la feria judicial para resolver sobre el amparo que present\u00f3 el ex senador\u00a0Edgardo Kueider, quien pretende ser restituido en su banca de la C\u00e1mara Alta. Se trata de una decisi\u00f3n de la sala A de feria del Tribunal de Apelaciones, ante un planteo del ex [&hellip;]","og_url":"https:\/\/diariodelsurdigital.com.ar\/?p=481","og_site_name":"Diario del Sur","article_published_time":"2025-01-07T18:36:49+00:00","og_image":[{"width":1200,"height":675,"url":"https:\/\/diariodelsurdigital.com.ar\/wp-content\/uploads\/2025\/01\/4950ecff-d466-4beb-9d6d-764408fa5732_16-9-discover-aspect-ratio_default_0.webp","type":"image\/webp"}],"author":"Diario del Sur Digital","twitter_card":"summary_large_image","twitter_misc":{"Escrito por":"Diario del Sur Digital","Tiempo de lectura":"2 minutos"},"schema":{"@context":"https:\/\/schema.org","@graph":[{"@type":"Article","@id":"https:\/\/diariodelsurdigital.com.ar\/?p=481#article","isPartOf":{"@id":"https:\/\/diariodelsurdigital.com.ar\/?p=481"},"author":{"name":"Diario del Sur Digital","@id":"https:\/\/diariodelsurdigital.com.ar\/#\/schema\/person\/1a4992532ed62965c968031b49195c81"},"headline":"Rechazan habilitar la feria para tratar el pedido de Kueider para volver a su banca en el Senado","datePublished":"2025-01-07T18:36:49+00:00","mainEntityOfPage":{"@id":"https:\/\/diariodelsurdigital.com.ar\/?p=481"},"wordCount":355,"commentCount":0,"image":{"@id":"https:\/\/diariodelsurdigital.com.ar\/?p=481#primaryimage"},"thumbnailUrl":"https:\/\/diariodelsurdigital.com.ar\/wp-content\/uploads\/2025\/01\/4950ecff-d466-4beb-9d6d-764408fa5732_16-9-discover-aspect-ratio_default_0.webp","articleSection":["Nacionales","Pol\u00edtica"],"inLanguage":"es","potentialAction":[{"@type":"CommentAction","name":"Comment","target":["https:\/\/diariodelsurdigital.com.ar\/?p=481#respond"]}]},{"@type":"WebPage","@id":"https:\/\/diariodelsurdigital.com.ar\/?p=481","url":"https:\/\/diariodelsurdigital.com.ar\/?p=481","name":"Rechazan habilitar la feria para tratar el pedido de Kueider para volver a su banca en el Senado - Diario del Sur","isPartOf":{"@id":"https:\/\/diariodelsurdigital.com.ar\/#website"},"primaryImageOfPage":{"@id":"https:\/\/diariodelsurdigital.com.ar\/?p=481#primaryimage"},"image":{"@id":"https:\/\/diariodelsurdigital.com.ar\/?p=481#primaryimage"},"thumbnailUrl":"https:\/\/diariodelsurdigital.com.ar\/wp-content\/uploads\/2025\/01\/4950ecff-d466-4beb-9d6d-764408fa5732_16-9-discover-aspect-ratio_default_0.webp","datePublished":"2025-01-07T18:36:49+00:00","author":{"@id":"https:\/\/diariodelsurdigital.com.ar\/#\/schema\/person\/1a4992532ed62965c968031b49195c81"},"breadcrumb":{"@id":"https:\/\/diariodelsurdigital.com.ar\/?p=481#breadcrumb"},"inLanguage":"es","potentialAction":[{"@type":"ReadAction","target":["https:\/\/diariodelsurdigital.com.ar\/?p=481"]}]},{"@type":"ImageObject","inLanguage":"es","@id":"https:\/\/diariodelsurdigital.com.ar\/?p=481#primaryimage","url":"https:\/\/diariodelsurdigital.com.ar\/wp-content\/uploads\/2025\/01\/4950ecff-d466-4beb-9d6d-764408fa5732_16-9-discover-aspect-ratio_default_0.webp","contentUrl":"https:\/\/diariodelsurdigital.com.ar\/wp-content\/uploads\/2025\/01\/4950ecff-d466-4beb-9d6d-764408fa5732_16-9-discover-aspect-ratio_default_0.webp","width":1200,"height":675},{"@type":"BreadcrumbList","@id":"https:\/\/diariodelsurdigital.com.ar\/?p=481#breadcrumb","itemListElement":[{"@type":"ListItem","position":1,"name":"Portada","item":"https:\/\/diariodelsurdigital.com.ar\/"},{"@type":"ListItem","position":2,"name":"Rechazan habilitar la feria para tratar el pedido de Kueider para volver a su banca en el Senado"}]},{"@type":"WebSite","@id":"https:\/\/diariodelsurdigital.com.ar\/#website","url":"https:\/\/diariodelsurdigital.com.ar\/","name":"Diario del Sur","description":"Digital","potentialAction":[{"@type":"SearchAction","target":{"@type":"EntryPoint","urlTemplate":"https:\/\/diariodelsurdigital.com.ar\/?s={search_term_string}"},"query-input":{"@type":"PropertyValueSpecification","valueRequired":true,"valueName":"search_term_string"}}],"inLanguage":"es"},{"@type":"Person","@id":"https:\/\/diariodelsurdigital.com.ar\/#\/schema\/person\/1a4992532ed62965c968031b49195c81","name":"Diario del Sur Digital","image":{"@type":"ImageObject","inLanguage":"es","@id":"https:\/\/secure.gravatar.com\/avatar\/f0c7c47fc7146d19828273b9b8eda651c9c7ab583767e6338d3d3bee825adf76?s=96&d=mm&r=g","url":"https:\/\/secure.gravatar.com\/avatar\/f0c7c47fc7146d19828273b9b8eda651c9c7ab583767e6338d3d3bee825adf76?s=96&d=mm&r=g","contentUrl":"https:\/\/secure.gravatar.com\/avatar\/f0c7c47fc7146d19828273b9b8eda651c9c7ab583767e6338d3d3bee825adf76?s=96&d=mm&r=g","caption":"Diario del Sur Digital"},"url":"https:\/\/diariodelsurdigital.com.ar\/?author=4"}]}},"_links":{"self":[{"href":"https:\/\/diariodelsurdigital.com.ar\/index.php?rest_route=\/wp\/v2\/posts\/481","targetHints":{"allow":["GET"]}}],"collection":[{"href":"https:\/\/diariodelsurdigital.com.ar\/index.php?rest_route=\/wp\/v2\/posts"}],"about":[{"href":"https:\/\/diariodelsurdigital.com.ar\/index.php?rest_route=\/wp\/v2\/types\/post"}],"author":[{"embeddable":true,"href":"https:\/\/diariodelsurdigital.com.ar\/index.php?rest_route=\/wp\/v2\/users\/4"}],"replies":[{"embeddable":true,"href":"https:\/\/diariodelsurdigital.com.ar\/index.php?rest_route=%2Fwp%2Fv2%2Fcomments&post=481"}],"version-history":[{"count":1,"href":"https:\/\/diariodelsurdigital.com.ar\/index.php?rest_route=\/wp\/v2\/posts\/481\/revisions"}],"predecessor-version":[{"id":483,"href":"https:\/\/diariodelsurdigital.com.ar\/index.php?rest_route=\/wp\/v2\/posts\/481\/revisions\/483"}],"wp:featuredmedia":[{"embeddable":true,"href":"https:\/\/diariodelsurdigital.com.ar\/index.php?rest_route=\/wp\/v2\/media\/482"}],"wp:attachment":[{"href":"https:\/\/diariodelsurdigital.com.ar\/index.php?rest_route=%2Fwp%2Fv2%2Fmedia&parent=481"}],"wp:term":[{"taxonomy":"category","embeddable":true,"href":"https:\/\/diariodelsurdigital.com.ar\/index.php?rest_route=%2Fwp%2Fv2%2Fcategories&post=481"},{"taxonomy":"post_tag","embeddable":true,"href":"https:\/\/diariodelsurdigital.com.ar\/index.php?rest_route=%2Fwp%2Fv2%2Ftags&post=481"}],"curies":[{"name":"wp","href":"https:\/\/api.w.org\/{rel}","templated":true}]}}