{"id":4813,"date":"2025-09-24T14:40:53","date_gmt":"2025-09-24T17:40:53","guid":{"rendered":"https:\/\/diariodelsurdigital.com.ar\/?p=4813"},"modified":"2025-09-24T14:40:54","modified_gmt":"2025-09-24T17:40:54","slug":"impulsan-la-creacion-de-un-fondo-vial-para-reconstruir-rutas-en-entre-rios","status":"publish","type":"post","link":"https:\/\/diariodelsurdigital.com.ar\/?p=4813","title":{"rendered":"Impulsan la creaci\u00f3n de un fondo vial para reconstruir rutas en Entre R\u00edos"},"content":{"rendered":"\n<p>Una nueva iniciativa legislativa busca generar recursos para la reconstrucci\u00f3n de la infraestructura vial de la provincia, que fue declarada en estado de emergencia. El proyecto de ley ingres\u00f3 a la C\u00e1mara de Diputados este martes y propone crear un Fondo de Reconstrucci\u00f3n Vial que se financiar\u00eda con un canon de circulaci\u00f3n para camiones de otras jurisdicciones, supo APFDigital.<\/p>\n\n\n\n<p>El proyecto de ley, titulado \u00abRutas Entrerrianas Seguras\u00bb, propone la creaci\u00f3n de un fondo destinado exclusivamente a la mejora y mantenimiento de las rutas provinciales. La financiaci\u00f3n de este fondo provendr\u00eda del \u00abPasaporte de Circulaci\u00f3n de Camiones\u00bb, un canon que ser\u00eda obligatorio para los camiones que no est\u00e9n radicados en la provincia y que transiten por sus rutas.<\/p>\n\n\n\n<p><br>El autor de la iniciativa, el diputado Juan Manuel Rossi, sostiene en su fundamentaci\u00f3n que el proyecto es \u00abindispensable para mejorar la seguridad vial y reducir el n\u00famero de siniestros viales en nuestras rutas provinciales\u00bb.<\/p>\n\n\n\n<p>Seg\u00fan la propuesta, los camiones que ya tributan el Impuesto a los Automotores en Entre R\u00edos estar\u00e1n exentos de este nuevo pago. Esta medida se fundamenta en un principio de \u00abequidad contributiva\u00bb, ya que como se explica en el proyecto, \u00abaquellos que m\u00e1s utilizan nuestras rutas, deber\u00e1n aportar a su mantenimiento\u00bb.<\/p>\n\n\n\n<p>Los recursos recaudados tendr\u00edan una afectaci\u00f3n espec\u00edfica: el 75% se destinar\u00eda al gobierno provincial para la reconstrucci\u00f3n de la red vial, mientras que el 25% restante se girar\u00eda autom\u00e1ticamente a los municipios.<\/p>\n\n\n\n<p>El autor del proyecto tambi\u00e9n explic\u00f3 que la iniciativa busca no solo mejorar la seguridad, sino tambi\u00e9n \u00abpromover la creaci\u00f3n de empleo y la actividad econ\u00f3mica en nuestra subdesarrollada provincia de Entre R\u00edos\u00bb.<\/p>\n\n\n\n<p>La necesidad de este fondo se justifica por el deterioro de las rutas provinciales, que a pesar de haber sido declaradas en emergencia en junio de 2024, no han podido ser reparadas por la falta de recursos econ\u00f3micos. El proyecto destaca que este deterioro est\u00e1 agravado por el intenso tr\u00e1nsito de camiones de gran peso, ya que Entre R\u00edos es un corredor estrat\u00e9gico del Mercosur.<\/p>\n\n\n\n<p>Seg\u00fan datos de la Direcci\u00f3n Nacional de Observatorio Vial citados en la propuesta, en 2024 el 43,9% de las rutas nacionales en la provincia se encontraban en mal estado. Adem\u00e1s, se menciona que el deterioro vial se traduce en un alto n\u00famero de siniestros.<\/p>\n\n\n\n<p>De acuerdo con la Direcci\u00f3n de Estad\u00edstica Vial de la Naci\u00f3n, en 2024 se registraron 112 v\u00edctimas fatales en la provincia. En lo que va de 2025, ya se contabilizan 96 v\u00edctimas, con la mayor\u00eda de las tragedias ocurriendo en rutas. Por ello, el diputado Rossi solicita a sus pares que \u00abacompa\u00f1en la presente iniciativa\u00bb para avanzar en la construcci\u00f3n de \u00abrutas seguras, con est\u00e1ndares modernos de circulaci\u00f3n\u00bb.<\/p>\n","protected":false},"excerpt":{"rendered":"<p>Una nueva iniciativa legislativa busca generar recursos para la reconstrucci\u00f3n de la infraestructura vial de la provincia, que fue declarada en estado de emergencia. El proyecto de ley ingres\u00f3 a la C\u00e1mara de Diputados este martes y propone crear un Fondo de Reconstrucci\u00f3n Vial que se financiar\u00eda con un canon de circulaci\u00f3n para camiones de [&hellip;]<\/p>\n","protected":false},"author":4,"featured_media":4814,"comment_status":"open","ping_status":"open","sticky":false,"template":"","format":"standard","meta":{"footnotes":""},"categories":[17],"tags":[],"class_list":{"0":"post-4813","1":"post","2":"type-post","3":"status-publish","4":"format-standard","5":"has-post-thumbnail","7":"category-provinciales"},"yoast_head":"<!-- This site is optimized with the Yoast SEO plugin v27.4 - https:\/\/yoast.com\/product\/yoast-seo-wordpress\/ -->\n<title>Impulsan la creaci\u00f3n de un fondo vial para reconstruir rutas en Entre R\u00edos - Diario del Sur<\/title>\n<meta name=\"robots\" content=\"index, follow, max-snippet:-1, max-image-preview:large, max-video-preview:-1\" \/>\n<link rel=\"canonical\" href=\"https:\/\/diariodelsurdigital.com.ar\/?p=4813\" \/>\n<meta property=\"og:locale\" content=\"es_ES\" \/>\n<meta property=\"og:type\" content=\"article\" \/>\n<meta property=\"og:title\" content=\"Impulsan la creaci\u00f3n de un fondo vial para reconstruir rutas en Entre R\u00edos - Diario del Sur\" \/>\n<meta property=\"og:description\" content=\"Una nueva iniciativa legislativa busca generar recursos para la reconstrucci\u00f3n de la infraestructura vial de la provincia, que fue declarada en estado de emergencia. El proyecto de ley ingres\u00f3 a la C\u00e1mara de Diputados este martes y propone crear un Fondo de Reconstrucci\u00f3n Vial que se financiar\u00eda con un canon de circulaci\u00f3n para camiones de [&hellip;]\" \/>\n<meta property=\"og:url\" content=\"https:\/\/diariodelsurdigital.com.ar\/?p=4813\" \/>\n<meta property=\"og:site_name\" content=\"Diario del Sur\" \/>\n<meta property=\"article:published_time\" content=\"2025-09-24T17:40:53+00:00\" \/>\n<meta property=\"article:modified_time\" content=\"2025-09-24T17:40:54+00:00\" \/>\n<meta property=\"og:image\" content=\"https:\/\/diariodelsurdigital.com.ar\/wp-content\/uploads\/2025\/09\/md-7-2.webp\" \/>\n\t<meta property=\"og:image:width\" content=\"992\" \/>\n\t<meta property=\"og:image:height\" content=\"557\" \/>\n\t<meta property=\"og:image:type\" content=\"image\/webp\" \/>\n<meta name=\"author\" content=\"Diario del Sur Digital\" \/>\n<meta name=\"twitter:card\" content=\"summary_large_image\" \/>\n<meta name=\"twitter:label1\" content=\"Escrito por\" \/>\n\t<meta name=\"twitter:data1\" content=\"Diario del Sur Digital\" \/>\n\t<meta name=\"twitter:label2\" content=\"Tiempo de lectura\" \/>\n\t<meta name=\"twitter:data2\" content=\"3 minutos\" \/>\n<script type=\"application\/ld+json\" class=\"yoast-schema-graph\">{\"@context\":\"https:\\\/\\\/schema.org\",\"@graph\":[{\"@type\":\"Article\",\"@id\":\"https:\\\/\\\/diariodelsurdigital.com.ar\\\/?p=4813#article\",\"isPartOf\":{\"@id\":\"https:\\\/\\\/diariodelsurdigital.com.ar\\\/?p=4813\"},\"author\":{\"name\":\"Diario del Sur Digital\",\"@id\":\"https:\\\/\\\/diariodelsurdigital.com.ar\\\/#\\\/schema\\\/person\\\/1a4992532ed62965c968031b49195c81\"},\"headline\":\"Impulsan la creaci\u00f3n de un fondo vial para reconstruir rutas en Entre R\u00edos\",\"datePublished\":\"2025-09-24T17:40:53+00:00\",\"dateModified\":\"2025-09-24T17:40:54+00:00\",\"mainEntityOfPage\":{\"@id\":\"https:\\\/\\\/diariodelsurdigital.com.ar\\\/?p=4813\"},\"wordCount\":499,\"commentCount\":0,\"image\":{\"@id\":\"https:\\\/\\\/diariodelsurdigital.com.ar\\\/?p=4813#primaryimage\"},\"thumbnailUrl\":\"https:\\\/\\\/diariodelsurdigital.com.ar\\\/wp-content\\\/uploads\\\/2025\\\/09\\\/md-7-2.webp\",\"articleSection\":[\"Provinciales\"],\"inLanguage\":\"es\",\"potentialAction\":[{\"@type\":\"CommentAction\",\"name\":\"Comment\",\"target\":[\"https:\\\/\\\/diariodelsurdigital.com.ar\\\/?p=4813#respond\"]}]},{\"@type\":\"WebPage\",\"@id\":\"https:\\\/\\\/diariodelsurdigital.com.ar\\\/?p=4813\",\"url\":\"https:\\\/\\\/diariodelsurdigital.com.ar\\\/?p=4813\",\"name\":\"Impulsan la creaci\u00f3n de un fondo vial para reconstruir rutas en Entre R\u00edos - Diario del Sur\",\"isPartOf\":{\"@id\":\"https:\\\/\\\/diariodelsurdigital.com.ar\\\/#website\"},\"primaryImageOfPage\":{\"@id\":\"https:\\\/\\\/diariodelsurdigital.com.ar\\\/?p=4813#primaryimage\"},\"image\":{\"@id\":\"https:\\\/\\\/diariodelsurdigital.com.ar\\\/?p=4813#primaryimage\"},\"thumbnailUrl\":\"https:\\\/\\\/diariodelsurdigital.com.ar\\\/wp-content\\\/uploads\\\/2025\\\/09\\\/md-7-2.webp\",\"datePublished\":\"2025-09-24T17:40:53+00:00\",\"dateModified\":\"2025-09-24T17:40:54+00:00\",\"author\":{\"@id\":\"https:\\\/\\\/diariodelsurdigital.com.ar\\\/#\\\/schema\\\/person\\\/1a4992532ed62965c968031b49195c81\"},\"breadcrumb\":{\"@id\":\"https:\\\/\\\/diariodelsurdigital.com.ar\\\/?p=4813#breadcrumb\"},\"inLanguage\":\"es\",\"potentialAction\":[{\"@type\":\"ReadAction\",\"target\":[\"https:\\\/\\\/diariodelsurdigital.com.ar\\\/?p=4813\"]}]},{\"@type\":\"ImageObject\",\"inLanguage\":\"es\",\"@id\":\"https:\\\/\\\/diariodelsurdigital.com.ar\\\/?p=4813#primaryimage\",\"url\":\"https:\\\/\\\/diariodelsurdigital.com.ar\\\/wp-content\\\/uploads\\\/2025\\\/09\\\/md-7-2.webp\",\"contentUrl\":\"https:\\\/\\\/diariodelsurdigital.com.ar\\\/wp-content\\\/uploads\\\/2025\\\/09\\\/md-7-2.webp\",\"width\":992,\"height\":557},{\"@type\":\"BreadcrumbList\",\"@id\":\"https:\\\/\\\/diariodelsurdigital.com.ar\\\/?p=4813#breadcrumb\",\"itemListElement\":[{\"@type\":\"ListItem\",\"position\":1,\"name\":\"Portada\",\"item\":\"https:\\\/\\\/diariodelsurdigital.com.ar\\\/\"},{\"@type\":\"ListItem\",\"position\":2,\"name\":\"Impulsan la creaci\u00f3n de un fondo vial para reconstruir rutas en Entre R\u00edos\"}]},{\"@type\":\"WebSite\",\"@id\":\"https:\\\/\\\/diariodelsurdigital.com.ar\\\/#website\",\"url\":\"https:\\\/\\\/diariodelsurdigital.com.ar\\\/\",\"name\":\"Diario del Sur\",\"description\":\"Digital\",\"potentialAction\":[{\"@type\":\"SearchAction\",\"target\":{\"@type\":\"EntryPoint\",\"urlTemplate\":\"https:\\\/\\\/diariodelsurdigital.com.ar\\\/?s={search_term_string}\"},\"query-input\":{\"@type\":\"PropertyValueSpecification\",\"valueRequired\":true,\"valueName\":\"search_term_string\"}}],\"inLanguage\":\"es\"},{\"@type\":\"Person\",\"@id\":\"https:\\\/\\\/diariodelsurdigital.com.ar\\\/#\\\/schema\\\/person\\\/1a4992532ed62965c968031b49195c81\",\"name\":\"Diario del Sur Digital\",\"image\":{\"@type\":\"ImageObject\",\"inLanguage\":\"es\",\"@id\":\"https:\\\/\\\/secure.gravatar.com\\\/avatar\\\/f0c7c47fc7146d19828273b9b8eda651c9c7ab583767e6338d3d3bee825adf76?s=96&d=mm&r=g\",\"url\":\"https:\\\/\\\/secure.gravatar.com\\\/avatar\\\/f0c7c47fc7146d19828273b9b8eda651c9c7ab583767e6338d3d3bee825adf76?s=96&d=mm&r=g\",\"contentUrl\":\"https:\\\/\\\/secure.gravatar.com\\\/avatar\\\/f0c7c47fc7146d19828273b9b8eda651c9c7ab583767e6338d3d3bee825adf76?s=96&d=mm&r=g\",\"caption\":\"Diario del Sur Digital\"},\"url\":\"https:\\\/\\\/diariodelsurdigital.com.ar\\\/?author=4\"}]}<\/script>\n<!-- \/ Yoast SEO plugin. -->","yoast_head_json":{"title":"Impulsan la creaci\u00f3n de un fondo vial para reconstruir rutas en Entre R\u00edos - Diario del Sur","robots":{"index":"index","follow":"follow","max-snippet":"max-snippet:-1","max-image-preview":"max-image-preview:large","max-video-preview":"max-video-preview:-1"},"canonical":"https:\/\/diariodelsurdigital.com.ar\/?p=4813","og_locale":"es_ES","og_type":"article","og_title":"Impulsan la creaci\u00f3n de un fondo vial para reconstruir rutas en Entre R\u00edos - Diario del Sur","og_description":"Una nueva iniciativa legislativa busca generar recursos para la reconstrucci\u00f3n de la infraestructura vial de la provincia, que fue declarada en estado de emergencia. El proyecto de ley ingres\u00f3 a la C\u00e1mara de Diputados este martes y propone crear un Fondo de Reconstrucci\u00f3n Vial que se financiar\u00eda con un canon de circulaci\u00f3n para camiones de [&hellip;]","og_url":"https:\/\/diariodelsurdigital.com.ar\/?p=4813","og_site_name":"Diario del Sur","article_published_time":"2025-09-24T17:40:53+00:00","article_modified_time":"2025-09-24T17:40:54+00:00","og_image":[{"width":992,"height":557,"url":"https:\/\/diariodelsurdigital.com.ar\/wp-content\/uploads\/2025\/09\/md-7-2.webp","type":"image\/webp"}],"author":"Diario del Sur Digital","twitter_card":"summary_large_image","twitter_misc":{"Escrito por":"Diario del Sur Digital","Tiempo de lectura":"3 minutos"},"schema":{"@context":"https:\/\/schema.org","@graph":[{"@type":"Article","@id":"https:\/\/diariodelsurdigital.com.ar\/?p=4813#article","isPartOf":{"@id":"https:\/\/diariodelsurdigital.com.ar\/?p=4813"},"author":{"name":"Diario del Sur Digital","@id":"https:\/\/diariodelsurdigital.com.ar\/#\/schema\/person\/1a4992532ed62965c968031b49195c81"},"headline":"Impulsan la creaci\u00f3n de un fondo vial para reconstruir rutas en Entre R\u00edos","datePublished":"2025-09-24T17:40:53+00:00","dateModified":"2025-09-24T17:40:54+00:00","mainEntityOfPage":{"@id":"https:\/\/diariodelsurdigital.com.ar\/?p=4813"},"wordCount":499,"commentCount":0,"image":{"@id":"https:\/\/diariodelsurdigital.com.ar\/?p=4813#primaryimage"},"thumbnailUrl":"https:\/\/diariodelsurdigital.com.ar\/wp-content\/uploads\/2025\/09\/md-7-2.webp","articleSection":["Provinciales"],"inLanguage":"es","potentialAction":[{"@type":"CommentAction","name":"Comment","target":["https:\/\/diariodelsurdigital.com.ar\/?p=4813#respond"]}]},{"@type":"WebPage","@id":"https:\/\/diariodelsurdigital.com.ar\/?p=4813","url":"https:\/\/diariodelsurdigital.com.ar\/?p=4813","name":"Impulsan la creaci\u00f3n de un fondo vial para reconstruir rutas en Entre R\u00edos - Diario del Sur","isPartOf":{"@id":"https:\/\/diariodelsurdigital.com.ar\/#website"},"primaryImageOfPage":{"@id":"https:\/\/diariodelsurdigital.com.ar\/?p=4813#primaryimage"},"image":{"@id":"https:\/\/diariodelsurdigital.com.ar\/?p=4813#primaryimage"},"thumbnailUrl":"https:\/\/diariodelsurdigital.com.ar\/wp-content\/uploads\/2025\/09\/md-7-2.webp","datePublished":"2025-09-24T17:40:53+00:00","dateModified":"2025-09-24T17:40:54+00:00","author":{"@id":"https:\/\/diariodelsurdigital.com.ar\/#\/schema\/person\/1a4992532ed62965c968031b49195c81"},"breadcrumb":{"@id":"https:\/\/diariodelsurdigital.com.ar\/?p=4813#breadcrumb"},"inLanguage":"es","potentialAction":[{"@type":"ReadAction","target":["https:\/\/diariodelsurdigital.com.ar\/?p=4813"]}]},{"@type":"ImageObject","inLanguage":"es","@id":"https:\/\/diariodelsurdigital.com.ar\/?p=4813#primaryimage","url":"https:\/\/diariodelsurdigital.com.ar\/wp-content\/uploads\/2025\/09\/md-7-2.webp","contentUrl":"https:\/\/diariodelsurdigital.com.ar\/wp-content\/uploads\/2025\/09\/md-7-2.webp","width":992,"height":557},{"@type":"BreadcrumbList","@id":"https:\/\/diariodelsurdigital.com.ar\/?p=4813#breadcrumb","itemListElement":[{"@type":"ListItem","position":1,"name":"Portada","item":"https:\/\/diariodelsurdigital.com.ar\/"},{"@type":"ListItem","position":2,"name":"Impulsan la creaci\u00f3n de un fondo vial para reconstruir rutas en Entre R\u00edos"}]},{"@type":"WebSite","@id":"https:\/\/diariodelsurdigital.com.ar\/#website","url":"https:\/\/diariodelsurdigital.com.ar\/","name":"Diario del Sur","description":"Digital","potentialAction":[{"@type":"SearchAction","target":{"@type":"EntryPoint","urlTemplate":"https:\/\/diariodelsurdigital.com.ar\/?s={search_term_string}"},"query-input":{"@type":"PropertyValueSpecification","valueRequired":true,"valueName":"search_term_string"}}],"inLanguage":"es"},{"@type":"Person","@id":"https:\/\/diariodelsurdigital.com.ar\/#\/schema\/person\/1a4992532ed62965c968031b49195c81","name":"Diario del Sur Digital","image":{"@type":"ImageObject","inLanguage":"es","@id":"https:\/\/secure.gravatar.com\/avatar\/f0c7c47fc7146d19828273b9b8eda651c9c7ab583767e6338d3d3bee825adf76?s=96&d=mm&r=g","url":"https:\/\/secure.gravatar.com\/avatar\/f0c7c47fc7146d19828273b9b8eda651c9c7ab583767e6338d3d3bee825adf76?s=96&d=mm&r=g","contentUrl":"https:\/\/secure.gravatar.com\/avatar\/f0c7c47fc7146d19828273b9b8eda651c9c7ab583767e6338d3d3bee825adf76?s=96&d=mm&r=g","caption":"Diario del Sur Digital"},"url":"https:\/\/diariodelsurdigital.com.ar\/?author=4"}]}},"_links":{"self":[{"href":"https:\/\/diariodelsurdigital.com.ar\/index.php?rest_route=\/wp\/v2\/posts\/4813","targetHints":{"allow":["GET"]}}],"collection":[{"href":"https:\/\/diariodelsurdigital.com.ar\/index.php?rest_route=\/wp\/v2\/posts"}],"about":[{"href":"https:\/\/diariodelsurdigital.com.ar\/index.php?rest_route=\/wp\/v2\/types\/post"}],"author":[{"embeddable":true,"href":"https:\/\/diariodelsurdigital.com.ar\/index.php?rest_route=\/wp\/v2\/users\/4"}],"replies":[{"embeddable":true,"href":"https:\/\/diariodelsurdigital.com.ar\/index.php?rest_route=%2Fwp%2Fv2%2Fcomments&post=4813"}],"version-history":[{"count":1,"href":"https:\/\/diariodelsurdigital.com.ar\/index.php?rest_route=\/wp\/v2\/posts\/4813\/revisions"}],"predecessor-version":[{"id":4815,"href":"https:\/\/diariodelsurdigital.com.ar\/index.php?rest_route=\/wp\/v2\/posts\/4813\/revisions\/4815"}],"wp:featuredmedia":[{"embeddable":true,"href":"https:\/\/diariodelsurdigital.com.ar\/index.php?rest_route=\/wp\/v2\/media\/4814"}],"wp:attachment":[{"href":"https:\/\/diariodelsurdigital.com.ar\/index.php?rest_route=%2Fwp%2Fv2%2Fmedia&parent=4813"}],"wp:term":[{"taxonomy":"category","embeddable":true,"href":"https:\/\/diariodelsurdigital.com.ar\/index.php?rest_route=%2Fwp%2Fv2%2Fcategories&post=4813"},{"taxonomy":"post_tag","embeddable":true,"href":"https:\/\/diariodelsurdigital.com.ar\/index.php?rest_route=%2Fwp%2Fv2%2Ftags&post=4813"}],"curies":[{"name":"wp","href":"https:\/\/api.w.org\/{rel}","templated":true}]}}