{"id":4820,"date":"2025-09-25T09:26:06","date_gmt":"2025-09-25T12:26:06","guid":{"rendered":"https:\/\/diariodelsurdigital.com.ar\/?p=4820"},"modified":"2025-09-25T09:26:07","modified_gmt":"2025-09-25T12:26:07","slug":"la-titular-del-fmi-califico-de-excelente-la-reunion-con-milei-y-agradecio-la-ayuda-del-banco-mundial-a-la-argentina","status":"publish","type":"post","link":"https:\/\/diariodelsurdigital.com.ar\/?p=4820","title":{"rendered":"La titular del FMI calific\u00f3 de \u00abexcelente\u00bb la reuni\u00f3n con Milei y agradeci\u00f3 la ayuda del Banco Mundial a la Argentina"},"content":{"rendered":"\n<p>Tras el encuentro con Donald Trump y el swap anunciado por el Tesoro norteamericano, el presidente Javier Milei se reuni\u00f3 este mi\u00e9rcoles por la tarde con la titular del FMI, Kristalina Georgieva. Ocurri\u00f3 minutos despu\u00e9s del discurso del mandatario argentino en la Asamblea de Naciones Unidas.<\/p>\n\n\n\n<p>\u00abFue una excelente reuni\u00f3n\u00bb, asegur\u00f3 la funcionaria del organismo, quien se mostr\u00f3 en una foto junto al l\u00edder libertario y el ministro de Econom\u00eda, Luis Caputo. Al t\u00e9rmino de la audiencia, enfatiz\u00f3 que \u00abla disciplina fiscal es muy importante\u00bb y recalc\u00f3 que \u00ablo que est\u00e1 haciendo Argentina es muy significativo\u00bb.<\/p>\n\n\n\n<p>\u201cEn nuestra reuni\u00f3n con el presidente dedicamos mucho tiempo a hablar de las reformas estructurales fundamentales que impulsar\u00edan la econom\u00eda del pa\u00eds\u201d, plante\u00f3 la titular del FMI.<\/p>\n\n\n\n<p><\/p>\n","protected":false},"excerpt":{"rendered":"<p>Tras el encuentro con Donald Trump y el swap anunciado por el Tesoro norteamericano, el presidente Javier Milei se reuni\u00f3 este mi\u00e9rcoles por la tarde con la titular del FMI, Kristalina Georgieva. Ocurri\u00f3 minutos despu\u00e9s del discurso del mandatario argentino en la Asamblea de Naciones Unidas. \u00abFue una excelente reuni\u00f3n\u00bb, asegur\u00f3 la funcionaria del organismo, [&hellip;]<\/p>\n","protected":false},"author":4,"featured_media":4821,"comment_status":"open","ping_status":"open","sticky":false,"template":"","format":"standard","meta":{"footnotes":""},"categories":[22],"tags":[],"class_list":{"0":"post-4820","1":"post","2":"type-post","3":"status-publish","4":"format-standard","5":"has-post-thumbnail","7":"category-politica"},"yoast_head":"<!-- This site is optimized with the Yoast SEO plugin v27.4 - https:\/\/yoast.com\/product\/yoast-seo-wordpress\/ -->\n<title>La titular del FMI calific\u00f3 de &quot;excelente&quot; la reuni\u00f3n con Milei y agradeci\u00f3 la ayuda del Banco Mundial a la Argentina - Diario del Sur<\/title>\n<meta name=\"robots\" content=\"index, follow, max-snippet:-1, max-image-preview:large, max-video-preview:-1\" \/>\n<link rel=\"canonical\" href=\"https:\/\/diariodelsurdigital.com.ar\/?p=4820\" \/>\n<meta property=\"og:locale\" content=\"es_ES\" \/>\n<meta property=\"og:type\" content=\"article\" \/>\n<meta property=\"og:title\" content=\"La titular del FMI calific\u00f3 de &quot;excelente&quot; la reuni\u00f3n con Milei y agradeci\u00f3 la ayuda del Banco Mundial a la Argentina - Diario del Sur\" \/>\n<meta property=\"og:description\" content=\"Tras el encuentro con Donald Trump y el swap anunciado por el Tesoro norteamericano, el presidente Javier Milei se reuni\u00f3 este mi\u00e9rcoles por la tarde con la titular del FMI, Kristalina Georgieva. Ocurri\u00f3 minutos despu\u00e9s del discurso del mandatario argentino en la Asamblea de Naciones Unidas. \u00abFue una excelente reuni\u00f3n\u00bb, asegur\u00f3 la funcionaria del organismo, [&hellip;]\" \/>\n<meta property=\"og:url\" content=\"https:\/\/diariodelsurdigital.com.ar\/?p=4820\" \/>\n<meta property=\"og:site_name\" content=\"Diario del Sur\" \/>\n<meta property=\"article:published_time\" content=\"2025-09-25T12:26:06+00:00\" \/>\n<meta property=\"article:modified_time\" content=\"2025-09-25T12:26:07+00:00\" \/>\n<meta property=\"og:image\" content=\"https:\/\/diariodelsurdigital.com.ar\/wp-content\/uploads\/2025\/09\/md-9-2.webp\" \/>\n\t<meta property=\"og:image:width\" content=\"992\" \/>\n\t<meta property=\"og:image:height\" content=\"661\" \/>\n\t<meta property=\"og:image:type\" content=\"image\/webp\" \/>\n<meta name=\"author\" content=\"Diario del Sur Digital\" \/>\n<meta name=\"twitter:card\" content=\"summary_large_image\" \/>\n<meta name=\"twitter:label1\" content=\"Escrito por\" \/>\n\t<meta name=\"twitter:data1\" content=\"Diario del Sur Digital\" \/>\n\t<meta name=\"twitter:label2\" content=\"Tiempo de lectura\" \/>\n\t<meta name=\"twitter:data2\" content=\"1 minuto\" \/>\n<script type=\"application\/ld+json\" class=\"yoast-schema-graph\">{\"@context\":\"https:\\\/\\\/schema.org\",\"@graph\":[{\"@type\":\"Article\",\"@id\":\"https:\\\/\\\/diariodelsurdigital.com.ar\\\/?p=4820#article\",\"isPartOf\":{\"@id\":\"https:\\\/\\\/diariodelsurdigital.com.ar\\\/?p=4820\"},\"author\":{\"name\":\"Diario del Sur Digital\",\"@id\":\"https:\\\/\\\/diariodelsurdigital.com.ar\\\/#\\\/schema\\\/person\\\/1a4992532ed62965c968031b49195c81\"},\"headline\":\"La titular del FMI calific\u00f3 de \u00abexcelente\u00bb la reuni\u00f3n con Milei y agradeci\u00f3 la ayuda del Banco Mundial a la Argentina\",\"datePublished\":\"2025-09-25T12:26:06+00:00\",\"dateModified\":\"2025-09-25T12:26:07+00:00\",\"mainEntityOfPage\":{\"@id\":\"https:\\\/\\\/diariodelsurdigital.com.ar\\\/?p=4820\"},\"wordCount\":155,\"commentCount\":0,\"image\":{\"@id\":\"https:\\\/\\\/diariodelsurdigital.com.ar\\\/?p=4820#primaryimage\"},\"thumbnailUrl\":\"https:\\\/\\\/diariodelsurdigital.com.ar\\\/wp-content\\\/uploads\\\/2025\\\/09\\\/md-9-2.webp\",\"articleSection\":[\"Pol\u00edtica\"],\"inLanguage\":\"es\",\"potentialAction\":[{\"@type\":\"CommentAction\",\"name\":\"Comment\",\"target\":[\"https:\\\/\\\/diariodelsurdigital.com.ar\\\/?p=4820#respond\"]}]},{\"@type\":\"WebPage\",\"@id\":\"https:\\\/\\\/diariodelsurdigital.com.ar\\\/?p=4820\",\"url\":\"https:\\\/\\\/diariodelsurdigital.com.ar\\\/?p=4820\",\"name\":\"La titular del FMI calific\u00f3 de \\\"excelente\\\" la reuni\u00f3n con Milei y agradeci\u00f3 la ayuda del Banco Mundial a la Argentina - Diario del Sur\",\"isPartOf\":{\"@id\":\"https:\\\/\\\/diariodelsurdigital.com.ar\\\/#website\"},\"primaryImageOfPage\":{\"@id\":\"https:\\\/\\\/diariodelsurdigital.com.ar\\\/?p=4820#primaryimage\"},\"image\":{\"@id\":\"https:\\\/\\\/diariodelsurdigital.com.ar\\\/?p=4820#primaryimage\"},\"thumbnailUrl\":\"https:\\\/\\\/diariodelsurdigital.com.ar\\\/wp-content\\\/uploads\\\/2025\\\/09\\\/md-9-2.webp\",\"datePublished\":\"2025-09-25T12:26:06+00:00\",\"dateModified\":\"2025-09-25T12:26:07+00:00\",\"author\":{\"@id\":\"https:\\\/\\\/diariodelsurdigital.com.ar\\\/#\\\/schema\\\/person\\\/1a4992532ed62965c968031b49195c81\"},\"breadcrumb\":{\"@id\":\"https:\\\/\\\/diariodelsurdigital.com.ar\\\/?p=4820#breadcrumb\"},\"inLanguage\":\"es\",\"potentialAction\":[{\"@type\":\"ReadAction\",\"target\":[\"https:\\\/\\\/diariodelsurdigital.com.ar\\\/?p=4820\"]}]},{\"@type\":\"ImageObject\",\"inLanguage\":\"es\",\"@id\":\"https:\\\/\\\/diariodelsurdigital.com.ar\\\/?p=4820#primaryimage\",\"url\":\"https:\\\/\\\/diariodelsurdigital.com.ar\\\/wp-content\\\/uploads\\\/2025\\\/09\\\/md-9-2.webp\",\"contentUrl\":\"https:\\\/\\\/diariodelsurdigital.com.ar\\\/wp-content\\\/uploads\\\/2025\\\/09\\\/md-9-2.webp\",\"width\":992,\"height\":661},{\"@type\":\"BreadcrumbList\",\"@id\":\"https:\\\/\\\/diariodelsurdigital.com.ar\\\/?p=4820#breadcrumb\",\"itemListElement\":[{\"@type\":\"ListItem\",\"position\":1,\"name\":\"Portada\",\"item\":\"https:\\\/\\\/diariodelsurdigital.com.ar\\\/\"},{\"@type\":\"ListItem\",\"position\":2,\"name\":\"La titular del FMI calific\u00f3 de \u00abexcelente\u00bb la reuni\u00f3n con Milei y agradeci\u00f3 la ayuda del Banco Mundial a la Argentina\"}]},{\"@type\":\"WebSite\",\"@id\":\"https:\\\/\\\/diariodelsurdigital.com.ar\\\/#website\",\"url\":\"https:\\\/\\\/diariodelsurdigital.com.ar\\\/\",\"name\":\"Diario del Sur\",\"description\":\"Digital\",\"potentialAction\":[{\"@type\":\"SearchAction\",\"target\":{\"@type\":\"EntryPoint\",\"urlTemplate\":\"https:\\\/\\\/diariodelsurdigital.com.ar\\\/?s={search_term_string}\"},\"query-input\":{\"@type\":\"PropertyValueSpecification\",\"valueRequired\":true,\"valueName\":\"search_term_string\"}}],\"inLanguage\":\"es\"},{\"@type\":\"Person\",\"@id\":\"https:\\\/\\\/diariodelsurdigital.com.ar\\\/#\\\/schema\\\/person\\\/1a4992532ed62965c968031b49195c81\",\"name\":\"Diario del Sur Digital\",\"image\":{\"@type\":\"ImageObject\",\"inLanguage\":\"es\",\"@id\":\"https:\\\/\\\/secure.gravatar.com\\\/avatar\\\/f0c7c47fc7146d19828273b9b8eda651c9c7ab583767e6338d3d3bee825adf76?s=96&d=mm&r=g\",\"url\":\"https:\\\/\\\/secure.gravatar.com\\\/avatar\\\/f0c7c47fc7146d19828273b9b8eda651c9c7ab583767e6338d3d3bee825adf76?s=96&d=mm&r=g\",\"contentUrl\":\"https:\\\/\\\/secure.gravatar.com\\\/avatar\\\/f0c7c47fc7146d19828273b9b8eda651c9c7ab583767e6338d3d3bee825adf76?s=96&d=mm&r=g\",\"caption\":\"Diario del Sur Digital\"},\"url\":\"https:\\\/\\\/diariodelsurdigital.com.ar\\\/?author=4\"}]}<\/script>\n<!-- \/ Yoast SEO plugin. -->","yoast_head_json":{"title":"La titular del FMI calific\u00f3 de \"excelente\" la reuni\u00f3n con Milei y agradeci\u00f3 la ayuda del Banco Mundial a la Argentina - Diario del Sur","robots":{"index":"index","follow":"follow","max-snippet":"max-snippet:-1","max-image-preview":"max-image-preview:large","max-video-preview":"max-video-preview:-1"},"canonical":"https:\/\/diariodelsurdigital.com.ar\/?p=4820","og_locale":"es_ES","og_type":"article","og_title":"La titular del FMI calific\u00f3 de \"excelente\" la reuni\u00f3n con Milei y agradeci\u00f3 la ayuda del Banco Mundial a la Argentina - Diario del Sur","og_description":"Tras el encuentro con Donald Trump y el swap anunciado por el Tesoro norteamericano, el presidente Javier Milei se reuni\u00f3 este mi\u00e9rcoles por la tarde con la titular del FMI, Kristalina Georgieva. Ocurri\u00f3 minutos despu\u00e9s del discurso del mandatario argentino en la Asamblea de Naciones Unidas. \u00abFue una excelente reuni\u00f3n\u00bb, asegur\u00f3 la funcionaria del organismo, [&hellip;]","og_url":"https:\/\/diariodelsurdigital.com.ar\/?p=4820","og_site_name":"Diario del Sur","article_published_time":"2025-09-25T12:26:06+00:00","article_modified_time":"2025-09-25T12:26:07+00:00","og_image":[{"width":992,"height":661,"url":"https:\/\/diariodelsurdigital.com.ar\/wp-content\/uploads\/2025\/09\/md-9-2.webp","type":"image\/webp"}],"author":"Diario del Sur Digital","twitter_card":"summary_large_image","twitter_misc":{"Escrito por":"Diario del Sur Digital","Tiempo de lectura":"1 minuto"},"schema":{"@context":"https:\/\/schema.org","@graph":[{"@type":"Article","@id":"https:\/\/diariodelsurdigital.com.ar\/?p=4820#article","isPartOf":{"@id":"https:\/\/diariodelsurdigital.com.ar\/?p=4820"},"author":{"name":"Diario del Sur Digital","@id":"https:\/\/diariodelsurdigital.com.ar\/#\/schema\/person\/1a4992532ed62965c968031b49195c81"},"headline":"La titular del FMI calific\u00f3 de \u00abexcelente\u00bb la reuni\u00f3n con Milei y agradeci\u00f3 la ayuda del Banco Mundial a la Argentina","datePublished":"2025-09-25T12:26:06+00:00","dateModified":"2025-09-25T12:26:07+00:00","mainEntityOfPage":{"@id":"https:\/\/diariodelsurdigital.com.ar\/?p=4820"},"wordCount":155,"commentCount":0,"image":{"@id":"https:\/\/diariodelsurdigital.com.ar\/?p=4820#primaryimage"},"thumbnailUrl":"https:\/\/diariodelsurdigital.com.ar\/wp-content\/uploads\/2025\/09\/md-9-2.webp","articleSection":["Pol\u00edtica"],"inLanguage":"es","potentialAction":[{"@type":"CommentAction","name":"Comment","target":["https:\/\/diariodelsurdigital.com.ar\/?p=4820#respond"]}]},{"@type":"WebPage","@id":"https:\/\/diariodelsurdigital.com.ar\/?p=4820","url":"https:\/\/diariodelsurdigital.com.ar\/?p=4820","name":"La titular del FMI calific\u00f3 de \"excelente\" la reuni\u00f3n con Milei y agradeci\u00f3 la ayuda del Banco Mundial a la Argentina - Diario del Sur","isPartOf":{"@id":"https:\/\/diariodelsurdigital.com.ar\/#website"},"primaryImageOfPage":{"@id":"https:\/\/diariodelsurdigital.com.ar\/?p=4820#primaryimage"},"image":{"@id":"https:\/\/diariodelsurdigital.com.ar\/?p=4820#primaryimage"},"thumbnailUrl":"https:\/\/diariodelsurdigital.com.ar\/wp-content\/uploads\/2025\/09\/md-9-2.webp","datePublished":"2025-09-25T12:26:06+00:00","dateModified":"2025-09-25T12:26:07+00:00","author":{"@id":"https:\/\/diariodelsurdigital.com.ar\/#\/schema\/person\/1a4992532ed62965c968031b49195c81"},"breadcrumb":{"@id":"https:\/\/diariodelsurdigital.com.ar\/?p=4820#breadcrumb"},"inLanguage":"es","potentialAction":[{"@type":"ReadAction","target":["https:\/\/diariodelsurdigital.com.ar\/?p=4820"]}]},{"@type":"ImageObject","inLanguage":"es","@id":"https:\/\/diariodelsurdigital.com.ar\/?p=4820#primaryimage","url":"https:\/\/diariodelsurdigital.com.ar\/wp-content\/uploads\/2025\/09\/md-9-2.webp","contentUrl":"https:\/\/diariodelsurdigital.com.ar\/wp-content\/uploads\/2025\/09\/md-9-2.webp","width":992,"height":661},{"@type":"BreadcrumbList","@id":"https:\/\/diariodelsurdigital.com.ar\/?p=4820#breadcrumb","itemListElement":[{"@type":"ListItem","position":1,"name":"Portada","item":"https:\/\/diariodelsurdigital.com.ar\/"},{"@type":"ListItem","position":2,"name":"La titular del FMI calific\u00f3 de \u00abexcelente\u00bb la reuni\u00f3n con Milei y agradeci\u00f3 la ayuda del Banco Mundial a la Argentina"}]},{"@type":"WebSite","@id":"https:\/\/diariodelsurdigital.com.ar\/#website","url":"https:\/\/diariodelsurdigital.com.ar\/","name":"Diario del Sur","description":"Digital","potentialAction":[{"@type":"SearchAction","target":{"@type":"EntryPoint","urlTemplate":"https:\/\/diariodelsurdigital.com.ar\/?s={search_term_string}"},"query-input":{"@type":"PropertyValueSpecification","valueRequired":true,"valueName":"search_term_string"}}],"inLanguage":"es"},{"@type":"Person","@id":"https:\/\/diariodelsurdigital.com.ar\/#\/schema\/person\/1a4992532ed62965c968031b49195c81","name":"Diario del Sur Digital","image":{"@type":"ImageObject","inLanguage":"es","@id":"https:\/\/secure.gravatar.com\/avatar\/f0c7c47fc7146d19828273b9b8eda651c9c7ab583767e6338d3d3bee825adf76?s=96&d=mm&r=g","url":"https:\/\/secure.gravatar.com\/avatar\/f0c7c47fc7146d19828273b9b8eda651c9c7ab583767e6338d3d3bee825adf76?s=96&d=mm&r=g","contentUrl":"https:\/\/secure.gravatar.com\/avatar\/f0c7c47fc7146d19828273b9b8eda651c9c7ab583767e6338d3d3bee825adf76?s=96&d=mm&r=g","caption":"Diario del Sur Digital"},"url":"https:\/\/diariodelsurdigital.com.ar\/?author=4"}]}},"_links":{"self":[{"href":"https:\/\/diariodelsurdigital.com.ar\/index.php?rest_route=\/wp\/v2\/posts\/4820","targetHints":{"allow":["GET"]}}],"collection":[{"href":"https:\/\/diariodelsurdigital.com.ar\/index.php?rest_route=\/wp\/v2\/posts"}],"about":[{"href":"https:\/\/diariodelsurdigital.com.ar\/index.php?rest_route=\/wp\/v2\/types\/post"}],"author":[{"embeddable":true,"href":"https:\/\/diariodelsurdigital.com.ar\/index.php?rest_route=\/wp\/v2\/users\/4"}],"replies":[{"embeddable":true,"href":"https:\/\/diariodelsurdigital.com.ar\/index.php?rest_route=%2Fwp%2Fv2%2Fcomments&post=4820"}],"version-history":[{"count":1,"href":"https:\/\/diariodelsurdigital.com.ar\/index.php?rest_route=\/wp\/v2\/posts\/4820\/revisions"}],"predecessor-version":[{"id":4822,"href":"https:\/\/diariodelsurdigital.com.ar\/index.php?rest_route=\/wp\/v2\/posts\/4820\/revisions\/4822"}],"wp:featuredmedia":[{"embeddable":true,"href":"https:\/\/diariodelsurdigital.com.ar\/index.php?rest_route=\/wp\/v2\/media\/4821"}],"wp:attachment":[{"href":"https:\/\/diariodelsurdigital.com.ar\/index.php?rest_route=%2Fwp%2Fv2%2Fmedia&parent=4820"}],"wp:term":[{"taxonomy":"category","embeddable":true,"href":"https:\/\/diariodelsurdigital.com.ar\/index.php?rest_route=%2Fwp%2Fv2%2Fcategories&post=4820"},{"taxonomy":"post_tag","embeddable":true,"href":"https:\/\/diariodelsurdigital.com.ar\/index.php?rest_route=%2Fwp%2Fv2%2Ftags&post=4820"}],"curies":[{"name":"wp","href":"https:\/\/api.w.org\/{rel}","templated":true}]}}