{"id":4823,"date":"2025-09-25T09:28:14","date_gmt":"2025-09-25T12:28:14","guid":{"rendered":"https:\/\/diariodelsurdigital.com.ar\/?p=4823"},"modified":"2025-09-25T09:28:15","modified_gmt":"2025-09-25T12:28:15","slug":"este-jueves-habra-elecciones-en-agmer-para-renovar-autoridades","status":"publish","type":"post","link":"https:\/\/diariodelsurdigital.com.ar\/?p=4823","title":{"rendered":"Este jueves habr\u00e1 elecciones en Agmer para renovar autoridades"},"content":{"rendered":"\n<p>De 8 a 18 horas, los afiliados elegir\u00e1n las nuevas autoridades de la Comisi\u00f3n Directiva Central, Comisiones Directivas Departamentales, Congresales y Comisiones Directivas de Filiales, entre otros cargos. Las listas que competir\u00e1n ser\u00e1n dos: Marcha Blanca, encabezada por Abel Antivero y Multicolor, cuya candidata a secretaria General es Gimena Garc\u00eda.<\/p>\n\n\n\n<p>Con la presencia de m\u00e1s de 20 mil afiliados y afiliadas, este jueves Agmer llevar\u00e1 a cabo de 8 a 18 horas las elecciones para renovar las autoridades en la Comisi\u00f3n Directiva Central, Comisiones Directivas Departamentales, Congresales y Comisiones Directivas de Filiales.<\/p>\n\n\n\n<p>Adem\u00e1s se renovar\u00e1n las y los candidatos org\u00e1nicos para las pr\u00f3ximas elecciones de representantes docentes en los cuerpos colegiados del Consejo General de Educaci\u00f3n: Vocal\u00eda, Jurados de Concursos (Inicial y Primaria; Secundaria; Superior) y Tribunal de Calificaciones y Disciplina.<\/p>\n\n\n\n<p><br>En las 214 mesas de votaci\u00f3n en todo el territorio provincial, habr\u00e1 disponible dos listas: Marcha Blanca y Multicolor. La primera tendr\u00e1 como candidato a secretario General a Abel Antivero mientras que la segunda a Gimena Garc\u00eda a fin de definir el o la reemplazante de Marcelo Pagani tras dos a\u00f1os de mandato.<\/p>\n\n\n\n<p><br>En su presentaci\u00f3n, los candidatos de Marcha Blanca remarcaron que la lista se compone de \u201cla fuerza de la experiencia de quienes ya est\u00e1n en la conducci\u00f3n, con la energ\u00eda y el compromiso de quienes vienen desde el aula o desde las conducciones departamentales\u201d. Adem\u00e1s, Antivero se\u00f1al\u00f3 que la campa\u00f1a estar\u00eda centrada en \u201cconvencer a los afiliados que Marcha Blanca va a ser la continuidad de garant\u00eda de defensa del derecho\u201d<\/p>\n\n\n\n<p>Sin embargo, al momento de dar a conocer los candidatos, la lista Multicolor responsabiliz\u00f3 la p\u00e9rdida de derechos del sector docente durante el gobierno la gesti\u00f3n de Marcha Blanca.\u201dHubo una colaboraci\u00f3n de Marcha Blanca porque es parte de su pol\u00edtica sindical, que es la misma que lleva adelante la CTERA\u201d, remarc\u00f3 la candidata Gimena Garc\u00eda. Por lo que su propuesta fue \u201crecuperar la naturaleza de origen del sindicato\u00bb.<\/p>\n","protected":false},"excerpt":{"rendered":"<p>De 8 a 18 horas, los afiliados elegir\u00e1n las nuevas autoridades de la Comisi\u00f3n Directiva Central, Comisiones Directivas Departamentales, Congresales y Comisiones Directivas de Filiales, entre otros cargos. Las listas que competir\u00e1n ser\u00e1n dos: Marcha Blanca, encabezada por Abel Antivero y Multicolor, cuya candidata a secretaria General es Gimena Garc\u00eda. Con la presencia de m\u00e1s [&hellip;]<\/p>\n","protected":false},"author":4,"featured_media":4824,"comment_status":"open","ping_status":"open","sticky":false,"template":"","format":"standard","meta":{"footnotes":""},"categories":[17],"tags":[],"class_list":{"0":"post-4823","1":"post","2":"type-post","3":"status-publish","4":"format-standard","5":"has-post-thumbnail","7":"category-provinciales"},"yoast_head":"<!-- This site is optimized with the Yoast SEO plugin v27.4 - https:\/\/yoast.com\/product\/yoast-seo-wordpress\/ -->\n<title>Este jueves habr\u00e1 elecciones en Agmer para renovar autoridades - Diario del Sur<\/title>\n<meta name=\"robots\" content=\"index, follow, max-snippet:-1, max-image-preview:large, max-video-preview:-1\" \/>\n<link rel=\"canonical\" href=\"https:\/\/diariodelsurdigital.com.ar\/?p=4823\" \/>\n<meta property=\"og:locale\" content=\"es_ES\" \/>\n<meta property=\"og:type\" content=\"article\" \/>\n<meta property=\"og:title\" content=\"Este jueves habr\u00e1 elecciones en Agmer para renovar autoridades - Diario del Sur\" \/>\n<meta property=\"og:description\" content=\"De 8 a 18 horas, los afiliados elegir\u00e1n las nuevas autoridades de la Comisi\u00f3n Directiva Central, Comisiones Directivas Departamentales, Congresales y Comisiones Directivas de Filiales, entre otros cargos. Las listas que competir\u00e1n ser\u00e1n dos: Marcha Blanca, encabezada por Abel Antivero y Multicolor, cuya candidata a secretaria General es Gimena Garc\u00eda. Con la presencia de m\u00e1s [&hellip;]\" \/>\n<meta property=\"og:url\" content=\"https:\/\/diariodelsurdigital.com.ar\/?p=4823\" \/>\n<meta property=\"og:site_name\" content=\"Diario del Sur\" \/>\n<meta property=\"article:published_time\" content=\"2025-09-25T12:28:14+00:00\" \/>\n<meta property=\"article:modified_time\" content=\"2025-09-25T12:28:15+00:00\" \/>\n<meta property=\"og:image\" content=\"https:\/\/diariodelsurdigital.com.ar\/wp-content\/uploads\/2025\/09\/md-10-2.webp\" \/>\n\t<meta property=\"og:image:width\" content=\"992\" \/>\n\t<meta property=\"og:image:height\" content=\"661\" \/>\n\t<meta property=\"og:image:type\" content=\"image\/webp\" \/>\n<meta name=\"author\" content=\"Diario del Sur Digital\" \/>\n<meta name=\"twitter:card\" content=\"summary_large_image\" \/>\n<meta name=\"twitter:label1\" content=\"Escrito por\" \/>\n\t<meta name=\"twitter:data1\" content=\"Diario del Sur Digital\" \/>\n\t<meta name=\"twitter:label2\" content=\"Tiempo de lectura\" \/>\n\t<meta name=\"twitter:data2\" content=\"2 minutos\" \/>\n<script type=\"application\/ld+json\" class=\"yoast-schema-graph\">{\"@context\":\"https:\\\/\\\/schema.org\",\"@graph\":[{\"@type\":\"Article\",\"@id\":\"https:\\\/\\\/diariodelsurdigital.com.ar\\\/?p=4823#article\",\"isPartOf\":{\"@id\":\"https:\\\/\\\/diariodelsurdigital.com.ar\\\/?p=4823\"},\"author\":{\"name\":\"Diario del Sur Digital\",\"@id\":\"https:\\\/\\\/diariodelsurdigital.com.ar\\\/#\\\/schema\\\/person\\\/1a4992532ed62965c968031b49195c81\"},\"headline\":\"Este jueves habr\u00e1 elecciones en Agmer para renovar autoridades\",\"datePublished\":\"2025-09-25T12:28:14+00:00\",\"dateModified\":\"2025-09-25T12:28:15+00:00\",\"mainEntityOfPage\":{\"@id\":\"https:\\\/\\\/diariodelsurdigital.com.ar\\\/?p=4823\"},\"wordCount\":357,\"commentCount\":0,\"image\":{\"@id\":\"https:\\\/\\\/diariodelsurdigital.com.ar\\\/?p=4823#primaryimage\"},\"thumbnailUrl\":\"https:\\\/\\\/diariodelsurdigital.com.ar\\\/wp-content\\\/uploads\\\/2025\\\/09\\\/md-10-2.webp\",\"articleSection\":[\"Provinciales\"],\"inLanguage\":\"es\",\"potentialAction\":[{\"@type\":\"CommentAction\",\"name\":\"Comment\",\"target\":[\"https:\\\/\\\/diariodelsurdigital.com.ar\\\/?p=4823#respond\"]}]},{\"@type\":\"WebPage\",\"@id\":\"https:\\\/\\\/diariodelsurdigital.com.ar\\\/?p=4823\",\"url\":\"https:\\\/\\\/diariodelsurdigital.com.ar\\\/?p=4823\",\"name\":\"Este jueves habr\u00e1 elecciones en Agmer para renovar autoridades - Diario del Sur\",\"isPartOf\":{\"@id\":\"https:\\\/\\\/diariodelsurdigital.com.ar\\\/#website\"},\"primaryImageOfPage\":{\"@id\":\"https:\\\/\\\/diariodelsurdigital.com.ar\\\/?p=4823#primaryimage\"},\"image\":{\"@id\":\"https:\\\/\\\/diariodelsurdigital.com.ar\\\/?p=4823#primaryimage\"},\"thumbnailUrl\":\"https:\\\/\\\/diariodelsurdigital.com.ar\\\/wp-content\\\/uploads\\\/2025\\\/09\\\/md-10-2.webp\",\"datePublished\":\"2025-09-25T12:28:14+00:00\",\"dateModified\":\"2025-09-25T12:28:15+00:00\",\"author\":{\"@id\":\"https:\\\/\\\/diariodelsurdigital.com.ar\\\/#\\\/schema\\\/person\\\/1a4992532ed62965c968031b49195c81\"},\"breadcrumb\":{\"@id\":\"https:\\\/\\\/diariodelsurdigital.com.ar\\\/?p=4823#breadcrumb\"},\"inLanguage\":\"es\",\"potentialAction\":[{\"@type\":\"ReadAction\",\"target\":[\"https:\\\/\\\/diariodelsurdigital.com.ar\\\/?p=4823\"]}]},{\"@type\":\"ImageObject\",\"inLanguage\":\"es\",\"@id\":\"https:\\\/\\\/diariodelsurdigital.com.ar\\\/?p=4823#primaryimage\",\"url\":\"https:\\\/\\\/diariodelsurdigital.com.ar\\\/wp-content\\\/uploads\\\/2025\\\/09\\\/md-10-2.webp\",\"contentUrl\":\"https:\\\/\\\/diariodelsurdigital.com.ar\\\/wp-content\\\/uploads\\\/2025\\\/09\\\/md-10-2.webp\",\"width\":992,\"height\":661},{\"@type\":\"BreadcrumbList\",\"@id\":\"https:\\\/\\\/diariodelsurdigital.com.ar\\\/?p=4823#breadcrumb\",\"itemListElement\":[{\"@type\":\"ListItem\",\"position\":1,\"name\":\"Portada\",\"item\":\"https:\\\/\\\/diariodelsurdigital.com.ar\\\/\"},{\"@type\":\"ListItem\",\"position\":2,\"name\":\"Este jueves habr\u00e1 elecciones en Agmer para renovar autoridades\"}]},{\"@type\":\"WebSite\",\"@id\":\"https:\\\/\\\/diariodelsurdigital.com.ar\\\/#website\",\"url\":\"https:\\\/\\\/diariodelsurdigital.com.ar\\\/\",\"name\":\"Diario del Sur\",\"description\":\"Digital\",\"potentialAction\":[{\"@type\":\"SearchAction\",\"target\":{\"@type\":\"EntryPoint\",\"urlTemplate\":\"https:\\\/\\\/diariodelsurdigital.com.ar\\\/?s={search_term_string}\"},\"query-input\":{\"@type\":\"PropertyValueSpecification\",\"valueRequired\":true,\"valueName\":\"search_term_string\"}}],\"inLanguage\":\"es\"},{\"@type\":\"Person\",\"@id\":\"https:\\\/\\\/diariodelsurdigital.com.ar\\\/#\\\/schema\\\/person\\\/1a4992532ed62965c968031b49195c81\",\"name\":\"Diario del Sur Digital\",\"image\":{\"@type\":\"ImageObject\",\"inLanguage\":\"es\",\"@id\":\"https:\\\/\\\/secure.gravatar.com\\\/avatar\\\/f0c7c47fc7146d19828273b9b8eda651c9c7ab583767e6338d3d3bee825adf76?s=96&d=mm&r=g\",\"url\":\"https:\\\/\\\/secure.gravatar.com\\\/avatar\\\/f0c7c47fc7146d19828273b9b8eda651c9c7ab583767e6338d3d3bee825adf76?s=96&d=mm&r=g\",\"contentUrl\":\"https:\\\/\\\/secure.gravatar.com\\\/avatar\\\/f0c7c47fc7146d19828273b9b8eda651c9c7ab583767e6338d3d3bee825adf76?s=96&d=mm&r=g\",\"caption\":\"Diario del Sur Digital\"},\"url\":\"https:\\\/\\\/diariodelsurdigital.com.ar\\\/?author=4\"}]}<\/script>\n<!-- \/ Yoast SEO plugin. -->","yoast_head_json":{"title":"Este jueves habr\u00e1 elecciones en Agmer para renovar autoridades - Diario del Sur","robots":{"index":"index","follow":"follow","max-snippet":"max-snippet:-1","max-image-preview":"max-image-preview:large","max-video-preview":"max-video-preview:-1"},"canonical":"https:\/\/diariodelsurdigital.com.ar\/?p=4823","og_locale":"es_ES","og_type":"article","og_title":"Este jueves habr\u00e1 elecciones en Agmer para renovar autoridades - Diario del Sur","og_description":"De 8 a 18 horas, los afiliados elegir\u00e1n las nuevas autoridades de la Comisi\u00f3n Directiva Central, Comisiones Directivas Departamentales, Congresales y Comisiones Directivas de Filiales, entre otros cargos. Las listas que competir\u00e1n ser\u00e1n dos: Marcha Blanca, encabezada por Abel Antivero y Multicolor, cuya candidata a secretaria General es Gimena Garc\u00eda. Con la presencia de m\u00e1s [&hellip;]","og_url":"https:\/\/diariodelsurdigital.com.ar\/?p=4823","og_site_name":"Diario del Sur","article_published_time":"2025-09-25T12:28:14+00:00","article_modified_time":"2025-09-25T12:28:15+00:00","og_image":[{"width":992,"height":661,"url":"https:\/\/diariodelsurdigital.com.ar\/wp-content\/uploads\/2025\/09\/md-10-2.webp","type":"image\/webp"}],"author":"Diario del Sur Digital","twitter_card":"summary_large_image","twitter_misc":{"Escrito por":"Diario del Sur Digital","Tiempo de lectura":"2 minutos"},"schema":{"@context":"https:\/\/schema.org","@graph":[{"@type":"Article","@id":"https:\/\/diariodelsurdigital.com.ar\/?p=4823#article","isPartOf":{"@id":"https:\/\/diariodelsurdigital.com.ar\/?p=4823"},"author":{"name":"Diario del Sur Digital","@id":"https:\/\/diariodelsurdigital.com.ar\/#\/schema\/person\/1a4992532ed62965c968031b49195c81"},"headline":"Este jueves habr\u00e1 elecciones en Agmer para renovar autoridades","datePublished":"2025-09-25T12:28:14+00:00","dateModified":"2025-09-25T12:28:15+00:00","mainEntityOfPage":{"@id":"https:\/\/diariodelsurdigital.com.ar\/?p=4823"},"wordCount":357,"commentCount":0,"image":{"@id":"https:\/\/diariodelsurdigital.com.ar\/?p=4823#primaryimage"},"thumbnailUrl":"https:\/\/diariodelsurdigital.com.ar\/wp-content\/uploads\/2025\/09\/md-10-2.webp","articleSection":["Provinciales"],"inLanguage":"es","potentialAction":[{"@type":"CommentAction","name":"Comment","target":["https:\/\/diariodelsurdigital.com.ar\/?p=4823#respond"]}]},{"@type":"WebPage","@id":"https:\/\/diariodelsurdigital.com.ar\/?p=4823","url":"https:\/\/diariodelsurdigital.com.ar\/?p=4823","name":"Este jueves habr\u00e1 elecciones en Agmer para renovar autoridades - Diario del Sur","isPartOf":{"@id":"https:\/\/diariodelsurdigital.com.ar\/#website"},"primaryImageOfPage":{"@id":"https:\/\/diariodelsurdigital.com.ar\/?p=4823#primaryimage"},"image":{"@id":"https:\/\/diariodelsurdigital.com.ar\/?p=4823#primaryimage"},"thumbnailUrl":"https:\/\/diariodelsurdigital.com.ar\/wp-content\/uploads\/2025\/09\/md-10-2.webp","datePublished":"2025-09-25T12:28:14+00:00","dateModified":"2025-09-25T12:28:15+00:00","author":{"@id":"https:\/\/diariodelsurdigital.com.ar\/#\/schema\/person\/1a4992532ed62965c968031b49195c81"},"breadcrumb":{"@id":"https:\/\/diariodelsurdigital.com.ar\/?p=4823#breadcrumb"},"inLanguage":"es","potentialAction":[{"@type":"ReadAction","target":["https:\/\/diariodelsurdigital.com.ar\/?p=4823"]}]},{"@type":"ImageObject","inLanguage":"es","@id":"https:\/\/diariodelsurdigital.com.ar\/?p=4823#primaryimage","url":"https:\/\/diariodelsurdigital.com.ar\/wp-content\/uploads\/2025\/09\/md-10-2.webp","contentUrl":"https:\/\/diariodelsurdigital.com.ar\/wp-content\/uploads\/2025\/09\/md-10-2.webp","width":992,"height":661},{"@type":"BreadcrumbList","@id":"https:\/\/diariodelsurdigital.com.ar\/?p=4823#breadcrumb","itemListElement":[{"@type":"ListItem","position":1,"name":"Portada","item":"https:\/\/diariodelsurdigital.com.ar\/"},{"@type":"ListItem","position":2,"name":"Este jueves habr\u00e1 elecciones en Agmer para renovar autoridades"}]},{"@type":"WebSite","@id":"https:\/\/diariodelsurdigital.com.ar\/#website","url":"https:\/\/diariodelsurdigital.com.ar\/","name":"Diario del Sur","description":"Digital","potentialAction":[{"@type":"SearchAction","target":{"@type":"EntryPoint","urlTemplate":"https:\/\/diariodelsurdigital.com.ar\/?s={search_term_string}"},"query-input":{"@type":"PropertyValueSpecification","valueRequired":true,"valueName":"search_term_string"}}],"inLanguage":"es"},{"@type":"Person","@id":"https:\/\/diariodelsurdigital.com.ar\/#\/schema\/person\/1a4992532ed62965c968031b49195c81","name":"Diario del Sur Digital","image":{"@type":"ImageObject","inLanguage":"es","@id":"https:\/\/secure.gravatar.com\/avatar\/f0c7c47fc7146d19828273b9b8eda651c9c7ab583767e6338d3d3bee825adf76?s=96&d=mm&r=g","url":"https:\/\/secure.gravatar.com\/avatar\/f0c7c47fc7146d19828273b9b8eda651c9c7ab583767e6338d3d3bee825adf76?s=96&d=mm&r=g","contentUrl":"https:\/\/secure.gravatar.com\/avatar\/f0c7c47fc7146d19828273b9b8eda651c9c7ab583767e6338d3d3bee825adf76?s=96&d=mm&r=g","caption":"Diario del Sur Digital"},"url":"https:\/\/diariodelsurdigital.com.ar\/?author=4"}]}},"_links":{"self":[{"href":"https:\/\/diariodelsurdigital.com.ar\/index.php?rest_route=\/wp\/v2\/posts\/4823","targetHints":{"allow":["GET"]}}],"collection":[{"href":"https:\/\/diariodelsurdigital.com.ar\/index.php?rest_route=\/wp\/v2\/posts"}],"about":[{"href":"https:\/\/diariodelsurdigital.com.ar\/index.php?rest_route=\/wp\/v2\/types\/post"}],"author":[{"embeddable":true,"href":"https:\/\/diariodelsurdigital.com.ar\/index.php?rest_route=\/wp\/v2\/users\/4"}],"replies":[{"embeddable":true,"href":"https:\/\/diariodelsurdigital.com.ar\/index.php?rest_route=%2Fwp%2Fv2%2Fcomments&post=4823"}],"version-history":[{"count":1,"href":"https:\/\/diariodelsurdigital.com.ar\/index.php?rest_route=\/wp\/v2\/posts\/4823\/revisions"}],"predecessor-version":[{"id":4825,"href":"https:\/\/diariodelsurdigital.com.ar\/index.php?rest_route=\/wp\/v2\/posts\/4823\/revisions\/4825"}],"wp:featuredmedia":[{"embeddable":true,"href":"https:\/\/diariodelsurdigital.com.ar\/index.php?rest_route=\/wp\/v2\/media\/4824"}],"wp:attachment":[{"href":"https:\/\/diariodelsurdigital.com.ar\/index.php?rest_route=%2Fwp%2Fv2%2Fmedia&parent=4823"}],"wp:term":[{"taxonomy":"category","embeddable":true,"href":"https:\/\/diariodelsurdigital.com.ar\/index.php?rest_route=%2Fwp%2Fv2%2Fcategories&post=4823"},{"taxonomy":"post_tag","embeddable":true,"href":"https:\/\/diariodelsurdigital.com.ar\/index.php?rest_route=%2Fwp%2Fv2%2Ftags&post=4823"}],"curies":[{"name":"wp","href":"https:\/\/api.w.org\/{rel}","templated":true}]}}