{"id":4829,"date":"2025-09-25T16:28:55","date_gmt":"2025-09-25T19:28:55","guid":{"rendered":"https:\/\/diariodelsurdigital.com.ar\/?p=4829"},"modified":"2025-09-25T16:28:55","modified_gmt":"2025-09-25T19:28:55","slug":"para-enrique-cresto-habria-que-clausurar-algunos-tramos-de-la-ruta-nacional-14","status":"publish","type":"post","link":"https:\/\/diariodelsurdigital.com.ar\/?p=4829","title":{"rendered":"Para Enrique Cresto \u00abhabr\u00eda que clausurar algunos tramos\u00bb de la Ruta Nacional 14"},"content":{"rendered":"\n<h4 class=\"wp-block-heading\">El diputado advirti\u00f3 sobre las condiciones de riesgo en la autov\u00eda Artigas y destac\u00f3 que \u00abes un tema del gobernador de la provincia\u00bb, porque \u00abdudo que Milei sepa que existe esta ruta\u00bb.<\/h4>\n\n\n\n<h2 class=\"wp-block-heading\"><\/h2>\n\n\n\n<p>El diputado nacional Enrique Cresto repas\u00f3 las situaciones que atraviesan las rutas entrerrianas y coment\u00f3 que \u201cla 14 es una autov\u00eda que, cuando se termina, a la concesi\u00f3n la ten\u00eda Caminos del R\u00edo Uruguay\u00bb. En ese marco, record\u00f3 que \u00abccomo intendente, me toc\u00f3 denunciar junto a otros presidentes municipales, presentar proyectos en la legislatura\u201d sobre el estado de la ruta.<\/p>\n\n\n\n<p>Incluso, record\u00f3 que \u201cmi hermana (la ex diputada naional Mayda Cresto) en su momento tambi\u00e9n hizo una denuncia en la interpelaci\u00f3n a Marcos Pe\u00f1a, planteando la situaci\u00f3n irregular de la concesi\u00f3n, que no estaba cumpliendo con el pliego y se ped\u00eda la rescisi\u00f3n de esa concesi\u00f3n y se llamaba a licitaci\u00f3n nuevamente\u201d.<\/p>\n\n\n\n<p>All\u00ed admiti\u00f3 que \u201ceso reci\u00e9n se logr\u00f3 en esta gesti\u00f3n (nacional), a partir del mes de abril, donde se dicta ya directamente la rescisi\u00f3n de la concesi\u00f3n, la quiebra de Caminos del R\u00edo Uruguay y la p\u00e9rdida de m\u00e1s de 200 puestos de trabajo\u201d. No obstante, destac\u00f3 que \u201cel problema es que se prorrog\u00f3 la licitaci\u00f3n o la prestaci\u00f3n de las ofertas hasta octubre\u201d.<\/p>\n\n\n\n<figure class=\"wp-block-image\"><a class=\"en-bandera__ancla-img link-img\" href=\"https:\/\/diarioriouruguay.com\/interes-general\/el-gobierno-estiro-el-plazo-para-resolver-la-concesion-de-la-ruta-nacional-14.htm\"><img decoding=\"async\" src=\"https:\/\/diarioriouruguay.com\/galeria\/fotos\/2025\/09\/06\/m_1757195819_52478.webp\" alt=\"El gobierno nacional estir\u00f3 el plazo para resolver la concesi\u00f3n de la Ruta Nacional 14\"\/><\/a><\/figure>\n\n\n\n<p><\/p>\n\n\n\n<h3 class=\"wp-block-heading\"><\/h3>\n\n\n\n<h3 class=\"wp-block-heading\">\u201cNo se le puede creer nada\u201d<\/h3>\n\n\n\n<p>Consultado sobre las declaraciones de Caputo respecto a la fecha de licitaci\u00f3n de la concesi\u00f3n para las rutas 12 y 14, Cresto manifest\u00f3 que \u201ca Caputo no se le puede creer nada. Pero m\u00e1s all\u00e1 de que seguramente est\u00e1n buscando qui\u00e9n se hace cargo, es muy dif\u00edcil que una empresa se haga cargo, si no hay aporte del Estado Nacional\u201d, adelant\u00f3.<\/p>\n\n\n\n<p>Seg\u00fan sus palabras, se trata de \u201cuna ruta que es una arteria fundamental del Mercosur, que tiene que ver con las exportaciones, con el turismo y, si no hay una pol\u00edtica p\u00fablica con respecto al tema de las rutas, si lo dejan en manos del mercado y los privados, van a seguir fracasando rotundamente como lo vienen haciendo hasta ahora\u201d.<\/p>\n\n\n\n<figure class=\"wp-block-image\"><a class=\"en-bandera__ancla-img link-img\" href=\"https:\/\/diarioriouruguay.com\/interes-general\/mas-de-10-accidentes-en-dos-semanas-en-la-ruta-14.htm\"><img decoding=\"async\" src=\"https:\/\/diarioriouruguay.com\/galeria\/fotos\/2025\/09\/12\/m_1757713001_42473.webp\" alt=\"En solo dos semanas hubo m\u00e1s de 10 accidentes graves y tres fallecidos en la Autov\u00eda Artigas\"\/><\/a><\/figure>\n\n\n\n<p><a href=\"https:\/\/diarioriouruguay.com\/interes-general\/mas-de-10-accidentes-en-dos-semanas-en-la-ruta-14.htm\">En solo dos semanas hubo m\u00e1s de 10 accidentes graves y tres fallecidos en la Autov\u00eda Artigas<\/a><\/p>\n\n\n\n<p>En cuanto a la posici\u00f3n del presidente, Cresto apunt\u00f3 que<strong>&nbsp;\u201cdudo que Milei sepa que existe esa ruta\u201d<\/strong>. Por otro lado, expres\u00f3 que \u201cestamos viendo lo que han hecho con el Garrahan y con los discapacitados\u00bb, por lo que \u00abno se van a estar preocupando por si muere una persona m\u00e1s o una persona menos en la ruta 14\u00bb.<\/p>\n\n\n\n<p>Ante este escenario, eel diputado Cresto entiende qe \u00abeste es un tema en el que el gobernador de la provincia tiene que tomar cartas en el asunto\u00bb, evaluando que, as\u00ed como se hizo en la Ruta Nacional 18, tambi\u00e9n sobre la autov\u00eda Art\u00edgas&nbsp;<strong>\u00abhabr\u00eda que clausurar algunos tramos\u00bb<\/strong>, en los que se evidencia el deterioro por la falta de mantenimiento y hay riesgo para los que por all\u00ed transitan.<\/p>\n\n\n\n<p>Fuente: Diario R\u00edo Uruguay<\/p>\n","protected":false},"excerpt":{"rendered":"<p>El diputado advirti\u00f3 sobre las condiciones de riesgo en la autov\u00eda Artigas y destac\u00f3 que \u00abes un tema del gobernador de la provincia\u00bb, porque \u00abdudo que Milei sepa que existe esta ruta\u00bb. El diputado nacional Enrique Cresto repas\u00f3 las situaciones que atraviesan las rutas entrerrianas y coment\u00f3 que \u201cla 14 es una autov\u00eda que, cuando [&hellip;]<\/p>\n","protected":false},"author":2,"featured_media":4830,"comment_status":"open","ping_status":"open","sticky":false,"template":"","format":"standard","meta":{"footnotes":""},"categories":[17],"tags":[],"class_list":{"0":"post-4829","1":"post","2":"type-post","3":"status-publish","4":"format-standard","5":"has-post-thumbnail","7":"category-provinciales"},"yoast_head":"<!-- This site is optimized with the Yoast SEO plugin v27.4 - https:\/\/yoast.com\/product\/yoast-seo-wordpress\/ -->\n<title>Para Enrique Cresto &quot;habr\u00eda que clausurar algunos tramos&quot; de la Ruta Nacional 14 - Diario del Sur<\/title>\n<meta name=\"robots\" content=\"index, follow, max-snippet:-1, max-image-preview:large, max-video-preview:-1\" \/>\n<link rel=\"canonical\" href=\"https:\/\/diariodelsurdigital.com.ar\/?p=4829\" \/>\n<meta property=\"og:locale\" content=\"es_ES\" \/>\n<meta property=\"og:type\" content=\"article\" \/>\n<meta property=\"og:title\" content=\"Para Enrique Cresto &quot;habr\u00eda que clausurar algunos tramos&quot; de la Ruta Nacional 14 - Diario del Sur\" \/>\n<meta property=\"og:description\" content=\"El diputado advirti\u00f3 sobre las condiciones de riesgo en la autov\u00eda Artigas y destac\u00f3 que \u00abes un tema del gobernador de la provincia\u00bb, porque \u00abdudo que Milei sepa que existe esta ruta\u00bb. El diputado nacional Enrique Cresto repas\u00f3 las situaciones que atraviesan las rutas entrerrianas y coment\u00f3 que \u201cla 14 es una autov\u00eda que, cuando [&hellip;]\" \/>\n<meta property=\"og:url\" content=\"https:\/\/diariodelsurdigital.com.ar\/?p=4829\" \/>\n<meta property=\"og:site_name\" content=\"Diario del Sur\" \/>\n<meta property=\"article:published_time\" content=\"2025-09-25T19:28:55+00:00\" \/>\n<meta property=\"og:image\" content=\"https:\/\/diariodelsurdigital.com.ar\/wp-content\/uploads\/2025\/09\/2fd7fb_f8bcc2bddf584aad8d032664ce34d2acmv2.jpg\" \/>\n\t<meta property=\"og:image:width\" content=\"517\" \/>\n\t<meta property=\"og:image:height\" content=\"293\" \/>\n\t<meta property=\"og:image:type\" content=\"image\/jpeg\" \/>\n<meta name=\"author\" content=\"Diario del Sur Digital\" \/>\n<meta name=\"twitter:card\" content=\"summary_large_image\" \/>\n<meta name=\"twitter:label1\" content=\"Escrito por\" \/>\n\t<meta name=\"twitter:data1\" content=\"Diario del Sur Digital\" \/>\n\t<meta name=\"twitter:label2\" content=\"Tiempo de lectura\" \/>\n\t<meta name=\"twitter:data2\" content=\"3 minutos\" \/>\n<script type=\"application\/ld+json\" class=\"yoast-schema-graph\">{\"@context\":\"https:\\\/\\\/schema.org\",\"@graph\":[{\"@type\":\"Article\",\"@id\":\"https:\\\/\\\/diariodelsurdigital.com.ar\\\/?p=4829#article\",\"isPartOf\":{\"@id\":\"https:\\\/\\\/diariodelsurdigital.com.ar\\\/?p=4829\"},\"author\":{\"name\":\"Diario del Sur Digital\",\"@id\":\"https:\\\/\\\/diariodelsurdigital.com.ar\\\/#\\\/schema\\\/person\\\/6136a32571657f7dba980b88b04c5465\"},\"headline\":\"Para Enrique Cresto \u00abhabr\u00eda que clausurar algunos tramos\u00bb de la Ruta Nacional 14\",\"datePublished\":\"2025-09-25T19:28:55+00:00\",\"mainEntityOfPage\":{\"@id\":\"https:\\\/\\\/diariodelsurdigital.com.ar\\\/?p=4829\"},\"wordCount\":533,\"commentCount\":0,\"image\":{\"@id\":\"https:\\\/\\\/diariodelsurdigital.com.ar\\\/?p=4829#primaryimage\"},\"thumbnailUrl\":\"https:\\\/\\\/diariodelsurdigital.com.ar\\\/wp-content\\\/uploads\\\/2025\\\/09\\\/2fd7fb_f8bcc2bddf584aad8d032664ce34d2acmv2.jpg\",\"articleSection\":[\"Provinciales\"],\"inLanguage\":\"es\",\"potentialAction\":[{\"@type\":\"CommentAction\",\"name\":\"Comment\",\"target\":[\"https:\\\/\\\/diariodelsurdigital.com.ar\\\/?p=4829#respond\"]}]},{\"@type\":\"WebPage\",\"@id\":\"https:\\\/\\\/diariodelsurdigital.com.ar\\\/?p=4829\",\"url\":\"https:\\\/\\\/diariodelsurdigital.com.ar\\\/?p=4829\",\"name\":\"Para Enrique Cresto \\\"habr\u00eda que clausurar algunos tramos\\\" de la Ruta Nacional 14 - Diario del Sur\",\"isPartOf\":{\"@id\":\"https:\\\/\\\/diariodelsurdigital.com.ar\\\/#website\"},\"primaryImageOfPage\":{\"@id\":\"https:\\\/\\\/diariodelsurdigital.com.ar\\\/?p=4829#primaryimage\"},\"image\":{\"@id\":\"https:\\\/\\\/diariodelsurdigital.com.ar\\\/?p=4829#primaryimage\"},\"thumbnailUrl\":\"https:\\\/\\\/diariodelsurdigital.com.ar\\\/wp-content\\\/uploads\\\/2025\\\/09\\\/2fd7fb_f8bcc2bddf584aad8d032664ce34d2acmv2.jpg\",\"datePublished\":\"2025-09-25T19:28:55+00:00\",\"author\":{\"@id\":\"https:\\\/\\\/diariodelsurdigital.com.ar\\\/#\\\/schema\\\/person\\\/6136a32571657f7dba980b88b04c5465\"},\"breadcrumb\":{\"@id\":\"https:\\\/\\\/diariodelsurdigital.com.ar\\\/?p=4829#breadcrumb\"},\"inLanguage\":\"es\",\"potentialAction\":[{\"@type\":\"ReadAction\",\"target\":[\"https:\\\/\\\/diariodelsurdigital.com.ar\\\/?p=4829\"]}]},{\"@type\":\"ImageObject\",\"inLanguage\":\"es\",\"@id\":\"https:\\\/\\\/diariodelsurdigital.com.ar\\\/?p=4829#primaryimage\",\"url\":\"https:\\\/\\\/diariodelsurdigital.com.ar\\\/wp-content\\\/uploads\\\/2025\\\/09\\\/2fd7fb_f8bcc2bddf584aad8d032664ce34d2acmv2.jpg\",\"contentUrl\":\"https:\\\/\\\/diariodelsurdigital.com.ar\\\/wp-content\\\/uploads\\\/2025\\\/09\\\/2fd7fb_f8bcc2bddf584aad8d032664ce34d2acmv2.jpg\",\"width\":517,\"height\":293},{\"@type\":\"BreadcrumbList\",\"@id\":\"https:\\\/\\\/diariodelsurdigital.com.ar\\\/?p=4829#breadcrumb\",\"itemListElement\":[{\"@type\":\"ListItem\",\"position\":1,\"name\":\"Portada\",\"item\":\"https:\\\/\\\/diariodelsurdigital.com.ar\\\/\"},{\"@type\":\"ListItem\",\"position\":2,\"name\":\"Para Enrique Cresto \u00abhabr\u00eda que clausurar algunos tramos\u00bb de la Ruta Nacional 14\"}]},{\"@type\":\"WebSite\",\"@id\":\"https:\\\/\\\/diariodelsurdigital.com.ar\\\/#website\",\"url\":\"https:\\\/\\\/diariodelsurdigital.com.ar\\\/\",\"name\":\"Diario del Sur\",\"description\":\"Digital\",\"potentialAction\":[{\"@type\":\"SearchAction\",\"target\":{\"@type\":\"EntryPoint\",\"urlTemplate\":\"https:\\\/\\\/diariodelsurdigital.com.ar\\\/?s={search_term_string}\"},\"query-input\":{\"@type\":\"PropertyValueSpecification\",\"valueRequired\":true,\"valueName\":\"search_term_string\"}}],\"inLanguage\":\"es\"},{\"@type\":\"Person\",\"@id\":\"https:\\\/\\\/diariodelsurdigital.com.ar\\\/#\\\/schema\\\/person\\\/6136a32571657f7dba980b88b04c5465\",\"name\":\"Diario del Sur Digital\",\"image\":{\"@type\":\"ImageObject\",\"inLanguage\":\"es\",\"@id\":\"https:\\\/\\\/secure.gravatar.com\\\/avatar\\\/4c29ceac98541dd42460b2474aaa5dd37594d6ce6cb3cf2c101d09b48ee287ba?s=96&d=mm&r=g\",\"url\":\"https:\\\/\\\/secure.gravatar.com\\\/avatar\\\/4c29ceac98541dd42460b2474aaa5dd37594d6ce6cb3cf2c101d09b48ee287ba?s=96&d=mm&r=g\",\"contentUrl\":\"https:\\\/\\\/secure.gravatar.com\\\/avatar\\\/4c29ceac98541dd42460b2474aaa5dd37594d6ce6cb3cf2c101d09b48ee287ba?s=96&d=mm&r=g\",\"caption\":\"Diario del Sur Digital\"},\"url\":\"https:\\\/\\\/diariodelsurdigital.com.ar\\\/?author=2\"}]}<\/script>\n<!-- \/ Yoast SEO plugin. -->","yoast_head_json":{"title":"Para Enrique Cresto \"habr\u00eda que clausurar algunos tramos\" de la Ruta Nacional 14 - Diario del Sur","robots":{"index":"index","follow":"follow","max-snippet":"max-snippet:-1","max-image-preview":"max-image-preview:large","max-video-preview":"max-video-preview:-1"},"canonical":"https:\/\/diariodelsurdigital.com.ar\/?p=4829","og_locale":"es_ES","og_type":"article","og_title":"Para Enrique Cresto \"habr\u00eda que clausurar algunos tramos\" de la Ruta Nacional 14 - Diario del Sur","og_description":"El diputado advirti\u00f3 sobre las condiciones de riesgo en la autov\u00eda Artigas y destac\u00f3 que \u00abes un tema del gobernador de la provincia\u00bb, porque \u00abdudo que Milei sepa que existe esta ruta\u00bb. El diputado nacional Enrique Cresto repas\u00f3 las situaciones que atraviesan las rutas entrerrianas y coment\u00f3 que \u201cla 14 es una autov\u00eda que, cuando [&hellip;]","og_url":"https:\/\/diariodelsurdigital.com.ar\/?p=4829","og_site_name":"Diario del Sur","article_published_time":"2025-09-25T19:28:55+00:00","og_image":[{"width":517,"height":293,"url":"https:\/\/diariodelsurdigital.com.ar\/wp-content\/uploads\/2025\/09\/2fd7fb_f8bcc2bddf584aad8d032664ce34d2acmv2.jpg","type":"image\/jpeg"}],"author":"Diario del Sur Digital","twitter_card":"summary_large_image","twitter_misc":{"Escrito por":"Diario del Sur Digital","Tiempo de lectura":"3 minutos"},"schema":{"@context":"https:\/\/schema.org","@graph":[{"@type":"Article","@id":"https:\/\/diariodelsurdigital.com.ar\/?p=4829#article","isPartOf":{"@id":"https:\/\/diariodelsurdigital.com.ar\/?p=4829"},"author":{"name":"Diario del Sur Digital","@id":"https:\/\/diariodelsurdigital.com.ar\/#\/schema\/person\/6136a32571657f7dba980b88b04c5465"},"headline":"Para Enrique Cresto \u00abhabr\u00eda que clausurar algunos tramos\u00bb de la Ruta Nacional 14","datePublished":"2025-09-25T19:28:55+00:00","mainEntityOfPage":{"@id":"https:\/\/diariodelsurdigital.com.ar\/?p=4829"},"wordCount":533,"commentCount":0,"image":{"@id":"https:\/\/diariodelsurdigital.com.ar\/?p=4829#primaryimage"},"thumbnailUrl":"https:\/\/diariodelsurdigital.com.ar\/wp-content\/uploads\/2025\/09\/2fd7fb_f8bcc2bddf584aad8d032664ce34d2acmv2.jpg","articleSection":["Provinciales"],"inLanguage":"es","potentialAction":[{"@type":"CommentAction","name":"Comment","target":["https:\/\/diariodelsurdigital.com.ar\/?p=4829#respond"]}]},{"@type":"WebPage","@id":"https:\/\/diariodelsurdigital.com.ar\/?p=4829","url":"https:\/\/diariodelsurdigital.com.ar\/?p=4829","name":"Para Enrique Cresto \"habr\u00eda que clausurar algunos tramos\" de la Ruta Nacional 14 - Diario del Sur","isPartOf":{"@id":"https:\/\/diariodelsurdigital.com.ar\/#website"},"primaryImageOfPage":{"@id":"https:\/\/diariodelsurdigital.com.ar\/?p=4829#primaryimage"},"image":{"@id":"https:\/\/diariodelsurdigital.com.ar\/?p=4829#primaryimage"},"thumbnailUrl":"https:\/\/diariodelsurdigital.com.ar\/wp-content\/uploads\/2025\/09\/2fd7fb_f8bcc2bddf584aad8d032664ce34d2acmv2.jpg","datePublished":"2025-09-25T19:28:55+00:00","author":{"@id":"https:\/\/diariodelsurdigital.com.ar\/#\/schema\/person\/6136a32571657f7dba980b88b04c5465"},"breadcrumb":{"@id":"https:\/\/diariodelsurdigital.com.ar\/?p=4829#breadcrumb"},"inLanguage":"es","potentialAction":[{"@type":"ReadAction","target":["https:\/\/diariodelsurdigital.com.ar\/?p=4829"]}]},{"@type":"ImageObject","inLanguage":"es","@id":"https:\/\/diariodelsurdigital.com.ar\/?p=4829#primaryimage","url":"https:\/\/diariodelsurdigital.com.ar\/wp-content\/uploads\/2025\/09\/2fd7fb_f8bcc2bddf584aad8d032664ce34d2acmv2.jpg","contentUrl":"https:\/\/diariodelsurdigital.com.ar\/wp-content\/uploads\/2025\/09\/2fd7fb_f8bcc2bddf584aad8d032664ce34d2acmv2.jpg","width":517,"height":293},{"@type":"BreadcrumbList","@id":"https:\/\/diariodelsurdigital.com.ar\/?p=4829#breadcrumb","itemListElement":[{"@type":"ListItem","position":1,"name":"Portada","item":"https:\/\/diariodelsurdigital.com.ar\/"},{"@type":"ListItem","position":2,"name":"Para Enrique Cresto \u00abhabr\u00eda que clausurar algunos tramos\u00bb de la Ruta Nacional 14"}]},{"@type":"WebSite","@id":"https:\/\/diariodelsurdigital.com.ar\/#website","url":"https:\/\/diariodelsurdigital.com.ar\/","name":"Diario del Sur","description":"Digital","potentialAction":[{"@type":"SearchAction","target":{"@type":"EntryPoint","urlTemplate":"https:\/\/diariodelsurdigital.com.ar\/?s={search_term_string}"},"query-input":{"@type":"PropertyValueSpecification","valueRequired":true,"valueName":"search_term_string"}}],"inLanguage":"es"},{"@type":"Person","@id":"https:\/\/diariodelsurdigital.com.ar\/#\/schema\/person\/6136a32571657f7dba980b88b04c5465","name":"Diario del Sur Digital","image":{"@type":"ImageObject","inLanguage":"es","@id":"https:\/\/secure.gravatar.com\/avatar\/4c29ceac98541dd42460b2474aaa5dd37594d6ce6cb3cf2c101d09b48ee287ba?s=96&d=mm&r=g","url":"https:\/\/secure.gravatar.com\/avatar\/4c29ceac98541dd42460b2474aaa5dd37594d6ce6cb3cf2c101d09b48ee287ba?s=96&d=mm&r=g","contentUrl":"https:\/\/secure.gravatar.com\/avatar\/4c29ceac98541dd42460b2474aaa5dd37594d6ce6cb3cf2c101d09b48ee287ba?s=96&d=mm&r=g","caption":"Diario del Sur Digital"},"url":"https:\/\/diariodelsurdigital.com.ar\/?author=2"}]}},"_links":{"self":[{"href":"https:\/\/diariodelsurdigital.com.ar\/index.php?rest_route=\/wp\/v2\/posts\/4829","targetHints":{"allow":["GET"]}}],"collection":[{"href":"https:\/\/diariodelsurdigital.com.ar\/index.php?rest_route=\/wp\/v2\/posts"}],"about":[{"href":"https:\/\/diariodelsurdigital.com.ar\/index.php?rest_route=\/wp\/v2\/types\/post"}],"author":[{"embeddable":true,"href":"https:\/\/diariodelsurdigital.com.ar\/index.php?rest_route=\/wp\/v2\/users\/2"}],"replies":[{"embeddable":true,"href":"https:\/\/diariodelsurdigital.com.ar\/index.php?rest_route=%2Fwp%2Fv2%2Fcomments&post=4829"}],"version-history":[{"count":1,"href":"https:\/\/diariodelsurdigital.com.ar\/index.php?rest_route=\/wp\/v2\/posts\/4829\/revisions"}],"predecessor-version":[{"id":4831,"href":"https:\/\/diariodelsurdigital.com.ar\/index.php?rest_route=\/wp\/v2\/posts\/4829\/revisions\/4831"}],"wp:featuredmedia":[{"embeddable":true,"href":"https:\/\/diariodelsurdigital.com.ar\/index.php?rest_route=\/wp\/v2\/media\/4830"}],"wp:attachment":[{"href":"https:\/\/diariodelsurdigital.com.ar\/index.php?rest_route=%2Fwp%2Fv2%2Fmedia&parent=4829"}],"wp:term":[{"taxonomy":"category","embeddable":true,"href":"https:\/\/diariodelsurdigital.com.ar\/index.php?rest_route=%2Fwp%2Fv2%2Fcategories&post=4829"},{"taxonomy":"post_tag","embeddable":true,"href":"https:\/\/diariodelsurdigital.com.ar\/index.php?rest_route=%2Fwp%2Fv2%2Ftags&post=4829"}],"curies":[{"name":"wp","href":"https:\/\/api.w.org\/{rel}","templated":true}]}}