{"id":4836,"date":"2025-09-26T10:09:18","date_gmt":"2025-09-26T13:09:18","guid":{"rendered":"https:\/\/diariodelsurdigital.com.ar\/?p=4836"},"modified":"2025-09-26T10:09:19","modified_gmt":"2025-09-26T13:09:19","slug":"adultos-podran-constituirse-como-referentes-de-cuidado-de-ninos-ninas-y-adolescentes","status":"publish","type":"post","link":"https:\/\/diariodelsurdigital.com.ar\/?p=4836","title":{"rendered":"Adultos podr\u00e1n constituirse como referentes de cuidado de ni\u00f1os, ni\u00f1as y adolescentes"},"content":{"rendered":"\n<p>El defensor general, Maximiliano Ben\u00edtez, present\u00f3 una iniciativa destinada al acompa\u00f1amiento de personas menores de edad que no poseen cuidados parentales, el cual se implementar\u00e1 en articulaci\u00f3n con Copnaf. Se abrir\u00e1 un registro de postulantes para convertirse en adultos referentes.<\/p>\n\n\n\n<p><\/p>\n\n\n\n<p>El Ministerio P\u00fablico de la Defensa (MPD) present\u00f3 este jueves el Dispositivo de Referentes de Cuidado y Acompa\u00f1amiento de Ni\u00f1os, Ni\u00f1as y Adolescentes sin Cuidados Parentales, destinado a brindar apoyo a personas menores de edad que se encuentran en residencias socioeducativas y permanecer\u00e1n all\u00ed, en principio, hasta alcanzar la mayor\u00eda de edad. Para lograr este prop\u00f3sito, se convocar\u00e1 a adultos y adultas de Entre R\u00edos que est\u00e9n dispuestos a comprometerse con esta tarea.<\/p>\n\n\n\n<p>\u00abDespu\u00e9s de muchos meses de trabajo en equipo, tenemos la posibilidad de presentar este nuevo dispositivo, que es una idea novedosa en todo el pa\u00eds para acompa\u00f1ar quienes se encuentran institucionalizados, sin cuidados parentales, que generalmente son adolescentes. Lo que buscamos es ofrecerles un apoyo para que fortalezcan su autonom\u00eda\u00bb, sostuvo el defensor general de la Provincia, Maximiliano Ben\u00edtez, quien encabez\u00f3 el acto junto a la presidenta del Consejo Provincial del Ni\u00f1o, el Adolescente y la Familia (Copnaf), Clarisa Sack.<\/p>\n\n\n\n<p>Adem\u00e1s, Ben\u00edtez destac\u00f3 la tarea desarrollada por la secretaria del Registro \u00danico de Aspirantes a Guarda con Fines de Adopci\u00f3n (Ruaer), Mar\u00eda Spais, quien estar\u00e1 a cargo de la coordinaci\u00f3n del nuevo dispositivo, y por la secretaria de la Defensor\u00eda General, Lorena Cal\u00ed.<\/p>\n\n\n\n<p>El dispositivo se llevar\u00e1 adelante en articulaci\u00f3n con el Copnaf. En ese sentido, Clarisa Sack resalt\u00f3: \u00abEsta herramienta va a repercutir en la vida cotidiana de las residencias al poder tener referentes que acompa\u00f1en a los adolescentes. Sabemos que hay muchos que hoy ya est\u00e1n dispuestos a poder acompa\u00f1ar, por lo que darle este marco legal es algo muy valioso\u00bb.<\/p>\n\n\n\n<p>En tanto, Spais precis\u00f3 que la b\u00fasqueda estar\u00e1 orientada a personas adultas que vivan en Entre R\u00edos, que est\u00e9n dispuestas a brindar acompa\u00f1amiento en actividades deportivas o tratamientos m\u00e9dicos, entre otras, y que \u00abcumplan algunos requisitos, como transitar una capacitaci\u00f3n y una instancia evaluativa\u00bb. Durante las pr\u00f3ximas semanas, el MPD abrir\u00e1 las inscripciones al registro de postulantes a convertirse en referentes, lo cual se realizar\u00e1 a trav\u00e9s del sitio web del organismo: mpd.jusentrerios.gov.ar.<\/p>\n\n\n\n<p>Caracter\u00edsticas<\/p>\n\n\n\n<p>Este dispositivo surgi\u00f3 como una alternativa viable para quienes no es posible la adopci\u00f3n, ya sea por la insuficiencia de ofrecimientos ante las convocatorias del Ruaer \u2013especialmente para adolescentes\u2013 o en ocasiones por su decisi\u00f3n de no ser adoptados\/as, y su situaci\u00f3n jur\u00eddica se haya enmarcado como Fortalecimiento del Proyecto Aut\u00f3nomo de Vida.<\/p>\n\n\n\n<p>Seg\u00fan detallaron, el Dispositivo de Referentes de Cuidado y Acompa\u00f1amiento funciona como una estrategia para ofrecer soluciones a la necesidad de acompa\u00f1amiento para el desarrollo evolutivo saludable de infancias y adolescencias.<\/p>\n\n\n\n<p>En cuanto a las competencias que deber\u00e1n reunir los o las referentes, las autoridades enfatizaron que se trata de una figura diferente de los programas de acogimiento familiar y de la instituci\u00f3n de adopci\u00f3n. Adem\u00e1s, precisaron que su rol principal es cuidar y acompa\u00f1ar las necesidades integrales que devienen de la singularidad de los ni\u00f1os, ni\u00f1as y adolescentes sin cuidados parentales, lo que con el transcurrir del tiempo posibilitar\u00e1 el fortalecimiento de un v\u00ednculo de confianza y afecto. Esto implica brindar contenci\u00f3n, apoyo emocional, habilitar la escucha y la palabra y compartir actividades de la vida cotidiana.<\/p>\n\n\n\n<p>Al mismo tiempo, quien se incorpore al dispositivo deber\u00e1 constituirse como referente adulto del ni\u00f1o, ni\u00f1a o adolescente, lo cual implica acompa\u00f1arlo en su proceso de crecimiento y desarrollo, brindarle herramientas y apoyo que contribuyan en la construcci\u00f3n y fortalecimiento de habilidades sociales, comunicacionales, personales, educativas y laborales, como as\u00ed tambi\u00e9n orientarlo favorablemente en los proyectos personales de su vida presente y futura.<\/p>\n","protected":false},"excerpt":{"rendered":"<p>El defensor general, Maximiliano Ben\u00edtez, present\u00f3 una iniciativa destinada al acompa\u00f1amiento de personas menores de edad que no poseen cuidados parentales, el cual se implementar\u00e1 en articulaci\u00f3n con Copnaf. Se abrir\u00e1 un registro de postulantes para convertirse en adultos referentes. El Ministerio P\u00fablico de la Defensa (MPD) present\u00f3 este jueves el Dispositivo de Referentes de [&hellip;]<\/p>\n","protected":false},"author":4,"featured_media":4837,"comment_status":"open","ping_status":"open","sticky":false,"template":"","format":"standard","meta":{"footnotes":""},"categories":[17],"tags":[],"class_list":{"0":"post-4836","1":"post","2":"type-post","3":"status-publish","4":"format-standard","5":"has-post-thumbnail","7":"category-provinciales"},"yoast_head":"<!-- This site is optimized with the Yoast SEO plugin v27.4 - https:\/\/yoast.com\/product\/yoast-seo-wordpress\/ -->\n<title>Adultos podr\u00e1n constituirse como referentes de cuidado de ni\u00f1os, ni\u00f1as y adolescentes - Diario del Sur<\/title>\n<meta name=\"robots\" content=\"index, follow, max-snippet:-1, max-image-preview:large, max-video-preview:-1\" \/>\n<link rel=\"canonical\" href=\"https:\/\/diariodelsurdigital.com.ar\/?p=4836\" \/>\n<meta property=\"og:locale\" content=\"es_ES\" \/>\n<meta property=\"og:type\" content=\"article\" \/>\n<meta property=\"og:title\" content=\"Adultos podr\u00e1n constituirse como referentes de cuidado de ni\u00f1os, ni\u00f1as y adolescentes - Diario del Sur\" \/>\n<meta property=\"og:description\" content=\"El defensor general, Maximiliano Ben\u00edtez, present\u00f3 una iniciativa destinada al acompa\u00f1amiento de personas menores de edad que no poseen cuidados parentales, el cual se implementar\u00e1 en articulaci\u00f3n con Copnaf. Se abrir\u00e1 un registro de postulantes para convertirse en adultos referentes. El Ministerio P\u00fablico de la Defensa (MPD) present\u00f3 este jueves el Dispositivo de Referentes de [&hellip;]\" \/>\n<meta property=\"og:url\" content=\"https:\/\/diariodelsurdigital.com.ar\/?p=4836\" \/>\n<meta property=\"og:site_name\" content=\"Diario del Sur\" \/>\n<meta property=\"article:published_time\" content=\"2025-09-26T13:09:18+00:00\" \/>\n<meta property=\"article:modified_time\" content=\"2025-09-26T13:09:19+00:00\" \/>\n<meta property=\"og:image\" content=\"https:\/\/diariodelsurdigital.com.ar\/wp-content\/uploads\/2025\/09\/md-12-2.webp\" \/>\n\t<meta property=\"og:image:width\" content=\"992\" \/>\n\t<meta property=\"og:image:height\" content=\"660\" \/>\n\t<meta property=\"og:image:type\" content=\"image\/webp\" \/>\n<meta name=\"author\" content=\"Diario del Sur Digital\" \/>\n<meta name=\"twitter:card\" content=\"summary_large_image\" \/>\n<meta name=\"twitter:label1\" content=\"Escrito por\" \/>\n\t<meta name=\"twitter:data1\" content=\"Diario del Sur Digital\" \/>\n\t<meta name=\"twitter:label2\" content=\"Tiempo de lectura\" \/>\n\t<meta name=\"twitter:data2\" content=\"4 minutos\" \/>\n<script type=\"application\/ld+json\" class=\"yoast-schema-graph\">{\"@context\":\"https:\\\/\\\/schema.org\",\"@graph\":[{\"@type\":\"Article\",\"@id\":\"https:\\\/\\\/diariodelsurdigital.com.ar\\\/?p=4836#article\",\"isPartOf\":{\"@id\":\"https:\\\/\\\/diariodelsurdigital.com.ar\\\/?p=4836\"},\"author\":{\"name\":\"Diario del Sur Digital\",\"@id\":\"https:\\\/\\\/diariodelsurdigital.com.ar\\\/#\\\/schema\\\/person\\\/1a4992532ed62965c968031b49195c81\"},\"headline\":\"Adultos podr\u00e1n constituirse como referentes de cuidado de ni\u00f1os, ni\u00f1as y adolescentes\",\"datePublished\":\"2025-09-26T13:09:18+00:00\",\"dateModified\":\"2025-09-26T13:09:19+00:00\",\"mainEntityOfPage\":{\"@id\":\"https:\\\/\\\/diariodelsurdigital.com.ar\\\/?p=4836\"},\"wordCount\":692,\"commentCount\":0,\"image\":{\"@id\":\"https:\\\/\\\/diariodelsurdigital.com.ar\\\/?p=4836#primaryimage\"},\"thumbnailUrl\":\"https:\\\/\\\/diariodelsurdigital.com.ar\\\/wp-content\\\/uploads\\\/2025\\\/09\\\/md-12-2.webp\",\"articleSection\":[\"Provinciales\"],\"inLanguage\":\"es\",\"potentialAction\":[{\"@type\":\"CommentAction\",\"name\":\"Comment\",\"target\":[\"https:\\\/\\\/diariodelsurdigital.com.ar\\\/?p=4836#respond\"]}]},{\"@type\":\"WebPage\",\"@id\":\"https:\\\/\\\/diariodelsurdigital.com.ar\\\/?p=4836\",\"url\":\"https:\\\/\\\/diariodelsurdigital.com.ar\\\/?p=4836\",\"name\":\"Adultos podr\u00e1n constituirse como referentes de cuidado de ni\u00f1os, ni\u00f1as y adolescentes - Diario del Sur\",\"isPartOf\":{\"@id\":\"https:\\\/\\\/diariodelsurdigital.com.ar\\\/#website\"},\"primaryImageOfPage\":{\"@id\":\"https:\\\/\\\/diariodelsurdigital.com.ar\\\/?p=4836#primaryimage\"},\"image\":{\"@id\":\"https:\\\/\\\/diariodelsurdigital.com.ar\\\/?p=4836#primaryimage\"},\"thumbnailUrl\":\"https:\\\/\\\/diariodelsurdigital.com.ar\\\/wp-content\\\/uploads\\\/2025\\\/09\\\/md-12-2.webp\",\"datePublished\":\"2025-09-26T13:09:18+00:00\",\"dateModified\":\"2025-09-26T13:09:19+00:00\",\"author\":{\"@id\":\"https:\\\/\\\/diariodelsurdigital.com.ar\\\/#\\\/schema\\\/person\\\/1a4992532ed62965c968031b49195c81\"},\"breadcrumb\":{\"@id\":\"https:\\\/\\\/diariodelsurdigital.com.ar\\\/?p=4836#breadcrumb\"},\"inLanguage\":\"es\",\"potentialAction\":[{\"@type\":\"ReadAction\",\"target\":[\"https:\\\/\\\/diariodelsurdigital.com.ar\\\/?p=4836\"]}]},{\"@type\":\"ImageObject\",\"inLanguage\":\"es\",\"@id\":\"https:\\\/\\\/diariodelsurdigital.com.ar\\\/?p=4836#primaryimage\",\"url\":\"https:\\\/\\\/diariodelsurdigital.com.ar\\\/wp-content\\\/uploads\\\/2025\\\/09\\\/md-12-2.webp\",\"contentUrl\":\"https:\\\/\\\/diariodelsurdigital.com.ar\\\/wp-content\\\/uploads\\\/2025\\\/09\\\/md-12-2.webp\",\"width\":992,\"height\":660},{\"@type\":\"BreadcrumbList\",\"@id\":\"https:\\\/\\\/diariodelsurdigital.com.ar\\\/?p=4836#breadcrumb\",\"itemListElement\":[{\"@type\":\"ListItem\",\"position\":1,\"name\":\"Portada\",\"item\":\"https:\\\/\\\/diariodelsurdigital.com.ar\\\/\"},{\"@type\":\"ListItem\",\"position\":2,\"name\":\"Adultos podr\u00e1n constituirse como referentes de cuidado de ni\u00f1os, ni\u00f1as y adolescentes\"}]},{\"@type\":\"WebSite\",\"@id\":\"https:\\\/\\\/diariodelsurdigital.com.ar\\\/#website\",\"url\":\"https:\\\/\\\/diariodelsurdigital.com.ar\\\/\",\"name\":\"Diario del Sur\",\"description\":\"Digital\",\"potentialAction\":[{\"@type\":\"SearchAction\",\"target\":{\"@type\":\"EntryPoint\",\"urlTemplate\":\"https:\\\/\\\/diariodelsurdigital.com.ar\\\/?s={search_term_string}\"},\"query-input\":{\"@type\":\"PropertyValueSpecification\",\"valueRequired\":true,\"valueName\":\"search_term_string\"}}],\"inLanguage\":\"es\"},{\"@type\":\"Person\",\"@id\":\"https:\\\/\\\/diariodelsurdigital.com.ar\\\/#\\\/schema\\\/person\\\/1a4992532ed62965c968031b49195c81\",\"name\":\"Diario del Sur Digital\",\"image\":{\"@type\":\"ImageObject\",\"inLanguage\":\"es\",\"@id\":\"https:\\\/\\\/secure.gravatar.com\\\/avatar\\\/f0c7c47fc7146d19828273b9b8eda651c9c7ab583767e6338d3d3bee825adf76?s=96&d=mm&r=g\",\"url\":\"https:\\\/\\\/secure.gravatar.com\\\/avatar\\\/f0c7c47fc7146d19828273b9b8eda651c9c7ab583767e6338d3d3bee825adf76?s=96&d=mm&r=g\",\"contentUrl\":\"https:\\\/\\\/secure.gravatar.com\\\/avatar\\\/f0c7c47fc7146d19828273b9b8eda651c9c7ab583767e6338d3d3bee825adf76?s=96&d=mm&r=g\",\"caption\":\"Diario del Sur Digital\"},\"url\":\"https:\\\/\\\/diariodelsurdigital.com.ar\\\/?author=4\"}]}<\/script>\n<!-- \/ Yoast SEO plugin. -->","yoast_head_json":{"title":"Adultos podr\u00e1n constituirse como referentes de cuidado de ni\u00f1os, ni\u00f1as y adolescentes - Diario del Sur","robots":{"index":"index","follow":"follow","max-snippet":"max-snippet:-1","max-image-preview":"max-image-preview:large","max-video-preview":"max-video-preview:-1"},"canonical":"https:\/\/diariodelsurdigital.com.ar\/?p=4836","og_locale":"es_ES","og_type":"article","og_title":"Adultos podr\u00e1n constituirse como referentes de cuidado de ni\u00f1os, ni\u00f1as y adolescentes - Diario del Sur","og_description":"El defensor general, Maximiliano Ben\u00edtez, present\u00f3 una iniciativa destinada al acompa\u00f1amiento de personas menores de edad que no poseen cuidados parentales, el cual se implementar\u00e1 en articulaci\u00f3n con Copnaf. Se abrir\u00e1 un registro de postulantes para convertirse en adultos referentes. El Ministerio P\u00fablico de la Defensa (MPD) present\u00f3 este jueves el Dispositivo de Referentes de [&hellip;]","og_url":"https:\/\/diariodelsurdigital.com.ar\/?p=4836","og_site_name":"Diario del Sur","article_published_time":"2025-09-26T13:09:18+00:00","article_modified_time":"2025-09-26T13:09:19+00:00","og_image":[{"width":992,"height":660,"url":"https:\/\/diariodelsurdigital.com.ar\/wp-content\/uploads\/2025\/09\/md-12-2.webp","type":"image\/webp"}],"author":"Diario del Sur Digital","twitter_card":"summary_large_image","twitter_misc":{"Escrito por":"Diario del Sur Digital","Tiempo de lectura":"4 minutos"},"schema":{"@context":"https:\/\/schema.org","@graph":[{"@type":"Article","@id":"https:\/\/diariodelsurdigital.com.ar\/?p=4836#article","isPartOf":{"@id":"https:\/\/diariodelsurdigital.com.ar\/?p=4836"},"author":{"name":"Diario del Sur Digital","@id":"https:\/\/diariodelsurdigital.com.ar\/#\/schema\/person\/1a4992532ed62965c968031b49195c81"},"headline":"Adultos podr\u00e1n constituirse como referentes de cuidado de ni\u00f1os, ni\u00f1as y adolescentes","datePublished":"2025-09-26T13:09:18+00:00","dateModified":"2025-09-26T13:09:19+00:00","mainEntityOfPage":{"@id":"https:\/\/diariodelsurdigital.com.ar\/?p=4836"},"wordCount":692,"commentCount":0,"image":{"@id":"https:\/\/diariodelsurdigital.com.ar\/?p=4836#primaryimage"},"thumbnailUrl":"https:\/\/diariodelsurdigital.com.ar\/wp-content\/uploads\/2025\/09\/md-12-2.webp","articleSection":["Provinciales"],"inLanguage":"es","potentialAction":[{"@type":"CommentAction","name":"Comment","target":["https:\/\/diariodelsurdigital.com.ar\/?p=4836#respond"]}]},{"@type":"WebPage","@id":"https:\/\/diariodelsurdigital.com.ar\/?p=4836","url":"https:\/\/diariodelsurdigital.com.ar\/?p=4836","name":"Adultos podr\u00e1n constituirse como referentes de cuidado de ni\u00f1os, ni\u00f1as y adolescentes - Diario del Sur","isPartOf":{"@id":"https:\/\/diariodelsurdigital.com.ar\/#website"},"primaryImageOfPage":{"@id":"https:\/\/diariodelsurdigital.com.ar\/?p=4836#primaryimage"},"image":{"@id":"https:\/\/diariodelsurdigital.com.ar\/?p=4836#primaryimage"},"thumbnailUrl":"https:\/\/diariodelsurdigital.com.ar\/wp-content\/uploads\/2025\/09\/md-12-2.webp","datePublished":"2025-09-26T13:09:18+00:00","dateModified":"2025-09-26T13:09:19+00:00","author":{"@id":"https:\/\/diariodelsurdigital.com.ar\/#\/schema\/person\/1a4992532ed62965c968031b49195c81"},"breadcrumb":{"@id":"https:\/\/diariodelsurdigital.com.ar\/?p=4836#breadcrumb"},"inLanguage":"es","potentialAction":[{"@type":"ReadAction","target":["https:\/\/diariodelsurdigital.com.ar\/?p=4836"]}]},{"@type":"ImageObject","inLanguage":"es","@id":"https:\/\/diariodelsurdigital.com.ar\/?p=4836#primaryimage","url":"https:\/\/diariodelsurdigital.com.ar\/wp-content\/uploads\/2025\/09\/md-12-2.webp","contentUrl":"https:\/\/diariodelsurdigital.com.ar\/wp-content\/uploads\/2025\/09\/md-12-2.webp","width":992,"height":660},{"@type":"BreadcrumbList","@id":"https:\/\/diariodelsurdigital.com.ar\/?p=4836#breadcrumb","itemListElement":[{"@type":"ListItem","position":1,"name":"Portada","item":"https:\/\/diariodelsurdigital.com.ar\/"},{"@type":"ListItem","position":2,"name":"Adultos podr\u00e1n constituirse como referentes de cuidado de ni\u00f1os, ni\u00f1as y adolescentes"}]},{"@type":"WebSite","@id":"https:\/\/diariodelsurdigital.com.ar\/#website","url":"https:\/\/diariodelsurdigital.com.ar\/","name":"Diario del Sur","description":"Digital","potentialAction":[{"@type":"SearchAction","target":{"@type":"EntryPoint","urlTemplate":"https:\/\/diariodelsurdigital.com.ar\/?s={search_term_string}"},"query-input":{"@type":"PropertyValueSpecification","valueRequired":true,"valueName":"search_term_string"}}],"inLanguage":"es"},{"@type":"Person","@id":"https:\/\/diariodelsurdigital.com.ar\/#\/schema\/person\/1a4992532ed62965c968031b49195c81","name":"Diario del Sur Digital","image":{"@type":"ImageObject","inLanguage":"es","@id":"https:\/\/secure.gravatar.com\/avatar\/f0c7c47fc7146d19828273b9b8eda651c9c7ab583767e6338d3d3bee825adf76?s=96&d=mm&r=g","url":"https:\/\/secure.gravatar.com\/avatar\/f0c7c47fc7146d19828273b9b8eda651c9c7ab583767e6338d3d3bee825adf76?s=96&d=mm&r=g","contentUrl":"https:\/\/secure.gravatar.com\/avatar\/f0c7c47fc7146d19828273b9b8eda651c9c7ab583767e6338d3d3bee825adf76?s=96&d=mm&r=g","caption":"Diario del Sur Digital"},"url":"https:\/\/diariodelsurdigital.com.ar\/?author=4"}]}},"_links":{"self":[{"href":"https:\/\/diariodelsurdigital.com.ar\/index.php?rest_route=\/wp\/v2\/posts\/4836","targetHints":{"allow":["GET"]}}],"collection":[{"href":"https:\/\/diariodelsurdigital.com.ar\/index.php?rest_route=\/wp\/v2\/posts"}],"about":[{"href":"https:\/\/diariodelsurdigital.com.ar\/index.php?rest_route=\/wp\/v2\/types\/post"}],"author":[{"embeddable":true,"href":"https:\/\/diariodelsurdigital.com.ar\/index.php?rest_route=\/wp\/v2\/users\/4"}],"replies":[{"embeddable":true,"href":"https:\/\/diariodelsurdigital.com.ar\/index.php?rest_route=%2Fwp%2Fv2%2Fcomments&post=4836"}],"version-history":[{"count":1,"href":"https:\/\/diariodelsurdigital.com.ar\/index.php?rest_route=\/wp\/v2\/posts\/4836\/revisions"}],"predecessor-version":[{"id":4838,"href":"https:\/\/diariodelsurdigital.com.ar\/index.php?rest_route=\/wp\/v2\/posts\/4836\/revisions\/4838"}],"wp:featuredmedia":[{"embeddable":true,"href":"https:\/\/diariodelsurdigital.com.ar\/index.php?rest_route=\/wp\/v2\/media\/4837"}],"wp:attachment":[{"href":"https:\/\/diariodelsurdigital.com.ar\/index.php?rest_route=%2Fwp%2Fv2%2Fmedia&parent=4836"}],"wp:term":[{"taxonomy":"category","embeddable":true,"href":"https:\/\/diariodelsurdigital.com.ar\/index.php?rest_route=%2Fwp%2Fv2%2Fcategories&post=4836"},{"taxonomy":"post_tag","embeddable":true,"href":"https:\/\/diariodelsurdigital.com.ar\/index.php?rest_route=%2Fwp%2Fv2%2Ftags&post=4836"}],"curies":[{"name":"wp","href":"https:\/\/api.w.org\/{rel}","templated":true}]}}