{"id":4839,"date":"2025-09-26T10:12:31","date_gmt":"2025-09-26T13:12:31","guid":{"rendered":"https:\/\/diariodelsurdigital.com.ar\/?p=4839"},"modified":"2025-09-26T10:12:32","modified_gmt":"2025-09-26T13:12:32","slug":"pobreza-especialistas-cuestionan-los-datos-oficiales-del-indec","status":"publish","type":"post","link":"https:\/\/diariodelsurdigital.com.ar\/?p=4839","title":{"rendered":"Pobreza: Especialistas cuestionan los datos oficiales del Indec"},"content":{"rendered":"\n<p>\u201cSin desconocer que se evidencian mejoras, corresponde advertir que los datos oficiales sobrerrepresentan la magnitud del alivio social\u201d, se advirti\u00f3 desde la UCA. Cepa, por su parte, se\u00f1ala la falta de actualizaci\u00f3n de datos, subestim\u00e1ndose el gasto destinado a los servicios, que son los rubros con incrementos muy superiores a los alimentos.<\/p>\n\n\n\n<p><\/p>\n\n\n\n<p>En el primer semestre del a\u00f1o, el porcentaje de hogares por debajo de la l\u00ednea de pobreza alcanz\u00f3 el 24,1 por ciento. En ellos reside el 31,6 por ciento de las personas.<\/p>\n\n\n\n<p>En el primer semestre del a\u00f1o, el porcentaje de hogares por debajo de la l\u00ednea de pobreza alcanz\u00f3 el 24,1 por ciento; y en ellos reside el 31,6 por ciento de las personas. Es decir, una de cada tres personas es pobre en Argentina, seg\u00fan datos de Indec. A su vez, dentro de ese conjunto, el 5,6 por ciento de los hogares est\u00e1n por debajo de la l\u00ednea de indigencia \u2014es decir sus ingresos apenas cubren una canasta b\u00e1sica alimenticia\u2014, e incluyen al 6,9 por ciento de las personas. Son valores similares a los de fines de 2018.<\/p>\n\n\n\n<p>Las estad\u00edsticas muestran que la pobreza e indigencia bajaron en relaci\u00f3n con el primer semestre de 2024, pero esta comparaci\u00f3n debe tomarse con pinzas porque entonces impact\u00f3 de lleno sobre los precios internos la devaluaci\u00f3n con la que Javier Milei inaugur\u00f3 su mandato. Contra igual per\u00edodo de 2024, la pobreza baj\u00f3 21,3 puntos porcentuales (p.p.) mientras que respecto del segundo semestre de 2024 disminuy\u00f3 6,5 p.p. (hab\u00eda alcanzado 52,9 y 38,1 por ciento respectivamente). En cuanto a la indigencia, se redujo 11,2 p.p respecto al primer semestre de 2024 (18,1 por ciento) y 1,3 p.p. respecto al segundo semestre de 2024 (8,2 por ciento).<\/p>\n\n\n\n<p>Los datos de Indec extrapolados para el total de la poblaci\u00f3n indican que en el primer semestre de 2025 unas 15 millones de personas fueron pobres en Argentina, mientras que atravesaron pobreza extrema o indigencia un total de 3,3 millones de habitantes.<\/p>\n\n\n\n<p>La medici\u00f3n<\/p>\n\n\n\n<p>\u201cEl descenso en los indicadores oficiales est\u00e1 atravesado por factores metodol\u00f3gicos: la Encuesta Permanente de los Hogares (EPH) mostr\u00f3 fuertes mejoras de ingresos no verificadas en otras fuentes, mientras que las canastas usadas para medir pobreza siguen desactualizadas\u201d, aclara Agustina Haimovich del Instituto de Pensamiento y Pol\u00edticas P\u00fablicas (Ipypp).<\/p>\n\n\n\n<p>Para la especialista, la magnitud de la mejora en los ingresos laborales relevados por la EPH es llamativa si se tiene en cuenta que en el per\u00edodo analizado las condiciones laborales empeoraron debido a la ca\u00edda del empleo asalariado formal en contraposici\u00f3n a un incremento de la informalidad y las ocupaciones precarias.<\/p>\n\n\n\n<p>Por otro lado, respecto de las canastas utilizadas tambi\u00e9n el Centro de Econom\u00eda Pol\u00edtica Argentina (Cepa) advierte sobre la falta de actualizaci\u00f3n de la Encuesta Nacional de Gastos de los Hogares (ENGHo), pues se usa la ENGHo 2004\/05 cuando Indec tiene disponible la realizada en 2017\/18 que es m\u00e1s representativa del consumo actual. B\u00e1sicamente, la ENGHo vieja subestima el gasto destinado a los servicios, que son los rubros con incrementos muy superiores a los alimentos. Como consecuencia, una mayor cantidad de hogares aparece por encima de la l\u00ednea de pobreza.<\/p>\n\n\n\n<p>En esa l\u00ednea, desde el Observatorio de la Deuda Social Argentina de la UCA indicaron que \u201csin desconocer que se evidencian mejoras, corresponde advertir que los datos oficiales sobrerrepresentan la magnitud del alivio social. Para corregir parte de este sesgo en la evoluci\u00f3n de los indicadores de pobreza, el Indec deber\u00eda acelerar la actualizaci\u00f3n de las canastas de referencia y transparentar su efecto sobre las series hist\u00f3ricas\u201d, public\u00f3 P\u00e1gina 12.<\/p>\n\n\n\n<p>Desconf\u00edo<\/p>\n\n\n\n<p>\u201cDa la sensaci\u00f3n de que no se est\u00e1 midiendo bien la pobreza. Desconfiamos de esos n\u00fameros, como tambi\u00e9n del dato de inflaci\u00f3n\u201d, reflexiona Rafael Klejzer, dirigente del Movimiento Popular La Dignidad. \u201cNosotros vemos de primera mano que en el Norte Grande de nuestro pa\u00eds la situaci\u00f3n es muy complicada, con bolsones de pobreza muy grandes en Chaco y Misiones\u201d, agrega.<\/p>\n\n\n\n<p>En sinton\u00eda, los datos de Indec revelan que las mayores incidencias de la pobreza en personas se observaron en las regiones Noreste (NEA), con un 39 por ciento y Cuyo con 33,8 por ciento. Las menores, por su parte, se registraron en las regiones de la Patagonia con 27 por ciento y Pampeana con 30,5 por ciento. Mientras que en el medio quedaron la zona del Gran Buenos Aires con 31,5 por ciento de personas pobres y el Noroeste (NOA) con 31,2 por ciento.<\/p>\n\n\n\n<p>\u201cSi baja la pobreza, deber\u00eda bajar la gente que va a los comedores, pero eso no ocurre\u201d, insiste Klejzer. Seg\u00fan el referente, el listado de espera para los comedores en CABA se multiplic\u00f3 por dos y en la provincia de Buenos Aires se triplic\u00f3 (son listas de espera porque no hay m\u00e1s alimentos para dar). En di\u00e1logo con P\u00e1gina\/12, especific\u00f3 que \u201chay una situaci\u00f3n compleja en la calle porque al universo de lo que se llama \u2018pobreza estructural\u2019 se sumaron los jubilados y jubiladas, que son una poblaci\u00f3n muy importante en los comedores. En CABA esto se ve en barrios que no son los tradicionales, como Villa Crespo, Paternal, Boedo y Mataderos\u201d.<\/p>\n\n\n\n<p>Por su parte, trabajadores de ATE-Indec lanzaron un video en redes advirtiendo que \u00abla relativa y precaria mejora en el indicador de pobreza no tiene un correlato en una mejora general de los indicadores del mercado de trabajo, ni en un crecimiento de la econom\u00eda\u00bb.<\/p>\n\n\n\n<p>Otro dato que arroja el Indec es el valor (subestimado por lo dicho arriba) de la canasta b\u00e1sica total de alimentos y otros bienes y servicios b\u00e1sicos para un hogar promedio: esto es el l\u00edmite de ingresos debajo del cual una familia es considerada pobre, y que fue de 1.065.691 pesos en el primer semestre del a\u00f1o. Mientras que la canasta b\u00e1sica alimentaria, que define la indigencia, lleg\u00f3 a 452.742 pesos en igual per\u00edodo.<\/p>\n","protected":false},"excerpt":{"rendered":"<p>\u201cSin desconocer que se evidencian mejoras, corresponde advertir que los datos oficiales sobrerrepresentan la magnitud del alivio social\u201d, se advirti\u00f3 desde la UCA. Cepa, por su parte, se\u00f1ala la falta de actualizaci\u00f3n de datos, subestim\u00e1ndose el gasto destinado a los servicios, que son los rubros con incrementos muy superiores a los alimentos. En el primer [&hellip;]<\/p>\n","protected":false},"author":4,"featured_media":4840,"comment_status":"open","ping_status":"open","sticky":false,"template":"","format":"standard","meta":{"footnotes":""},"categories":[19,18],"tags":[],"class_list":{"0":"post-4839","1":"post","2":"type-post","3":"status-publish","4":"format-standard","5":"has-post-thumbnail","7":"category-interes-general","8":"category-nacionales"},"yoast_head":"<!-- This site is optimized with the Yoast SEO plugin v27.4 - https:\/\/yoast.com\/product\/yoast-seo-wordpress\/ -->\n<title>Pobreza: Especialistas cuestionan los datos oficiales del Indec - Diario del Sur<\/title>\n<meta name=\"robots\" content=\"index, follow, max-snippet:-1, max-image-preview:large, max-video-preview:-1\" \/>\n<link rel=\"canonical\" href=\"https:\/\/diariodelsurdigital.com.ar\/?p=4839\" \/>\n<meta property=\"og:locale\" content=\"es_ES\" \/>\n<meta property=\"og:type\" content=\"article\" \/>\n<meta property=\"og:title\" content=\"Pobreza: Especialistas cuestionan los datos oficiales del Indec - Diario del Sur\" \/>\n<meta property=\"og:description\" content=\"\u201cSin desconocer que se evidencian mejoras, corresponde advertir que los datos oficiales sobrerrepresentan la magnitud del alivio social\u201d, se advirti\u00f3 desde la UCA. Cepa, por su parte, se\u00f1ala la falta de actualizaci\u00f3n de datos, subestim\u00e1ndose el gasto destinado a los servicios, que son los rubros con incrementos muy superiores a los alimentos. En el primer [&hellip;]\" \/>\n<meta property=\"og:url\" content=\"https:\/\/diariodelsurdigital.com.ar\/?p=4839\" \/>\n<meta property=\"og:site_name\" content=\"Diario del Sur\" \/>\n<meta property=\"article:published_time\" content=\"2025-09-26T13:12:31+00:00\" \/>\n<meta property=\"article:modified_time\" content=\"2025-09-26T13:12:32+00:00\" \/>\n<meta property=\"og:image\" content=\"https:\/\/diariodelsurdigital.com.ar\/wp-content\/uploads\/2025\/09\/md-13-1.webp\" \/>\n\t<meta property=\"og:image:width\" content=\"992\" \/>\n\t<meta property=\"og:image:height\" content=\"744\" \/>\n\t<meta property=\"og:image:type\" content=\"image\/webp\" \/>\n<meta name=\"author\" content=\"Diario del Sur Digital\" \/>\n<meta name=\"twitter:card\" content=\"summary_large_image\" \/>\n<meta name=\"twitter:label1\" content=\"Escrito por\" \/>\n\t<meta name=\"twitter:data1\" content=\"Diario del Sur Digital\" \/>\n\t<meta name=\"twitter:label2\" content=\"Tiempo de lectura\" \/>\n\t<meta name=\"twitter:data2\" content=\"5 minutos\" \/>\n<script type=\"application\/ld+json\" class=\"yoast-schema-graph\">{\"@context\":\"https:\\\/\\\/schema.org\",\"@graph\":[{\"@type\":\"Article\",\"@id\":\"https:\\\/\\\/diariodelsurdigital.com.ar\\\/?p=4839#article\",\"isPartOf\":{\"@id\":\"https:\\\/\\\/diariodelsurdigital.com.ar\\\/?p=4839\"},\"author\":{\"name\":\"Diario del Sur Digital\",\"@id\":\"https:\\\/\\\/diariodelsurdigital.com.ar\\\/#\\\/schema\\\/person\\\/1a4992532ed62965c968031b49195c81\"},\"headline\":\"Pobreza: Especialistas cuestionan los datos oficiales del Indec\",\"datePublished\":\"2025-09-26T13:12:31+00:00\",\"dateModified\":\"2025-09-26T13:12:32+00:00\",\"mainEntityOfPage\":{\"@id\":\"https:\\\/\\\/diariodelsurdigital.com.ar\\\/?p=4839\"},\"wordCount\":1005,\"commentCount\":0,\"image\":{\"@id\":\"https:\\\/\\\/diariodelsurdigital.com.ar\\\/?p=4839#primaryimage\"},\"thumbnailUrl\":\"https:\\\/\\\/diariodelsurdigital.com.ar\\\/wp-content\\\/uploads\\\/2025\\\/09\\\/md-13-1.webp\",\"articleSection\":[\"Inter\u00e9s General\",\"Nacionales\"],\"inLanguage\":\"es\",\"potentialAction\":[{\"@type\":\"CommentAction\",\"name\":\"Comment\",\"target\":[\"https:\\\/\\\/diariodelsurdigital.com.ar\\\/?p=4839#respond\"]}]},{\"@type\":\"WebPage\",\"@id\":\"https:\\\/\\\/diariodelsurdigital.com.ar\\\/?p=4839\",\"url\":\"https:\\\/\\\/diariodelsurdigital.com.ar\\\/?p=4839\",\"name\":\"Pobreza: Especialistas cuestionan los datos oficiales del Indec - Diario del Sur\",\"isPartOf\":{\"@id\":\"https:\\\/\\\/diariodelsurdigital.com.ar\\\/#website\"},\"primaryImageOfPage\":{\"@id\":\"https:\\\/\\\/diariodelsurdigital.com.ar\\\/?p=4839#primaryimage\"},\"image\":{\"@id\":\"https:\\\/\\\/diariodelsurdigital.com.ar\\\/?p=4839#primaryimage\"},\"thumbnailUrl\":\"https:\\\/\\\/diariodelsurdigital.com.ar\\\/wp-content\\\/uploads\\\/2025\\\/09\\\/md-13-1.webp\",\"datePublished\":\"2025-09-26T13:12:31+00:00\",\"dateModified\":\"2025-09-26T13:12:32+00:00\",\"author\":{\"@id\":\"https:\\\/\\\/diariodelsurdigital.com.ar\\\/#\\\/schema\\\/person\\\/1a4992532ed62965c968031b49195c81\"},\"breadcrumb\":{\"@id\":\"https:\\\/\\\/diariodelsurdigital.com.ar\\\/?p=4839#breadcrumb\"},\"inLanguage\":\"es\",\"potentialAction\":[{\"@type\":\"ReadAction\",\"target\":[\"https:\\\/\\\/diariodelsurdigital.com.ar\\\/?p=4839\"]}]},{\"@type\":\"ImageObject\",\"inLanguage\":\"es\",\"@id\":\"https:\\\/\\\/diariodelsurdigital.com.ar\\\/?p=4839#primaryimage\",\"url\":\"https:\\\/\\\/diariodelsurdigital.com.ar\\\/wp-content\\\/uploads\\\/2025\\\/09\\\/md-13-1.webp\",\"contentUrl\":\"https:\\\/\\\/diariodelsurdigital.com.ar\\\/wp-content\\\/uploads\\\/2025\\\/09\\\/md-13-1.webp\",\"width\":992,\"height\":744},{\"@type\":\"BreadcrumbList\",\"@id\":\"https:\\\/\\\/diariodelsurdigital.com.ar\\\/?p=4839#breadcrumb\",\"itemListElement\":[{\"@type\":\"ListItem\",\"position\":1,\"name\":\"Portada\",\"item\":\"https:\\\/\\\/diariodelsurdigital.com.ar\\\/\"},{\"@type\":\"ListItem\",\"position\":2,\"name\":\"Pobreza: Especialistas cuestionan los datos oficiales del Indec\"}]},{\"@type\":\"WebSite\",\"@id\":\"https:\\\/\\\/diariodelsurdigital.com.ar\\\/#website\",\"url\":\"https:\\\/\\\/diariodelsurdigital.com.ar\\\/\",\"name\":\"Diario del Sur\",\"description\":\"Digital\",\"potentialAction\":[{\"@type\":\"SearchAction\",\"target\":{\"@type\":\"EntryPoint\",\"urlTemplate\":\"https:\\\/\\\/diariodelsurdigital.com.ar\\\/?s={search_term_string}\"},\"query-input\":{\"@type\":\"PropertyValueSpecification\",\"valueRequired\":true,\"valueName\":\"search_term_string\"}}],\"inLanguage\":\"es\"},{\"@type\":\"Person\",\"@id\":\"https:\\\/\\\/diariodelsurdigital.com.ar\\\/#\\\/schema\\\/person\\\/1a4992532ed62965c968031b49195c81\",\"name\":\"Diario del Sur Digital\",\"image\":{\"@type\":\"ImageObject\",\"inLanguage\":\"es\",\"@id\":\"https:\\\/\\\/secure.gravatar.com\\\/avatar\\\/f0c7c47fc7146d19828273b9b8eda651c9c7ab583767e6338d3d3bee825adf76?s=96&d=mm&r=g\",\"url\":\"https:\\\/\\\/secure.gravatar.com\\\/avatar\\\/f0c7c47fc7146d19828273b9b8eda651c9c7ab583767e6338d3d3bee825adf76?s=96&d=mm&r=g\",\"contentUrl\":\"https:\\\/\\\/secure.gravatar.com\\\/avatar\\\/f0c7c47fc7146d19828273b9b8eda651c9c7ab583767e6338d3d3bee825adf76?s=96&d=mm&r=g\",\"caption\":\"Diario del Sur Digital\"},\"url\":\"https:\\\/\\\/diariodelsurdigital.com.ar\\\/?author=4\"}]}<\/script>\n<!-- \/ Yoast SEO plugin. -->","yoast_head_json":{"title":"Pobreza: Especialistas cuestionan los datos oficiales del Indec - Diario del Sur","robots":{"index":"index","follow":"follow","max-snippet":"max-snippet:-1","max-image-preview":"max-image-preview:large","max-video-preview":"max-video-preview:-1"},"canonical":"https:\/\/diariodelsurdigital.com.ar\/?p=4839","og_locale":"es_ES","og_type":"article","og_title":"Pobreza: Especialistas cuestionan los datos oficiales del Indec - Diario del Sur","og_description":"\u201cSin desconocer que se evidencian mejoras, corresponde advertir que los datos oficiales sobrerrepresentan la magnitud del alivio social\u201d, se advirti\u00f3 desde la UCA. Cepa, por su parte, se\u00f1ala la falta de actualizaci\u00f3n de datos, subestim\u00e1ndose el gasto destinado a los servicios, que son los rubros con incrementos muy superiores a los alimentos. En el primer [&hellip;]","og_url":"https:\/\/diariodelsurdigital.com.ar\/?p=4839","og_site_name":"Diario del Sur","article_published_time":"2025-09-26T13:12:31+00:00","article_modified_time":"2025-09-26T13:12:32+00:00","og_image":[{"width":992,"height":744,"url":"https:\/\/diariodelsurdigital.com.ar\/wp-content\/uploads\/2025\/09\/md-13-1.webp","type":"image\/webp"}],"author":"Diario del Sur Digital","twitter_card":"summary_large_image","twitter_misc":{"Escrito por":"Diario del Sur Digital","Tiempo de lectura":"5 minutos"},"schema":{"@context":"https:\/\/schema.org","@graph":[{"@type":"Article","@id":"https:\/\/diariodelsurdigital.com.ar\/?p=4839#article","isPartOf":{"@id":"https:\/\/diariodelsurdigital.com.ar\/?p=4839"},"author":{"name":"Diario del Sur Digital","@id":"https:\/\/diariodelsurdigital.com.ar\/#\/schema\/person\/1a4992532ed62965c968031b49195c81"},"headline":"Pobreza: Especialistas cuestionan los datos oficiales del Indec","datePublished":"2025-09-26T13:12:31+00:00","dateModified":"2025-09-26T13:12:32+00:00","mainEntityOfPage":{"@id":"https:\/\/diariodelsurdigital.com.ar\/?p=4839"},"wordCount":1005,"commentCount":0,"image":{"@id":"https:\/\/diariodelsurdigital.com.ar\/?p=4839#primaryimage"},"thumbnailUrl":"https:\/\/diariodelsurdigital.com.ar\/wp-content\/uploads\/2025\/09\/md-13-1.webp","articleSection":["Inter\u00e9s General","Nacionales"],"inLanguage":"es","potentialAction":[{"@type":"CommentAction","name":"Comment","target":["https:\/\/diariodelsurdigital.com.ar\/?p=4839#respond"]}]},{"@type":"WebPage","@id":"https:\/\/diariodelsurdigital.com.ar\/?p=4839","url":"https:\/\/diariodelsurdigital.com.ar\/?p=4839","name":"Pobreza: Especialistas cuestionan los datos oficiales del Indec - Diario del Sur","isPartOf":{"@id":"https:\/\/diariodelsurdigital.com.ar\/#website"},"primaryImageOfPage":{"@id":"https:\/\/diariodelsurdigital.com.ar\/?p=4839#primaryimage"},"image":{"@id":"https:\/\/diariodelsurdigital.com.ar\/?p=4839#primaryimage"},"thumbnailUrl":"https:\/\/diariodelsurdigital.com.ar\/wp-content\/uploads\/2025\/09\/md-13-1.webp","datePublished":"2025-09-26T13:12:31+00:00","dateModified":"2025-09-26T13:12:32+00:00","author":{"@id":"https:\/\/diariodelsurdigital.com.ar\/#\/schema\/person\/1a4992532ed62965c968031b49195c81"},"breadcrumb":{"@id":"https:\/\/diariodelsurdigital.com.ar\/?p=4839#breadcrumb"},"inLanguage":"es","potentialAction":[{"@type":"ReadAction","target":["https:\/\/diariodelsurdigital.com.ar\/?p=4839"]}]},{"@type":"ImageObject","inLanguage":"es","@id":"https:\/\/diariodelsurdigital.com.ar\/?p=4839#primaryimage","url":"https:\/\/diariodelsurdigital.com.ar\/wp-content\/uploads\/2025\/09\/md-13-1.webp","contentUrl":"https:\/\/diariodelsurdigital.com.ar\/wp-content\/uploads\/2025\/09\/md-13-1.webp","width":992,"height":744},{"@type":"BreadcrumbList","@id":"https:\/\/diariodelsurdigital.com.ar\/?p=4839#breadcrumb","itemListElement":[{"@type":"ListItem","position":1,"name":"Portada","item":"https:\/\/diariodelsurdigital.com.ar\/"},{"@type":"ListItem","position":2,"name":"Pobreza: Especialistas cuestionan los datos oficiales del Indec"}]},{"@type":"WebSite","@id":"https:\/\/diariodelsurdigital.com.ar\/#website","url":"https:\/\/diariodelsurdigital.com.ar\/","name":"Diario del Sur","description":"Digital","potentialAction":[{"@type":"SearchAction","target":{"@type":"EntryPoint","urlTemplate":"https:\/\/diariodelsurdigital.com.ar\/?s={search_term_string}"},"query-input":{"@type":"PropertyValueSpecification","valueRequired":true,"valueName":"search_term_string"}}],"inLanguage":"es"},{"@type":"Person","@id":"https:\/\/diariodelsurdigital.com.ar\/#\/schema\/person\/1a4992532ed62965c968031b49195c81","name":"Diario del Sur Digital","image":{"@type":"ImageObject","inLanguage":"es","@id":"https:\/\/secure.gravatar.com\/avatar\/f0c7c47fc7146d19828273b9b8eda651c9c7ab583767e6338d3d3bee825adf76?s=96&d=mm&r=g","url":"https:\/\/secure.gravatar.com\/avatar\/f0c7c47fc7146d19828273b9b8eda651c9c7ab583767e6338d3d3bee825adf76?s=96&d=mm&r=g","contentUrl":"https:\/\/secure.gravatar.com\/avatar\/f0c7c47fc7146d19828273b9b8eda651c9c7ab583767e6338d3d3bee825adf76?s=96&d=mm&r=g","caption":"Diario del Sur Digital"},"url":"https:\/\/diariodelsurdigital.com.ar\/?author=4"}]}},"_links":{"self":[{"href":"https:\/\/diariodelsurdigital.com.ar\/index.php?rest_route=\/wp\/v2\/posts\/4839","targetHints":{"allow":["GET"]}}],"collection":[{"href":"https:\/\/diariodelsurdigital.com.ar\/index.php?rest_route=\/wp\/v2\/posts"}],"about":[{"href":"https:\/\/diariodelsurdigital.com.ar\/index.php?rest_route=\/wp\/v2\/types\/post"}],"author":[{"embeddable":true,"href":"https:\/\/diariodelsurdigital.com.ar\/index.php?rest_route=\/wp\/v2\/users\/4"}],"replies":[{"embeddable":true,"href":"https:\/\/diariodelsurdigital.com.ar\/index.php?rest_route=%2Fwp%2Fv2%2Fcomments&post=4839"}],"version-history":[{"count":1,"href":"https:\/\/diariodelsurdigital.com.ar\/index.php?rest_route=\/wp\/v2\/posts\/4839\/revisions"}],"predecessor-version":[{"id":4841,"href":"https:\/\/diariodelsurdigital.com.ar\/index.php?rest_route=\/wp\/v2\/posts\/4839\/revisions\/4841"}],"wp:featuredmedia":[{"embeddable":true,"href":"https:\/\/diariodelsurdigital.com.ar\/index.php?rest_route=\/wp\/v2\/media\/4840"}],"wp:attachment":[{"href":"https:\/\/diariodelsurdigital.com.ar\/index.php?rest_route=%2Fwp%2Fv2%2Fmedia&parent=4839"}],"wp:term":[{"taxonomy":"category","embeddable":true,"href":"https:\/\/diariodelsurdigital.com.ar\/index.php?rest_route=%2Fwp%2Fv2%2Fcategories&post=4839"},{"taxonomy":"post_tag","embeddable":true,"href":"https:\/\/diariodelsurdigital.com.ar\/index.php?rest_route=%2Fwp%2Fv2%2Ftags&post=4839"}],"curies":[{"name":"wp","href":"https:\/\/api.w.org\/{rel}","templated":true}]}}