{"id":4842,"date":"2025-09-26T10:16:39","date_gmt":"2025-09-26T13:16:39","guid":{"rendered":"https:\/\/diariodelsurdigital.com.ar\/?p=4842"},"modified":"2025-09-26T10:16:40","modified_gmt":"2025-09-26T13:16:40","slug":"la-construccion-pierde-empleadores-y-toca-minimos-historicos-en-casi-dos-decadas","status":"publish","type":"post","link":"https:\/\/diariodelsurdigital.com.ar\/?p=4842","title":{"rendered":"La construcci\u00f3n pierde empleadores y toca m\u00ednimos hist\u00f3ricos en casi dos d\u00e9cadas"},"content":{"rendered":"\n<p>El n\u00famero de empleadores actuales se encuentra 10,3% por debajo del nivel que hab\u00eda en julio de 2023. En dos a\u00f1os se extingui\u00f3 m\u00e1s de una d\u00e9cima parte de las empresas que daban trabajo en la construcci\u00f3n.<\/p>\n\n\n\n<p><\/p>\n\n\n\n<p>La construcci\u00f3n, uno de los sectores que tradicionalmente funciona como term\u00f3metro de la econom\u00eda argentina, atraviesa un momento de fuerte tensi\u00f3n y contracci\u00f3n en su base empresarial. As\u00ed lo revel\u00f3 el \u00faltimo informe de coyuntura del Instituto de Estad\u00edstica y Registro de la Industria de la Construcci\u00f3n (Ieric). Puso de manifiesto una tendencia preocupante: la p\u00e9rdida sostenida de empleadores y la reducci\u00f3n de la capacidad productiva del sector.<\/p>\n\n\n\n<p>Como indican los registros del organismo, en julio de este a\u00f1o la cantidad de empleadores en actividad en la construcci\u00f3n registr\u00f3 una baja interanual de 0,2%. Aunque en apariencia se trata de un retroceso marginal, la lectura en perspectiva es mucho m\u00e1s grave. El n\u00famero de empleadores actuales se encuentra 10,3% por debajo del nivel que hab\u00eda en igual mes de 2023. Lo que significa que en tan solo dos a\u00f1os se extingui\u00f3 m\u00e1s de una d\u00e9cima parte de las empresas que daban trabajo en la construcci\u00f3n.<\/p>\n\n\n\n<p>Asimismo, el Ieric advirti\u00f3 que, dejando de lado el 2020, a\u00f1o at\u00edpico por la pandemia, es necesario retroceder hasta 2006 para encontrar un registro m\u00e1s bajo de empleadores activos en la industria. En otras palabras, el entramado empresario de la construcci\u00f3n se achic\u00f3 hasta niveles que no se ve\u00edan en casi veinte a\u00f1os. Lo que constituye una se\u00f1al de alarma para la econom\u00eda en general, dado el rol multiplicador que este sector tiene sobre la generaci\u00f3n de empleo y la actividad econ\u00f3mica.<\/p>\n\n\n\n<p>Al respecto, el presidente de la C\u00e1mara Argentina de la Construcci\u00f3n (Camarco), Gustavo Weiss, indic\u00f3 que \u201cla industria tuvo una ca\u00edda muy grande. El motivo es la obra p\u00fablica nacional totalmente parada y obras privadas de construcci\u00f3n de edificios que est\u00e1n muy tranquilas. No dir\u00eda paradas pero s\u00ed muy tranquilas, debido a que hoy los desarrollos no tienen rentabilidad, por el aumento del costo de la construcci\u00f3n. As\u00ed que la combinaci\u00f3n de las dos cosas hace que hoy la industria est\u00e9 pasando un momento complicado y eso se verifica r\u00e1pidamente en el empleo\u201d.<\/p>\n\n\n\n<p>Las grandes jurisdicciones, epicentro de la ca\u00edda<\/p>\n\n\n\n<p>El informe revel\u00f3 adem\u00e1s una fuerte disparidad entre los distintos territorios del pa\u00eds. Mientras que en las grandes jurisdicciones, es decir, los distritos con mayor peso econ\u00f3mico y poblacional la ca\u00edda fue del *1,4% interanual, las restantes jurisdicciones mostraron un desempe\u00f1o positivo, con una suba del 2,1%.<\/p>\n\n\n\n<p>Sin embargo, el peso relativo de las grandes jurisdicciones sobre el total nacional hace que el balance general sea negativo. De hecho, el nivel de empleadores en esas regiones se ubica en su punto m\u00e1s bajo de las \u00faltimas dos d\u00e9cadas, con excepci\u00f3n de 2020. Para encontrar un valor inferior es necesario retroceder hasta 2005, lo que da cuenta de la magnitud del deterioro.<\/p>\n\n\n\n<p>Dentro de este grupo, el retroceso m\u00e1s marcado se verific\u00f3 en la provincia de Buenos Aires. Mostr\u00f3 una baja del 2,7% en la cantidad de empleadores respecto de igual mes del a\u00f1o anterior. Por el contrario, algunas provincias del interior lograron expandirse y amortiguar parcialmente la ca\u00edda nacional. San Juan (+10,2%), Formosa (+7,7%) y Corrientes (+7,0%) resultaron os distritos con mayor crecimiento en la cantidad de empleadores. Aunque la contracci\u00f3n en los grandes centros urbanos tuvo un impacto mucho m\u00e1s fuerte.<\/p>\n\n\n\n<p>El contraste territorial se refleja tambi\u00e9n en el hecho de que ocho provincias cerraron julio en terreno negativo. Contra seis que mostraron bajas en junio. En este grupo se destac\u00f3 el caso de Santa Cruz, que registr\u00f3 una fuerte ca\u00edda del 6,9%.<\/p>\n\n\n\n<p>El perfil de las empresas m\u00e1s afectadas<\/p>\n\n\n\n<p><br>El proceso de contracci\u00f3n no impacta a todas las empresas por igual. Las empresas unipersonales fueron las m\u00e1s golpeadas, con una baja interanual del 2,5%. Lo que en t\u00e9rminos absolutos equivale a la desaparici\u00f3n de 134 empleadores en el \u00faltimo a\u00f1o. Este dato no es menor, ya que este tipo de estructuras son las m\u00e1s frecuentes en la construcci\u00f3n, sobre todo en obras peque\u00f1as o medianas. Y su reducci\u00f3n refleja el retroceso de los eslabones m\u00e1s d\u00e9biles de la cadena.<\/p>\n\n\n\n<p>Las sociedades an\u00f3nimas, por su parte, tambi\u00e9n mostraron una ca\u00edda interanual, aunque m\u00e1s leve (-0,2%). En t\u00e9rminos de actividad, tanto las constructoras\/contratistas (-0,1%) como los subcontratistas (-1,7%) se ubicaron en terreno negativo. Revirtiendo as\u00ed la divergencia que se observ\u00f3 en meses anteriores, cuando los subcontratistas lograban mantenerse a flote a pesar del retroceso de las firmas principales.<\/p>\n\n\n\n<p>La contracci\u00f3n en la cantidad de empleadores se produce en paralelo a un retroceso en otros indicadores de la actividad sectorial. En julio, el consumo de cemento, un insumo clave que suele anticipar la din\u00e1mica de la construcci\u00f3n, registr\u00f3 una baja interanual del 2,8%. Interrumpiendo as\u00ed una racha de seis meses consecutivos de crecimiento.<\/p>\n\n\n\n<p>El volumen total de cemento despachado en el mes fue de 887.000 toneladas, apenas por encima del registro del mismo mes de 2020. Cuando las restricciones sanitarias paralizaron gran parte de la actividad. Aun as\u00ed, en la comparaci\u00f3n mensual con junio se observ\u00f3 un repunte del 9,6%. Lo que constituye el consumo m\u00e1s alto del a\u00f1o, aunque todav\u00eda muy lejos de los niveles hist\u00f3ricos.<\/p>\n\n\n\n<p>La ca\u00edda estuvo motorizada principalmente por los despachos en bolsa, que retrocedieron 10,7% interanual. Mientras que el cemento a granel mostr\u00f3 un incremento del 10,2%. Esta divergencia refleja un cambio en el perfil de consumo. Las obras de mayor escala, que demandan granel, mantienen cierta din\u00e1mica, mientras que las peque\u00f1as construcciones, m\u00e1s ligadas al cemento en bolsa, se encuentran pr\u00e1cticamente paralizadas.<\/p>\n","protected":false},"excerpt":{"rendered":"<p>El n\u00famero de empleadores actuales se encuentra 10,3% por debajo del nivel que hab\u00eda en julio de 2023. En dos a\u00f1os se extingui\u00f3 m\u00e1s de una d\u00e9cima parte de las empresas que daban trabajo en la construcci\u00f3n. La construcci\u00f3n, uno de los sectores que tradicionalmente funciona como term\u00f3metro de la econom\u00eda argentina, atraviesa un momento [&hellip;]<\/p>\n","protected":false},"author":4,"featured_media":4843,"comment_status":"open","ping_status":"open","sticky":false,"template":"","format":"standard","meta":{"footnotes":""},"categories":[19,18],"tags":[],"class_list":{"0":"post-4842","1":"post","2":"type-post","3":"status-publish","4":"format-standard","5":"has-post-thumbnail","7":"category-interes-general","8":"category-nacionales"},"yoast_head":"<!-- This site is optimized with the Yoast SEO plugin v27.4 - https:\/\/yoast.com\/product\/yoast-seo-wordpress\/ -->\n<title>La construcci\u00f3n pierde empleadores y toca m\u00ednimos hist\u00f3ricos en casi dos d\u00e9cadas - Diario del Sur<\/title>\n<meta name=\"robots\" content=\"index, follow, max-snippet:-1, max-image-preview:large, max-video-preview:-1\" \/>\n<link rel=\"canonical\" href=\"https:\/\/diariodelsurdigital.com.ar\/?p=4842\" \/>\n<meta property=\"og:locale\" content=\"es_ES\" \/>\n<meta property=\"og:type\" content=\"article\" \/>\n<meta property=\"og:title\" content=\"La construcci\u00f3n pierde empleadores y toca m\u00ednimos hist\u00f3ricos en casi dos d\u00e9cadas - Diario del Sur\" \/>\n<meta property=\"og:description\" content=\"El n\u00famero de empleadores actuales se encuentra 10,3% por debajo del nivel que hab\u00eda en julio de 2023. En dos a\u00f1os se extingui\u00f3 m\u00e1s de una d\u00e9cima parte de las empresas que daban trabajo en la construcci\u00f3n. La construcci\u00f3n, uno de los sectores que tradicionalmente funciona como term\u00f3metro de la econom\u00eda argentina, atraviesa un momento [&hellip;]\" \/>\n<meta property=\"og:url\" content=\"https:\/\/diariodelsurdigital.com.ar\/?p=4842\" \/>\n<meta property=\"og:site_name\" content=\"Diario del Sur\" \/>\n<meta property=\"article:published_time\" content=\"2025-09-26T13:16:39+00:00\" \/>\n<meta property=\"article:modified_time\" content=\"2025-09-26T13:16:40+00:00\" \/>\n<meta property=\"og:image\" content=\"https:\/\/diariodelsurdigital.com.ar\/wp-content\/uploads\/2025\/09\/md-14-1.webp\" \/>\n\t<meta property=\"og:image:width\" content=\"992\" \/>\n\t<meta property=\"og:image:height\" content=\"558\" \/>\n\t<meta property=\"og:image:type\" content=\"image\/webp\" \/>\n<meta name=\"author\" content=\"Diario del Sur Digital\" \/>\n<meta name=\"twitter:card\" content=\"summary_large_image\" \/>\n<meta name=\"twitter:label1\" content=\"Escrito por\" \/>\n\t<meta name=\"twitter:data1\" content=\"Diario del Sur Digital\" \/>\n\t<meta name=\"twitter:label2\" content=\"Tiempo de lectura\" \/>\n\t<meta name=\"twitter:data2\" content=\"5 minutos\" \/>\n<script type=\"application\/ld+json\" class=\"yoast-schema-graph\">{\"@context\":\"https:\\\/\\\/schema.org\",\"@graph\":[{\"@type\":\"Article\",\"@id\":\"https:\\\/\\\/diariodelsurdigital.com.ar\\\/?p=4842#article\",\"isPartOf\":{\"@id\":\"https:\\\/\\\/diariodelsurdigital.com.ar\\\/?p=4842\"},\"author\":{\"name\":\"Diario del Sur Digital\",\"@id\":\"https:\\\/\\\/diariodelsurdigital.com.ar\\\/#\\\/schema\\\/person\\\/1a4992532ed62965c968031b49195c81\"},\"headline\":\"La construcci\u00f3n pierde empleadores y toca m\u00ednimos hist\u00f3ricos en casi dos d\u00e9cadas\",\"datePublished\":\"2025-09-26T13:16:39+00:00\",\"dateModified\":\"2025-09-26T13:16:40+00:00\",\"mainEntityOfPage\":{\"@id\":\"https:\\\/\\\/diariodelsurdigital.com.ar\\\/?p=4842\"},\"wordCount\":1014,\"commentCount\":0,\"image\":{\"@id\":\"https:\\\/\\\/diariodelsurdigital.com.ar\\\/?p=4842#primaryimage\"},\"thumbnailUrl\":\"https:\\\/\\\/diariodelsurdigital.com.ar\\\/wp-content\\\/uploads\\\/2025\\\/09\\\/md-14-1.webp\",\"articleSection\":[\"Inter\u00e9s General\",\"Nacionales\"],\"inLanguage\":\"es\",\"potentialAction\":[{\"@type\":\"CommentAction\",\"name\":\"Comment\",\"target\":[\"https:\\\/\\\/diariodelsurdigital.com.ar\\\/?p=4842#respond\"]}]},{\"@type\":\"WebPage\",\"@id\":\"https:\\\/\\\/diariodelsurdigital.com.ar\\\/?p=4842\",\"url\":\"https:\\\/\\\/diariodelsurdigital.com.ar\\\/?p=4842\",\"name\":\"La construcci\u00f3n pierde empleadores y toca m\u00ednimos hist\u00f3ricos en casi dos d\u00e9cadas - Diario del Sur\",\"isPartOf\":{\"@id\":\"https:\\\/\\\/diariodelsurdigital.com.ar\\\/#website\"},\"primaryImageOfPage\":{\"@id\":\"https:\\\/\\\/diariodelsurdigital.com.ar\\\/?p=4842#primaryimage\"},\"image\":{\"@id\":\"https:\\\/\\\/diariodelsurdigital.com.ar\\\/?p=4842#primaryimage\"},\"thumbnailUrl\":\"https:\\\/\\\/diariodelsurdigital.com.ar\\\/wp-content\\\/uploads\\\/2025\\\/09\\\/md-14-1.webp\",\"datePublished\":\"2025-09-26T13:16:39+00:00\",\"dateModified\":\"2025-09-26T13:16:40+00:00\",\"author\":{\"@id\":\"https:\\\/\\\/diariodelsurdigital.com.ar\\\/#\\\/schema\\\/person\\\/1a4992532ed62965c968031b49195c81\"},\"breadcrumb\":{\"@id\":\"https:\\\/\\\/diariodelsurdigital.com.ar\\\/?p=4842#breadcrumb\"},\"inLanguage\":\"es\",\"potentialAction\":[{\"@type\":\"ReadAction\",\"target\":[\"https:\\\/\\\/diariodelsurdigital.com.ar\\\/?p=4842\"]}]},{\"@type\":\"ImageObject\",\"inLanguage\":\"es\",\"@id\":\"https:\\\/\\\/diariodelsurdigital.com.ar\\\/?p=4842#primaryimage\",\"url\":\"https:\\\/\\\/diariodelsurdigital.com.ar\\\/wp-content\\\/uploads\\\/2025\\\/09\\\/md-14-1.webp\",\"contentUrl\":\"https:\\\/\\\/diariodelsurdigital.com.ar\\\/wp-content\\\/uploads\\\/2025\\\/09\\\/md-14-1.webp\",\"width\":992,\"height\":558},{\"@type\":\"BreadcrumbList\",\"@id\":\"https:\\\/\\\/diariodelsurdigital.com.ar\\\/?p=4842#breadcrumb\",\"itemListElement\":[{\"@type\":\"ListItem\",\"position\":1,\"name\":\"Portada\",\"item\":\"https:\\\/\\\/diariodelsurdigital.com.ar\\\/\"},{\"@type\":\"ListItem\",\"position\":2,\"name\":\"La construcci\u00f3n pierde empleadores y toca m\u00ednimos hist\u00f3ricos en casi dos d\u00e9cadas\"}]},{\"@type\":\"WebSite\",\"@id\":\"https:\\\/\\\/diariodelsurdigital.com.ar\\\/#website\",\"url\":\"https:\\\/\\\/diariodelsurdigital.com.ar\\\/\",\"name\":\"Diario del Sur\",\"description\":\"Digital\",\"potentialAction\":[{\"@type\":\"SearchAction\",\"target\":{\"@type\":\"EntryPoint\",\"urlTemplate\":\"https:\\\/\\\/diariodelsurdigital.com.ar\\\/?s={search_term_string}\"},\"query-input\":{\"@type\":\"PropertyValueSpecification\",\"valueRequired\":true,\"valueName\":\"search_term_string\"}}],\"inLanguage\":\"es\"},{\"@type\":\"Person\",\"@id\":\"https:\\\/\\\/diariodelsurdigital.com.ar\\\/#\\\/schema\\\/person\\\/1a4992532ed62965c968031b49195c81\",\"name\":\"Diario del Sur Digital\",\"image\":{\"@type\":\"ImageObject\",\"inLanguage\":\"es\",\"@id\":\"https:\\\/\\\/secure.gravatar.com\\\/avatar\\\/f0c7c47fc7146d19828273b9b8eda651c9c7ab583767e6338d3d3bee825adf76?s=96&d=mm&r=g\",\"url\":\"https:\\\/\\\/secure.gravatar.com\\\/avatar\\\/f0c7c47fc7146d19828273b9b8eda651c9c7ab583767e6338d3d3bee825adf76?s=96&d=mm&r=g\",\"contentUrl\":\"https:\\\/\\\/secure.gravatar.com\\\/avatar\\\/f0c7c47fc7146d19828273b9b8eda651c9c7ab583767e6338d3d3bee825adf76?s=96&d=mm&r=g\",\"caption\":\"Diario del Sur Digital\"},\"url\":\"https:\\\/\\\/diariodelsurdigital.com.ar\\\/?author=4\"}]}<\/script>\n<!-- \/ Yoast SEO plugin. -->","yoast_head_json":{"title":"La construcci\u00f3n pierde empleadores y toca m\u00ednimos hist\u00f3ricos en casi dos d\u00e9cadas - Diario del Sur","robots":{"index":"index","follow":"follow","max-snippet":"max-snippet:-1","max-image-preview":"max-image-preview:large","max-video-preview":"max-video-preview:-1"},"canonical":"https:\/\/diariodelsurdigital.com.ar\/?p=4842","og_locale":"es_ES","og_type":"article","og_title":"La construcci\u00f3n pierde empleadores y toca m\u00ednimos hist\u00f3ricos en casi dos d\u00e9cadas - Diario del Sur","og_description":"El n\u00famero de empleadores actuales se encuentra 10,3% por debajo del nivel que hab\u00eda en julio de 2023. En dos a\u00f1os se extingui\u00f3 m\u00e1s de una d\u00e9cima parte de las empresas que daban trabajo en la construcci\u00f3n. La construcci\u00f3n, uno de los sectores que tradicionalmente funciona como term\u00f3metro de la econom\u00eda argentina, atraviesa un momento [&hellip;]","og_url":"https:\/\/diariodelsurdigital.com.ar\/?p=4842","og_site_name":"Diario del Sur","article_published_time":"2025-09-26T13:16:39+00:00","article_modified_time":"2025-09-26T13:16:40+00:00","og_image":[{"width":992,"height":558,"url":"https:\/\/diariodelsurdigital.com.ar\/wp-content\/uploads\/2025\/09\/md-14-1.webp","type":"image\/webp"}],"author":"Diario del Sur Digital","twitter_card":"summary_large_image","twitter_misc":{"Escrito por":"Diario del Sur Digital","Tiempo de lectura":"5 minutos"},"schema":{"@context":"https:\/\/schema.org","@graph":[{"@type":"Article","@id":"https:\/\/diariodelsurdigital.com.ar\/?p=4842#article","isPartOf":{"@id":"https:\/\/diariodelsurdigital.com.ar\/?p=4842"},"author":{"name":"Diario del Sur Digital","@id":"https:\/\/diariodelsurdigital.com.ar\/#\/schema\/person\/1a4992532ed62965c968031b49195c81"},"headline":"La construcci\u00f3n pierde empleadores y toca m\u00ednimos hist\u00f3ricos en casi dos d\u00e9cadas","datePublished":"2025-09-26T13:16:39+00:00","dateModified":"2025-09-26T13:16:40+00:00","mainEntityOfPage":{"@id":"https:\/\/diariodelsurdigital.com.ar\/?p=4842"},"wordCount":1014,"commentCount":0,"image":{"@id":"https:\/\/diariodelsurdigital.com.ar\/?p=4842#primaryimage"},"thumbnailUrl":"https:\/\/diariodelsurdigital.com.ar\/wp-content\/uploads\/2025\/09\/md-14-1.webp","articleSection":["Inter\u00e9s General","Nacionales"],"inLanguage":"es","potentialAction":[{"@type":"CommentAction","name":"Comment","target":["https:\/\/diariodelsurdigital.com.ar\/?p=4842#respond"]}]},{"@type":"WebPage","@id":"https:\/\/diariodelsurdigital.com.ar\/?p=4842","url":"https:\/\/diariodelsurdigital.com.ar\/?p=4842","name":"La construcci\u00f3n pierde empleadores y toca m\u00ednimos hist\u00f3ricos en casi dos d\u00e9cadas - Diario del Sur","isPartOf":{"@id":"https:\/\/diariodelsurdigital.com.ar\/#website"},"primaryImageOfPage":{"@id":"https:\/\/diariodelsurdigital.com.ar\/?p=4842#primaryimage"},"image":{"@id":"https:\/\/diariodelsurdigital.com.ar\/?p=4842#primaryimage"},"thumbnailUrl":"https:\/\/diariodelsurdigital.com.ar\/wp-content\/uploads\/2025\/09\/md-14-1.webp","datePublished":"2025-09-26T13:16:39+00:00","dateModified":"2025-09-26T13:16:40+00:00","author":{"@id":"https:\/\/diariodelsurdigital.com.ar\/#\/schema\/person\/1a4992532ed62965c968031b49195c81"},"breadcrumb":{"@id":"https:\/\/diariodelsurdigital.com.ar\/?p=4842#breadcrumb"},"inLanguage":"es","potentialAction":[{"@type":"ReadAction","target":["https:\/\/diariodelsurdigital.com.ar\/?p=4842"]}]},{"@type":"ImageObject","inLanguage":"es","@id":"https:\/\/diariodelsurdigital.com.ar\/?p=4842#primaryimage","url":"https:\/\/diariodelsurdigital.com.ar\/wp-content\/uploads\/2025\/09\/md-14-1.webp","contentUrl":"https:\/\/diariodelsurdigital.com.ar\/wp-content\/uploads\/2025\/09\/md-14-1.webp","width":992,"height":558},{"@type":"BreadcrumbList","@id":"https:\/\/diariodelsurdigital.com.ar\/?p=4842#breadcrumb","itemListElement":[{"@type":"ListItem","position":1,"name":"Portada","item":"https:\/\/diariodelsurdigital.com.ar\/"},{"@type":"ListItem","position":2,"name":"La construcci\u00f3n pierde empleadores y toca m\u00ednimos hist\u00f3ricos en casi dos d\u00e9cadas"}]},{"@type":"WebSite","@id":"https:\/\/diariodelsurdigital.com.ar\/#website","url":"https:\/\/diariodelsurdigital.com.ar\/","name":"Diario del Sur","description":"Digital","potentialAction":[{"@type":"SearchAction","target":{"@type":"EntryPoint","urlTemplate":"https:\/\/diariodelsurdigital.com.ar\/?s={search_term_string}"},"query-input":{"@type":"PropertyValueSpecification","valueRequired":true,"valueName":"search_term_string"}}],"inLanguage":"es"},{"@type":"Person","@id":"https:\/\/diariodelsurdigital.com.ar\/#\/schema\/person\/1a4992532ed62965c968031b49195c81","name":"Diario del Sur Digital","image":{"@type":"ImageObject","inLanguage":"es","@id":"https:\/\/secure.gravatar.com\/avatar\/f0c7c47fc7146d19828273b9b8eda651c9c7ab583767e6338d3d3bee825adf76?s=96&d=mm&r=g","url":"https:\/\/secure.gravatar.com\/avatar\/f0c7c47fc7146d19828273b9b8eda651c9c7ab583767e6338d3d3bee825adf76?s=96&d=mm&r=g","contentUrl":"https:\/\/secure.gravatar.com\/avatar\/f0c7c47fc7146d19828273b9b8eda651c9c7ab583767e6338d3d3bee825adf76?s=96&d=mm&r=g","caption":"Diario del Sur Digital"},"url":"https:\/\/diariodelsurdigital.com.ar\/?author=4"}]}},"_links":{"self":[{"href":"https:\/\/diariodelsurdigital.com.ar\/index.php?rest_route=\/wp\/v2\/posts\/4842","targetHints":{"allow":["GET"]}}],"collection":[{"href":"https:\/\/diariodelsurdigital.com.ar\/index.php?rest_route=\/wp\/v2\/posts"}],"about":[{"href":"https:\/\/diariodelsurdigital.com.ar\/index.php?rest_route=\/wp\/v2\/types\/post"}],"author":[{"embeddable":true,"href":"https:\/\/diariodelsurdigital.com.ar\/index.php?rest_route=\/wp\/v2\/users\/4"}],"replies":[{"embeddable":true,"href":"https:\/\/diariodelsurdigital.com.ar\/index.php?rest_route=%2Fwp%2Fv2%2Fcomments&post=4842"}],"version-history":[{"count":1,"href":"https:\/\/diariodelsurdigital.com.ar\/index.php?rest_route=\/wp\/v2\/posts\/4842\/revisions"}],"predecessor-version":[{"id":4844,"href":"https:\/\/diariodelsurdigital.com.ar\/index.php?rest_route=\/wp\/v2\/posts\/4842\/revisions\/4844"}],"wp:featuredmedia":[{"embeddable":true,"href":"https:\/\/diariodelsurdigital.com.ar\/index.php?rest_route=\/wp\/v2\/media\/4843"}],"wp:attachment":[{"href":"https:\/\/diariodelsurdigital.com.ar\/index.php?rest_route=%2Fwp%2Fv2%2Fmedia&parent=4842"}],"wp:term":[{"taxonomy":"category","embeddable":true,"href":"https:\/\/diariodelsurdigital.com.ar\/index.php?rest_route=%2Fwp%2Fv2%2Fcategories&post=4842"},{"taxonomy":"post_tag","embeddable":true,"href":"https:\/\/diariodelsurdigital.com.ar\/index.php?rest_route=%2Fwp%2Fv2%2Ftags&post=4842"}],"curies":[{"name":"wp","href":"https:\/\/api.w.org\/{rel}","templated":true}]}}