{"id":4845,"date":"2025-09-26T10:19:01","date_gmt":"2025-09-26T13:19:01","guid":{"rendered":"https:\/\/diariodelsurdigital.com.ar\/?p=4845"},"modified":"2025-09-26T10:19:02","modified_gmt":"2025-09-26T13:19:02","slug":"salarios-registrados-pierden-frente-a-la-inflacion-el-indice-general-crece-por-el-impulso-del-trabajo-en-negro","status":"publish","type":"post","link":"https:\/\/diariodelsurdigital.com.ar\/?p=4845","title":{"rendered":"Salarios registrados pierden frente a la inflaci\u00f3n: el \u00edndice general crece por el impulso del trabajo en negro"},"content":{"rendered":"\n<p>Para los trabajadores registrados privados, el aumento acumulado en los primeros siete meses del a\u00f1o qued\u00f3 por debajo de la inflaci\u00f3n: 16,2% es la suba de sueldos acumulada enero-julio, mientras que la inflaci\u00f3n fue del 17,3% en el mismo per\u00edodo.<\/p>\n\n\n\n<p><\/p>\n\n\n\n<p>La din\u00e1mica entre salarios e inflaci\u00f3n volvi\u00f3 a poner en evidencia la p\u00e9rdida de poder adquisitivo de los trabajadores registrados en Argentina. Seg\u00fan el Instituto Nacional de Estad\u00edstica y Censos (Indec), en julio de 2025 el \u00edndice de salarios acumul\u00f3 una suba del 23,7%. Mientras que el \u00cdndice de Precios al Consumidor (IPC) marc\u00f3 en el mismo per\u00edodo un 17,3%. Sin embargo, este aparente \u201cempate t\u00e9cnico\u201d esconde fuertes disparidades: el crecimiento del promedio salarial est\u00e1 fuertemente impulsado por los trabajadores del sector privado no registrado. Mientras que los empleados registrados, tanto privados como p\u00fablicos, se encuentran corriendo desde atr\u00e1s frente a la inflaci\u00f3n acumulada.<\/p>\n\n\n\n<p>Como indic\u00f3 el informe de salarios, el sector privado registrado mostr\u00f3 en los primeros siete meses del a\u00f1o una variaci\u00f3n acumulada de apenas 16,2%. Mientras que el sector p\u00fablico avanz\u00f3 19,1%, pero el subsector nacional lo hizo en un 11,2%. Ambos sectores juntos a su vez promedian un aumento acumulado del 17,1%. Todos guarismos que se ubican por debajo del 17,3% que registr\u00f3 el IPC en el mismo per\u00edodo. En t\u00e9rminos simples: los trabajadores formales vieron c\u00f3mo sus ingresos se deterioraron en relaci\u00f3n al aumento general de precios. Perdiendo as\u00ed capacidad de compra en alimentos, servicios b\u00e1sicos y bienes de consumo.<\/p>\n\n\n\n<p>El contraste se da con los salarios del sector privado no registrado, que acumularon en lo que va de 2025 una suba del 57,9%. Muy por encima de la inflaci\u00f3n y del resto de los segmentos laborales. Este salto extraordinario, asociado a la informalidad y a la falta de convenios colectivos, tiene un efecto estad\u00edstico directo. Eleva el promedio general del \u00edndice de salarios y da la impresi\u00f3n de una mejora m\u00e1s homog\u00e9nea de lo que realmente ocurre en el mercado laboral.<\/p>\n\n\n\n<p>Un \u00edndice de salarios que no refleja la realidad de los registrados<\/p>\n\n\n\n<p>La metodolog\u00eda del Indec pondera tres grandes componentes: 50,16% corresponde al sector privado registrado, 29,91% al sector p\u00fablico y 19,93% al sector privado no registrado. Esto significa que, pese a que los trabajadores informales no realizan aportes ni contribuciones a la seguridad social, su evoluci\u00f3n salarial tiene un peso importante en la estad\u00edstica general. As\u00ed, el \u00edndice total muestra un crecimiento acumulado de 23,7%, cifra que parecer\u00eda ubicar a los ingresos a la par o levemente por encima de la inflaci\u00f3n. Pero al desagregar los datos, queda claro que la mayor\u00eda de los asalariados registrados est\u00e1n por debajo de la l\u00ednea de precios.<\/p>\n\n\n\n<p>Este fen\u00f3meno genera una paradoja. Los indicadores oficiales informan un promedio que parece menos negativo. Pero los trabajadores formales, que gozan de estabilidad, aportes jubilatorios y cobertura social, perciben en sus bolsillos un deterioro real de su poder de compra. A su vez, la mayor suba en la informalidad no necesariamente implica una mejora genuina en las condiciones de vida. Ya que esos ingresos son vol\u00e1tiles, sin garant\u00eda de continuidad y sin acceso a derechos laborales b\u00e1sicos.<\/p>\n\n\n\n<p>La inflaci\u00f3n como tel\u00f3n de fondo<\/p>\n\n\n\n<p>En julio de 2025, la inflaci\u00f3n mensual fue del 1,9%, acumulando un 17,3% en lo que va del a\u00f1o y un 36,6% interanual. La divisi\u00f3n con mayor incidencia fue alimentos y bebidas no alcoh\u00f3licas, con un aumento de 1,9% en el mes y m\u00e1s del 30% en la comparaci\u00f3n interanual. Lo que golpea con m\u00e1s fuerza a los sectores de menores ingresos. A ello se suman los aumentos en vivienda, agua, electricidad y gas, con un alza interanual del 62%. Y en educaci\u00f3n, que acumul\u00f3 un 70,6% respecto de julio de 2024. Estos rubros resultan determinantes en el presupuesto de los hogares y terminan ampliando la brecha entre ingresos y gastos.<\/p>\n\n\n\n<p>Frente a este panorama, tanto el sector privado registrado como el p\u00fablico ven c\u00f3mo sus ajustes salariales quedan cortos frente al avance de los precios. Incluso en un a\u00f1o en el que la inflaci\u00f3n mostr\u00f3 cierta desaceleraci\u00f3n respecto de 2024. El alivio que podr\u00eda generar una inflaci\u00f3n mensual m\u00e1s baja se ve opacado por la persistente erosi\u00f3n de los salarios formales.<\/p>\n\n\n\n<p>Consecuencias sociales y econ\u00f3micas<\/p>\n\n\n\n<p>La p\u00e9rdida de poder adquisitivo de los salarios de los trabajadores registrados tiene varias implicancias. Por un lado, limita el consumo interno, ya que este sector concentra a los asalariados con mayor peso en la econom\u00eda formal. Por otro, genera tensiones en las negociaciones paritarias, donde sindicatos y gremios enfrentan la dificultad de cerrar acuerdos que permitan recomponer lo perdido frente a la inflaci\u00f3n.<\/p>\n\n\n\n<p>En el sector p\u00fablico, las diferencias entre el subsector nacional y el provincial son otro punto de atenci\u00f3n. Mientras los salarios nacionales acumulan apenas un 11,3% en lo que va del a\u00f1o, los provinciales trepan al 22,1%. Aunque ambos siguen por debajo de la inflaci\u00f3n. Esto abre la puerta a reclamos sindicales que podr\u00edan intensificarse en los pr\u00f3ximos meses.<\/p>\n\n\n\n<p>Al mismo tiempo, la expansi\u00f3n del sector no registrado como motor de los aumentos estad\u00edsticos refuerza la preocupaci\u00f3n por la precarizaci\u00f3n laboral. Si bien los ingresos informales parecen mejorar m\u00e1s r\u00e1pido que la inflaci\u00f3n, lo hacen en un contexto de inestabilidad y ausencia de derechos. Lo que los vuelve particularmente vulnerables a futuros shocks econ\u00f3micos, public\u00f3 Mundo Gremial.<\/p>\n\n\n\n<p><\/p>\n","protected":false},"excerpt":{"rendered":"<p>Para los trabajadores registrados privados, el aumento acumulado en los primeros siete meses del a\u00f1o qued\u00f3 por debajo de la inflaci\u00f3n: 16,2% es la suba de sueldos acumulada enero-julio, mientras que la inflaci\u00f3n fue del 17,3% en el mismo per\u00edodo. La din\u00e1mica entre salarios e inflaci\u00f3n volvi\u00f3 a poner en evidencia la p\u00e9rdida de poder [&hellip;]<\/p>\n","protected":false},"author":4,"featured_media":4846,"comment_status":"open","ping_status":"open","sticky":false,"template":"","format":"standard","meta":{"footnotes":""},"categories":[19,18],"tags":[],"class_list":{"0":"post-4845","1":"post","2":"type-post","3":"status-publish","4":"format-standard","5":"has-post-thumbnail","7":"category-interes-general","8":"category-nacionales"},"yoast_head":"<!-- This site is optimized with the Yoast SEO plugin v27.4 - https:\/\/yoast.com\/product\/yoast-seo-wordpress\/ -->\n<title>Salarios registrados pierden frente a la inflaci\u00f3n: el \u00edndice general crece por el impulso del trabajo en negro - Diario del Sur<\/title>\n<meta name=\"robots\" content=\"index, follow, max-snippet:-1, max-image-preview:large, max-video-preview:-1\" \/>\n<link rel=\"canonical\" href=\"https:\/\/diariodelsurdigital.com.ar\/?p=4845\" \/>\n<meta property=\"og:locale\" content=\"es_ES\" \/>\n<meta property=\"og:type\" content=\"article\" \/>\n<meta property=\"og:title\" content=\"Salarios registrados pierden frente a la inflaci\u00f3n: el \u00edndice general crece por el impulso del trabajo en negro - Diario del Sur\" \/>\n<meta property=\"og:description\" content=\"Para los trabajadores registrados privados, el aumento acumulado en los primeros siete meses del a\u00f1o qued\u00f3 por debajo de la inflaci\u00f3n: 16,2% es la suba de sueldos acumulada enero-julio, mientras que la inflaci\u00f3n fue del 17,3% en el mismo per\u00edodo. La din\u00e1mica entre salarios e inflaci\u00f3n volvi\u00f3 a poner en evidencia la p\u00e9rdida de poder [&hellip;]\" \/>\n<meta property=\"og:url\" content=\"https:\/\/diariodelsurdigital.com.ar\/?p=4845\" \/>\n<meta property=\"og:site_name\" content=\"Diario del Sur\" \/>\n<meta property=\"article:published_time\" content=\"2025-09-26T13:19:01+00:00\" \/>\n<meta property=\"article:modified_time\" content=\"2025-09-26T13:19:02+00:00\" \/>\n<meta property=\"og:image\" content=\"https:\/\/diariodelsurdigital.com.ar\/wp-content\/uploads\/2025\/09\/md-15-1.webp\" \/>\n\t<meta property=\"og:image:width\" content=\"992\" \/>\n\t<meta property=\"og:image:height\" content=\"609\" \/>\n\t<meta property=\"og:image:type\" content=\"image\/webp\" \/>\n<meta name=\"author\" content=\"Diario del Sur Digital\" \/>\n<meta name=\"twitter:card\" content=\"summary_large_image\" \/>\n<meta name=\"twitter:label1\" content=\"Escrito por\" \/>\n\t<meta name=\"twitter:data1\" content=\"Diario del Sur Digital\" \/>\n\t<meta name=\"twitter:label2\" content=\"Tiempo de lectura\" \/>\n\t<meta name=\"twitter:data2\" content=\"5 minutos\" \/>\n<script type=\"application\/ld+json\" class=\"yoast-schema-graph\">{\"@context\":\"https:\\\/\\\/schema.org\",\"@graph\":[{\"@type\":\"Article\",\"@id\":\"https:\\\/\\\/diariodelsurdigital.com.ar\\\/?p=4845#article\",\"isPartOf\":{\"@id\":\"https:\\\/\\\/diariodelsurdigital.com.ar\\\/?p=4845\"},\"author\":{\"name\":\"Diario del Sur Digital\",\"@id\":\"https:\\\/\\\/diariodelsurdigital.com.ar\\\/#\\\/schema\\\/person\\\/1a4992532ed62965c968031b49195c81\"},\"headline\":\"Salarios registrados pierden frente a la inflaci\u00f3n: el \u00edndice general crece por el impulso del trabajo en negro\",\"datePublished\":\"2025-09-26T13:19:01+00:00\",\"dateModified\":\"2025-09-26T13:19:02+00:00\",\"mainEntityOfPage\":{\"@id\":\"https:\\\/\\\/diariodelsurdigital.com.ar\\\/?p=4845\"},\"wordCount\":950,\"commentCount\":0,\"image\":{\"@id\":\"https:\\\/\\\/diariodelsurdigital.com.ar\\\/?p=4845#primaryimage\"},\"thumbnailUrl\":\"https:\\\/\\\/diariodelsurdigital.com.ar\\\/wp-content\\\/uploads\\\/2025\\\/09\\\/md-15-1.webp\",\"articleSection\":[\"Inter\u00e9s General\",\"Nacionales\"],\"inLanguage\":\"es\",\"potentialAction\":[{\"@type\":\"CommentAction\",\"name\":\"Comment\",\"target\":[\"https:\\\/\\\/diariodelsurdigital.com.ar\\\/?p=4845#respond\"]}]},{\"@type\":\"WebPage\",\"@id\":\"https:\\\/\\\/diariodelsurdigital.com.ar\\\/?p=4845\",\"url\":\"https:\\\/\\\/diariodelsurdigital.com.ar\\\/?p=4845\",\"name\":\"Salarios registrados pierden frente a la inflaci\u00f3n: el \u00edndice general crece por el impulso del trabajo en negro - Diario del Sur\",\"isPartOf\":{\"@id\":\"https:\\\/\\\/diariodelsurdigital.com.ar\\\/#website\"},\"primaryImageOfPage\":{\"@id\":\"https:\\\/\\\/diariodelsurdigital.com.ar\\\/?p=4845#primaryimage\"},\"image\":{\"@id\":\"https:\\\/\\\/diariodelsurdigital.com.ar\\\/?p=4845#primaryimage\"},\"thumbnailUrl\":\"https:\\\/\\\/diariodelsurdigital.com.ar\\\/wp-content\\\/uploads\\\/2025\\\/09\\\/md-15-1.webp\",\"datePublished\":\"2025-09-26T13:19:01+00:00\",\"dateModified\":\"2025-09-26T13:19:02+00:00\",\"author\":{\"@id\":\"https:\\\/\\\/diariodelsurdigital.com.ar\\\/#\\\/schema\\\/person\\\/1a4992532ed62965c968031b49195c81\"},\"breadcrumb\":{\"@id\":\"https:\\\/\\\/diariodelsurdigital.com.ar\\\/?p=4845#breadcrumb\"},\"inLanguage\":\"es\",\"potentialAction\":[{\"@type\":\"ReadAction\",\"target\":[\"https:\\\/\\\/diariodelsurdigital.com.ar\\\/?p=4845\"]}]},{\"@type\":\"ImageObject\",\"inLanguage\":\"es\",\"@id\":\"https:\\\/\\\/diariodelsurdigital.com.ar\\\/?p=4845#primaryimage\",\"url\":\"https:\\\/\\\/diariodelsurdigital.com.ar\\\/wp-content\\\/uploads\\\/2025\\\/09\\\/md-15-1.webp\",\"contentUrl\":\"https:\\\/\\\/diariodelsurdigital.com.ar\\\/wp-content\\\/uploads\\\/2025\\\/09\\\/md-15-1.webp\",\"width\":992,\"height\":609},{\"@type\":\"BreadcrumbList\",\"@id\":\"https:\\\/\\\/diariodelsurdigital.com.ar\\\/?p=4845#breadcrumb\",\"itemListElement\":[{\"@type\":\"ListItem\",\"position\":1,\"name\":\"Portada\",\"item\":\"https:\\\/\\\/diariodelsurdigital.com.ar\\\/\"},{\"@type\":\"ListItem\",\"position\":2,\"name\":\"Salarios registrados pierden frente a la inflaci\u00f3n: el \u00edndice general crece por el impulso del trabajo en negro\"}]},{\"@type\":\"WebSite\",\"@id\":\"https:\\\/\\\/diariodelsurdigital.com.ar\\\/#website\",\"url\":\"https:\\\/\\\/diariodelsurdigital.com.ar\\\/\",\"name\":\"Diario del Sur\",\"description\":\"Digital\",\"potentialAction\":[{\"@type\":\"SearchAction\",\"target\":{\"@type\":\"EntryPoint\",\"urlTemplate\":\"https:\\\/\\\/diariodelsurdigital.com.ar\\\/?s={search_term_string}\"},\"query-input\":{\"@type\":\"PropertyValueSpecification\",\"valueRequired\":true,\"valueName\":\"search_term_string\"}}],\"inLanguage\":\"es\"},{\"@type\":\"Person\",\"@id\":\"https:\\\/\\\/diariodelsurdigital.com.ar\\\/#\\\/schema\\\/person\\\/1a4992532ed62965c968031b49195c81\",\"name\":\"Diario del Sur Digital\",\"image\":{\"@type\":\"ImageObject\",\"inLanguage\":\"es\",\"@id\":\"https:\\\/\\\/secure.gravatar.com\\\/avatar\\\/f0c7c47fc7146d19828273b9b8eda651c9c7ab583767e6338d3d3bee825adf76?s=96&d=mm&r=g\",\"url\":\"https:\\\/\\\/secure.gravatar.com\\\/avatar\\\/f0c7c47fc7146d19828273b9b8eda651c9c7ab583767e6338d3d3bee825adf76?s=96&d=mm&r=g\",\"contentUrl\":\"https:\\\/\\\/secure.gravatar.com\\\/avatar\\\/f0c7c47fc7146d19828273b9b8eda651c9c7ab583767e6338d3d3bee825adf76?s=96&d=mm&r=g\",\"caption\":\"Diario del Sur Digital\"},\"url\":\"https:\\\/\\\/diariodelsurdigital.com.ar\\\/?author=4\"}]}<\/script>\n<!-- \/ Yoast SEO plugin. -->","yoast_head_json":{"title":"Salarios registrados pierden frente a la inflaci\u00f3n: el \u00edndice general crece por el impulso del trabajo en negro - Diario del Sur","robots":{"index":"index","follow":"follow","max-snippet":"max-snippet:-1","max-image-preview":"max-image-preview:large","max-video-preview":"max-video-preview:-1"},"canonical":"https:\/\/diariodelsurdigital.com.ar\/?p=4845","og_locale":"es_ES","og_type":"article","og_title":"Salarios registrados pierden frente a la inflaci\u00f3n: el \u00edndice general crece por el impulso del trabajo en negro - Diario del Sur","og_description":"Para los trabajadores registrados privados, el aumento acumulado en los primeros siete meses del a\u00f1o qued\u00f3 por debajo de la inflaci\u00f3n: 16,2% es la suba de sueldos acumulada enero-julio, mientras que la inflaci\u00f3n fue del 17,3% en el mismo per\u00edodo. La din\u00e1mica entre salarios e inflaci\u00f3n volvi\u00f3 a poner en evidencia la p\u00e9rdida de poder [&hellip;]","og_url":"https:\/\/diariodelsurdigital.com.ar\/?p=4845","og_site_name":"Diario del Sur","article_published_time":"2025-09-26T13:19:01+00:00","article_modified_time":"2025-09-26T13:19:02+00:00","og_image":[{"width":992,"height":609,"url":"https:\/\/diariodelsurdigital.com.ar\/wp-content\/uploads\/2025\/09\/md-15-1.webp","type":"image\/webp"}],"author":"Diario del Sur Digital","twitter_card":"summary_large_image","twitter_misc":{"Escrito por":"Diario del Sur Digital","Tiempo de lectura":"5 minutos"},"schema":{"@context":"https:\/\/schema.org","@graph":[{"@type":"Article","@id":"https:\/\/diariodelsurdigital.com.ar\/?p=4845#article","isPartOf":{"@id":"https:\/\/diariodelsurdigital.com.ar\/?p=4845"},"author":{"name":"Diario del Sur Digital","@id":"https:\/\/diariodelsurdigital.com.ar\/#\/schema\/person\/1a4992532ed62965c968031b49195c81"},"headline":"Salarios registrados pierden frente a la inflaci\u00f3n: el \u00edndice general crece por el impulso del trabajo en negro","datePublished":"2025-09-26T13:19:01+00:00","dateModified":"2025-09-26T13:19:02+00:00","mainEntityOfPage":{"@id":"https:\/\/diariodelsurdigital.com.ar\/?p=4845"},"wordCount":950,"commentCount":0,"image":{"@id":"https:\/\/diariodelsurdigital.com.ar\/?p=4845#primaryimage"},"thumbnailUrl":"https:\/\/diariodelsurdigital.com.ar\/wp-content\/uploads\/2025\/09\/md-15-1.webp","articleSection":["Inter\u00e9s General","Nacionales"],"inLanguage":"es","potentialAction":[{"@type":"CommentAction","name":"Comment","target":["https:\/\/diariodelsurdigital.com.ar\/?p=4845#respond"]}]},{"@type":"WebPage","@id":"https:\/\/diariodelsurdigital.com.ar\/?p=4845","url":"https:\/\/diariodelsurdigital.com.ar\/?p=4845","name":"Salarios registrados pierden frente a la inflaci\u00f3n: el \u00edndice general crece por el impulso del trabajo en negro - Diario del Sur","isPartOf":{"@id":"https:\/\/diariodelsurdigital.com.ar\/#website"},"primaryImageOfPage":{"@id":"https:\/\/diariodelsurdigital.com.ar\/?p=4845#primaryimage"},"image":{"@id":"https:\/\/diariodelsurdigital.com.ar\/?p=4845#primaryimage"},"thumbnailUrl":"https:\/\/diariodelsurdigital.com.ar\/wp-content\/uploads\/2025\/09\/md-15-1.webp","datePublished":"2025-09-26T13:19:01+00:00","dateModified":"2025-09-26T13:19:02+00:00","author":{"@id":"https:\/\/diariodelsurdigital.com.ar\/#\/schema\/person\/1a4992532ed62965c968031b49195c81"},"breadcrumb":{"@id":"https:\/\/diariodelsurdigital.com.ar\/?p=4845#breadcrumb"},"inLanguage":"es","potentialAction":[{"@type":"ReadAction","target":["https:\/\/diariodelsurdigital.com.ar\/?p=4845"]}]},{"@type":"ImageObject","inLanguage":"es","@id":"https:\/\/diariodelsurdigital.com.ar\/?p=4845#primaryimage","url":"https:\/\/diariodelsurdigital.com.ar\/wp-content\/uploads\/2025\/09\/md-15-1.webp","contentUrl":"https:\/\/diariodelsurdigital.com.ar\/wp-content\/uploads\/2025\/09\/md-15-1.webp","width":992,"height":609},{"@type":"BreadcrumbList","@id":"https:\/\/diariodelsurdigital.com.ar\/?p=4845#breadcrumb","itemListElement":[{"@type":"ListItem","position":1,"name":"Portada","item":"https:\/\/diariodelsurdigital.com.ar\/"},{"@type":"ListItem","position":2,"name":"Salarios registrados pierden frente a la inflaci\u00f3n: el \u00edndice general crece por el impulso del trabajo en negro"}]},{"@type":"WebSite","@id":"https:\/\/diariodelsurdigital.com.ar\/#website","url":"https:\/\/diariodelsurdigital.com.ar\/","name":"Diario del Sur","description":"Digital","potentialAction":[{"@type":"SearchAction","target":{"@type":"EntryPoint","urlTemplate":"https:\/\/diariodelsurdigital.com.ar\/?s={search_term_string}"},"query-input":{"@type":"PropertyValueSpecification","valueRequired":true,"valueName":"search_term_string"}}],"inLanguage":"es"},{"@type":"Person","@id":"https:\/\/diariodelsurdigital.com.ar\/#\/schema\/person\/1a4992532ed62965c968031b49195c81","name":"Diario del Sur Digital","image":{"@type":"ImageObject","inLanguage":"es","@id":"https:\/\/secure.gravatar.com\/avatar\/f0c7c47fc7146d19828273b9b8eda651c9c7ab583767e6338d3d3bee825adf76?s=96&d=mm&r=g","url":"https:\/\/secure.gravatar.com\/avatar\/f0c7c47fc7146d19828273b9b8eda651c9c7ab583767e6338d3d3bee825adf76?s=96&d=mm&r=g","contentUrl":"https:\/\/secure.gravatar.com\/avatar\/f0c7c47fc7146d19828273b9b8eda651c9c7ab583767e6338d3d3bee825adf76?s=96&d=mm&r=g","caption":"Diario del Sur Digital"},"url":"https:\/\/diariodelsurdigital.com.ar\/?author=4"}]}},"_links":{"self":[{"href":"https:\/\/diariodelsurdigital.com.ar\/index.php?rest_route=\/wp\/v2\/posts\/4845","targetHints":{"allow":["GET"]}}],"collection":[{"href":"https:\/\/diariodelsurdigital.com.ar\/index.php?rest_route=\/wp\/v2\/posts"}],"about":[{"href":"https:\/\/diariodelsurdigital.com.ar\/index.php?rest_route=\/wp\/v2\/types\/post"}],"author":[{"embeddable":true,"href":"https:\/\/diariodelsurdigital.com.ar\/index.php?rest_route=\/wp\/v2\/users\/4"}],"replies":[{"embeddable":true,"href":"https:\/\/diariodelsurdigital.com.ar\/index.php?rest_route=%2Fwp%2Fv2%2Fcomments&post=4845"}],"version-history":[{"count":1,"href":"https:\/\/diariodelsurdigital.com.ar\/index.php?rest_route=\/wp\/v2\/posts\/4845\/revisions"}],"predecessor-version":[{"id":4847,"href":"https:\/\/diariodelsurdigital.com.ar\/index.php?rest_route=\/wp\/v2\/posts\/4845\/revisions\/4847"}],"wp:featuredmedia":[{"embeddable":true,"href":"https:\/\/diariodelsurdigital.com.ar\/index.php?rest_route=\/wp\/v2\/media\/4846"}],"wp:attachment":[{"href":"https:\/\/diariodelsurdigital.com.ar\/index.php?rest_route=%2Fwp%2Fv2%2Fmedia&parent=4845"}],"wp:term":[{"taxonomy":"category","embeddable":true,"href":"https:\/\/diariodelsurdigital.com.ar\/index.php?rest_route=%2Fwp%2Fv2%2Fcategories&post=4845"},{"taxonomy":"post_tag","embeddable":true,"href":"https:\/\/diariodelsurdigital.com.ar\/index.php?rest_route=%2Fwp%2Fv2%2Ftags&post=4845"}],"curies":[{"name":"wp","href":"https:\/\/api.w.org\/{rel}","templated":true}]}}