{"id":4848,"date":"2025-09-26T10:26:18","date_gmt":"2025-09-26T13:26:18","guid":{"rendered":"https:\/\/diariodelsurdigital.com.ar\/?p=4848"},"modified":"2025-09-26T10:26:19","modified_gmt":"2025-09-26T13:26:19","slug":"se-realizara-este-viernes-el-primer-encuentro-regional-artiguista-en-puerto-yerua","status":"publish","type":"post","link":"https:\/\/diariodelsurdigital.com.ar\/?p=4848","title":{"rendered":"Se realizar\u00e1 este viernes el Primer Encuentro Regional Artiguista en Puerto Yeru\u00e1"},"content":{"rendered":"\n<p><\/p>\n\n\n\n<p>Este viernes, 26 de setiembre, a partir de las 17 horas, se realizar\u00e1 en Puerto Yeru\u00e1 el Primer Encuentro Regional Artiguista,<\/p>\n\n\n\n<p>El c\u00f3nclave tiene como fin el rescate hist\u00f3rico del \u201cIdeario artiguista\u201d, la revalorizaci\u00f3n de los procesos fundacionales de nuestra identidad federal, a 210 a\u00f1os de la fundaci\u00f3n de Purificaci\u00f3n, frente a Puerto Yeru\u00e1. Un legado que, a pesar de su innegable impacto en la con formaci\u00f3n de la regi\u00f3n, ha sido hist\u00f3ricamente matizado por lecturas sesgadas o incompletas.<\/p>\n\n\n\n<p><strong>Cronograma de Actividades<\/strong><\/p>\n\n\n\n<p><strong>17 horas:<\/strong> Descubrimiento de un cartel en el ingreso de Puerto Yeru\u00e1, en homenaje al general, Jos\u00e9 Gervasio Artigas, Protector de los Pueblos Libres a 175 a\u00f1os de su fallecimiento y a 210 a\u00f1os de la fundaci\u00f3n del campamento de Villa Purificaci\u00f3n.<\/p>\n\n\n\n<p><strong>18 horas:<\/strong> Presentaci\u00f3n del libro \u201cEl Ideario de Artigas\u201d, en el Complejo Costanera (Quincho) de Puerto Yeru\u00e1<\/p>\n\n\n\n<p>Palabras de bienvenida a cargo del presidente de la Asociaci\u00f3n Artiguista de la Regi\u00f3n de Salto Grande, Prof. Rub\u00e9n Bonelli. Presentaci\u00f3n del libro \u201cEl Ideario Artiguista\u201d de los autores, Lic. Gladis Balbi, Prof. Alejandro Richardet y su colaborador, Dr, Mario Cama\u00f1o. Palabras a cargo del lic. Fabi\u00e1n Mu\u00f1oz Rojo, como miembro del CAOR, Centro Artiguista Oriental y Regional. Breves palabras a cargo de la Dra, Carolina Gaillard.<\/p>\n\n\n\n<p><strong>19 horas:<\/strong> Espacio para preguntas, respuestas y reflexiones.<\/p>\n\n\n\n<p><strong>20 horas:<\/strong> Actuaci\u00f3n art\u00edstica de Nativos del Yeru\u00e1 y el grupo \u201cLa Banda Oriental\u201d, con Dar\u00edo Echeverr\u00eda (voz), Flavio Vald\u00e9z (guitarra) y Diego Franco (percusi\u00f3n).<\/p>\n","protected":false},"excerpt":{"rendered":"<p>Este viernes, 26 de setiembre, a partir de las 17 horas, se realizar\u00e1 en Puerto Yeru\u00e1 el Primer Encuentro Regional Artiguista, El c\u00f3nclave tiene como fin el rescate hist\u00f3rico del \u201cIdeario artiguista\u201d, la revalorizaci\u00f3n de los procesos fundacionales de nuestra identidad federal, a 210 a\u00f1os de la fundaci\u00f3n de Purificaci\u00f3n, frente a Puerto Yeru\u00e1. Un [&hellip;]<\/p>\n","protected":false},"author":2,"featured_media":4849,"comment_status":"open","ping_status":"open","sticky":false,"template":"","format":"standard","meta":{"footnotes":""},"categories":[16],"tags":[],"class_list":{"0":"post-4848","1":"post","2":"type-post","3":"status-publish","4":"format-standard","5":"has-post-thumbnail","7":"category-locales"},"yoast_head":"<!-- This site is optimized with the Yoast SEO plugin v27.4 - https:\/\/yoast.com\/product\/yoast-seo-wordpress\/ -->\n<title>Se realizar\u00e1 este viernes el Primer Encuentro Regional Artiguista en Puerto Yeru\u00e1 - Diario del Sur<\/title>\n<meta name=\"robots\" content=\"index, follow, max-snippet:-1, max-image-preview:large, max-video-preview:-1\" \/>\n<link rel=\"canonical\" href=\"https:\/\/diariodelsurdigital.com.ar\/?p=4848\" \/>\n<meta property=\"og:locale\" content=\"es_ES\" \/>\n<meta property=\"og:type\" content=\"article\" \/>\n<meta property=\"og:title\" content=\"Se realizar\u00e1 este viernes el Primer Encuentro Regional Artiguista en Puerto Yeru\u00e1 - Diario del Sur\" \/>\n<meta property=\"og:description\" content=\"Este viernes, 26 de setiembre, a partir de las 17 horas, se realizar\u00e1 en Puerto Yeru\u00e1 el Primer Encuentro Regional Artiguista, El c\u00f3nclave tiene como fin el rescate hist\u00f3rico del \u201cIdeario artiguista\u201d, la revalorizaci\u00f3n de los procesos fundacionales de nuestra identidad federal, a 210 a\u00f1os de la fundaci\u00f3n de Purificaci\u00f3n, frente a Puerto Yeru\u00e1. Un [&hellip;]\" \/>\n<meta property=\"og:url\" content=\"https:\/\/diariodelsurdigital.com.ar\/?p=4848\" \/>\n<meta property=\"og:site_name\" content=\"Diario del Sur\" \/>\n<meta property=\"article:published_time\" content=\"2025-09-26T13:26:18+00:00\" \/>\n<meta property=\"article:modified_time\" content=\"2025-09-26T13:26:19+00:00\" \/>\n<meta property=\"og:image\" content=\"https:\/\/diariodelsurdigital.com.ar\/wp-content\/uploads\/2025\/09\/Imagen-de-WhatsApp-2025-09-21-a-las-16.50.50_ead3b5ba.jpg\" \/>\n\t<meta property=\"og:image:width\" content=\"350\" \/>\n\t<meta property=\"og:image:height\" content=\"360\" \/>\n\t<meta property=\"og:image:type\" content=\"image\/jpeg\" \/>\n<meta name=\"author\" content=\"Diario del Sur Digital\" \/>\n<meta name=\"twitter:card\" content=\"summary_large_image\" \/>\n<meta name=\"twitter:label1\" content=\"Escrito por\" \/>\n\t<meta name=\"twitter:data1\" content=\"Diario del Sur Digital\" \/>\n\t<meta name=\"twitter:label2\" content=\"Tiempo de lectura\" \/>\n\t<meta name=\"twitter:data2\" content=\"2 minutos\" \/>\n<script type=\"application\/ld+json\" class=\"yoast-schema-graph\">{\"@context\":\"https:\\\/\\\/schema.org\",\"@graph\":[{\"@type\":\"Article\",\"@id\":\"https:\\\/\\\/diariodelsurdigital.com.ar\\\/?p=4848#article\",\"isPartOf\":{\"@id\":\"https:\\\/\\\/diariodelsurdigital.com.ar\\\/?p=4848\"},\"author\":{\"name\":\"Diario del Sur Digital\",\"@id\":\"https:\\\/\\\/diariodelsurdigital.com.ar\\\/#\\\/schema\\\/person\\\/6136a32571657f7dba980b88b04c5465\"},\"headline\":\"Se realizar\u00e1 este viernes el Primer Encuentro Regional Artiguista en Puerto Yeru\u00e1\",\"datePublished\":\"2025-09-26T13:26:18+00:00\",\"dateModified\":\"2025-09-26T13:26:19+00:00\",\"mainEntityOfPage\":{\"@id\":\"https:\\\/\\\/diariodelsurdigital.com.ar\\\/?p=4848\"},\"wordCount\":271,\"commentCount\":1,\"image\":{\"@id\":\"https:\\\/\\\/diariodelsurdigital.com.ar\\\/?p=4848#primaryimage\"},\"thumbnailUrl\":\"https:\\\/\\\/diariodelsurdigital.com.ar\\\/wp-content\\\/uploads\\\/2025\\\/09\\\/Imagen-de-WhatsApp-2025-09-21-a-las-16.50.50_ead3b5ba.jpg\",\"articleSection\":[\"Locales\"],\"inLanguage\":\"es\",\"potentialAction\":[{\"@type\":\"CommentAction\",\"name\":\"Comment\",\"target\":[\"https:\\\/\\\/diariodelsurdigital.com.ar\\\/?p=4848#respond\"]}]},{\"@type\":\"WebPage\",\"@id\":\"https:\\\/\\\/diariodelsurdigital.com.ar\\\/?p=4848\",\"url\":\"https:\\\/\\\/diariodelsurdigital.com.ar\\\/?p=4848\",\"name\":\"Se realizar\u00e1 este viernes el Primer Encuentro Regional Artiguista en Puerto Yeru\u00e1 - Diario del Sur\",\"isPartOf\":{\"@id\":\"https:\\\/\\\/diariodelsurdigital.com.ar\\\/#website\"},\"primaryImageOfPage\":{\"@id\":\"https:\\\/\\\/diariodelsurdigital.com.ar\\\/?p=4848#primaryimage\"},\"image\":{\"@id\":\"https:\\\/\\\/diariodelsurdigital.com.ar\\\/?p=4848#primaryimage\"},\"thumbnailUrl\":\"https:\\\/\\\/diariodelsurdigital.com.ar\\\/wp-content\\\/uploads\\\/2025\\\/09\\\/Imagen-de-WhatsApp-2025-09-21-a-las-16.50.50_ead3b5ba.jpg\",\"datePublished\":\"2025-09-26T13:26:18+00:00\",\"dateModified\":\"2025-09-26T13:26:19+00:00\",\"author\":{\"@id\":\"https:\\\/\\\/diariodelsurdigital.com.ar\\\/#\\\/schema\\\/person\\\/6136a32571657f7dba980b88b04c5465\"},\"breadcrumb\":{\"@id\":\"https:\\\/\\\/diariodelsurdigital.com.ar\\\/?p=4848#breadcrumb\"},\"inLanguage\":\"es\",\"potentialAction\":[{\"@type\":\"ReadAction\",\"target\":[\"https:\\\/\\\/diariodelsurdigital.com.ar\\\/?p=4848\"]}]},{\"@type\":\"ImageObject\",\"inLanguage\":\"es\",\"@id\":\"https:\\\/\\\/diariodelsurdigital.com.ar\\\/?p=4848#primaryimage\",\"url\":\"https:\\\/\\\/diariodelsurdigital.com.ar\\\/wp-content\\\/uploads\\\/2025\\\/09\\\/Imagen-de-WhatsApp-2025-09-21-a-las-16.50.50_ead3b5ba.jpg\",\"contentUrl\":\"https:\\\/\\\/diariodelsurdigital.com.ar\\\/wp-content\\\/uploads\\\/2025\\\/09\\\/Imagen-de-WhatsApp-2025-09-21-a-las-16.50.50_ead3b5ba.jpg\",\"width\":350,\"height\":360},{\"@type\":\"BreadcrumbList\",\"@id\":\"https:\\\/\\\/diariodelsurdigital.com.ar\\\/?p=4848#breadcrumb\",\"itemListElement\":[{\"@type\":\"ListItem\",\"position\":1,\"name\":\"Portada\",\"item\":\"https:\\\/\\\/diariodelsurdigital.com.ar\\\/\"},{\"@type\":\"ListItem\",\"position\":2,\"name\":\"Se realizar\u00e1 este viernes el Primer Encuentro Regional Artiguista en Puerto Yeru\u00e1\"}]},{\"@type\":\"WebSite\",\"@id\":\"https:\\\/\\\/diariodelsurdigital.com.ar\\\/#website\",\"url\":\"https:\\\/\\\/diariodelsurdigital.com.ar\\\/\",\"name\":\"Diario del Sur\",\"description\":\"Digital\",\"potentialAction\":[{\"@type\":\"SearchAction\",\"target\":{\"@type\":\"EntryPoint\",\"urlTemplate\":\"https:\\\/\\\/diariodelsurdigital.com.ar\\\/?s={search_term_string}\"},\"query-input\":{\"@type\":\"PropertyValueSpecification\",\"valueRequired\":true,\"valueName\":\"search_term_string\"}}],\"inLanguage\":\"es\"},{\"@type\":\"Person\",\"@id\":\"https:\\\/\\\/diariodelsurdigital.com.ar\\\/#\\\/schema\\\/person\\\/6136a32571657f7dba980b88b04c5465\",\"name\":\"Diario del Sur Digital\",\"image\":{\"@type\":\"ImageObject\",\"inLanguage\":\"es\",\"@id\":\"https:\\\/\\\/secure.gravatar.com\\\/avatar\\\/4c29ceac98541dd42460b2474aaa5dd37594d6ce6cb3cf2c101d09b48ee287ba?s=96&d=mm&r=g\",\"url\":\"https:\\\/\\\/secure.gravatar.com\\\/avatar\\\/4c29ceac98541dd42460b2474aaa5dd37594d6ce6cb3cf2c101d09b48ee287ba?s=96&d=mm&r=g\",\"contentUrl\":\"https:\\\/\\\/secure.gravatar.com\\\/avatar\\\/4c29ceac98541dd42460b2474aaa5dd37594d6ce6cb3cf2c101d09b48ee287ba?s=96&d=mm&r=g\",\"caption\":\"Diario del Sur Digital\"},\"url\":\"https:\\\/\\\/diariodelsurdigital.com.ar\\\/?author=2\"}]}<\/script>\n<!-- \/ Yoast SEO plugin. -->","yoast_head_json":{"title":"Se realizar\u00e1 este viernes el Primer Encuentro Regional Artiguista en Puerto Yeru\u00e1 - Diario del Sur","robots":{"index":"index","follow":"follow","max-snippet":"max-snippet:-1","max-image-preview":"max-image-preview:large","max-video-preview":"max-video-preview:-1"},"canonical":"https:\/\/diariodelsurdigital.com.ar\/?p=4848","og_locale":"es_ES","og_type":"article","og_title":"Se realizar\u00e1 este viernes el Primer Encuentro Regional Artiguista en Puerto Yeru\u00e1 - Diario del Sur","og_description":"Este viernes, 26 de setiembre, a partir de las 17 horas, se realizar\u00e1 en Puerto Yeru\u00e1 el Primer Encuentro Regional Artiguista, El c\u00f3nclave tiene como fin el rescate hist\u00f3rico del \u201cIdeario artiguista\u201d, la revalorizaci\u00f3n de los procesos fundacionales de nuestra identidad federal, a 210 a\u00f1os de la fundaci\u00f3n de Purificaci\u00f3n, frente a Puerto Yeru\u00e1. Un [&hellip;]","og_url":"https:\/\/diariodelsurdigital.com.ar\/?p=4848","og_site_name":"Diario del Sur","article_published_time":"2025-09-26T13:26:18+00:00","article_modified_time":"2025-09-26T13:26:19+00:00","og_image":[{"width":350,"height":360,"url":"https:\/\/diariodelsurdigital.com.ar\/wp-content\/uploads\/2025\/09\/Imagen-de-WhatsApp-2025-09-21-a-las-16.50.50_ead3b5ba.jpg","type":"image\/jpeg"}],"author":"Diario del Sur Digital","twitter_card":"summary_large_image","twitter_misc":{"Escrito por":"Diario del Sur Digital","Tiempo de lectura":"2 minutos"},"schema":{"@context":"https:\/\/schema.org","@graph":[{"@type":"Article","@id":"https:\/\/diariodelsurdigital.com.ar\/?p=4848#article","isPartOf":{"@id":"https:\/\/diariodelsurdigital.com.ar\/?p=4848"},"author":{"name":"Diario del Sur Digital","@id":"https:\/\/diariodelsurdigital.com.ar\/#\/schema\/person\/6136a32571657f7dba980b88b04c5465"},"headline":"Se realizar\u00e1 este viernes el Primer Encuentro Regional Artiguista en Puerto Yeru\u00e1","datePublished":"2025-09-26T13:26:18+00:00","dateModified":"2025-09-26T13:26:19+00:00","mainEntityOfPage":{"@id":"https:\/\/diariodelsurdigital.com.ar\/?p=4848"},"wordCount":271,"commentCount":1,"image":{"@id":"https:\/\/diariodelsurdigital.com.ar\/?p=4848#primaryimage"},"thumbnailUrl":"https:\/\/diariodelsurdigital.com.ar\/wp-content\/uploads\/2025\/09\/Imagen-de-WhatsApp-2025-09-21-a-las-16.50.50_ead3b5ba.jpg","articleSection":["Locales"],"inLanguage":"es","potentialAction":[{"@type":"CommentAction","name":"Comment","target":["https:\/\/diariodelsurdigital.com.ar\/?p=4848#respond"]}]},{"@type":"WebPage","@id":"https:\/\/diariodelsurdigital.com.ar\/?p=4848","url":"https:\/\/diariodelsurdigital.com.ar\/?p=4848","name":"Se realizar\u00e1 este viernes el Primer Encuentro Regional Artiguista en Puerto Yeru\u00e1 - Diario del Sur","isPartOf":{"@id":"https:\/\/diariodelsurdigital.com.ar\/#website"},"primaryImageOfPage":{"@id":"https:\/\/diariodelsurdigital.com.ar\/?p=4848#primaryimage"},"image":{"@id":"https:\/\/diariodelsurdigital.com.ar\/?p=4848#primaryimage"},"thumbnailUrl":"https:\/\/diariodelsurdigital.com.ar\/wp-content\/uploads\/2025\/09\/Imagen-de-WhatsApp-2025-09-21-a-las-16.50.50_ead3b5ba.jpg","datePublished":"2025-09-26T13:26:18+00:00","dateModified":"2025-09-26T13:26:19+00:00","author":{"@id":"https:\/\/diariodelsurdigital.com.ar\/#\/schema\/person\/6136a32571657f7dba980b88b04c5465"},"breadcrumb":{"@id":"https:\/\/diariodelsurdigital.com.ar\/?p=4848#breadcrumb"},"inLanguage":"es","potentialAction":[{"@type":"ReadAction","target":["https:\/\/diariodelsurdigital.com.ar\/?p=4848"]}]},{"@type":"ImageObject","inLanguage":"es","@id":"https:\/\/diariodelsurdigital.com.ar\/?p=4848#primaryimage","url":"https:\/\/diariodelsurdigital.com.ar\/wp-content\/uploads\/2025\/09\/Imagen-de-WhatsApp-2025-09-21-a-las-16.50.50_ead3b5ba.jpg","contentUrl":"https:\/\/diariodelsurdigital.com.ar\/wp-content\/uploads\/2025\/09\/Imagen-de-WhatsApp-2025-09-21-a-las-16.50.50_ead3b5ba.jpg","width":350,"height":360},{"@type":"BreadcrumbList","@id":"https:\/\/diariodelsurdigital.com.ar\/?p=4848#breadcrumb","itemListElement":[{"@type":"ListItem","position":1,"name":"Portada","item":"https:\/\/diariodelsurdigital.com.ar\/"},{"@type":"ListItem","position":2,"name":"Se realizar\u00e1 este viernes el Primer Encuentro Regional Artiguista en Puerto Yeru\u00e1"}]},{"@type":"WebSite","@id":"https:\/\/diariodelsurdigital.com.ar\/#website","url":"https:\/\/diariodelsurdigital.com.ar\/","name":"Diario del Sur","description":"Digital","potentialAction":[{"@type":"SearchAction","target":{"@type":"EntryPoint","urlTemplate":"https:\/\/diariodelsurdigital.com.ar\/?s={search_term_string}"},"query-input":{"@type":"PropertyValueSpecification","valueRequired":true,"valueName":"search_term_string"}}],"inLanguage":"es"},{"@type":"Person","@id":"https:\/\/diariodelsurdigital.com.ar\/#\/schema\/person\/6136a32571657f7dba980b88b04c5465","name":"Diario del Sur Digital","image":{"@type":"ImageObject","inLanguage":"es","@id":"https:\/\/secure.gravatar.com\/avatar\/4c29ceac98541dd42460b2474aaa5dd37594d6ce6cb3cf2c101d09b48ee287ba?s=96&d=mm&r=g","url":"https:\/\/secure.gravatar.com\/avatar\/4c29ceac98541dd42460b2474aaa5dd37594d6ce6cb3cf2c101d09b48ee287ba?s=96&d=mm&r=g","contentUrl":"https:\/\/secure.gravatar.com\/avatar\/4c29ceac98541dd42460b2474aaa5dd37594d6ce6cb3cf2c101d09b48ee287ba?s=96&d=mm&r=g","caption":"Diario del Sur Digital"},"url":"https:\/\/diariodelsurdigital.com.ar\/?author=2"}]}},"_links":{"self":[{"href":"https:\/\/diariodelsurdigital.com.ar\/index.php?rest_route=\/wp\/v2\/posts\/4848","targetHints":{"allow":["GET"]}}],"collection":[{"href":"https:\/\/diariodelsurdigital.com.ar\/index.php?rest_route=\/wp\/v2\/posts"}],"about":[{"href":"https:\/\/diariodelsurdigital.com.ar\/index.php?rest_route=\/wp\/v2\/types\/post"}],"author":[{"embeddable":true,"href":"https:\/\/diariodelsurdigital.com.ar\/index.php?rest_route=\/wp\/v2\/users\/2"}],"replies":[{"embeddable":true,"href":"https:\/\/diariodelsurdigital.com.ar\/index.php?rest_route=%2Fwp%2Fv2%2Fcomments&post=4848"}],"version-history":[{"count":1,"href":"https:\/\/diariodelsurdigital.com.ar\/index.php?rest_route=\/wp\/v2\/posts\/4848\/revisions"}],"predecessor-version":[{"id":4850,"href":"https:\/\/diariodelsurdigital.com.ar\/index.php?rest_route=\/wp\/v2\/posts\/4848\/revisions\/4850"}],"wp:featuredmedia":[{"embeddable":true,"href":"https:\/\/diariodelsurdigital.com.ar\/index.php?rest_route=\/wp\/v2\/media\/4849"}],"wp:attachment":[{"href":"https:\/\/diariodelsurdigital.com.ar\/index.php?rest_route=%2Fwp%2Fv2%2Fmedia&parent=4848"}],"wp:term":[{"taxonomy":"category","embeddable":true,"href":"https:\/\/diariodelsurdigital.com.ar\/index.php?rest_route=%2Fwp%2Fv2%2Fcategories&post=4848"},{"taxonomy":"post_tag","embeddable":true,"href":"https:\/\/diariodelsurdigital.com.ar\/index.php?rest_route=%2Fwp%2Fv2%2Ftags&post=4848"}],"curies":[{"name":"wp","href":"https:\/\/api.w.org\/{rel}","templated":true}]}}