{"id":4858,"date":"2025-09-28T22:51:08","date_gmt":"2025-09-29T01:51:08","guid":{"rendered":"https:\/\/diariodelsurdigital.com.ar\/?p=4858"},"modified":"2025-09-28T23:06:25","modified_gmt":"2025-09-29T02:06:25","slug":"exitoso-primer-encuentro-regional-artiguista-en-la-localidad-de-puerto-yerua","status":"publish","type":"post","link":"https:\/\/diariodelsurdigital.com.ar\/?p=4858","title":{"rendered":"Exitoso Primer Encuentro Regional Artiguista en la localidad de Puerto Yeru\u00e1"},"content":{"rendered":"\n<p><\/p>\n\n\n\n<p>Durante la tarde de este viernes, 26 de septiembre, se dio inicio en Puerto Yeru\u00e1 a una jornada dedicada al General Jos\u00e9 Gervasio Artigas. En el camino de ingreso a la localidad, se inaugur\u00f3 un cartel de grandes dimensiones en conmemoraci\u00f3n de los 210 a\u00f1os de creaci\u00f3n del Campamento de Purificaci\u00f3n (frente a Puerto Yeru\u00e1) con la frase \u201cArtigas Siempre Vuelve\u201d y se present\u00f3 el libro \u00abEl Ideario Artiguista\u00bb de los autores, prof. Alejandro Richardet y la prof. Gladis Balbi, quienes, adem\u00e1s, contaron con la colaboraci\u00f3n del Dr Mario Cama\u00f1o. Al pie del cartel, hicieron uso de la palabra, el artista pl\u00e1stico, Nicol\u00e1s Pasarella, el profesor H\u00e9ctor O\u00f1ate, Luis Penco y Julio Edelcopp.<\/p>\n\n\n\n<p>Luego de que el Presidente de la Asociaci\u00f3n Artiguista, Profesor Rub\u00e9n Bonelli Igarz\u00e1bal diera unas palabras de bienvenida, los presentes se dirigieron al quincho Complejo Costanera, donde fueron recibidos por \u00abCandombe de la Estaci\u00f3n\u00bb, quien al ritmo de los tamborines y con su alegre expresi\u00f3n, nos remont\u00f3 a la historia, de las montoneras artiguistas, donde una de las caracter\u00edsticas m\u00e1s emblem\u00e1ticas era la de ser un ej\u00e9rcito pluricultural compuesta por negros, zambos, mulatos, criollos, gauchos, comunidades originarias como los charr\u00faas y guaran\u00edes, entre otros.<\/p>\n\n\n\n<p>VIDEO: <a href=\"https:\/\/www.youtube.com\/watch?v=PI6Twsmm8-g\"> https:\/\/www.youtube.com\/watch?v=PI6Twsmm8-g<\/a><\/p>\n\n\n\n<p>Los autores del libro El Ideario Artiguista, Richardet y Balbi, abrieron la jornada contando a la audiencia sobre el contenido y la importancia del mismo. Hicieron menci\u00f3n sobre el importante aporte de sus colabores, el Dr Mario Cama\u00f1o y la Dra. Carolina Gaillard, seguido por un video, que hizo emocionar a m\u00e1s de uno. Tambi\u00e9n se anunci\u00f3 un saludo del Lic. Fabi\u00e1n Mu\u00f1oz Rojo, miembro del CAOR (Centro Artiguista Oriental y Regional) de la Rep\u00fablica Oriental del Uruguay.<\/p>\n\n\n\n<p>Al iniciarse la noche, se hicieron presente con su m\u00fasica el tr\u00edo \u00abLa Banda Oriental\u00bb con la voz de de Dar\u00edo Echeverr\u00eda Hornes, Flavio Vald\u00e9z en la guitarra, y Diego Franco en la percusi\u00f3n.<\/p>\n\n\n\n<p>La Asociaci\u00f3n Artiguista, hizo entrega de Reconocimientos a diferentes Instituciones de la comunidad, en agradecimiento por sus aportes en consonancia con el Ideario de Artigas.<\/p>\n\n\n\n<p>Como cierre, deleitaron con su danza el Ballet \u00abNativos del Yeru\u00e1\u00bb a cargo de Guada Ben\u00edtez y Dante Viera.<\/p>\n\n\n\n<p>El Primer Encuentro Regional Artiguista, fue Declarado de Inter\u00e9s Educativo por la Direcci\u00f3n Departamental de Escuelas, a trav\u00e9s de su Director Profesor Jos\u00e9 Luis Ferrari, por promover el conocimiento cr\u00edtico de la historia regional y nacional, por fomentar valores democr\u00e1ticos y de soberan\u00eda, y por propiciar un espacio de debate y \u00abdesmitificaci\u00f3n\u00bb en torno a la figura de Artigas, contextualiz\u00e1ndolo como Protector de los Pueblos Libres y trascendiendo a las versiones restrictivas.<\/p>\n\n\n\n<p>Como nada se hace solo, y menos aquellas acciones que benefician a una comunidad en su conjunto, desde la Asociaci\u00f3n Artiguista se agradeci\u00f3 a todos los que, con su aporte hicieron posible este evento binacional. Se destac\u00f3 la colaboraci\u00f3n de, Carolina Gaillard, Nacho Monn\u00e1, Jorge Barreto, Ludmila Fern\u00e1ndez, Gustavo Castro, Nadia Rameri, Romina Amengual, Fernando Serantes, Nahuel Mieres, Lorena Vilche, Fito Mahler, Rub\u00e9n Esteche, Mat\u00edas Bertolotti, Hugo Deagustini, Dar\u00edo Deagustini, Anibal, Pino Kloster, Claudia Kinderknegt, Leonardo Girard, Natalia Sandri, Andrea Catalini, M\u00f3nica Romero, Fabi\u00e1n Alvarez, \u00a0Valeria Packoski, \u00a0Micaela Penco y Marta Mart\u00ednez entre otros.<\/p>\n\n\n\n<p>Tambi\u00e9n se agradeci\u00f3 a las instituciones como la Iglesia Jes\u00fas te Ama, Escuela Secundaria de Puerto Yeru\u00e1, Escuela Primaria Luis Rodr\u00edguez, Escuela Agrot\u00e9cnica Gral. San Mart\u00edn, Escuela Jos\u00e9 Gervasio Artigas de Concordia, alumnos de los Profesorados de Concordia, a los de siempre, y a los vecinos de Calabacilla y Estancia Grande que se hicieron presentes en el encuentro.<\/p>\n\n\n\n<figure class=\"wp-block-image size-full\"><img loading=\"lazy\" decoding=\"async\" width=\"360\" height=\"480\" src=\"https:\/\/diariodelsurdigital.com.ar\/wp-content\/uploads\/2025\/09\/Imagen-de-WhatsApp-2025-09-28-a-las-22.47.43_ffa3d76a.jpg\" alt=\"\" class=\"wp-image-4866\" srcset=\"https:\/\/diariodelsurdigital.com.ar\/wp-content\/uploads\/2025\/09\/Imagen-de-WhatsApp-2025-09-28-a-las-22.47.43_ffa3d76a.jpg 360w, https:\/\/diariodelsurdigital.com.ar\/wp-content\/uploads\/2025\/09\/Imagen-de-WhatsApp-2025-09-28-a-las-22.47.43_ffa3d76a-225x300.jpg 225w, https:\/\/diariodelsurdigital.com.ar\/wp-content\/uploads\/2025\/09\/Imagen-de-WhatsApp-2025-09-28-a-las-22.47.43_ffa3d76a-315x420.jpg 315w\" sizes=\"auto, (max-width: 360px) 100vw, 360px\" \/><\/figure>\n\n\n\n<div class=\"wp-block-group\"><div class=\"wp-block-group__inner-container is-layout-constrained wp-block-group-is-layout-constrained\">\n<figure class=\"wp-block-image size-full\"><img loading=\"lazy\" decoding=\"async\" width=\"480\" height=\"360\" src=\"https:\/\/diariodelsurdigital.com.ar\/wp-content\/uploads\/2025\/09\/Imagen-de-WhatsApp-2025-09-28-a-las-22.30.43_813517c4.jpg\" alt=\"\" class=\"wp-image-4860\" srcset=\"https:\/\/diariodelsurdigital.com.ar\/wp-content\/uploads\/2025\/09\/Imagen-de-WhatsApp-2025-09-28-a-las-22.30.43_813517c4.jpg 480w, https:\/\/diariodelsurdigital.com.ar\/wp-content\/uploads\/2025\/09\/Imagen-de-WhatsApp-2025-09-28-a-las-22.30.43_813517c4-300x225.jpg 300w, https:\/\/diariodelsurdigital.com.ar\/wp-content\/uploads\/2025\/09\/Imagen-de-WhatsApp-2025-09-28-a-las-22.30.43_813517c4-80x60.jpg 80w, https:\/\/diariodelsurdigital.com.ar\/wp-content\/uploads\/2025\/09\/Imagen-de-WhatsApp-2025-09-28-a-las-22.30.43_813517c4-265x198.jpg 265w\" sizes=\"auto, (max-width: 480px) 100vw, 480px\" \/><\/figure>\n\n\n\n<figure class=\"wp-block-image size-full\"><img loading=\"lazy\" decoding=\"async\" width=\"480\" height=\"360\" src=\"https:\/\/diariodelsurdigital.com.ar\/wp-content\/uploads\/2025\/09\/Imagen-de-WhatsApp-2025-09-28-a-las-22.30.43_f3140eb9.jpg\" alt=\"\" class=\"wp-image-4861\" srcset=\"https:\/\/diariodelsurdigital.com.ar\/wp-content\/uploads\/2025\/09\/Imagen-de-WhatsApp-2025-09-28-a-las-22.30.43_f3140eb9.jpg 480w, https:\/\/diariodelsurdigital.com.ar\/wp-content\/uploads\/2025\/09\/Imagen-de-WhatsApp-2025-09-28-a-las-22.30.43_f3140eb9-300x225.jpg 300w, https:\/\/diariodelsurdigital.com.ar\/wp-content\/uploads\/2025\/09\/Imagen-de-WhatsApp-2025-09-28-a-las-22.30.43_f3140eb9-80x60.jpg 80w, https:\/\/diariodelsurdigital.com.ar\/wp-content\/uploads\/2025\/09\/Imagen-de-WhatsApp-2025-09-28-a-las-22.30.43_f3140eb9-265x198.jpg 265w\" sizes=\"auto, (max-width: 480px) 100vw, 480px\" \/><\/figure>\n<\/div><\/div>\n\n\n\n<figure class=\"wp-block-image size-full\"><img loading=\"lazy\" decoding=\"async\" width=\"480\" height=\"360\" src=\"https:\/\/diariodelsurdigital.com.ar\/wp-content\/uploads\/2025\/09\/Imagen-de-WhatsApp-2025-09-28-a-las-22.30.44_2b9de131.jpg\" alt=\"\" class=\"wp-image-4862\" srcset=\"https:\/\/diariodelsurdigital.com.ar\/wp-content\/uploads\/2025\/09\/Imagen-de-WhatsApp-2025-09-28-a-las-22.30.44_2b9de131.jpg 480w, https:\/\/diariodelsurdigital.com.ar\/wp-content\/uploads\/2025\/09\/Imagen-de-WhatsApp-2025-09-28-a-las-22.30.44_2b9de131-300x225.jpg 300w, https:\/\/diariodelsurdigital.com.ar\/wp-content\/uploads\/2025\/09\/Imagen-de-WhatsApp-2025-09-28-a-las-22.30.44_2b9de131-80x60.jpg 80w, https:\/\/diariodelsurdigital.com.ar\/wp-content\/uploads\/2025\/09\/Imagen-de-WhatsApp-2025-09-28-a-las-22.30.44_2b9de131-265x198.jpg 265w\" sizes=\"auto, (max-width: 480px) 100vw, 480px\" \/><\/figure>\n\n\n\n<figure class=\"wp-block-image size-full\"><img loading=\"lazy\" decoding=\"async\" width=\"480\" height=\"360\" src=\"https:\/\/diariodelsurdigital.com.ar\/wp-content\/uploads\/2025\/09\/Imagen-de-WhatsApp-2025-09-28-a-las-22.30.45_dd7e78b8.jpg\" alt=\"\" class=\"wp-image-4863\" srcset=\"https:\/\/diariodelsurdigital.com.ar\/wp-content\/uploads\/2025\/09\/Imagen-de-WhatsApp-2025-09-28-a-las-22.30.45_dd7e78b8.jpg 480w, https:\/\/diariodelsurdigital.com.ar\/wp-content\/uploads\/2025\/09\/Imagen-de-WhatsApp-2025-09-28-a-las-22.30.45_dd7e78b8-300x225.jpg 300w, https:\/\/diariodelsurdigital.com.ar\/wp-content\/uploads\/2025\/09\/Imagen-de-WhatsApp-2025-09-28-a-las-22.30.45_dd7e78b8-80x60.jpg 80w, https:\/\/diariodelsurdigital.com.ar\/wp-content\/uploads\/2025\/09\/Imagen-de-WhatsApp-2025-09-28-a-las-22.30.45_dd7e78b8-265x198.jpg 265w\" sizes=\"auto, (max-width: 480px) 100vw, 480px\" \/><\/figure>\n\n\n\n<figure class=\"wp-block-image size-full\"><img loading=\"lazy\" decoding=\"async\" width=\"480\" height=\"360\" src=\"https:\/\/diariodelsurdigital.com.ar\/wp-content\/uploads\/2025\/09\/Imagen-de-WhatsApp-2025-09-28-a-las-22.41.03_bd53064a.jpg\" alt=\"\" class=\"wp-image-4864\" srcset=\"https:\/\/diariodelsurdigital.com.ar\/wp-content\/uploads\/2025\/09\/Imagen-de-WhatsApp-2025-09-28-a-las-22.41.03_bd53064a.jpg 480w, https:\/\/diariodelsurdigital.com.ar\/wp-content\/uploads\/2025\/09\/Imagen-de-WhatsApp-2025-09-28-a-las-22.41.03_bd53064a-300x225.jpg 300w, https:\/\/diariodelsurdigital.com.ar\/wp-content\/uploads\/2025\/09\/Imagen-de-WhatsApp-2025-09-28-a-las-22.41.03_bd53064a-80x60.jpg 80w, https:\/\/diariodelsurdigital.com.ar\/wp-content\/uploads\/2025\/09\/Imagen-de-WhatsApp-2025-09-28-a-las-22.41.03_bd53064a-265x198.jpg 265w\" sizes=\"auto, (max-width: 480px) 100vw, 480px\" \/><\/figure>\n\n\n\n<figure class=\"wp-block-image size-full is-style-default\"><img loading=\"lazy\" decoding=\"async\" width=\"480\" height=\"348\" src=\"https:\/\/diariodelsurdigital.com.ar\/wp-content\/uploads\/2025\/09\/Imagen-de-WhatsApp-2025-09-28-a-las-22.39.33_58767b00.jpg\" alt=\"\" class=\"wp-image-4865\" srcset=\"https:\/\/diariodelsurdigital.com.ar\/wp-content\/uploads\/2025\/09\/Imagen-de-WhatsApp-2025-09-28-a-las-22.39.33_58767b00.jpg 480w, https:\/\/diariodelsurdigital.com.ar\/wp-content\/uploads\/2025\/09\/Imagen-de-WhatsApp-2025-09-28-a-las-22.39.33_58767b00-300x218.jpg 300w, https:\/\/diariodelsurdigital.com.ar\/wp-content\/uploads\/2025\/09\/Imagen-de-WhatsApp-2025-09-28-a-las-22.39.33_58767b00-324x235.jpg 324w\" sizes=\"auto, (max-width: 480px) 100vw, 480px\" \/><\/figure>\n\n\n\n<figure class=\"wp-block-image size-full\"><img loading=\"lazy\" decoding=\"async\" width=\"480\" height=\"330\" src=\"https:\/\/diariodelsurdigital.com.ar\/wp-content\/uploads\/2025\/09\/Imagen-de-WhatsApp-2025-09-28-a-las-22.49.01_bcf21096.jpg\" alt=\"\" class=\"wp-image-4867\" srcset=\"https:\/\/diariodelsurdigital.com.ar\/wp-content\/uploads\/2025\/09\/Imagen-de-WhatsApp-2025-09-28-a-las-22.49.01_bcf21096.jpg 480w, https:\/\/diariodelsurdigital.com.ar\/wp-content\/uploads\/2025\/09\/Imagen-de-WhatsApp-2025-09-28-a-las-22.49.01_bcf21096-300x206.jpg 300w, https:\/\/diariodelsurdigital.com.ar\/wp-content\/uploads\/2025\/09\/Imagen-de-WhatsApp-2025-09-28-a-las-22.49.01_bcf21096-218x150.jpg 218w, https:\/\/diariodelsurdigital.com.ar\/wp-content\/uploads\/2025\/09\/Imagen-de-WhatsApp-2025-09-28-a-las-22.49.01_bcf21096-100x70.jpg 100w\" sizes=\"auto, (max-width: 480px) 100vw, 480px\" \/><\/figure>\n\n\n\n<figure class=\"wp-block-image size-full\"><img loading=\"lazy\" decoding=\"async\" width=\"480\" height=\"325\" src=\"https:\/\/diariodelsurdigital.com.ar\/wp-content\/uploads\/2025\/09\/Imagen-de-WhatsApp-2025-09-28-a-las-22.55.18_1f64a876.jpg\" alt=\"\" class=\"wp-image-4869\" srcset=\"https:\/\/diariodelsurdigital.com.ar\/wp-content\/uploads\/2025\/09\/Imagen-de-WhatsApp-2025-09-28-a-las-22.55.18_1f64a876.jpg 480w, https:\/\/diariodelsurdigital.com.ar\/wp-content\/uploads\/2025\/09\/Imagen-de-WhatsApp-2025-09-28-a-las-22.55.18_1f64a876-300x203.jpg 300w\" sizes=\"auto, (max-width: 480px) 100vw, 480px\" \/><\/figure>\n\n\n\n<figure class=\"wp-block-image size-full\"><img loading=\"lazy\" decoding=\"async\" width=\"464\" height=\"360\" src=\"https:\/\/diariodelsurdigital.com.ar\/wp-content\/uploads\/2025\/09\/Imagen-de-WhatsApp-2025-09-28-a-las-22.30.44_0330c9c0.jpg\" alt=\"\" class=\"wp-image-4871\" srcset=\"https:\/\/diariodelsurdigital.com.ar\/wp-content\/uploads\/2025\/09\/Imagen-de-WhatsApp-2025-09-28-a-las-22.30.44_0330c9c0.jpg 464w, https:\/\/diariodelsurdigital.com.ar\/wp-content\/uploads\/2025\/09\/Imagen-de-WhatsApp-2025-09-28-a-las-22.30.44_0330c9c0-300x233.jpg 300w\" sizes=\"auto, (max-width: 464px) 100vw, 464px\" \/><\/figure>\n","protected":false},"excerpt":{"rendered":"<p>Durante la tarde de este viernes, 26 de septiembre, se dio inicio en Puerto Yeru\u00e1 a una jornada dedicada al General Jos\u00e9 Gervasio Artigas. En el camino de ingreso a la localidad, se inaugur\u00f3 un cartel de grandes dimensiones en conmemoraci\u00f3n de los 210 a\u00f1os de creaci\u00f3n del Campamento de Purificaci\u00f3n (frente a Puerto Yeru\u00e1) [&hellip;]<\/p>\n","protected":false},"author":2,"featured_media":4859,"comment_status":"open","ping_status":"open","sticky":false,"template":"","format":"standard","meta":{"footnotes":""},"categories":[19,16],"tags":[],"class_list":{"0":"post-4858","1":"post","2":"type-post","3":"status-publish","4":"format-standard","5":"has-post-thumbnail","7":"category-interes-general","8":"category-locales"},"yoast_head":"<!-- This site is optimized with the Yoast SEO plugin v27.4 - https:\/\/yoast.com\/product\/yoast-seo-wordpress\/ -->\n<title>Exitoso Primer Encuentro Regional Artiguista en la localidad de Puerto Yeru\u00e1 - Diario del Sur<\/title>\n<meta name=\"robots\" content=\"index, follow, max-snippet:-1, max-image-preview:large, max-video-preview:-1\" \/>\n<link rel=\"canonical\" href=\"https:\/\/diariodelsurdigital.com.ar\/?p=4858\" \/>\n<meta property=\"og:locale\" content=\"es_ES\" \/>\n<meta property=\"og:type\" content=\"article\" \/>\n<meta property=\"og:title\" content=\"Exitoso Primer Encuentro Regional Artiguista en la localidad de Puerto Yeru\u00e1 - Diario del Sur\" \/>\n<meta property=\"og:description\" content=\"Durante la tarde de este viernes, 26 de septiembre, se dio inicio en Puerto Yeru\u00e1 a una jornada dedicada al General Jos\u00e9 Gervasio Artigas. En el camino de ingreso a la localidad, se inaugur\u00f3 un cartel de grandes dimensiones en conmemoraci\u00f3n de los 210 a\u00f1os de creaci\u00f3n del Campamento de Purificaci\u00f3n (frente a Puerto Yeru\u00e1) [&hellip;]\" \/>\n<meta property=\"og:url\" content=\"https:\/\/diariodelsurdigital.com.ar\/?p=4858\" \/>\n<meta property=\"og:site_name\" content=\"Diario del Sur\" \/>\n<meta property=\"article:published_time\" content=\"2025-09-29T01:51:08+00:00\" \/>\n<meta property=\"article:modified_time\" content=\"2025-09-29T02:06:25+00:00\" \/>\n<meta property=\"og:image\" content=\"https:\/\/diariodelsurdigital.com.ar\/wp-content\/uploads\/2025\/09\/Imagen-de-WhatsApp-2025-09-28-a-las-22.02.55_a94cf282.jpg\" \/>\n\t<meta property=\"og:image:width\" content=\"543\" \/>\n\t<meta property=\"og:image:height\" content=\"321\" \/>\n\t<meta property=\"og:image:type\" content=\"image\/jpeg\" \/>\n<meta name=\"author\" content=\"Diario del Sur Digital\" \/>\n<meta name=\"twitter:card\" content=\"summary_large_image\" \/>\n<meta name=\"twitter:label1\" content=\"Escrito por\" \/>\n\t<meta name=\"twitter:data1\" content=\"Diario del Sur Digital\" \/>\n\t<meta name=\"twitter:label2\" content=\"Tiempo de lectura\" \/>\n\t<meta name=\"twitter:data2\" content=\"5 minutos\" \/>\n<script type=\"application\/ld+json\" class=\"yoast-schema-graph\">{\"@context\":\"https:\\\/\\\/schema.org\",\"@graph\":[{\"@type\":\"Article\",\"@id\":\"https:\\\/\\\/diariodelsurdigital.com.ar\\\/?p=4858#article\",\"isPartOf\":{\"@id\":\"https:\\\/\\\/diariodelsurdigital.com.ar\\\/?p=4858\"},\"author\":{\"name\":\"Diario del Sur Digital\",\"@id\":\"https:\\\/\\\/diariodelsurdigital.com.ar\\\/#\\\/schema\\\/person\\\/6136a32571657f7dba980b88b04c5465\"},\"headline\":\"Exitoso Primer Encuentro Regional Artiguista en la localidad de Puerto Yeru\u00e1\",\"datePublished\":\"2025-09-29T01:51:08+00:00\",\"dateModified\":\"2025-09-29T02:06:25+00:00\",\"mainEntityOfPage\":{\"@id\":\"https:\\\/\\\/diariodelsurdigital.com.ar\\\/?p=4858\"},\"wordCount\":655,\"commentCount\":0,\"image\":{\"@id\":\"https:\\\/\\\/diariodelsurdigital.com.ar\\\/?p=4858#primaryimage\"},\"thumbnailUrl\":\"https:\\\/\\\/diariodelsurdigital.com.ar\\\/wp-content\\\/uploads\\\/2025\\\/09\\\/Imagen-de-WhatsApp-2025-09-28-a-las-22.02.55_a94cf282.jpg\",\"articleSection\":[\"Inter\u00e9s General\",\"Locales\"],\"inLanguage\":\"es\",\"potentialAction\":[{\"@type\":\"CommentAction\",\"name\":\"Comment\",\"target\":[\"https:\\\/\\\/diariodelsurdigital.com.ar\\\/?p=4858#respond\"]}]},{\"@type\":\"WebPage\",\"@id\":\"https:\\\/\\\/diariodelsurdigital.com.ar\\\/?p=4858\",\"url\":\"https:\\\/\\\/diariodelsurdigital.com.ar\\\/?p=4858\",\"name\":\"Exitoso Primer Encuentro Regional Artiguista en la localidad de Puerto Yeru\u00e1 - Diario del Sur\",\"isPartOf\":{\"@id\":\"https:\\\/\\\/diariodelsurdigital.com.ar\\\/#website\"},\"primaryImageOfPage\":{\"@id\":\"https:\\\/\\\/diariodelsurdigital.com.ar\\\/?p=4858#primaryimage\"},\"image\":{\"@id\":\"https:\\\/\\\/diariodelsurdigital.com.ar\\\/?p=4858#primaryimage\"},\"thumbnailUrl\":\"https:\\\/\\\/diariodelsurdigital.com.ar\\\/wp-content\\\/uploads\\\/2025\\\/09\\\/Imagen-de-WhatsApp-2025-09-28-a-las-22.02.55_a94cf282.jpg\",\"datePublished\":\"2025-09-29T01:51:08+00:00\",\"dateModified\":\"2025-09-29T02:06:25+00:00\",\"author\":{\"@id\":\"https:\\\/\\\/diariodelsurdigital.com.ar\\\/#\\\/schema\\\/person\\\/6136a32571657f7dba980b88b04c5465\"},\"breadcrumb\":{\"@id\":\"https:\\\/\\\/diariodelsurdigital.com.ar\\\/?p=4858#breadcrumb\"},\"inLanguage\":\"es\",\"potentialAction\":[{\"@type\":\"ReadAction\",\"target\":[\"https:\\\/\\\/diariodelsurdigital.com.ar\\\/?p=4858\"]}]},{\"@type\":\"ImageObject\",\"inLanguage\":\"es\",\"@id\":\"https:\\\/\\\/diariodelsurdigital.com.ar\\\/?p=4858#primaryimage\",\"url\":\"https:\\\/\\\/diariodelsurdigital.com.ar\\\/wp-content\\\/uploads\\\/2025\\\/09\\\/Imagen-de-WhatsApp-2025-09-28-a-las-22.02.55_a94cf282.jpg\",\"contentUrl\":\"https:\\\/\\\/diariodelsurdigital.com.ar\\\/wp-content\\\/uploads\\\/2025\\\/09\\\/Imagen-de-WhatsApp-2025-09-28-a-las-22.02.55_a94cf282.jpg\",\"width\":543,\"height\":321},{\"@type\":\"BreadcrumbList\",\"@id\":\"https:\\\/\\\/diariodelsurdigital.com.ar\\\/?p=4858#breadcrumb\",\"itemListElement\":[{\"@type\":\"ListItem\",\"position\":1,\"name\":\"Portada\",\"item\":\"https:\\\/\\\/diariodelsurdigital.com.ar\\\/\"},{\"@type\":\"ListItem\",\"position\":2,\"name\":\"Exitoso Primer Encuentro Regional Artiguista en la localidad de Puerto Yeru\u00e1\"}]},{\"@type\":\"WebSite\",\"@id\":\"https:\\\/\\\/diariodelsurdigital.com.ar\\\/#website\",\"url\":\"https:\\\/\\\/diariodelsurdigital.com.ar\\\/\",\"name\":\"Diario del Sur\",\"description\":\"Digital\",\"potentialAction\":[{\"@type\":\"SearchAction\",\"target\":{\"@type\":\"EntryPoint\",\"urlTemplate\":\"https:\\\/\\\/diariodelsurdigital.com.ar\\\/?s={search_term_string}\"},\"query-input\":{\"@type\":\"PropertyValueSpecification\",\"valueRequired\":true,\"valueName\":\"search_term_string\"}}],\"inLanguage\":\"es\"},{\"@type\":\"Person\",\"@id\":\"https:\\\/\\\/diariodelsurdigital.com.ar\\\/#\\\/schema\\\/person\\\/6136a32571657f7dba980b88b04c5465\",\"name\":\"Diario del Sur Digital\",\"image\":{\"@type\":\"ImageObject\",\"inLanguage\":\"es\",\"@id\":\"https:\\\/\\\/secure.gravatar.com\\\/avatar\\\/4c29ceac98541dd42460b2474aaa5dd37594d6ce6cb3cf2c101d09b48ee287ba?s=96&d=mm&r=g\",\"url\":\"https:\\\/\\\/secure.gravatar.com\\\/avatar\\\/4c29ceac98541dd42460b2474aaa5dd37594d6ce6cb3cf2c101d09b48ee287ba?s=96&d=mm&r=g\",\"contentUrl\":\"https:\\\/\\\/secure.gravatar.com\\\/avatar\\\/4c29ceac98541dd42460b2474aaa5dd37594d6ce6cb3cf2c101d09b48ee287ba?s=96&d=mm&r=g\",\"caption\":\"Diario del Sur Digital\"},\"url\":\"https:\\\/\\\/diariodelsurdigital.com.ar\\\/?author=2\"}]}<\/script>\n<!-- \/ Yoast SEO plugin. -->","yoast_head_json":{"title":"Exitoso Primer Encuentro Regional Artiguista en la localidad de Puerto Yeru\u00e1 - Diario del Sur","robots":{"index":"index","follow":"follow","max-snippet":"max-snippet:-1","max-image-preview":"max-image-preview:large","max-video-preview":"max-video-preview:-1"},"canonical":"https:\/\/diariodelsurdigital.com.ar\/?p=4858","og_locale":"es_ES","og_type":"article","og_title":"Exitoso Primer Encuentro Regional Artiguista en la localidad de Puerto Yeru\u00e1 - Diario del Sur","og_description":"Durante la tarde de este viernes, 26 de septiembre, se dio inicio en Puerto Yeru\u00e1 a una jornada dedicada al General Jos\u00e9 Gervasio Artigas. En el camino de ingreso a la localidad, se inaugur\u00f3 un cartel de grandes dimensiones en conmemoraci\u00f3n de los 210 a\u00f1os de creaci\u00f3n del Campamento de Purificaci\u00f3n (frente a Puerto Yeru\u00e1) [&hellip;]","og_url":"https:\/\/diariodelsurdigital.com.ar\/?p=4858","og_site_name":"Diario del Sur","article_published_time":"2025-09-29T01:51:08+00:00","article_modified_time":"2025-09-29T02:06:25+00:00","og_image":[{"width":543,"height":321,"url":"https:\/\/diariodelsurdigital.com.ar\/wp-content\/uploads\/2025\/09\/Imagen-de-WhatsApp-2025-09-28-a-las-22.02.55_a94cf282.jpg","type":"image\/jpeg"}],"author":"Diario del Sur Digital","twitter_card":"summary_large_image","twitter_misc":{"Escrito por":"Diario del Sur Digital","Tiempo de lectura":"5 minutos"},"schema":{"@context":"https:\/\/schema.org","@graph":[{"@type":"Article","@id":"https:\/\/diariodelsurdigital.com.ar\/?p=4858#article","isPartOf":{"@id":"https:\/\/diariodelsurdigital.com.ar\/?p=4858"},"author":{"name":"Diario del Sur Digital","@id":"https:\/\/diariodelsurdigital.com.ar\/#\/schema\/person\/6136a32571657f7dba980b88b04c5465"},"headline":"Exitoso Primer Encuentro Regional Artiguista en la localidad de Puerto Yeru\u00e1","datePublished":"2025-09-29T01:51:08+00:00","dateModified":"2025-09-29T02:06:25+00:00","mainEntityOfPage":{"@id":"https:\/\/diariodelsurdigital.com.ar\/?p=4858"},"wordCount":655,"commentCount":0,"image":{"@id":"https:\/\/diariodelsurdigital.com.ar\/?p=4858#primaryimage"},"thumbnailUrl":"https:\/\/diariodelsurdigital.com.ar\/wp-content\/uploads\/2025\/09\/Imagen-de-WhatsApp-2025-09-28-a-las-22.02.55_a94cf282.jpg","articleSection":["Inter\u00e9s General","Locales"],"inLanguage":"es","potentialAction":[{"@type":"CommentAction","name":"Comment","target":["https:\/\/diariodelsurdigital.com.ar\/?p=4858#respond"]}]},{"@type":"WebPage","@id":"https:\/\/diariodelsurdigital.com.ar\/?p=4858","url":"https:\/\/diariodelsurdigital.com.ar\/?p=4858","name":"Exitoso Primer Encuentro Regional Artiguista en la localidad de Puerto Yeru\u00e1 - Diario del Sur","isPartOf":{"@id":"https:\/\/diariodelsurdigital.com.ar\/#website"},"primaryImageOfPage":{"@id":"https:\/\/diariodelsurdigital.com.ar\/?p=4858#primaryimage"},"image":{"@id":"https:\/\/diariodelsurdigital.com.ar\/?p=4858#primaryimage"},"thumbnailUrl":"https:\/\/diariodelsurdigital.com.ar\/wp-content\/uploads\/2025\/09\/Imagen-de-WhatsApp-2025-09-28-a-las-22.02.55_a94cf282.jpg","datePublished":"2025-09-29T01:51:08+00:00","dateModified":"2025-09-29T02:06:25+00:00","author":{"@id":"https:\/\/diariodelsurdigital.com.ar\/#\/schema\/person\/6136a32571657f7dba980b88b04c5465"},"breadcrumb":{"@id":"https:\/\/diariodelsurdigital.com.ar\/?p=4858#breadcrumb"},"inLanguage":"es","potentialAction":[{"@type":"ReadAction","target":["https:\/\/diariodelsurdigital.com.ar\/?p=4858"]}]},{"@type":"ImageObject","inLanguage":"es","@id":"https:\/\/diariodelsurdigital.com.ar\/?p=4858#primaryimage","url":"https:\/\/diariodelsurdigital.com.ar\/wp-content\/uploads\/2025\/09\/Imagen-de-WhatsApp-2025-09-28-a-las-22.02.55_a94cf282.jpg","contentUrl":"https:\/\/diariodelsurdigital.com.ar\/wp-content\/uploads\/2025\/09\/Imagen-de-WhatsApp-2025-09-28-a-las-22.02.55_a94cf282.jpg","width":543,"height":321},{"@type":"BreadcrumbList","@id":"https:\/\/diariodelsurdigital.com.ar\/?p=4858#breadcrumb","itemListElement":[{"@type":"ListItem","position":1,"name":"Portada","item":"https:\/\/diariodelsurdigital.com.ar\/"},{"@type":"ListItem","position":2,"name":"Exitoso Primer Encuentro Regional Artiguista en la localidad de Puerto Yeru\u00e1"}]},{"@type":"WebSite","@id":"https:\/\/diariodelsurdigital.com.ar\/#website","url":"https:\/\/diariodelsurdigital.com.ar\/","name":"Diario del Sur","description":"Digital","potentialAction":[{"@type":"SearchAction","target":{"@type":"EntryPoint","urlTemplate":"https:\/\/diariodelsurdigital.com.ar\/?s={search_term_string}"},"query-input":{"@type":"PropertyValueSpecification","valueRequired":true,"valueName":"search_term_string"}}],"inLanguage":"es"},{"@type":"Person","@id":"https:\/\/diariodelsurdigital.com.ar\/#\/schema\/person\/6136a32571657f7dba980b88b04c5465","name":"Diario del Sur Digital","image":{"@type":"ImageObject","inLanguage":"es","@id":"https:\/\/secure.gravatar.com\/avatar\/4c29ceac98541dd42460b2474aaa5dd37594d6ce6cb3cf2c101d09b48ee287ba?s=96&d=mm&r=g","url":"https:\/\/secure.gravatar.com\/avatar\/4c29ceac98541dd42460b2474aaa5dd37594d6ce6cb3cf2c101d09b48ee287ba?s=96&d=mm&r=g","contentUrl":"https:\/\/secure.gravatar.com\/avatar\/4c29ceac98541dd42460b2474aaa5dd37594d6ce6cb3cf2c101d09b48ee287ba?s=96&d=mm&r=g","caption":"Diario del Sur Digital"},"url":"https:\/\/diariodelsurdigital.com.ar\/?author=2"}]}},"_links":{"self":[{"href":"https:\/\/diariodelsurdigital.com.ar\/index.php?rest_route=\/wp\/v2\/posts\/4858","targetHints":{"allow":["GET"]}}],"collection":[{"href":"https:\/\/diariodelsurdigital.com.ar\/index.php?rest_route=\/wp\/v2\/posts"}],"about":[{"href":"https:\/\/diariodelsurdigital.com.ar\/index.php?rest_route=\/wp\/v2\/types\/post"}],"author":[{"embeddable":true,"href":"https:\/\/diariodelsurdigital.com.ar\/index.php?rest_route=\/wp\/v2\/users\/2"}],"replies":[{"embeddable":true,"href":"https:\/\/diariodelsurdigital.com.ar\/index.php?rest_route=%2Fwp%2Fv2%2Fcomments&post=4858"}],"version-history":[{"count":5,"href":"https:\/\/diariodelsurdigital.com.ar\/index.php?rest_route=\/wp\/v2\/posts\/4858\/revisions"}],"predecessor-version":[{"id":4876,"href":"https:\/\/diariodelsurdigital.com.ar\/index.php?rest_route=\/wp\/v2\/posts\/4858\/revisions\/4876"}],"wp:featuredmedia":[{"embeddable":true,"href":"https:\/\/diariodelsurdigital.com.ar\/index.php?rest_route=\/wp\/v2\/media\/4859"}],"wp:attachment":[{"href":"https:\/\/diariodelsurdigital.com.ar\/index.php?rest_route=%2Fwp%2Fv2%2Fmedia&parent=4858"}],"wp:term":[{"taxonomy":"category","embeddable":true,"href":"https:\/\/diariodelsurdigital.com.ar\/index.php?rest_route=%2Fwp%2Fv2%2Fcategories&post=4858"},{"taxonomy":"post_tag","embeddable":true,"href":"https:\/\/diariodelsurdigital.com.ar\/index.php?rest_route=%2Fwp%2Fv2%2Ftags&post=4858"}],"curies":[{"name":"wp","href":"https:\/\/api.w.org\/{rel}","templated":true}]}}