{"id":487,"date":"2025-01-07T15:50:03","date_gmt":"2025-01-07T18:50:03","guid":{"rendered":"https:\/\/diariodelsurdigital.com.ar\/?p=487"},"modified":"2025-01-07T15:50:04","modified_gmt":"2025-01-07T18:50:04","slug":"comenzaron-los-traslados-de-trabajadores-fruticolas-de-concordia-a-rio-negro-y-neuquen","status":"publish","type":"post","link":"https:\/\/diariodelsurdigital.com.ar\/?p=487","title":{"rendered":"Comenzaron los traslados de trabajadores frut\u00edcolas de Concordia a R\u00edo Negro y Neuqu\u00e9n"},"content":{"rendered":"\n<p>Este martes la Municipalidad de Concordia dio inicio a la primera jornada de traslado de trabajadores frut\u00edcolas hacia las provincias de R\u00edo Negro y Neuqu\u00e9n. Este programa es fruto de una acci\u00f3n conjunta entre el Gobierno de la Provincia de Entre R\u00edos y el municipio local con el objetivo de garantizar oportunidades laborales para los concordienses.<\/p>\n\n\n\n<p>Estuvieron presentes el secretario de Desarrollo Productivo, Federico Schattenhofer; el director General de Trabajo de la Provincia, Juan Pablo Irurueta; el director General de Fomento y Empleo de la Provincia, Fernando Barboza; el director de Empleo, Juan Manuel Scarzello, y la jefa del Departamento de Empleo, Claudia Cevey.<\/p>\n\n\n\n<p>El director de Empleo, Juan Manuel Scarzello, destac\u00f3 que esta gesti\u00f3n es posible gracias a un trabajo coordinado. \u00abDesde la Municipalidad nos ocupamos de llevar adelante las inscripciones y la organizaci\u00f3n log\u00edstica de los viajes, que iniciaron hoy, 7 de enero, y continuar\u00e1n los d\u00edas 9, 14, 16, 18, 19, 21, 23 y 25 de este mes. En esta primera jornada partieron tres colectivos, trasladando a los trabajadores hacia su destino laboral\u00bb, explic\u00f3.<\/p>\n\n\n\n<p>Por su parte el director General de Trabajo de la Provincia, Juan Pablo Irurueta, destac\u00f3 la importancia del trabajo conjunto entre ambos niveles de gobierno. \u00abEl trabajo mancomunado entre la Direcci\u00f3n General de Fomento y Empleo de la Provincia y la Direcci\u00f3n de Empleo de la Municipalidad ha permitido coordinar eficientemente la inscripci\u00f3n y el traslado de los trabajadores, asegurando que puedan acceder a estas oportunidades laborales en condiciones adecuadas\u00bb, subray\u00f3.<\/p>\n\n\n\n<p>A esto Scarzello enfatiz\u00f3 el apoyo del municipio en estas gestiones. \u00abLa Municipalidad de Concordia reafirma su compromiso con la promoci\u00f3n de la cultura del trabajo, generando espacios de gesti\u00f3n y acompa\u00f1amiento que permitan a los trabajadores desarrollarse laboralmente y aprovechar estas oportunidades en sectores productivos estrat\u00e9gicos\u00bb, se\u00f1al\u00f3.<\/p>\n\n\n\n<p>De esta manera, la Municipalidad reafirma su compromiso con la generaci\u00f3n de oportunidades laborales y el bienestar de los trabajadores, asegurando un traslado ordenado y seguro para quienes emprenden este camino hacia las provincias de R\u00edo Negro y Neuqu\u00e9n.<\/p>\n","protected":false},"excerpt":{"rendered":"<p>Este martes la Municipalidad de Concordia dio inicio a la primera jornada de traslado de trabajadores frut\u00edcolas hacia las provincias de R\u00edo Negro y Neuqu\u00e9n. Este programa es fruto de una acci\u00f3n conjunta entre el Gobierno de la Provincia de Entre R\u00edos y el municipio local con el objetivo de garantizar oportunidades laborales para los [&hellip;]<\/p>\n","protected":false},"author":4,"featured_media":488,"comment_status":"open","ping_status":"open","sticky":false,"template":"","format":"standard","meta":{"footnotes":""},"categories":[16],"tags":[],"class_list":{"0":"post-487","1":"post","2":"type-post","3":"status-publish","4":"format-standard","5":"has-post-thumbnail","7":"category-locales"},"yoast_head":"<!-- This site is optimized with the Yoast SEO plugin v27.4 - https:\/\/yoast.com\/product\/yoast-seo-wordpress\/ -->\n<title>Comenzaron los traslados de trabajadores frut\u00edcolas de Concordia a R\u00edo Negro y Neuqu\u00e9n - Diario del Sur<\/title>\n<meta name=\"robots\" content=\"index, follow, max-snippet:-1, max-image-preview:large, max-video-preview:-1\" \/>\n<link rel=\"canonical\" href=\"https:\/\/diariodelsurdigital.com.ar\/?p=487\" \/>\n<meta property=\"og:locale\" content=\"es_ES\" \/>\n<meta property=\"og:type\" content=\"article\" \/>\n<meta property=\"og:title\" content=\"Comenzaron los traslados de trabajadores frut\u00edcolas de Concordia a R\u00edo Negro y Neuqu\u00e9n - Diario del Sur\" \/>\n<meta property=\"og:description\" content=\"Este martes la Municipalidad de Concordia dio inicio a la primera jornada de traslado de trabajadores frut\u00edcolas hacia las provincias de R\u00edo Negro y Neuqu\u00e9n. Este programa es fruto de una acci\u00f3n conjunta entre el Gobierno de la Provincia de Entre R\u00edos y el municipio local con el objetivo de garantizar oportunidades laborales para los [&hellip;]\" \/>\n<meta property=\"og:url\" content=\"https:\/\/diariodelsurdigital.com.ar\/?p=487\" \/>\n<meta property=\"og:site_name\" content=\"Diario del Sur\" \/>\n<meta property=\"article:published_time\" content=\"2025-01-07T18:50:03+00:00\" \/>\n<meta property=\"article:modified_time\" content=\"2025-01-07T18:50:04+00:00\" \/>\n<meta property=\"og:image\" content=\"https:\/\/diariodelsurdigital.com.ar\/wp-content\/uploads\/2025\/01\/md-2025-01-07T154849.255.webp\" \/>\n\t<meta property=\"og:image:width\" content=\"992\" \/>\n\t<meta property=\"og:image:height\" content=\"744\" \/>\n\t<meta property=\"og:image:type\" content=\"image\/webp\" \/>\n<meta name=\"author\" content=\"Diario del Sur Digital\" \/>\n<meta name=\"twitter:card\" content=\"summary_large_image\" \/>\n<meta name=\"twitter:label1\" content=\"Escrito por\" \/>\n\t<meta name=\"twitter:data1\" content=\"Diario del Sur Digital\" \/>\n\t<meta name=\"twitter:label2\" content=\"Tiempo de lectura\" \/>\n\t<meta name=\"twitter:data2\" content=\"2 minutos\" \/>\n<script type=\"application\/ld+json\" class=\"yoast-schema-graph\">{\"@context\":\"https:\\\/\\\/schema.org\",\"@graph\":[{\"@type\":\"Article\",\"@id\":\"https:\\\/\\\/diariodelsurdigital.com.ar\\\/?p=487#article\",\"isPartOf\":{\"@id\":\"https:\\\/\\\/diariodelsurdigital.com.ar\\\/?p=487\"},\"author\":{\"name\":\"Diario del Sur Digital\",\"@id\":\"https:\\\/\\\/diariodelsurdigital.com.ar\\\/#\\\/schema\\\/person\\\/1a4992532ed62965c968031b49195c81\"},\"headline\":\"Comenzaron los traslados de trabajadores frut\u00edcolas de Concordia a R\u00edo Negro y Neuqu\u00e9n\",\"datePublished\":\"2025-01-07T18:50:03+00:00\",\"dateModified\":\"2025-01-07T18:50:04+00:00\",\"mainEntityOfPage\":{\"@id\":\"https:\\\/\\\/diariodelsurdigital.com.ar\\\/?p=487\"},\"wordCount\":363,\"commentCount\":0,\"image\":{\"@id\":\"https:\\\/\\\/diariodelsurdigital.com.ar\\\/?p=487#primaryimage\"},\"thumbnailUrl\":\"https:\\\/\\\/diariodelsurdigital.com.ar\\\/wp-content\\\/uploads\\\/2025\\\/01\\\/md-2025-01-07T154849.255.webp\",\"articleSection\":[\"Locales\"],\"inLanguage\":\"es\",\"potentialAction\":[{\"@type\":\"CommentAction\",\"name\":\"Comment\",\"target\":[\"https:\\\/\\\/diariodelsurdigital.com.ar\\\/?p=487#respond\"]}]},{\"@type\":\"WebPage\",\"@id\":\"https:\\\/\\\/diariodelsurdigital.com.ar\\\/?p=487\",\"url\":\"https:\\\/\\\/diariodelsurdigital.com.ar\\\/?p=487\",\"name\":\"Comenzaron los traslados de trabajadores frut\u00edcolas de Concordia a R\u00edo Negro y Neuqu\u00e9n - Diario del Sur\",\"isPartOf\":{\"@id\":\"https:\\\/\\\/diariodelsurdigital.com.ar\\\/#website\"},\"primaryImageOfPage\":{\"@id\":\"https:\\\/\\\/diariodelsurdigital.com.ar\\\/?p=487#primaryimage\"},\"image\":{\"@id\":\"https:\\\/\\\/diariodelsurdigital.com.ar\\\/?p=487#primaryimage\"},\"thumbnailUrl\":\"https:\\\/\\\/diariodelsurdigital.com.ar\\\/wp-content\\\/uploads\\\/2025\\\/01\\\/md-2025-01-07T154849.255.webp\",\"datePublished\":\"2025-01-07T18:50:03+00:00\",\"dateModified\":\"2025-01-07T18:50:04+00:00\",\"author\":{\"@id\":\"https:\\\/\\\/diariodelsurdigital.com.ar\\\/#\\\/schema\\\/person\\\/1a4992532ed62965c968031b49195c81\"},\"breadcrumb\":{\"@id\":\"https:\\\/\\\/diariodelsurdigital.com.ar\\\/?p=487#breadcrumb\"},\"inLanguage\":\"es\",\"potentialAction\":[{\"@type\":\"ReadAction\",\"target\":[\"https:\\\/\\\/diariodelsurdigital.com.ar\\\/?p=487\"]}]},{\"@type\":\"ImageObject\",\"inLanguage\":\"es\",\"@id\":\"https:\\\/\\\/diariodelsurdigital.com.ar\\\/?p=487#primaryimage\",\"url\":\"https:\\\/\\\/diariodelsurdigital.com.ar\\\/wp-content\\\/uploads\\\/2025\\\/01\\\/md-2025-01-07T154849.255.webp\",\"contentUrl\":\"https:\\\/\\\/diariodelsurdigital.com.ar\\\/wp-content\\\/uploads\\\/2025\\\/01\\\/md-2025-01-07T154849.255.webp\",\"width\":992,\"height\":744},{\"@type\":\"BreadcrumbList\",\"@id\":\"https:\\\/\\\/diariodelsurdigital.com.ar\\\/?p=487#breadcrumb\",\"itemListElement\":[{\"@type\":\"ListItem\",\"position\":1,\"name\":\"Portada\",\"item\":\"https:\\\/\\\/diariodelsurdigital.com.ar\\\/\"},{\"@type\":\"ListItem\",\"position\":2,\"name\":\"Comenzaron los traslados de trabajadores frut\u00edcolas de Concordia a R\u00edo Negro y Neuqu\u00e9n\"}]},{\"@type\":\"WebSite\",\"@id\":\"https:\\\/\\\/diariodelsurdigital.com.ar\\\/#website\",\"url\":\"https:\\\/\\\/diariodelsurdigital.com.ar\\\/\",\"name\":\"Diario del Sur\",\"description\":\"Digital\",\"potentialAction\":[{\"@type\":\"SearchAction\",\"target\":{\"@type\":\"EntryPoint\",\"urlTemplate\":\"https:\\\/\\\/diariodelsurdigital.com.ar\\\/?s={search_term_string}\"},\"query-input\":{\"@type\":\"PropertyValueSpecification\",\"valueRequired\":true,\"valueName\":\"search_term_string\"}}],\"inLanguage\":\"es\"},{\"@type\":\"Person\",\"@id\":\"https:\\\/\\\/diariodelsurdigital.com.ar\\\/#\\\/schema\\\/person\\\/1a4992532ed62965c968031b49195c81\",\"name\":\"Diario del Sur Digital\",\"image\":{\"@type\":\"ImageObject\",\"inLanguage\":\"es\",\"@id\":\"https:\\\/\\\/secure.gravatar.com\\\/avatar\\\/f0c7c47fc7146d19828273b9b8eda651c9c7ab583767e6338d3d3bee825adf76?s=96&d=mm&r=g\",\"url\":\"https:\\\/\\\/secure.gravatar.com\\\/avatar\\\/f0c7c47fc7146d19828273b9b8eda651c9c7ab583767e6338d3d3bee825adf76?s=96&d=mm&r=g\",\"contentUrl\":\"https:\\\/\\\/secure.gravatar.com\\\/avatar\\\/f0c7c47fc7146d19828273b9b8eda651c9c7ab583767e6338d3d3bee825adf76?s=96&d=mm&r=g\",\"caption\":\"Diario del Sur Digital\"},\"url\":\"https:\\\/\\\/diariodelsurdigital.com.ar\\\/?author=4\"}]}<\/script>\n<!-- \/ Yoast SEO plugin. -->","yoast_head_json":{"title":"Comenzaron los traslados de trabajadores frut\u00edcolas de Concordia a R\u00edo Negro y Neuqu\u00e9n - Diario del Sur","robots":{"index":"index","follow":"follow","max-snippet":"max-snippet:-1","max-image-preview":"max-image-preview:large","max-video-preview":"max-video-preview:-1"},"canonical":"https:\/\/diariodelsurdigital.com.ar\/?p=487","og_locale":"es_ES","og_type":"article","og_title":"Comenzaron los traslados de trabajadores frut\u00edcolas de Concordia a R\u00edo Negro y Neuqu\u00e9n - Diario del Sur","og_description":"Este martes la Municipalidad de Concordia dio inicio a la primera jornada de traslado de trabajadores frut\u00edcolas hacia las provincias de R\u00edo Negro y Neuqu\u00e9n. Este programa es fruto de una acci\u00f3n conjunta entre el Gobierno de la Provincia de Entre R\u00edos y el municipio local con el objetivo de garantizar oportunidades laborales para los [&hellip;]","og_url":"https:\/\/diariodelsurdigital.com.ar\/?p=487","og_site_name":"Diario del Sur","article_published_time":"2025-01-07T18:50:03+00:00","article_modified_time":"2025-01-07T18:50:04+00:00","og_image":[{"width":992,"height":744,"url":"https:\/\/diariodelsurdigital.com.ar\/wp-content\/uploads\/2025\/01\/md-2025-01-07T154849.255.webp","type":"image\/webp"}],"author":"Diario del Sur Digital","twitter_card":"summary_large_image","twitter_misc":{"Escrito por":"Diario del Sur Digital","Tiempo de lectura":"2 minutos"},"schema":{"@context":"https:\/\/schema.org","@graph":[{"@type":"Article","@id":"https:\/\/diariodelsurdigital.com.ar\/?p=487#article","isPartOf":{"@id":"https:\/\/diariodelsurdigital.com.ar\/?p=487"},"author":{"name":"Diario del Sur Digital","@id":"https:\/\/diariodelsurdigital.com.ar\/#\/schema\/person\/1a4992532ed62965c968031b49195c81"},"headline":"Comenzaron los traslados de trabajadores frut\u00edcolas de Concordia a R\u00edo Negro y Neuqu\u00e9n","datePublished":"2025-01-07T18:50:03+00:00","dateModified":"2025-01-07T18:50:04+00:00","mainEntityOfPage":{"@id":"https:\/\/diariodelsurdigital.com.ar\/?p=487"},"wordCount":363,"commentCount":0,"image":{"@id":"https:\/\/diariodelsurdigital.com.ar\/?p=487#primaryimage"},"thumbnailUrl":"https:\/\/diariodelsurdigital.com.ar\/wp-content\/uploads\/2025\/01\/md-2025-01-07T154849.255.webp","articleSection":["Locales"],"inLanguage":"es","potentialAction":[{"@type":"CommentAction","name":"Comment","target":["https:\/\/diariodelsurdigital.com.ar\/?p=487#respond"]}]},{"@type":"WebPage","@id":"https:\/\/diariodelsurdigital.com.ar\/?p=487","url":"https:\/\/diariodelsurdigital.com.ar\/?p=487","name":"Comenzaron los traslados de trabajadores frut\u00edcolas de Concordia a R\u00edo Negro y Neuqu\u00e9n - Diario del Sur","isPartOf":{"@id":"https:\/\/diariodelsurdigital.com.ar\/#website"},"primaryImageOfPage":{"@id":"https:\/\/diariodelsurdigital.com.ar\/?p=487#primaryimage"},"image":{"@id":"https:\/\/diariodelsurdigital.com.ar\/?p=487#primaryimage"},"thumbnailUrl":"https:\/\/diariodelsurdigital.com.ar\/wp-content\/uploads\/2025\/01\/md-2025-01-07T154849.255.webp","datePublished":"2025-01-07T18:50:03+00:00","dateModified":"2025-01-07T18:50:04+00:00","author":{"@id":"https:\/\/diariodelsurdigital.com.ar\/#\/schema\/person\/1a4992532ed62965c968031b49195c81"},"breadcrumb":{"@id":"https:\/\/diariodelsurdigital.com.ar\/?p=487#breadcrumb"},"inLanguage":"es","potentialAction":[{"@type":"ReadAction","target":["https:\/\/diariodelsurdigital.com.ar\/?p=487"]}]},{"@type":"ImageObject","inLanguage":"es","@id":"https:\/\/diariodelsurdigital.com.ar\/?p=487#primaryimage","url":"https:\/\/diariodelsurdigital.com.ar\/wp-content\/uploads\/2025\/01\/md-2025-01-07T154849.255.webp","contentUrl":"https:\/\/diariodelsurdigital.com.ar\/wp-content\/uploads\/2025\/01\/md-2025-01-07T154849.255.webp","width":992,"height":744},{"@type":"BreadcrumbList","@id":"https:\/\/diariodelsurdigital.com.ar\/?p=487#breadcrumb","itemListElement":[{"@type":"ListItem","position":1,"name":"Portada","item":"https:\/\/diariodelsurdigital.com.ar\/"},{"@type":"ListItem","position":2,"name":"Comenzaron los traslados de trabajadores frut\u00edcolas de Concordia a R\u00edo Negro y Neuqu\u00e9n"}]},{"@type":"WebSite","@id":"https:\/\/diariodelsurdigital.com.ar\/#website","url":"https:\/\/diariodelsurdigital.com.ar\/","name":"Diario del Sur","description":"Digital","potentialAction":[{"@type":"SearchAction","target":{"@type":"EntryPoint","urlTemplate":"https:\/\/diariodelsurdigital.com.ar\/?s={search_term_string}"},"query-input":{"@type":"PropertyValueSpecification","valueRequired":true,"valueName":"search_term_string"}}],"inLanguage":"es"},{"@type":"Person","@id":"https:\/\/diariodelsurdigital.com.ar\/#\/schema\/person\/1a4992532ed62965c968031b49195c81","name":"Diario del Sur Digital","image":{"@type":"ImageObject","inLanguage":"es","@id":"https:\/\/secure.gravatar.com\/avatar\/f0c7c47fc7146d19828273b9b8eda651c9c7ab583767e6338d3d3bee825adf76?s=96&d=mm&r=g","url":"https:\/\/secure.gravatar.com\/avatar\/f0c7c47fc7146d19828273b9b8eda651c9c7ab583767e6338d3d3bee825adf76?s=96&d=mm&r=g","contentUrl":"https:\/\/secure.gravatar.com\/avatar\/f0c7c47fc7146d19828273b9b8eda651c9c7ab583767e6338d3d3bee825adf76?s=96&d=mm&r=g","caption":"Diario del Sur Digital"},"url":"https:\/\/diariodelsurdigital.com.ar\/?author=4"}]}},"_links":{"self":[{"href":"https:\/\/diariodelsurdigital.com.ar\/index.php?rest_route=\/wp\/v2\/posts\/487","targetHints":{"allow":["GET"]}}],"collection":[{"href":"https:\/\/diariodelsurdigital.com.ar\/index.php?rest_route=\/wp\/v2\/posts"}],"about":[{"href":"https:\/\/diariodelsurdigital.com.ar\/index.php?rest_route=\/wp\/v2\/types\/post"}],"author":[{"embeddable":true,"href":"https:\/\/diariodelsurdigital.com.ar\/index.php?rest_route=\/wp\/v2\/users\/4"}],"replies":[{"embeddable":true,"href":"https:\/\/diariodelsurdigital.com.ar\/index.php?rest_route=%2Fwp%2Fv2%2Fcomments&post=487"}],"version-history":[{"count":1,"href":"https:\/\/diariodelsurdigital.com.ar\/index.php?rest_route=\/wp\/v2\/posts\/487\/revisions"}],"predecessor-version":[{"id":489,"href":"https:\/\/diariodelsurdigital.com.ar\/index.php?rest_route=\/wp\/v2\/posts\/487\/revisions\/489"}],"wp:featuredmedia":[{"embeddable":true,"href":"https:\/\/diariodelsurdigital.com.ar\/index.php?rest_route=\/wp\/v2\/media\/488"}],"wp:attachment":[{"href":"https:\/\/diariodelsurdigital.com.ar\/index.php?rest_route=%2Fwp%2Fv2%2Fmedia&parent=487"}],"wp:term":[{"taxonomy":"category","embeddable":true,"href":"https:\/\/diariodelsurdigital.com.ar\/index.php?rest_route=%2Fwp%2Fv2%2Fcategories&post=487"},{"taxonomy":"post_tag","embeddable":true,"href":"https:\/\/diariodelsurdigital.com.ar\/index.php?rest_route=%2Fwp%2Fv2%2Ftags&post=487"}],"curies":[{"name":"wp","href":"https:\/\/api.w.org\/{rel}","templated":true}]}}