{"id":4884,"date":"2025-09-29T14:54:04","date_gmt":"2025-09-29T17:54:04","guid":{"rendered":"https:\/\/diariodelsurdigital.com.ar\/?p=4884"},"modified":"2025-09-29T14:54:05","modified_gmt":"2025-09-29T17:54:05","slug":"gualeguaychu-fue-reconocida-como-fiesta-nacional-del-carnaval-del-pais-en-la-fit-2025","status":"publish","type":"post","link":"https:\/\/diariodelsurdigital.com.ar\/?p=4884","title":{"rendered":"Gualeguaych\u00fa fue reconocida como Fiesta Nacional del Carnaval del Pa\u00eds en la FIT 2025"},"content":{"rendered":"\n<p>\u00abHoy tenemos el honor de recibir esta distinci\u00f3n en nombre de los verdaderos protagonistas: los clubes, las comparsas y las familias del carnaval, que llevan a\u00f1os trabajando para lograr este reconocimiento nacional y lo seguir\u00e1n haciendo con m\u00e1s fuerza\u00bb, resalt\u00f3 el gobernador Rogelio Frigerio.<\/p>\n\n\n\n<p>El gobernador Rogelio Frigerio recibi\u00f3 de manos del secretario de Turismo, Ambiente y Deportes de la Naci\u00f3n, Daniel Scioli, el reconocimiento oficial como Fiesta Nacional del Carnaval del Pa\u00eds, al evento que se realiza en Gualeguaych\u00fa y que durante cuatro d\u00e9cadas ha sido un s\u00edmbolo cultural y tur\u00edstico de Entre R\u00edos y Argentina, proyect\u00e1ndolos al mundo entero.<\/p>\n\n\n\n<p>El acto se realiz\u00f3 en el stand de la Secretar\u00eda de Turismo, Ambiente y Deportes, en el marco de la Feria Internacional de Turismo (FIT 2025), en la Ciudad Aut\u00f3noma de Buenos Aires.<\/p>\n\n\n\n<p>En la ceremonia, Frigerio expres\u00f3 que \u00abhoy tenemos el honor de recibir esta distinci\u00f3n en nombre de los verdaderos protagonistas: los clubes, las comparsas y las familias del carnaval, que llevan a\u00f1os trabajando para lograr este reconocimiento nacional y lo seguir\u00e1n haciendo con m\u00e1s fuerza\u00bb.<\/p>\n\n\n\n<p>Adem\u00e1s, destac\u00f3 que \u00aben este momento complejo para el turismo, seguimos trabajando a nivel provincial y nacional para fomentarlo de todas las maneras, incluso sin presupuesto\u00bb. En ese sentido mencion\u00f3 iniciativas como el Pasaporte entrerriano, subsidios a la energ\u00eda y la promoci\u00f3n Modo Carpincho, remarcando que \u00abquienes conocen Entre R\u00edos y visitan una vez, siempre vuelven\u00bb.<\/p>\n\n\n\n<p>Por su parte, Scioli felicit\u00f3 al gobernador y al intendente de Gualeguaych\u00fa, Mauricio Davico. \u00abDetr\u00e1s del carnaval hay una expresi\u00f3n cultural, mucho trabajo y alegr\u00eda. Este evento es un orgullo para toda la Argentina y una gran atracci\u00f3n tur\u00edstica\u00bb, afirm\u00f3, y agradeci\u00f3 a Frigerio \u00abpor darle al turismo un lugar muy especial\u00bb.<\/p>\n\n\n\n<p>En tanto, el intendente de Gualeguaych\u00fa, Mauricio Davico expres\u00f3 su agradecimiento y coment\u00f3 que \u00abdespu\u00e9s de 45 a\u00f1os de carnaval, y en varias instancias, finalmente logramos que el Carnaval de Gualeguaych\u00fa sea reconocido como importante a nivel nacional\u00bb.<\/p>\n\n\n\n<p>Adem\u00e1s de Scioli, Frigerio y Davico, asistieron el secretario de Turismo de Entre R\u00edos, Jorge Satto; su par de Gualeguaych\u00fa, Fernando Zubillaga; el presidente de Parques Nacionales, Sergio \u00c1lvarez; e integrantes de la Comisi\u00f3n del Carnaval de Gualeguaych\u00fa. El acto se desarroll\u00f3 ante un marco importante de p\u00fablico y con la presencia de las comparsas.<\/p>\n\n\n\n<p>Durante el acto se hizo entrega de una placa que oficializa este reconocimiento, consolidando al Carnaval del Pa\u00eds como una de las celebraciones populares m\u00e1s representativas y convocantes del calendario tur\u00edstico y cultural argentino.<\/p>\n\n\n\n<p>Este reconocimiento marca un nuevo hito en la historia del carnaval entrerriano, y refuerza el posicionamiento de Entre R\u00edos como uno de los destinos tur\u00edsticos m\u00e1s destacados del pa\u00eds.<\/p>\n","protected":false},"excerpt":{"rendered":"<p>\u00abHoy tenemos el honor de recibir esta distinci\u00f3n en nombre de los verdaderos protagonistas: los clubes, las comparsas y las familias del carnaval, que llevan a\u00f1os trabajando para lograr este reconocimiento nacional y lo seguir\u00e1n haciendo con m\u00e1s fuerza\u00bb, resalt\u00f3 el gobernador Rogelio Frigerio. El gobernador Rogelio Frigerio recibi\u00f3 de manos del secretario de Turismo, [&hellip;]<\/p>\n","protected":false},"author":4,"featured_media":4885,"comment_status":"open","ping_status":"open","sticky":false,"template":"","format":"standard","meta":{"footnotes":""},"categories":[17],"tags":[],"class_list":{"0":"post-4884","1":"post","2":"type-post","3":"status-publish","4":"format-standard","5":"has-post-thumbnail","7":"category-provinciales"},"yoast_head":"<!-- This site is optimized with the Yoast SEO plugin v27.4 - https:\/\/yoast.com\/product\/yoast-seo-wordpress\/ -->\n<title>Gualeguaych\u00fa fue reconocida como Fiesta Nacional del Carnaval del Pa\u00eds en la FIT 2025 - Diario del Sur<\/title>\n<meta name=\"robots\" content=\"index, follow, max-snippet:-1, max-image-preview:large, max-video-preview:-1\" \/>\n<link rel=\"canonical\" href=\"https:\/\/diariodelsurdigital.com.ar\/?p=4884\" \/>\n<meta property=\"og:locale\" content=\"es_ES\" \/>\n<meta property=\"og:type\" content=\"article\" \/>\n<meta property=\"og:title\" content=\"Gualeguaych\u00fa fue reconocida como Fiesta Nacional del Carnaval del Pa\u00eds en la FIT 2025 - Diario del Sur\" \/>\n<meta property=\"og:description\" content=\"\u00abHoy tenemos el honor de recibir esta distinci\u00f3n en nombre de los verdaderos protagonistas: los clubes, las comparsas y las familias del carnaval, que llevan a\u00f1os trabajando para lograr este reconocimiento nacional y lo seguir\u00e1n haciendo con m\u00e1s fuerza\u00bb, resalt\u00f3 el gobernador Rogelio Frigerio. El gobernador Rogelio Frigerio recibi\u00f3 de manos del secretario de Turismo, [&hellip;]\" \/>\n<meta property=\"og:url\" content=\"https:\/\/diariodelsurdigital.com.ar\/?p=4884\" \/>\n<meta property=\"og:site_name\" content=\"Diario del Sur\" \/>\n<meta property=\"article:published_time\" content=\"2025-09-29T17:54:04+00:00\" \/>\n<meta property=\"article:modified_time\" content=\"2025-09-29T17:54:05+00:00\" \/>\n<meta property=\"og:image\" content=\"https:\/\/diariodelsurdigital.com.ar\/wp-content\/uploads\/2025\/09\/md-18-1.webp\" \/>\n\t<meta property=\"og:image:width\" content=\"992\" \/>\n\t<meta property=\"og:image:height\" content=\"660\" \/>\n\t<meta property=\"og:image:type\" content=\"image\/webp\" \/>\n<meta name=\"author\" content=\"Diario del Sur Digital\" \/>\n<meta name=\"twitter:card\" content=\"summary_large_image\" \/>\n<meta name=\"twitter:label1\" content=\"Escrito por\" \/>\n\t<meta name=\"twitter:data1\" content=\"Diario del Sur Digital\" \/>\n\t<meta name=\"twitter:label2\" content=\"Tiempo de lectura\" \/>\n\t<meta name=\"twitter:data2\" content=\"3 minutos\" \/>\n<script type=\"application\/ld+json\" class=\"yoast-schema-graph\">{\"@context\":\"https:\\\/\\\/schema.org\",\"@graph\":[{\"@type\":\"Article\",\"@id\":\"https:\\\/\\\/diariodelsurdigital.com.ar\\\/?p=4884#article\",\"isPartOf\":{\"@id\":\"https:\\\/\\\/diariodelsurdigital.com.ar\\\/?p=4884\"},\"author\":{\"name\":\"Diario del Sur Digital\",\"@id\":\"https:\\\/\\\/diariodelsurdigital.com.ar\\\/#\\\/schema\\\/person\\\/1a4992532ed62965c968031b49195c81\"},\"headline\":\"Gualeguaych\u00fa fue reconocida como Fiesta Nacional del Carnaval del Pa\u00eds en la FIT 2025\",\"datePublished\":\"2025-09-29T17:54:04+00:00\",\"dateModified\":\"2025-09-29T17:54:05+00:00\",\"mainEntityOfPage\":{\"@id\":\"https:\\\/\\\/diariodelsurdigital.com.ar\\\/?p=4884\"},\"wordCount\":494,\"commentCount\":0,\"image\":{\"@id\":\"https:\\\/\\\/diariodelsurdigital.com.ar\\\/?p=4884#primaryimage\"},\"thumbnailUrl\":\"https:\\\/\\\/diariodelsurdigital.com.ar\\\/wp-content\\\/uploads\\\/2025\\\/09\\\/md-18-1.webp\",\"articleSection\":[\"Provinciales\"],\"inLanguage\":\"es\",\"potentialAction\":[{\"@type\":\"CommentAction\",\"name\":\"Comment\",\"target\":[\"https:\\\/\\\/diariodelsurdigital.com.ar\\\/?p=4884#respond\"]}]},{\"@type\":\"WebPage\",\"@id\":\"https:\\\/\\\/diariodelsurdigital.com.ar\\\/?p=4884\",\"url\":\"https:\\\/\\\/diariodelsurdigital.com.ar\\\/?p=4884\",\"name\":\"Gualeguaych\u00fa fue reconocida como Fiesta Nacional del Carnaval del Pa\u00eds en la FIT 2025 - Diario del Sur\",\"isPartOf\":{\"@id\":\"https:\\\/\\\/diariodelsurdigital.com.ar\\\/#website\"},\"primaryImageOfPage\":{\"@id\":\"https:\\\/\\\/diariodelsurdigital.com.ar\\\/?p=4884#primaryimage\"},\"image\":{\"@id\":\"https:\\\/\\\/diariodelsurdigital.com.ar\\\/?p=4884#primaryimage\"},\"thumbnailUrl\":\"https:\\\/\\\/diariodelsurdigital.com.ar\\\/wp-content\\\/uploads\\\/2025\\\/09\\\/md-18-1.webp\",\"datePublished\":\"2025-09-29T17:54:04+00:00\",\"dateModified\":\"2025-09-29T17:54:05+00:00\",\"author\":{\"@id\":\"https:\\\/\\\/diariodelsurdigital.com.ar\\\/#\\\/schema\\\/person\\\/1a4992532ed62965c968031b49195c81\"},\"breadcrumb\":{\"@id\":\"https:\\\/\\\/diariodelsurdigital.com.ar\\\/?p=4884#breadcrumb\"},\"inLanguage\":\"es\",\"potentialAction\":[{\"@type\":\"ReadAction\",\"target\":[\"https:\\\/\\\/diariodelsurdigital.com.ar\\\/?p=4884\"]}]},{\"@type\":\"ImageObject\",\"inLanguage\":\"es\",\"@id\":\"https:\\\/\\\/diariodelsurdigital.com.ar\\\/?p=4884#primaryimage\",\"url\":\"https:\\\/\\\/diariodelsurdigital.com.ar\\\/wp-content\\\/uploads\\\/2025\\\/09\\\/md-18-1.webp\",\"contentUrl\":\"https:\\\/\\\/diariodelsurdigital.com.ar\\\/wp-content\\\/uploads\\\/2025\\\/09\\\/md-18-1.webp\",\"width\":992,\"height\":660},{\"@type\":\"BreadcrumbList\",\"@id\":\"https:\\\/\\\/diariodelsurdigital.com.ar\\\/?p=4884#breadcrumb\",\"itemListElement\":[{\"@type\":\"ListItem\",\"position\":1,\"name\":\"Portada\",\"item\":\"https:\\\/\\\/diariodelsurdigital.com.ar\\\/\"},{\"@type\":\"ListItem\",\"position\":2,\"name\":\"Gualeguaych\u00fa fue reconocida como Fiesta Nacional del Carnaval del Pa\u00eds en la FIT 2025\"}]},{\"@type\":\"WebSite\",\"@id\":\"https:\\\/\\\/diariodelsurdigital.com.ar\\\/#website\",\"url\":\"https:\\\/\\\/diariodelsurdigital.com.ar\\\/\",\"name\":\"Diario del Sur\",\"description\":\"Digital\",\"potentialAction\":[{\"@type\":\"SearchAction\",\"target\":{\"@type\":\"EntryPoint\",\"urlTemplate\":\"https:\\\/\\\/diariodelsurdigital.com.ar\\\/?s={search_term_string}\"},\"query-input\":{\"@type\":\"PropertyValueSpecification\",\"valueRequired\":true,\"valueName\":\"search_term_string\"}}],\"inLanguage\":\"es\"},{\"@type\":\"Person\",\"@id\":\"https:\\\/\\\/diariodelsurdigital.com.ar\\\/#\\\/schema\\\/person\\\/1a4992532ed62965c968031b49195c81\",\"name\":\"Diario del Sur Digital\",\"image\":{\"@type\":\"ImageObject\",\"inLanguage\":\"es\",\"@id\":\"https:\\\/\\\/secure.gravatar.com\\\/avatar\\\/f0c7c47fc7146d19828273b9b8eda651c9c7ab583767e6338d3d3bee825adf76?s=96&d=mm&r=g\",\"url\":\"https:\\\/\\\/secure.gravatar.com\\\/avatar\\\/f0c7c47fc7146d19828273b9b8eda651c9c7ab583767e6338d3d3bee825adf76?s=96&d=mm&r=g\",\"contentUrl\":\"https:\\\/\\\/secure.gravatar.com\\\/avatar\\\/f0c7c47fc7146d19828273b9b8eda651c9c7ab583767e6338d3d3bee825adf76?s=96&d=mm&r=g\",\"caption\":\"Diario del Sur Digital\"},\"url\":\"https:\\\/\\\/diariodelsurdigital.com.ar\\\/?author=4\"}]}<\/script>\n<!-- \/ Yoast SEO plugin. -->","yoast_head_json":{"title":"Gualeguaych\u00fa fue reconocida como Fiesta Nacional del Carnaval del Pa\u00eds en la FIT 2025 - Diario del Sur","robots":{"index":"index","follow":"follow","max-snippet":"max-snippet:-1","max-image-preview":"max-image-preview:large","max-video-preview":"max-video-preview:-1"},"canonical":"https:\/\/diariodelsurdigital.com.ar\/?p=4884","og_locale":"es_ES","og_type":"article","og_title":"Gualeguaych\u00fa fue reconocida como Fiesta Nacional del Carnaval del Pa\u00eds en la FIT 2025 - Diario del Sur","og_description":"\u00abHoy tenemos el honor de recibir esta distinci\u00f3n en nombre de los verdaderos protagonistas: los clubes, las comparsas y las familias del carnaval, que llevan a\u00f1os trabajando para lograr este reconocimiento nacional y lo seguir\u00e1n haciendo con m\u00e1s fuerza\u00bb, resalt\u00f3 el gobernador Rogelio Frigerio. El gobernador Rogelio Frigerio recibi\u00f3 de manos del secretario de Turismo, [&hellip;]","og_url":"https:\/\/diariodelsurdigital.com.ar\/?p=4884","og_site_name":"Diario del Sur","article_published_time":"2025-09-29T17:54:04+00:00","article_modified_time":"2025-09-29T17:54:05+00:00","og_image":[{"width":992,"height":660,"url":"https:\/\/diariodelsurdigital.com.ar\/wp-content\/uploads\/2025\/09\/md-18-1.webp","type":"image\/webp"}],"author":"Diario del Sur Digital","twitter_card":"summary_large_image","twitter_misc":{"Escrito por":"Diario del Sur Digital","Tiempo de lectura":"3 minutos"},"schema":{"@context":"https:\/\/schema.org","@graph":[{"@type":"Article","@id":"https:\/\/diariodelsurdigital.com.ar\/?p=4884#article","isPartOf":{"@id":"https:\/\/diariodelsurdigital.com.ar\/?p=4884"},"author":{"name":"Diario del Sur Digital","@id":"https:\/\/diariodelsurdigital.com.ar\/#\/schema\/person\/1a4992532ed62965c968031b49195c81"},"headline":"Gualeguaych\u00fa fue reconocida como Fiesta Nacional del Carnaval del Pa\u00eds en la FIT 2025","datePublished":"2025-09-29T17:54:04+00:00","dateModified":"2025-09-29T17:54:05+00:00","mainEntityOfPage":{"@id":"https:\/\/diariodelsurdigital.com.ar\/?p=4884"},"wordCount":494,"commentCount":0,"image":{"@id":"https:\/\/diariodelsurdigital.com.ar\/?p=4884#primaryimage"},"thumbnailUrl":"https:\/\/diariodelsurdigital.com.ar\/wp-content\/uploads\/2025\/09\/md-18-1.webp","articleSection":["Provinciales"],"inLanguage":"es","potentialAction":[{"@type":"CommentAction","name":"Comment","target":["https:\/\/diariodelsurdigital.com.ar\/?p=4884#respond"]}]},{"@type":"WebPage","@id":"https:\/\/diariodelsurdigital.com.ar\/?p=4884","url":"https:\/\/diariodelsurdigital.com.ar\/?p=4884","name":"Gualeguaych\u00fa fue reconocida como Fiesta Nacional del Carnaval del Pa\u00eds en la FIT 2025 - Diario del Sur","isPartOf":{"@id":"https:\/\/diariodelsurdigital.com.ar\/#website"},"primaryImageOfPage":{"@id":"https:\/\/diariodelsurdigital.com.ar\/?p=4884#primaryimage"},"image":{"@id":"https:\/\/diariodelsurdigital.com.ar\/?p=4884#primaryimage"},"thumbnailUrl":"https:\/\/diariodelsurdigital.com.ar\/wp-content\/uploads\/2025\/09\/md-18-1.webp","datePublished":"2025-09-29T17:54:04+00:00","dateModified":"2025-09-29T17:54:05+00:00","author":{"@id":"https:\/\/diariodelsurdigital.com.ar\/#\/schema\/person\/1a4992532ed62965c968031b49195c81"},"breadcrumb":{"@id":"https:\/\/diariodelsurdigital.com.ar\/?p=4884#breadcrumb"},"inLanguage":"es","potentialAction":[{"@type":"ReadAction","target":["https:\/\/diariodelsurdigital.com.ar\/?p=4884"]}]},{"@type":"ImageObject","inLanguage":"es","@id":"https:\/\/diariodelsurdigital.com.ar\/?p=4884#primaryimage","url":"https:\/\/diariodelsurdigital.com.ar\/wp-content\/uploads\/2025\/09\/md-18-1.webp","contentUrl":"https:\/\/diariodelsurdigital.com.ar\/wp-content\/uploads\/2025\/09\/md-18-1.webp","width":992,"height":660},{"@type":"BreadcrumbList","@id":"https:\/\/diariodelsurdigital.com.ar\/?p=4884#breadcrumb","itemListElement":[{"@type":"ListItem","position":1,"name":"Portada","item":"https:\/\/diariodelsurdigital.com.ar\/"},{"@type":"ListItem","position":2,"name":"Gualeguaych\u00fa fue reconocida como Fiesta Nacional del Carnaval del Pa\u00eds en la FIT 2025"}]},{"@type":"WebSite","@id":"https:\/\/diariodelsurdigital.com.ar\/#website","url":"https:\/\/diariodelsurdigital.com.ar\/","name":"Diario del Sur","description":"Digital","potentialAction":[{"@type":"SearchAction","target":{"@type":"EntryPoint","urlTemplate":"https:\/\/diariodelsurdigital.com.ar\/?s={search_term_string}"},"query-input":{"@type":"PropertyValueSpecification","valueRequired":true,"valueName":"search_term_string"}}],"inLanguage":"es"},{"@type":"Person","@id":"https:\/\/diariodelsurdigital.com.ar\/#\/schema\/person\/1a4992532ed62965c968031b49195c81","name":"Diario del Sur Digital","image":{"@type":"ImageObject","inLanguage":"es","@id":"https:\/\/secure.gravatar.com\/avatar\/f0c7c47fc7146d19828273b9b8eda651c9c7ab583767e6338d3d3bee825adf76?s=96&d=mm&r=g","url":"https:\/\/secure.gravatar.com\/avatar\/f0c7c47fc7146d19828273b9b8eda651c9c7ab583767e6338d3d3bee825adf76?s=96&d=mm&r=g","contentUrl":"https:\/\/secure.gravatar.com\/avatar\/f0c7c47fc7146d19828273b9b8eda651c9c7ab583767e6338d3d3bee825adf76?s=96&d=mm&r=g","caption":"Diario del Sur Digital"},"url":"https:\/\/diariodelsurdigital.com.ar\/?author=4"}]}},"_links":{"self":[{"href":"https:\/\/diariodelsurdigital.com.ar\/index.php?rest_route=\/wp\/v2\/posts\/4884","targetHints":{"allow":["GET"]}}],"collection":[{"href":"https:\/\/diariodelsurdigital.com.ar\/index.php?rest_route=\/wp\/v2\/posts"}],"about":[{"href":"https:\/\/diariodelsurdigital.com.ar\/index.php?rest_route=\/wp\/v2\/types\/post"}],"author":[{"embeddable":true,"href":"https:\/\/diariodelsurdigital.com.ar\/index.php?rest_route=\/wp\/v2\/users\/4"}],"replies":[{"embeddable":true,"href":"https:\/\/diariodelsurdigital.com.ar\/index.php?rest_route=%2Fwp%2Fv2%2Fcomments&post=4884"}],"version-history":[{"count":1,"href":"https:\/\/diariodelsurdigital.com.ar\/index.php?rest_route=\/wp\/v2\/posts\/4884\/revisions"}],"predecessor-version":[{"id":4886,"href":"https:\/\/diariodelsurdigital.com.ar\/index.php?rest_route=\/wp\/v2\/posts\/4884\/revisions\/4886"}],"wp:featuredmedia":[{"embeddable":true,"href":"https:\/\/diariodelsurdigital.com.ar\/index.php?rest_route=\/wp\/v2\/media\/4885"}],"wp:attachment":[{"href":"https:\/\/diariodelsurdigital.com.ar\/index.php?rest_route=%2Fwp%2Fv2%2Fmedia&parent=4884"}],"wp:term":[{"taxonomy":"category","embeddable":true,"href":"https:\/\/diariodelsurdigital.com.ar\/index.php?rest_route=%2Fwp%2Fv2%2Fcategories&post=4884"},{"taxonomy":"post_tag","embeddable":true,"href":"https:\/\/diariodelsurdigital.com.ar\/index.php?rest_route=%2Fwp%2Fv2%2Ftags&post=4884"}],"curies":[{"name":"wp","href":"https:\/\/api.w.org\/{rel}","templated":true}]}}