{"id":4887,"date":"2025-09-29T14:55:44","date_gmt":"2025-09-29T17:55:44","guid":{"rendered":"https:\/\/diariodelsurdigital.com.ar\/?p=4887"},"modified":"2025-09-29T14:55:45","modified_gmt":"2025-09-29T17:55:45","slug":"exigen-la-remocion-de-espert-de-la-comision-de-presupuesto-por-presunto-vinculo-con-un-acusado-por-narcotrafico","status":"publish","type":"post","link":"https:\/\/diariodelsurdigital.com.ar\/?p=4887","title":{"rendered":"Exigen la remoci\u00f3n de Espert de la Comisi\u00f3n de Presupuesto por presunto v\u00ednculo con un acusado por narcotr\u00e1fico"},"content":{"rendered":"\n<p>Diputados de Uni\u00f3n por la Patria salieron contra el oficialista, luego que el fin de semana se conocieran aportes financieros que recibi\u00f3 de \u00abFred\u00bb Machado, empresario acusado de narcotr\u00e1fico y detenido en Estados Unidos.<\/p>\n\n\n\n<p>Diputados de Uni\u00f3n por la Patria salieron a pedir con fuerza la remoci\u00f3n de Jos\u00e9 Luis Espert de la presidencia de la Comisi\u00f3n de Presupuesto y Hacienda, luego de revelaciones sobre el financiamiento que el oficialista recibi\u00f3 en su campa\u00f1a presidencial de 2019 por parte de Federico \u00abFred\u00bb Machado, empresario acusado de narcotr\u00e1fico y detenido en Estados Unidos.<\/p>\n\n\n\n<p>\u00abJos\u00e9 Luis Espert no puede seguir presidiendo la Comisi\u00f3n de Presupuesto de @DiputadosAR. Nuestro bloque exigir\u00e1 su remoci\u00f3n inmediata del cargo. No se puede debatir seriamente el Presupuesto 2026 con un diputado con v\u00ednculos narcos sentado en la presidencia de la comisi\u00f3n\u00bb, expres\u00f3 este lunes v\u00eda red social X Germ\u00e1n Mart\u00ednez, presidente de UP.<\/p>\n\n\n\n<p>Al recordar un proyecto de resoluci\u00f3n que presentaron meses atr\u00e1s m\u00e1s de 40 legisladores de UP, Victoria Tolosa Paz exclam\u00f3: \u00abNo podemos debatir el presupuesto con un diputado vinculado al narcotr\u00e1fico\u00bb.<\/p>\n\n\n\n<p>\u00abEn julio pedimos la remoci\u00f3n de Jos\u00e9 Luis Espert de la presidencia de la Comisi\u00f3n de Presupuesto y Hacienda porque utiliz\u00f3 ese lugar para bloquear el debate de proyectos claves para el pueblo argentino. Hoy la situaci\u00f3n es todav\u00eda m\u00e1s grave: siguen saliendo a la luz sus v\u00ednculos con el narcotr\u00e1fico que hacen que sea insostenible que siga un minuto m\u00e1s en ese cargo\u00bb, sostuvo la bonaerense.<\/p>\n\n\n\n<p>La iniciativa presentada en julio pasado (girada a las comisiones de Asuntos Constitucionales y Peticiones, Poderes y Reglamento) argumentaba la \u00abinacci\u00f3n\u00bb de la Comisi\u00f3n de Presupuesto y la decisi\u00f3n de Espert de no abrirla para debatir proyectos impulsados por la oposici\u00f3n. A lo largo del a\u00f1o lo hizo obligadamente, tras emplazamientos votados dentro del recinto.<\/p>\n\n\n\n<p>Tolosa Paz afirm\u00f3 que \u00abno se trata de un capricho ni de una disputa parlamentaria: estamos hablando de la credibilidad de las instituciones en un pa\u00eds atravesado por el dolor que nos dejan las mafias narco. Venimos de d\u00edas terribles, con el asesinato de tres j\u00f3venes a manos de estas bandas\u00bb.<\/p>\n\n\n\n<p>\u00abLa Argentina no puede naturalizar la connivencia con el narcotr\u00e1fico. Espert debe ser removido de inmediato. Porque mirar para otro lado es el primer paso para convertirnos en un narcoestado\u00bb, agreg\u00f3.<\/p>\n\n\n\n<p>Por su parte, Julia Strada asegur\u00f3 que el diputado de La Libertad Avanza \u00abest\u00e1 vinculado al narcotr\u00e1fico y las pruebas abundan. Es una verg\u00fcenza institucional y es urgente que se investigue\u00bb.<\/p>\n\n\n\n<p>\u00abEspert no puede seguir al frente de la Comisi\u00f3n de Presupuesto de la C\u00e1mara de Diputados y tampoco deber\u00eda seguir ocupando una banca del Congreso de la Naci\u00f3n\u00bb, consider\u00f3 Sabrina Selva, mientras que su par Gabriela Est\u00e9vez escribi\u00f3: \u00abLos hechos son muy graves y las evidencias cada vez mayores. Un personaje vinculado al narcotr\u00e1fico como Espert no puede seguir un minuto m\u00e1s al frente de la Comisi\u00f3n de Presupuesto. Su sola presencia en ese cargo le quita legitimidad. Cuidemos las instituciones\u00bb.<\/p>\n\n\n\n<p>Primer candidato a diputado por la lista de LLA en la provincia de Buenos Aires, Espert se refiri\u00f3 este domingo a las revelaciones period\u00edsticas sobre el financiamiento que habr\u00eda recibido por parte de Federico \u00abFred\u00bb Machado -se hablan de 200 mil d\u00f3lares- para su campa\u00f1a presidencial de 2019.<\/p>\n\n\n\n<p>\u00abSiempre vuelven con lo mismo. En enero o febrero de 2019 quer\u00eda presentar mi libro en Viedma, me llev\u00f3 en su avi\u00f3n\u00bb, cont\u00f3 durante una entrevista en TN y agreg\u00f3: \u00abSi hubiera sabido que esta persona era esto, no le hubiera agradecido a los cuatro vientos\u00bb.<\/p>\n\n\n\n<p>El oficialista denunci\u00f3 adem\u00e1s una \u00abcampa\u00f1a sucia\u00bb por parte del kirchnerismo, que \u00abviene desde 2021\u00bb, a\u00f1o en el cual Machado fue detenido. Actualmente se encuentra preso en Estados Unidos, acusado por narcotr\u00e1fico, lavado de dinero y fraude electr\u00f3nico.<\/p>\n","protected":false},"excerpt":{"rendered":"<p>Diputados de Uni\u00f3n por la Patria salieron contra el oficialista, luego que el fin de semana se conocieran aportes financieros que recibi\u00f3 de \u00abFred\u00bb Machado, empresario acusado de narcotr\u00e1fico y detenido en Estados Unidos. Diputados de Uni\u00f3n por la Patria salieron a pedir con fuerza la remoci\u00f3n de Jos\u00e9 Luis Espert de la presidencia de [&hellip;]<\/p>\n","protected":false},"author":4,"featured_media":4888,"comment_status":"open","ping_status":"open","sticky":false,"template":"","format":"standard","meta":{"footnotes":""},"categories":[18,22],"tags":[],"class_list":{"0":"post-4887","1":"post","2":"type-post","3":"status-publish","4":"format-standard","5":"has-post-thumbnail","7":"category-nacionales","8":"category-politica"},"yoast_head":"<!-- This site is optimized with the Yoast SEO plugin v27.4 - https:\/\/yoast.com\/product\/yoast-seo-wordpress\/ -->\n<title>Exigen la remoci\u00f3n de Espert de la Comisi\u00f3n de Presupuesto por presunto v\u00ednculo con un acusado por narcotr\u00e1fico - Diario del Sur<\/title>\n<meta name=\"robots\" content=\"index, follow, max-snippet:-1, max-image-preview:large, max-video-preview:-1\" \/>\n<link rel=\"canonical\" href=\"https:\/\/diariodelsurdigital.com.ar\/?p=4887\" \/>\n<meta property=\"og:locale\" content=\"es_ES\" \/>\n<meta property=\"og:type\" content=\"article\" \/>\n<meta property=\"og:title\" content=\"Exigen la remoci\u00f3n de Espert de la Comisi\u00f3n de Presupuesto por presunto v\u00ednculo con un acusado por narcotr\u00e1fico - Diario del Sur\" \/>\n<meta property=\"og:description\" content=\"Diputados de Uni\u00f3n por la Patria salieron contra el oficialista, luego que el fin de semana se conocieran aportes financieros que recibi\u00f3 de \u00abFred\u00bb Machado, empresario acusado de narcotr\u00e1fico y detenido en Estados Unidos. Diputados de Uni\u00f3n por la Patria salieron a pedir con fuerza la remoci\u00f3n de Jos\u00e9 Luis Espert de la presidencia de [&hellip;]\" \/>\n<meta property=\"og:url\" content=\"https:\/\/diariodelsurdigital.com.ar\/?p=4887\" \/>\n<meta property=\"og:site_name\" content=\"Diario del Sur\" \/>\n<meta property=\"article:published_time\" content=\"2025-09-29T17:55:44+00:00\" \/>\n<meta property=\"article:modified_time\" content=\"2025-09-29T17:55:45+00:00\" \/>\n<meta property=\"og:image\" content=\"https:\/\/diariodelsurdigital.com.ar\/wp-content\/uploads\/2025\/09\/md-19-1.webp\" \/>\n\t<meta property=\"og:image:width\" content=\"992\" \/>\n\t<meta property=\"og:image:height\" content=\"643\" \/>\n\t<meta property=\"og:image:type\" content=\"image\/webp\" \/>\n<meta name=\"author\" content=\"Diario del Sur Digital\" \/>\n<meta name=\"twitter:card\" content=\"summary_large_image\" \/>\n<meta name=\"twitter:label1\" content=\"Escrito por\" \/>\n\t<meta name=\"twitter:data1\" content=\"Diario del Sur Digital\" \/>\n\t<meta name=\"twitter:label2\" content=\"Tiempo de lectura\" \/>\n\t<meta name=\"twitter:data2\" content=\"4 minutos\" \/>\n<script type=\"application\/ld+json\" class=\"yoast-schema-graph\">{\"@context\":\"https:\\\/\\\/schema.org\",\"@graph\":[{\"@type\":\"Article\",\"@id\":\"https:\\\/\\\/diariodelsurdigital.com.ar\\\/?p=4887#article\",\"isPartOf\":{\"@id\":\"https:\\\/\\\/diariodelsurdigital.com.ar\\\/?p=4887\"},\"author\":{\"name\":\"Diario del Sur Digital\",\"@id\":\"https:\\\/\\\/diariodelsurdigital.com.ar\\\/#\\\/schema\\\/person\\\/1a4992532ed62965c968031b49195c81\"},\"headline\":\"Exigen la remoci\u00f3n de Espert de la Comisi\u00f3n de Presupuesto por presunto v\u00ednculo con un acusado por narcotr\u00e1fico\",\"datePublished\":\"2025-09-29T17:55:44+00:00\",\"dateModified\":\"2025-09-29T17:55:45+00:00\",\"mainEntityOfPage\":{\"@id\":\"https:\\\/\\\/diariodelsurdigital.com.ar\\\/?p=4887\"},\"wordCount\":696,\"commentCount\":0,\"image\":{\"@id\":\"https:\\\/\\\/diariodelsurdigital.com.ar\\\/?p=4887#primaryimage\"},\"thumbnailUrl\":\"https:\\\/\\\/diariodelsurdigital.com.ar\\\/wp-content\\\/uploads\\\/2025\\\/09\\\/md-19-1.webp\",\"articleSection\":[\"Nacionales\",\"Pol\u00edtica\"],\"inLanguage\":\"es\",\"potentialAction\":[{\"@type\":\"CommentAction\",\"name\":\"Comment\",\"target\":[\"https:\\\/\\\/diariodelsurdigital.com.ar\\\/?p=4887#respond\"]}]},{\"@type\":\"WebPage\",\"@id\":\"https:\\\/\\\/diariodelsurdigital.com.ar\\\/?p=4887\",\"url\":\"https:\\\/\\\/diariodelsurdigital.com.ar\\\/?p=4887\",\"name\":\"Exigen la remoci\u00f3n de Espert de la Comisi\u00f3n de Presupuesto por presunto v\u00ednculo con un acusado por narcotr\u00e1fico - Diario del Sur\",\"isPartOf\":{\"@id\":\"https:\\\/\\\/diariodelsurdigital.com.ar\\\/#website\"},\"primaryImageOfPage\":{\"@id\":\"https:\\\/\\\/diariodelsurdigital.com.ar\\\/?p=4887#primaryimage\"},\"image\":{\"@id\":\"https:\\\/\\\/diariodelsurdigital.com.ar\\\/?p=4887#primaryimage\"},\"thumbnailUrl\":\"https:\\\/\\\/diariodelsurdigital.com.ar\\\/wp-content\\\/uploads\\\/2025\\\/09\\\/md-19-1.webp\",\"datePublished\":\"2025-09-29T17:55:44+00:00\",\"dateModified\":\"2025-09-29T17:55:45+00:00\",\"author\":{\"@id\":\"https:\\\/\\\/diariodelsurdigital.com.ar\\\/#\\\/schema\\\/person\\\/1a4992532ed62965c968031b49195c81\"},\"breadcrumb\":{\"@id\":\"https:\\\/\\\/diariodelsurdigital.com.ar\\\/?p=4887#breadcrumb\"},\"inLanguage\":\"es\",\"potentialAction\":[{\"@type\":\"ReadAction\",\"target\":[\"https:\\\/\\\/diariodelsurdigital.com.ar\\\/?p=4887\"]}]},{\"@type\":\"ImageObject\",\"inLanguage\":\"es\",\"@id\":\"https:\\\/\\\/diariodelsurdigital.com.ar\\\/?p=4887#primaryimage\",\"url\":\"https:\\\/\\\/diariodelsurdigital.com.ar\\\/wp-content\\\/uploads\\\/2025\\\/09\\\/md-19-1.webp\",\"contentUrl\":\"https:\\\/\\\/diariodelsurdigital.com.ar\\\/wp-content\\\/uploads\\\/2025\\\/09\\\/md-19-1.webp\",\"width\":992,\"height\":643},{\"@type\":\"BreadcrumbList\",\"@id\":\"https:\\\/\\\/diariodelsurdigital.com.ar\\\/?p=4887#breadcrumb\",\"itemListElement\":[{\"@type\":\"ListItem\",\"position\":1,\"name\":\"Portada\",\"item\":\"https:\\\/\\\/diariodelsurdigital.com.ar\\\/\"},{\"@type\":\"ListItem\",\"position\":2,\"name\":\"Exigen la remoci\u00f3n de Espert de la Comisi\u00f3n de Presupuesto por presunto v\u00ednculo con un acusado por narcotr\u00e1fico\"}]},{\"@type\":\"WebSite\",\"@id\":\"https:\\\/\\\/diariodelsurdigital.com.ar\\\/#website\",\"url\":\"https:\\\/\\\/diariodelsurdigital.com.ar\\\/\",\"name\":\"Diario del Sur\",\"description\":\"Digital\",\"potentialAction\":[{\"@type\":\"SearchAction\",\"target\":{\"@type\":\"EntryPoint\",\"urlTemplate\":\"https:\\\/\\\/diariodelsurdigital.com.ar\\\/?s={search_term_string}\"},\"query-input\":{\"@type\":\"PropertyValueSpecification\",\"valueRequired\":true,\"valueName\":\"search_term_string\"}}],\"inLanguage\":\"es\"},{\"@type\":\"Person\",\"@id\":\"https:\\\/\\\/diariodelsurdigital.com.ar\\\/#\\\/schema\\\/person\\\/1a4992532ed62965c968031b49195c81\",\"name\":\"Diario del Sur Digital\",\"image\":{\"@type\":\"ImageObject\",\"inLanguage\":\"es\",\"@id\":\"https:\\\/\\\/secure.gravatar.com\\\/avatar\\\/f0c7c47fc7146d19828273b9b8eda651c9c7ab583767e6338d3d3bee825adf76?s=96&d=mm&r=g\",\"url\":\"https:\\\/\\\/secure.gravatar.com\\\/avatar\\\/f0c7c47fc7146d19828273b9b8eda651c9c7ab583767e6338d3d3bee825adf76?s=96&d=mm&r=g\",\"contentUrl\":\"https:\\\/\\\/secure.gravatar.com\\\/avatar\\\/f0c7c47fc7146d19828273b9b8eda651c9c7ab583767e6338d3d3bee825adf76?s=96&d=mm&r=g\",\"caption\":\"Diario del Sur Digital\"},\"url\":\"https:\\\/\\\/diariodelsurdigital.com.ar\\\/?author=4\"}]}<\/script>\n<!-- \/ Yoast SEO plugin. -->","yoast_head_json":{"title":"Exigen la remoci\u00f3n de Espert de la Comisi\u00f3n de Presupuesto por presunto v\u00ednculo con un acusado por narcotr\u00e1fico - Diario del Sur","robots":{"index":"index","follow":"follow","max-snippet":"max-snippet:-1","max-image-preview":"max-image-preview:large","max-video-preview":"max-video-preview:-1"},"canonical":"https:\/\/diariodelsurdigital.com.ar\/?p=4887","og_locale":"es_ES","og_type":"article","og_title":"Exigen la remoci\u00f3n de Espert de la Comisi\u00f3n de Presupuesto por presunto v\u00ednculo con un acusado por narcotr\u00e1fico - Diario del Sur","og_description":"Diputados de Uni\u00f3n por la Patria salieron contra el oficialista, luego que el fin de semana se conocieran aportes financieros que recibi\u00f3 de \u00abFred\u00bb Machado, empresario acusado de narcotr\u00e1fico y detenido en Estados Unidos. Diputados de Uni\u00f3n por la Patria salieron a pedir con fuerza la remoci\u00f3n de Jos\u00e9 Luis Espert de la presidencia de [&hellip;]","og_url":"https:\/\/diariodelsurdigital.com.ar\/?p=4887","og_site_name":"Diario del Sur","article_published_time":"2025-09-29T17:55:44+00:00","article_modified_time":"2025-09-29T17:55:45+00:00","og_image":[{"width":992,"height":643,"url":"https:\/\/diariodelsurdigital.com.ar\/wp-content\/uploads\/2025\/09\/md-19-1.webp","type":"image\/webp"}],"author":"Diario del Sur Digital","twitter_card":"summary_large_image","twitter_misc":{"Escrito por":"Diario del Sur Digital","Tiempo de lectura":"4 minutos"},"schema":{"@context":"https:\/\/schema.org","@graph":[{"@type":"Article","@id":"https:\/\/diariodelsurdigital.com.ar\/?p=4887#article","isPartOf":{"@id":"https:\/\/diariodelsurdigital.com.ar\/?p=4887"},"author":{"name":"Diario del Sur Digital","@id":"https:\/\/diariodelsurdigital.com.ar\/#\/schema\/person\/1a4992532ed62965c968031b49195c81"},"headline":"Exigen la remoci\u00f3n de Espert de la Comisi\u00f3n de Presupuesto por presunto v\u00ednculo con un acusado por narcotr\u00e1fico","datePublished":"2025-09-29T17:55:44+00:00","dateModified":"2025-09-29T17:55:45+00:00","mainEntityOfPage":{"@id":"https:\/\/diariodelsurdigital.com.ar\/?p=4887"},"wordCount":696,"commentCount":0,"image":{"@id":"https:\/\/diariodelsurdigital.com.ar\/?p=4887#primaryimage"},"thumbnailUrl":"https:\/\/diariodelsurdigital.com.ar\/wp-content\/uploads\/2025\/09\/md-19-1.webp","articleSection":["Nacionales","Pol\u00edtica"],"inLanguage":"es","potentialAction":[{"@type":"CommentAction","name":"Comment","target":["https:\/\/diariodelsurdigital.com.ar\/?p=4887#respond"]}]},{"@type":"WebPage","@id":"https:\/\/diariodelsurdigital.com.ar\/?p=4887","url":"https:\/\/diariodelsurdigital.com.ar\/?p=4887","name":"Exigen la remoci\u00f3n de Espert de la Comisi\u00f3n de Presupuesto por presunto v\u00ednculo con un acusado por narcotr\u00e1fico - Diario del Sur","isPartOf":{"@id":"https:\/\/diariodelsurdigital.com.ar\/#website"},"primaryImageOfPage":{"@id":"https:\/\/diariodelsurdigital.com.ar\/?p=4887#primaryimage"},"image":{"@id":"https:\/\/diariodelsurdigital.com.ar\/?p=4887#primaryimage"},"thumbnailUrl":"https:\/\/diariodelsurdigital.com.ar\/wp-content\/uploads\/2025\/09\/md-19-1.webp","datePublished":"2025-09-29T17:55:44+00:00","dateModified":"2025-09-29T17:55:45+00:00","author":{"@id":"https:\/\/diariodelsurdigital.com.ar\/#\/schema\/person\/1a4992532ed62965c968031b49195c81"},"breadcrumb":{"@id":"https:\/\/diariodelsurdigital.com.ar\/?p=4887#breadcrumb"},"inLanguage":"es","potentialAction":[{"@type":"ReadAction","target":["https:\/\/diariodelsurdigital.com.ar\/?p=4887"]}]},{"@type":"ImageObject","inLanguage":"es","@id":"https:\/\/diariodelsurdigital.com.ar\/?p=4887#primaryimage","url":"https:\/\/diariodelsurdigital.com.ar\/wp-content\/uploads\/2025\/09\/md-19-1.webp","contentUrl":"https:\/\/diariodelsurdigital.com.ar\/wp-content\/uploads\/2025\/09\/md-19-1.webp","width":992,"height":643},{"@type":"BreadcrumbList","@id":"https:\/\/diariodelsurdigital.com.ar\/?p=4887#breadcrumb","itemListElement":[{"@type":"ListItem","position":1,"name":"Portada","item":"https:\/\/diariodelsurdigital.com.ar\/"},{"@type":"ListItem","position":2,"name":"Exigen la remoci\u00f3n de Espert de la Comisi\u00f3n de Presupuesto por presunto v\u00ednculo con un acusado por narcotr\u00e1fico"}]},{"@type":"WebSite","@id":"https:\/\/diariodelsurdigital.com.ar\/#website","url":"https:\/\/diariodelsurdigital.com.ar\/","name":"Diario del Sur","description":"Digital","potentialAction":[{"@type":"SearchAction","target":{"@type":"EntryPoint","urlTemplate":"https:\/\/diariodelsurdigital.com.ar\/?s={search_term_string}"},"query-input":{"@type":"PropertyValueSpecification","valueRequired":true,"valueName":"search_term_string"}}],"inLanguage":"es"},{"@type":"Person","@id":"https:\/\/diariodelsurdigital.com.ar\/#\/schema\/person\/1a4992532ed62965c968031b49195c81","name":"Diario del Sur Digital","image":{"@type":"ImageObject","inLanguage":"es","@id":"https:\/\/secure.gravatar.com\/avatar\/f0c7c47fc7146d19828273b9b8eda651c9c7ab583767e6338d3d3bee825adf76?s=96&d=mm&r=g","url":"https:\/\/secure.gravatar.com\/avatar\/f0c7c47fc7146d19828273b9b8eda651c9c7ab583767e6338d3d3bee825adf76?s=96&d=mm&r=g","contentUrl":"https:\/\/secure.gravatar.com\/avatar\/f0c7c47fc7146d19828273b9b8eda651c9c7ab583767e6338d3d3bee825adf76?s=96&d=mm&r=g","caption":"Diario del Sur Digital"},"url":"https:\/\/diariodelsurdigital.com.ar\/?author=4"}]}},"_links":{"self":[{"href":"https:\/\/diariodelsurdigital.com.ar\/index.php?rest_route=\/wp\/v2\/posts\/4887","targetHints":{"allow":["GET"]}}],"collection":[{"href":"https:\/\/diariodelsurdigital.com.ar\/index.php?rest_route=\/wp\/v2\/posts"}],"about":[{"href":"https:\/\/diariodelsurdigital.com.ar\/index.php?rest_route=\/wp\/v2\/types\/post"}],"author":[{"embeddable":true,"href":"https:\/\/diariodelsurdigital.com.ar\/index.php?rest_route=\/wp\/v2\/users\/4"}],"replies":[{"embeddable":true,"href":"https:\/\/diariodelsurdigital.com.ar\/index.php?rest_route=%2Fwp%2Fv2%2Fcomments&post=4887"}],"version-history":[{"count":1,"href":"https:\/\/diariodelsurdigital.com.ar\/index.php?rest_route=\/wp\/v2\/posts\/4887\/revisions"}],"predecessor-version":[{"id":4889,"href":"https:\/\/diariodelsurdigital.com.ar\/index.php?rest_route=\/wp\/v2\/posts\/4887\/revisions\/4889"}],"wp:featuredmedia":[{"embeddable":true,"href":"https:\/\/diariodelsurdigital.com.ar\/index.php?rest_route=\/wp\/v2\/media\/4888"}],"wp:attachment":[{"href":"https:\/\/diariodelsurdigital.com.ar\/index.php?rest_route=%2Fwp%2Fv2%2Fmedia&parent=4887"}],"wp:term":[{"taxonomy":"category","embeddable":true,"href":"https:\/\/diariodelsurdigital.com.ar\/index.php?rest_route=%2Fwp%2Fv2%2Fcategories&post=4887"},{"taxonomy":"post_tag","embeddable":true,"href":"https:\/\/diariodelsurdigital.com.ar\/index.php?rest_route=%2Fwp%2Fv2%2Ftags&post=4887"}],"curies":[{"name":"wp","href":"https:\/\/api.w.org\/{rel}","templated":true}]}}