{"id":4890,"date":"2025-09-29T19:51:01","date_gmt":"2025-09-29T22:51:01","guid":{"rendered":"https:\/\/diariodelsurdigital.com.ar\/?p=4890"},"modified":"2025-09-29T19:51:02","modified_gmt":"2025-09-29T22:51:02","slug":"guardavidas-despedidos-un-fallo-devuelve-la-disputa-con-la-gestion-azcue","status":"publish","type":"post","link":"https:\/\/diariodelsurdigital.com.ar\/?p=4890","title":{"rendered":"Guardavidas despedidos: un fallo devuelve la disputa con la gesti\u00f3n Azcu\u00e9"},"content":{"rendered":"\n<p><br>La Sala Contenciosa Administrativa de Concepci\u00f3n del Uruguay resolvi\u00f3 que no tiene competencia para intervenir en el conflicto que mantienen los guardavidas de Concordia con la Municipalidad, y devolvi\u00f3 el expediente al Juzgado Laboral N\u00b0 2 a cargo de la Dra. Iriel Municipio<\/p>\n\n\n\n<p><strong>Por Federico Odorisio (Diario Junio)<\/strong><br><br>La decisi\u00f3n fue adoptada por unanimidad de sus tres integrantes, luego del dictamen fiscal, y ratific\u00f3 lo sostenido por los trabajadores, quienes desde un inicio insistieron en que se trata de una cuesti\u00f3n de neto car\u00e1cter laboral, regida por el Convenio Colectivo de Trabajo (CCT) 179\/91 que nuclea a los guardavidas en todo el pa\u00eds (excepto Mar del Plata).<\/p>\n\n\n\n<p>En el fallo, la Sala se\u00f1al\u00f3 que \u201cCorresponde puntualizar que los actores fundamentan que la relaci\u00f3n laboral que los vincula con el Municipio demandado es la de guardavidas, que se rige por el CCT 179\/91 (\u2026) En m\u00e9rito a lo expuesto, y siendo que para la decisi\u00f3n de la causa debe la magistratura analizar si rige para la actividad espec\u00edfica de guardavida en el municipio de Concordia el Convenio Colectivo de Trabajo invocado por los actores, consideramos que este Tribunal no reviste competencia para entender en la causa por expresa decisi\u00f3n del legislador\u201d.<\/p>\n\n\n\n<p><strong>El conflicto<\/strong><br>El caso comenz\u00f3 el 4 de febrero de 2025, cuando un grupo de guardavidas \u2014que hab\u00edan aprobado la rev\u00e1lida anual bajo supervisi\u00f3n de la Direcci\u00f3n de Deportes de Entre R\u00edos\u2014 no recibi\u00f3 la asignaci\u00f3n de tareas por parte del municipio. Seg\u00fan denunci\u00f3 el abogado en Concordia del\u00a0 Sindicato \u00danico de Guardavidas y Afines de la Rep\u00fablica Argentina (SUGARA), Walter Noir, la Municipalidad actu\u00f3 de manera \u201carbitraria e ilegal\u201d, contratando a algunos trabajadores y dejando afuera a varios con m\u00e1s de 20 a\u00f1os de servicio ininterrumpido.<\/p>\n\n\n\n<p>Frente a esta situaci\u00f3n, los afectados hab\u00edan presentado una medida cautelar solicitando su reincorporaci\u00f3n inmediata a la temporada ya iniciada. La causa se radic\u00f3 en el Juzgado Laboral N\u00b0 2 de Concordia, a cargo de la Dra. Iriel E. Munitz, quien en abril de este a\u00f1o se declar\u00f3 incompetente y remiti\u00f3 el expediente a la Sala Contenciosa de Concepci\u00f3n del Uruguay.<\/p>\n\n\n\n<p>Con el fallo del 22 de septiembre, la Justicia contenciosa rechaz\u00f3 esa competencia y devolvi\u00f3 el expediente al fuero laboral, que deber\u00e1 resolver el fondo del reclamo.<\/p>\n\n\n\n<p>Ahora, a menos de un mes del inicio de la temporada estival 2025\/2026, el conflicto permanece abierto. \u201cEstamos a la espera de que la Justicia laboral se expida y que se respeten los derechos que garantiza el convenio colectivo. No puede repetirse la situaci\u00f3n de a\u00f1os anteriores, cuando muchos trabajadores fueron dejados de lado de manera discrecional\u201d, advirti\u00f3 Noir. <\/p>\n","protected":false},"excerpt":{"rendered":"<p>La Sala Contenciosa Administrativa de Concepci\u00f3n del Uruguay resolvi\u00f3 que no tiene competencia para intervenir en el conflicto que mantienen los guardavidas de Concordia con la Municipalidad, y devolvi\u00f3 el expediente al Juzgado Laboral N\u00b0 2 a cargo de la Dra. Iriel Municipio Por Federico Odorisio (Diario Junio) La decisi\u00f3n fue adoptada por unanimidad de [&hellip;]<\/p>\n","protected":false},"author":2,"featured_media":4891,"comment_status":"open","ping_status":"open","sticky":false,"template":"","format":"standard","meta":{"footnotes":""},"categories":[19,16],"tags":[],"class_list":{"0":"post-4890","1":"post","2":"type-post","3":"status-publish","4":"format-standard","5":"has-post-thumbnail","7":"category-interes-general","8":"category-locales"},"yoast_head":"<!-- This site is optimized with the Yoast SEO plugin v27.4 - https:\/\/yoast.com\/product\/yoast-seo-wordpress\/ -->\n<title>Guardavidas despedidos: un fallo devuelve la disputa con la gesti\u00f3n Azcu\u00e9 - Diario del Sur<\/title>\n<meta name=\"robots\" content=\"index, follow, max-snippet:-1, max-image-preview:large, max-video-preview:-1\" \/>\n<link rel=\"canonical\" href=\"https:\/\/diariodelsurdigital.com.ar\/?p=4890\" \/>\n<meta property=\"og:locale\" content=\"es_ES\" \/>\n<meta property=\"og:type\" content=\"article\" \/>\n<meta property=\"og:title\" content=\"Guardavidas despedidos: un fallo devuelve la disputa con la gesti\u00f3n Azcu\u00e9 - Diario del Sur\" \/>\n<meta property=\"og:description\" content=\"La Sala Contenciosa Administrativa de Concepci\u00f3n del Uruguay resolvi\u00f3 que no tiene competencia para intervenir en el conflicto que mantienen los guardavidas de Concordia con la Municipalidad, y devolvi\u00f3 el expediente al Juzgado Laboral N\u00b0 2 a cargo de la Dra. Iriel Municipio Por Federico Odorisio (Diario Junio) La decisi\u00f3n fue adoptada por unanimidad de [&hellip;]\" \/>\n<meta property=\"og:url\" content=\"https:\/\/diariodelsurdigital.com.ar\/?p=4890\" \/>\n<meta property=\"og:site_name\" content=\"Diario del Sur\" \/>\n<meta property=\"article:published_time\" content=\"2025-09-29T22:51:01+00:00\" \/>\n<meta property=\"article:modified_time\" content=\"2025-09-29T22:51:02+00:00\" \/>\n<meta property=\"og:image\" content=\"https:\/\/diariodelsurdigital.com.ar\/wp-content\/uploads\/2025\/09\/multimedia.miniatura.b62788958512fd3e.67756172646176696461735f6d696e6961747572612e77656270-1.png\" \/>\n\t<meta property=\"og:image:width\" content=\"529\" \/>\n\t<meta property=\"og:image:height\" content=\"348\" \/>\n\t<meta property=\"og:image:type\" content=\"image\/png\" \/>\n<meta name=\"author\" content=\"Diario del Sur Digital\" \/>\n<meta name=\"twitter:card\" content=\"summary_large_image\" \/>\n<meta name=\"twitter:label1\" content=\"Escrito por\" \/>\n\t<meta name=\"twitter:data1\" content=\"Diario del Sur Digital\" \/>\n\t<meta name=\"twitter:label2\" content=\"Tiempo de lectura\" \/>\n\t<meta name=\"twitter:data2\" content=\"3 minutos\" \/>\n<script type=\"application\/ld+json\" class=\"yoast-schema-graph\">{\"@context\":\"https:\\\/\\\/schema.org\",\"@graph\":[{\"@type\":\"Article\",\"@id\":\"https:\\\/\\\/diariodelsurdigital.com.ar\\\/?p=4890#article\",\"isPartOf\":{\"@id\":\"https:\\\/\\\/diariodelsurdigital.com.ar\\\/?p=4890\"},\"author\":{\"name\":\"Diario del Sur Digital\",\"@id\":\"https:\\\/\\\/diariodelsurdigital.com.ar\\\/#\\\/schema\\\/person\\\/6136a32571657f7dba980b88b04c5465\"},\"headline\":\"Guardavidas despedidos: un fallo devuelve la disputa con la gesti\u00f3n Azcu\u00e9\",\"datePublished\":\"2025-09-29T22:51:01+00:00\",\"dateModified\":\"2025-09-29T22:51:02+00:00\",\"mainEntityOfPage\":{\"@id\":\"https:\\\/\\\/diariodelsurdigital.com.ar\\\/?p=4890\"},\"wordCount\":464,\"commentCount\":0,\"image\":{\"@id\":\"https:\\\/\\\/diariodelsurdigital.com.ar\\\/?p=4890#primaryimage\"},\"thumbnailUrl\":\"https:\\\/\\\/diariodelsurdigital.com.ar\\\/wp-content\\\/uploads\\\/2025\\\/09\\\/multimedia.miniatura.b62788958512fd3e.67756172646176696461735f6d696e6961747572612e77656270-1.png\",\"articleSection\":[\"Inter\u00e9s General\",\"Locales\"],\"inLanguage\":\"es\",\"potentialAction\":[{\"@type\":\"CommentAction\",\"name\":\"Comment\",\"target\":[\"https:\\\/\\\/diariodelsurdigital.com.ar\\\/?p=4890#respond\"]}]},{\"@type\":\"WebPage\",\"@id\":\"https:\\\/\\\/diariodelsurdigital.com.ar\\\/?p=4890\",\"url\":\"https:\\\/\\\/diariodelsurdigital.com.ar\\\/?p=4890\",\"name\":\"Guardavidas despedidos: un fallo devuelve la disputa con la gesti\u00f3n Azcu\u00e9 - Diario del Sur\",\"isPartOf\":{\"@id\":\"https:\\\/\\\/diariodelsurdigital.com.ar\\\/#website\"},\"primaryImageOfPage\":{\"@id\":\"https:\\\/\\\/diariodelsurdigital.com.ar\\\/?p=4890#primaryimage\"},\"image\":{\"@id\":\"https:\\\/\\\/diariodelsurdigital.com.ar\\\/?p=4890#primaryimage\"},\"thumbnailUrl\":\"https:\\\/\\\/diariodelsurdigital.com.ar\\\/wp-content\\\/uploads\\\/2025\\\/09\\\/multimedia.miniatura.b62788958512fd3e.67756172646176696461735f6d696e6961747572612e77656270-1.png\",\"datePublished\":\"2025-09-29T22:51:01+00:00\",\"dateModified\":\"2025-09-29T22:51:02+00:00\",\"author\":{\"@id\":\"https:\\\/\\\/diariodelsurdigital.com.ar\\\/#\\\/schema\\\/person\\\/6136a32571657f7dba980b88b04c5465\"},\"breadcrumb\":{\"@id\":\"https:\\\/\\\/diariodelsurdigital.com.ar\\\/?p=4890#breadcrumb\"},\"inLanguage\":\"es\",\"potentialAction\":[{\"@type\":\"ReadAction\",\"target\":[\"https:\\\/\\\/diariodelsurdigital.com.ar\\\/?p=4890\"]}]},{\"@type\":\"ImageObject\",\"inLanguage\":\"es\",\"@id\":\"https:\\\/\\\/diariodelsurdigital.com.ar\\\/?p=4890#primaryimage\",\"url\":\"https:\\\/\\\/diariodelsurdigital.com.ar\\\/wp-content\\\/uploads\\\/2025\\\/09\\\/multimedia.miniatura.b62788958512fd3e.67756172646176696461735f6d696e6961747572612e77656270-1.png\",\"contentUrl\":\"https:\\\/\\\/diariodelsurdigital.com.ar\\\/wp-content\\\/uploads\\\/2025\\\/09\\\/multimedia.miniatura.b62788958512fd3e.67756172646176696461735f6d696e6961747572612e77656270-1.png\",\"width\":529,\"height\":348},{\"@type\":\"BreadcrumbList\",\"@id\":\"https:\\\/\\\/diariodelsurdigital.com.ar\\\/?p=4890#breadcrumb\",\"itemListElement\":[{\"@type\":\"ListItem\",\"position\":1,\"name\":\"Portada\",\"item\":\"https:\\\/\\\/diariodelsurdigital.com.ar\\\/\"},{\"@type\":\"ListItem\",\"position\":2,\"name\":\"Guardavidas despedidos: un fallo devuelve la disputa con la gesti\u00f3n Azcu\u00e9\"}]},{\"@type\":\"WebSite\",\"@id\":\"https:\\\/\\\/diariodelsurdigital.com.ar\\\/#website\",\"url\":\"https:\\\/\\\/diariodelsurdigital.com.ar\\\/\",\"name\":\"Diario del Sur\",\"description\":\"Digital\",\"potentialAction\":[{\"@type\":\"SearchAction\",\"target\":{\"@type\":\"EntryPoint\",\"urlTemplate\":\"https:\\\/\\\/diariodelsurdigital.com.ar\\\/?s={search_term_string}\"},\"query-input\":{\"@type\":\"PropertyValueSpecification\",\"valueRequired\":true,\"valueName\":\"search_term_string\"}}],\"inLanguage\":\"es\"},{\"@type\":\"Person\",\"@id\":\"https:\\\/\\\/diariodelsurdigital.com.ar\\\/#\\\/schema\\\/person\\\/6136a32571657f7dba980b88b04c5465\",\"name\":\"Diario del Sur Digital\",\"image\":{\"@type\":\"ImageObject\",\"inLanguage\":\"es\",\"@id\":\"https:\\\/\\\/secure.gravatar.com\\\/avatar\\\/4c29ceac98541dd42460b2474aaa5dd37594d6ce6cb3cf2c101d09b48ee287ba?s=96&d=mm&r=g\",\"url\":\"https:\\\/\\\/secure.gravatar.com\\\/avatar\\\/4c29ceac98541dd42460b2474aaa5dd37594d6ce6cb3cf2c101d09b48ee287ba?s=96&d=mm&r=g\",\"contentUrl\":\"https:\\\/\\\/secure.gravatar.com\\\/avatar\\\/4c29ceac98541dd42460b2474aaa5dd37594d6ce6cb3cf2c101d09b48ee287ba?s=96&d=mm&r=g\",\"caption\":\"Diario del Sur Digital\"},\"url\":\"https:\\\/\\\/diariodelsurdigital.com.ar\\\/?author=2\"}]}<\/script>\n<!-- \/ Yoast SEO plugin. -->","yoast_head_json":{"title":"Guardavidas despedidos: un fallo devuelve la disputa con la gesti\u00f3n Azcu\u00e9 - Diario del Sur","robots":{"index":"index","follow":"follow","max-snippet":"max-snippet:-1","max-image-preview":"max-image-preview:large","max-video-preview":"max-video-preview:-1"},"canonical":"https:\/\/diariodelsurdigital.com.ar\/?p=4890","og_locale":"es_ES","og_type":"article","og_title":"Guardavidas despedidos: un fallo devuelve la disputa con la gesti\u00f3n Azcu\u00e9 - Diario del Sur","og_description":"La Sala Contenciosa Administrativa de Concepci\u00f3n del Uruguay resolvi\u00f3 que no tiene competencia para intervenir en el conflicto que mantienen los guardavidas de Concordia con la Municipalidad, y devolvi\u00f3 el expediente al Juzgado Laboral N\u00b0 2 a cargo de la Dra. Iriel Municipio Por Federico Odorisio (Diario Junio) La decisi\u00f3n fue adoptada por unanimidad de [&hellip;]","og_url":"https:\/\/diariodelsurdigital.com.ar\/?p=4890","og_site_name":"Diario del Sur","article_published_time":"2025-09-29T22:51:01+00:00","article_modified_time":"2025-09-29T22:51:02+00:00","og_image":[{"width":529,"height":348,"url":"https:\/\/diariodelsurdigital.com.ar\/wp-content\/uploads\/2025\/09\/multimedia.miniatura.b62788958512fd3e.67756172646176696461735f6d696e6961747572612e77656270-1.png","type":"image\/png"}],"author":"Diario del Sur Digital","twitter_card":"summary_large_image","twitter_misc":{"Escrito por":"Diario del Sur Digital","Tiempo de lectura":"3 minutos"},"schema":{"@context":"https:\/\/schema.org","@graph":[{"@type":"Article","@id":"https:\/\/diariodelsurdigital.com.ar\/?p=4890#article","isPartOf":{"@id":"https:\/\/diariodelsurdigital.com.ar\/?p=4890"},"author":{"name":"Diario del Sur Digital","@id":"https:\/\/diariodelsurdigital.com.ar\/#\/schema\/person\/6136a32571657f7dba980b88b04c5465"},"headline":"Guardavidas despedidos: un fallo devuelve la disputa con la gesti\u00f3n Azcu\u00e9","datePublished":"2025-09-29T22:51:01+00:00","dateModified":"2025-09-29T22:51:02+00:00","mainEntityOfPage":{"@id":"https:\/\/diariodelsurdigital.com.ar\/?p=4890"},"wordCount":464,"commentCount":0,"image":{"@id":"https:\/\/diariodelsurdigital.com.ar\/?p=4890#primaryimage"},"thumbnailUrl":"https:\/\/diariodelsurdigital.com.ar\/wp-content\/uploads\/2025\/09\/multimedia.miniatura.b62788958512fd3e.67756172646176696461735f6d696e6961747572612e77656270-1.png","articleSection":["Inter\u00e9s General","Locales"],"inLanguage":"es","potentialAction":[{"@type":"CommentAction","name":"Comment","target":["https:\/\/diariodelsurdigital.com.ar\/?p=4890#respond"]}]},{"@type":"WebPage","@id":"https:\/\/diariodelsurdigital.com.ar\/?p=4890","url":"https:\/\/diariodelsurdigital.com.ar\/?p=4890","name":"Guardavidas despedidos: un fallo devuelve la disputa con la gesti\u00f3n Azcu\u00e9 - Diario del Sur","isPartOf":{"@id":"https:\/\/diariodelsurdigital.com.ar\/#website"},"primaryImageOfPage":{"@id":"https:\/\/diariodelsurdigital.com.ar\/?p=4890#primaryimage"},"image":{"@id":"https:\/\/diariodelsurdigital.com.ar\/?p=4890#primaryimage"},"thumbnailUrl":"https:\/\/diariodelsurdigital.com.ar\/wp-content\/uploads\/2025\/09\/multimedia.miniatura.b62788958512fd3e.67756172646176696461735f6d696e6961747572612e77656270-1.png","datePublished":"2025-09-29T22:51:01+00:00","dateModified":"2025-09-29T22:51:02+00:00","author":{"@id":"https:\/\/diariodelsurdigital.com.ar\/#\/schema\/person\/6136a32571657f7dba980b88b04c5465"},"breadcrumb":{"@id":"https:\/\/diariodelsurdigital.com.ar\/?p=4890#breadcrumb"},"inLanguage":"es","potentialAction":[{"@type":"ReadAction","target":["https:\/\/diariodelsurdigital.com.ar\/?p=4890"]}]},{"@type":"ImageObject","inLanguage":"es","@id":"https:\/\/diariodelsurdigital.com.ar\/?p=4890#primaryimage","url":"https:\/\/diariodelsurdigital.com.ar\/wp-content\/uploads\/2025\/09\/multimedia.miniatura.b62788958512fd3e.67756172646176696461735f6d696e6961747572612e77656270-1.png","contentUrl":"https:\/\/diariodelsurdigital.com.ar\/wp-content\/uploads\/2025\/09\/multimedia.miniatura.b62788958512fd3e.67756172646176696461735f6d696e6961747572612e77656270-1.png","width":529,"height":348},{"@type":"BreadcrumbList","@id":"https:\/\/diariodelsurdigital.com.ar\/?p=4890#breadcrumb","itemListElement":[{"@type":"ListItem","position":1,"name":"Portada","item":"https:\/\/diariodelsurdigital.com.ar\/"},{"@type":"ListItem","position":2,"name":"Guardavidas despedidos: un fallo devuelve la disputa con la gesti\u00f3n Azcu\u00e9"}]},{"@type":"WebSite","@id":"https:\/\/diariodelsurdigital.com.ar\/#website","url":"https:\/\/diariodelsurdigital.com.ar\/","name":"Diario del Sur","description":"Digital","potentialAction":[{"@type":"SearchAction","target":{"@type":"EntryPoint","urlTemplate":"https:\/\/diariodelsurdigital.com.ar\/?s={search_term_string}"},"query-input":{"@type":"PropertyValueSpecification","valueRequired":true,"valueName":"search_term_string"}}],"inLanguage":"es"},{"@type":"Person","@id":"https:\/\/diariodelsurdigital.com.ar\/#\/schema\/person\/6136a32571657f7dba980b88b04c5465","name":"Diario del Sur Digital","image":{"@type":"ImageObject","inLanguage":"es","@id":"https:\/\/secure.gravatar.com\/avatar\/4c29ceac98541dd42460b2474aaa5dd37594d6ce6cb3cf2c101d09b48ee287ba?s=96&d=mm&r=g","url":"https:\/\/secure.gravatar.com\/avatar\/4c29ceac98541dd42460b2474aaa5dd37594d6ce6cb3cf2c101d09b48ee287ba?s=96&d=mm&r=g","contentUrl":"https:\/\/secure.gravatar.com\/avatar\/4c29ceac98541dd42460b2474aaa5dd37594d6ce6cb3cf2c101d09b48ee287ba?s=96&d=mm&r=g","caption":"Diario del Sur Digital"},"url":"https:\/\/diariodelsurdigital.com.ar\/?author=2"}]}},"_links":{"self":[{"href":"https:\/\/diariodelsurdigital.com.ar\/index.php?rest_route=\/wp\/v2\/posts\/4890","targetHints":{"allow":["GET"]}}],"collection":[{"href":"https:\/\/diariodelsurdigital.com.ar\/index.php?rest_route=\/wp\/v2\/posts"}],"about":[{"href":"https:\/\/diariodelsurdigital.com.ar\/index.php?rest_route=\/wp\/v2\/types\/post"}],"author":[{"embeddable":true,"href":"https:\/\/diariodelsurdigital.com.ar\/index.php?rest_route=\/wp\/v2\/users\/2"}],"replies":[{"embeddable":true,"href":"https:\/\/diariodelsurdigital.com.ar\/index.php?rest_route=%2Fwp%2Fv2%2Fcomments&post=4890"}],"version-history":[{"count":1,"href":"https:\/\/diariodelsurdigital.com.ar\/index.php?rest_route=\/wp\/v2\/posts\/4890\/revisions"}],"predecessor-version":[{"id":4892,"href":"https:\/\/diariodelsurdigital.com.ar\/index.php?rest_route=\/wp\/v2\/posts\/4890\/revisions\/4892"}],"wp:featuredmedia":[{"embeddable":true,"href":"https:\/\/diariodelsurdigital.com.ar\/index.php?rest_route=\/wp\/v2\/media\/4891"}],"wp:attachment":[{"href":"https:\/\/diariodelsurdigital.com.ar\/index.php?rest_route=%2Fwp%2Fv2%2Fmedia&parent=4890"}],"wp:term":[{"taxonomy":"category","embeddable":true,"href":"https:\/\/diariodelsurdigital.com.ar\/index.php?rest_route=%2Fwp%2Fv2%2Fcategories&post=4890"},{"taxonomy":"post_tag","embeddable":true,"href":"https:\/\/diariodelsurdigital.com.ar\/index.php?rest_route=%2Fwp%2Fv2%2Ftags&post=4890"}],"curies":[{"name":"wp","href":"https:\/\/api.w.org\/{rel}","templated":true}]}}