{"id":4895,"date":"2025-09-30T10:02:19","date_gmt":"2025-09-30T13:02:19","guid":{"rendered":"https:\/\/diariodelsurdigital.com.ar\/?p=4895"},"modified":"2025-09-30T10:02:20","modified_gmt":"2025-09-30T13:02:20","slug":"polemica-por-la-creacion-de-la-agencia-de-bienes-osuna-acusa-a-frigerio-de-impulsar-negocios-inmobiliarios","status":"publish","type":"post","link":"https:\/\/diariodelsurdigital.com.ar\/?p=4895","title":{"rendered":"Pol\u00e9mica por la creaci\u00f3n de la Agencia de Bienes: Osuna acusa a Frigerio de impulsar negocios inmobiliarios"},"content":{"rendered":"\n<p>La diputada nacional Blanca Osuna cuestion\u00f3 la reciente ley que establece la Agencia Administradora de Bienes Inmuebles del Estado Provincial, con rango ministerial. Denunci\u00f3 que la medida abre la puerta a la venta de inmuebles estrat\u00e9gicos sin control legislativo y record\u00f3 antecedentes de Frigerio en la gesti\u00f3n de bienes del Estado durante el macrismo.<\/p>\n\n\n\n<p><\/p>\n\n\n\n<p>El comunicado completo de Blanca Osuna:<\/p>\n\n\n\n<p>\u201cEl 18 de septiembre pasado se public\u00f3 en el Bolet\u00edn Oficial la Ley N\u00b0 11.210, sancionada el 28 de agosto de 2025, por la cual se crea la Agencia Administradora de Bienes Inmuebles del Estado Provincial (AABIPER).<\/p>\n\n\n\n<p>Sobre el sentido de esta ley y su puesta en marcha creo indispensable en el ejercicio de la responsabilidad de mi labor de representaci\u00f3n, dar a conocer de modo simple y sint\u00e9tico dos cuestiones claves.<\/p>\n\n\n\n<p>La primera, referida a que lejos de reducir el gasto pol\u00edtico, latiguillo que repite Frigerio en sus discursos, este nuevo organismo al que se le otorga categor\u00eda de Ministerio contar\u00e1 con estructura nueva y propia, cargos y ampl\u00edsimas facultades para m\u00faltiples designaciones y contrataciones. O sea\u2026 se avecinan nuevos porte\u00f1os en la gesti\u00f3n provincial.<\/p>\n\n\n\n<p>La segunda, respecto a que toda la norma est\u00e1 fundada con la excusa de crear un organismo para \u201ccuidar y gestionar mejor los bienes p\u00fablicos\u201d. Sin embargo, detr\u00e1s de esa fachada se oculta el af\u00e1n que otrora, en su condici\u00f3n de ministro del Interior, Obras y Servicios P\u00fablicos (2015-2019), Frigerio supo desplegar, con la venta de bienes del estado y el atajo de beneficios que aprovech\u00f3 muy a su favor y el de empresas amigas.<\/p>\n\n\n\n<p>Lo que a los entrerrianos se nos presenta como \u201cmodernizaci\u00f3n\u201d o \u201ceficiencia\u201d por parte del Gobernador, en realidad despliega una trama de ventajas del negocio inmobiliario que favorecen a los vivos de siempre y ponen en riesgo nuestro patrimonio.<\/p>\n\n\n\n<p>En el marco del debate de esta ley advert\u00ed el riesgo de que esta Agencia administrara bienes inmuebles de la provincia con ausencia de estricto control legislativo ni evaluaci\u00f3n externa sobre el inter\u00e9s p\u00fablico.<\/p>\n\n\n\n<p>El Ministerio-Agencia de Bienes tiene una facultad extraordinaria: puede disponer la venta de bienes inmuebles estrat\u00e9gicos de la provincia. Como sostuve p\u00fablicamente, \u201cse trata de bienes que no se reponen\u00bb. Es inexplicable que se defina venderlos sin control y sin intervenci\u00f3n de la Escriban\u00eda Mayor de Gobierno a la que desaparecen del mapa como organismo y reemplazan por otra m\u00e1s manejable. Es decir, se crea un organismo que, bajo el pretexto de \u201ccuidar\u201d el patrimonio, en los hechos lo expone a riesgos y p\u00e9rdidas.<\/p>\n\n\n\n<p>No es la primera vez que Frigerio se ubica de los dos lados del mostrador. Como ministro del Interior, Obras P\u00fablicas y Vivienda de la Naci\u00f3n del macrismo firm\u00f3 adjudicaciones de subastas de inmuebles del Estado y, a la vez, realiz\u00f3 inversiones personales en esos mismos negocios. La Auditor\u00eda General de la Naci\u00f3n lo se\u00f1al\u00f3 en un informe un\u00e1nime (oficialistas y opositores) sobre las ventas de bienes del Estado durante el gobierno de Macri: operaciones por m\u00e1s de 842 millones de d\u00f3lares, en muchos casos por debajo de la tasaci\u00f3n oficial y con empresas constituidas ad hoc para quedarse con los inmuebles, como la empresa Koohlaas S. A, muy amiga del Gobernador.<\/p>\n\n\n\n<p>Por esos hechos, la Oficina Anticorrupci\u00f3n lo denunci\u00f3 por incompatibilidad, cohecho y negociaciones indebidas. No fue declarado inocente: fue sobrese\u00eddo porque el Estado no defendi\u00f3 debidamente sus propios intereses y la apelaci\u00f3n que deb\u00eda realizar la ABE- Agencia de Bienes del Estado, del orden nacional, llamativamente no se efectu\u00f3. Esa significativa ineficiencia, m\u00e1s la complicidad de Comodoro PRO, le permitieron escapar de una condena, NO la inexistencia de pruebas que eran contundentes.<\/p>\n\n\n\n<p>Mientras se pone en marcha el nuevo Ministerio con el discurso de \u201cproteger\u201d los bienes entrerrianos, hemos sido testigos involuntarios de que el propio gobierno traslade documentos de alto valor hist\u00f3rico, sin protecci\u00f3n alguna desde la sede de Paran\u00e1 Medio del Puerto de Paran\u00e1 a Buenos Aires, fuera de instituciones locales que quer\u00edan y pod\u00edan poner a resguardo ese material. Lo cual constituye un buen bot\u00f3n de muestra del nulo inter\u00e9s de proteger lo que nos pertenece.<\/p>\n\n\n\n<p>Con estos criterios de tan poco apego a lo que los entrerrianos somos y valemos, la verdad, es que estamos en riesgo.<\/p>\n\n\n\n<p>Es por eso que advertimos al Gobernador que, si va por menos controles y m\u00e1s favores que afecten los genuinos intereses de la tierra que nos vio nacer, habitamos y amamos, se va a chocar con una resistencia cada vez mayor. Resistencia que termine de desenmascarar las verdaderas razones de su paso circunstancial por Entre R\u00edos\u201d, concluy\u00f3 Osuna.<\/p>\n","protected":false},"excerpt":{"rendered":"<p>La diputada nacional Blanca Osuna cuestion\u00f3 la reciente ley que establece la Agencia Administradora de Bienes Inmuebles del Estado Provincial, con rango ministerial. Denunci\u00f3 que la medida abre la puerta a la venta de inmuebles estrat\u00e9gicos sin control legislativo y record\u00f3 antecedentes de Frigerio en la gesti\u00f3n de bienes del Estado durante el macrismo. El [&hellip;]<\/p>\n","protected":false},"author":4,"featured_media":4896,"comment_status":"open","ping_status":"open","sticky":false,"template":"","format":"standard","meta":{"footnotes":""},"categories":[22,17],"tags":[],"class_list":{"0":"post-4895","1":"post","2":"type-post","3":"status-publish","4":"format-standard","5":"has-post-thumbnail","7":"category-politica","8":"category-provinciales"},"yoast_head":"<!-- This site is optimized with the Yoast SEO plugin v27.4 - https:\/\/yoast.com\/product\/yoast-seo-wordpress\/ -->\n<title>Pol\u00e9mica por la creaci\u00f3n de la Agencia de Bienes: Osuna acusa a Frigerio de impulsar negocios inmobiliarios - Diario del Sur<\/title>\n<meta name=\"robots\" content=\"index, follow, max-snippet:-1, max-image-preview:large, max-video-preview:-1\" \/>\n<link rel=\"canonical\" href=\"https:\/\/diariodelsurdigital.com.ar\/?p=4895\" \/>\n<meta property=\"og:locale\" content=\"es_ES\" \/>\n<meta property=\"og:type\" content=\"article\" \/>\n<meta property=\"og:title\" content=\"Pol\u00e9mica por la creaci\u00f3n de la Agencia de Bienes: Osuna acusa a Frigerio de impulsar negocios inmobiliarios - Diario del Sur\" \/>\n<meta property=\"og:description\" content=\"La diputada nacional Blanca Osuna cuestion\u00f3 la reciente ley que establece la Agencia Administradora de Bienes Inmuebles del Estado Provincial, con rango ministerial. Denunci\u00f3 que la medida abre la puerta a la venta de inmuebles estrat\u00e9gicos sin control legislativo y record\u00f3 antecedentes de Frigerio en la gesti\u00f3n de bienes del Estado durante el macrismo. El [&hellip;]\" \/>\n<meta property=\"og:url\" content=\"https:\/\/diariodelsurdigital.com.ar\/?p=4895\" \/>\n<meta property=\"og:site_name\" content=\"Diario del Sur\" \/>\n<meta property=\"article:published_time\" content=\"2025-09-30T13:02:19+00:00\" \/>\n<meta property=\"article:modified_time\" content=\"2025-09-30T13:02:20+00:00\" \/>\n<meta property=\"og:image\" content=\"https:\/\/diariodelsurdigital.com.ar\/wp-content\/uploads\/2025\/09\/md-20-1.webp\" \/>\n\t<meta property=\"og:image:width\" content=\"992\" \/>\n\t<meta property=\"og:image:height\" content=\"731\" \/>\n\t<meta property=\"og:image:type\" content=\"image\/webp\" \/>\n<meta name=\"author\" content=\"Diario del Sur Digital\" \/>\n<meta name=\"twitter:card\" content=\"summary_large_image\" \/>\n<meta name=\"twitter:label1\" content=\"Escrito por\" \/>\n\t<meta name=\"twitter:data1\" content=\"Diario del Sur Digital\" \/>\n\t<meta name=\"twitter:label2\" content=\"Tiempo de lectura\" \/>\n\t<meta name=\"twitter:data2\" content=\"4 minutos\" \/>\n<script type=\"application\/ld+json\" class=\"yoast-schema-graph\">{\"@context\":\"https:\\\/\\\/schema.org\",\"@graph\":[{\"@type\":\"Article\",\"@id\":\"https:\\\/\\\/diariodelsurdigital.com.ar\\\/?p=4895#article\",\"isPartOf\":{\"@id\":\"https:\\\/\\\/diariodelsurdigital.com.ar\\\/?p=4895\"},\"author\":{\"name\":\"Diario del Sur Digital\",\"@id\":\"https:\\\/\\\/diariodelsurdigital.com.ar\\\/#\\\/schema\\\/person\\\/1a4992532ed62965c968031b49195c81\"},\"headline\":\"Pol\u00e9mica por la creaci\u00f3n de la Agencia de Bienes: Osuna acusa a Frigerio de impulsar negocios inmobiliarios\",\"datePublished\":\"2025-09-30T13:02:19+00:00\",\"dateModified\":\"2025-09-30T13:02:20+00:00\",\"mainEntityOfPage\":{\"@id\":\"https:\\\/\\\/diariodelsurdigital.com.ar\\\/?p=4895\"},\"wordCount\":821,\"commentCount\":0,\"image\":{\"@id\":\"https:\\\/\\\/diariodelsurdigital.com.ar\\\/?p=4895#primaryimage\"},\"thumbnailUrl\":\"https:\\\/\\\/diariodelsurdigital.com.ar\\\/wp-content\\\/uploads\\\/2025\\\/09\\\/md-20-1.webp\",\"articleSection\":[\"Pol\u00edtica\",\"Provinciales\"],\"inLanguage\":\"es\",\"potentialAction\":[{\"@type\":\"CommentAction\",\"name\":\"Comment\",\"target\":[\"https:\\\/\\\/diariodelsurdigital.com.ar\\\/?p=4895#respond\"]}]},{\"@type\":\"WebPage\",\"@id\":\"https:\\\/\\\/diariodelsurdigital.com.ar\\\/?p=4895\",\"url\":\"https:\\\/\\\/diariodelsurdigital.com.ar\\\/?p=4895\",\"name\":\"Pol\u00e9mica por la creaci\u00f3n de la Agencia de Bienes: Osuna acusa a Frigerio de impulsar negocios inmobiliarios - Diario del Sur\",\"isPartOf\":{\"@id\":\"https:\\\/\\\/diariodelsurdigital.com.ar\\\/#website\"},\"primaryImageOfPage\":{\"@id\":\"https:\\\/\\\/diariodelsurdigital.com.ar\\\/?p=4895#primaryimage\"},\"image\":{\"@id\":\"https:\\\/\\\/diariodelsurdigital.com.ar\\\/?p=4895#primaryimage\"},\"thumbnailUrl\":\"https:\\\/\\\/diariodelsurdigital.com.ar\\\/wp-content\\\/uploads\\\/2025\\\/09\\\/md-20-1.webp\",\"datePublished\":\"2025-09-30T13:02:19+00:00\",\"dateModified\":\"2025-09-30T13:02:20+00:00\",\"author\":{\"@id\":\"https:\\\/\\\/diariodelsurdigital.com.ar\\\/#\\\/schema\\\/person\\\/1a4992532ed62965c968031b49195c81\"},\"breadcrumb\":{\"@id\":\"https:\\\/\\\/diariodelsurdigital.com.ar\\\/?p=4895#breadcrumb\"},\"inLanguage\":\"es\",\"potentialAction\":[{\"@type\":\"ReadAction\",\"target\":[\"https:\\\/\\\/diariodelsurdigital.com.ar\\\/?p=4895\"]}]},{\"@type\":\"ImageObject\",\"inLanguage\":\"es\",\"@id\":\"https:\\\/\\\/diariodelsurdigital.com.ar\\\/?p=4895#primaryimage\",\"url\":\"https:\\\/\\\/diariodelsurdigital.com.ar\\\/wp-content\\\/uploads\\\/2025\\\/09\\\/md-20-1.webp\",\"contentUrl\":\"https:\\\/\\\/diariodelsurdigital.com.ar\\\/wp-content\\\/uploads\\\/2025\\\/09\\\/md-20-1.webp\",\"width\":992,\"height\":731},{\"@type\":\"BreadcrumbList\",\"@id\":\"https:\\\/\\\/diariodelsurdigital.com.ar\\\/?p=4895#breadcrumb\",\"itemListElement\":[{\"@type\":\"ListItem\",\"position\":1,\"name\":\"Portada\",\"item\":\"https:\\\/\\\/diariodelsurdigital.com.ar\\\/\"},{\"@type\":\"ListItem\",\"position\":2,\"name\":\"Pol\u00e9mica por la creaci\u00f3n de la Agencia de Bienes: Osuna acusa a Frigerio de impulsar negocios inmobiliarios\"}]},{\"@type\":\"WebSite\",\"@id\":\"https:\\\/\\\/diariodelsurdigital.com.ar\\\/#website\",\"url\":\"https:\\\/\\\/diariodelsurdigital.com.ar\\\/\",\"name\":\"Diario del Sur\",\"description\":\"Digital\",\"potentialAction\":[{\"@type\":\"SearchAction\",\"target\":{\"@type\":\"EntryPoint\",\"urlTemplate\":\"https:\\\/\\\/diariodelsurdigital.com.ar\\\/?s={search_term_string}\"},\"query-input\":{\"@type\":\"PropertyValueSpecification\",\"valueRequired\":true,\"valueName\":\"search_term_string\"}}],\"inLanguage\":\"es\"},{\"@type\":\"Person\",\"@id\":\"https:\\\/\\\/diariodelsurdigital.com.ar\\\/#\\\/schema\\\/person\\\/1a4992532ed62965c968031b49195c81\",\"name\":\"Diario del Sur Digital\",\"image\":{\"@type\":\"ImageObject\",\"inLanguage\":\"es\",\"@id\":\"https:\\\/\\\/secure.gravatar.com\\\/avatar\\\/f0c7c47fc7146d19828273b9b8eda651c9c7ab583767e6338d3d3bee825adf76?s=96&d=mm&r=g\",\"url\":\"https:\\\/\\\/secure.gravatar.com\\\/avatar\\\/f0c7c47fc7146d19828273b9b8eda651c9c7ab583767e6338d3d3bee825adf76?s=96&d=mm&r=g\",\"contentUrl\":\"https:\\\/\\\/secure.gravatar.com\\\/avatar\\\/f0c7c47fc7146d19828273b9b8eda651c9c7ab583767e6338d3d3bee825adf76?s=96&d=mm&r=g\",\"caption\":\"Diario del Sur Digital\"},\"url\":\"https:\\\/\\\/diariodelsurdigital.com.ar\\\/?author=4\"}]}<\/script>\n<!-- \/ Yoast SEO plugin. -->","yoast_head_json":{"title":"Pol\u00e9mica por la creaci\u00f3n de la Agencia de Bienes: Osuna acusa a Frigerio de impulsar negocios inmobiliarios - Diario del Sur","robots":{"index":"index","follow":"follow","max-snippet":"max-snippet:-1","max-image-preview":"max-image-preview:large","max-video-preview":"max-video-preview:-1"},"canonical":"https:\/\/diariodelsurdigital.com.ar\/?p=4895","og_locale":"es_ES","og_type":"article","og_title":"Pol\u00e9mica por la creaci\u00f3n de la Agencia de Bienes: Osuna acusa a Frigerio de impulsar negocios inmobiliarios - Diario del Sur","og_description":"La diputada nacional Blanca Osuna cuestion\u00f3 la reciente ley que establece la Agencia Administradora de Bienes Inmuebles del Estado Provincial, con rango ministerial. Denunci\u00f3 que la medida abre la puerta a la venta de inmuebles estrat\u00e9gicos sin control legislativo y record\u00f3 antecedentes de Frigerio en la gesti\u00f3n de bienes del Estado durante el macrismo. El [&hellip;]","og_url":"https:\/\/diariodelsurdigital.com.ar\/?p=4895","og_site_name":"Diario del Sur","article_published_time":"2025-09-30T13:02:19+00:00","article_modified_time":"2025-09-30T13:02:20+00:00","og_image":[{"width":992,"height":731,"url":"https:\/\/diariodelsurdigital.com.ar\/wp-content\/uploads\/2025\/09\/md-20-1.webp","type":"image\/webp"}],"author":"Diario del Sur Digital","twitter_card":"summary_large_image","twitter_misc":{"Escrito por":"Diario del Sur Digital","Tiempo de lectura":"4 minutos"},"schema":{"@context":"https:\/\/schema.org","@graph":[{"@type":"Article","@id":"https:\/\/diariodelsurdigital.com.ar\/?p=4895#article","isPartOf":{"@id":"https:\/\/diariodelsurdigital.com.ar\/?p=4895"},"author":{"name":"Diario del Sur Digital","@id":"https:\/\/diariodelsurdigital.com.ar\/#\/schema\/person\/1a4992532ed62965c968031b49195c81"},"headline":"Pol\u00e9mica por la creaci\u00f3n de la Agencia de Bienes: Osuna acusa a Frigerio de impulsar negocios inmobiliarios","datePublished":"2025-09-30T13:02:19+00:00","dateModified":"2025-09-30T13:02:20+00:00","mainEntityOfPage":{"@id":"https:\/\/diariodelsurdigital.com.ar\/?p=4895"},"wordCount":821,"commentCount":0,"image":{"@id":"https:\/\/diariodelsurdigital.com.ar\/?p=4895#primaryimage"},"thumbnailUrl":"https:\/\/diariodelsurdigital.com.ar\/wp-content\/uploads\/2025\/09\/md-20-1.webp","articleSection":["Pol\u00edtica","Provinciales"],"inLanguage":"es","potentialAction":[{"@type":"CommentAction","name":"Comment","target":["https:\/\/diariodelsurdigital.com.ar\/?p=4895#respond"]}]},{"@type":"WebPage","@id":"https:\/\/diariodelsurdigital.com.ar\/?p=4895","url":"https:\/\/diariodelsurdigital.com.ar\/?p=4895","name":"Pol\u00e9mica por la creaci\u00f3n de la Agencia de Bienes: Osuna acusa a Frigerio de impulsar negocios inmobiliarios - Diario del Sur","isPartOf":{"@id":"https:\/\/diariodelsurdigital.com.ar\/#website"},"primaryImageOfPage":{"@id":"https:\/\/diariodelsurdigital.com.ar\/?p=4895#primaryimage"},"image":{"@id":"https:\/\/diariodelsurdigital.com.ar\/?p=4895#primaryimage"},"thumbnailUrl":"https:\/\/diariodelsurdigital.com.ar\/wp-content\/uploads\/2025\/09\/md-20-1.webp","datePublished":"2025-09-30T13:02:19+00:00","dateModified":"2025-09-30T13:02:20+00:00","author":{"@id":"https:\/\/diariodelsurdigital.com.ar\/#\/schema\/person\/1a4992532ed62965c968031b49195c81"},"breadcrumb":{"@id":"https:\/\/diariodelsurdigital.com.ar\/?p=4895#breadcrumb"},"inLanguage":"es","potentialAction":[{"@type":"ReadAction","target":["https:\/\/diariodelsurdigital.com.ar\/?p=4895"]}]},{"@type":"ImageObject","inLanguage":"es","@id":"https:\/\/diariodelsurdigital.com.ar\/?p=4895#primaryimage","url":"https:\/\/diariodelsurdigital.com.ar\/wp-content\/uploads\/2025\/09\/md-20-1.webp","contentUrl":"https:\/\/diariodelsurdigital.com.ar\/wp-content\/uploads\/2025\/09\/md-20-1.webp","width":992,"height":731},{"@type":"BreadcrumbList","@id":"https:\/\/diariodelsurdigital.com.ar\/?p=4895#breadcrumb","itemListElement":[{"@type":"ListItem","position":1,"name":"Portada","item":"https:\/\/diariodelsurdigital.com.ar\/"},{"@type":"ListItem","position":2,"name":"Pol\u00e9mica por la creaci\u00f3n de la Agencia de Bienes: Osuna acusa a Frigerio de impulsar negocios inmobiliarios"}]},{"@type":"WebSite","@id":"https:\/\/diariodelsurdigital.com.ar\/#website","url":"https:\/\/diariodelsurdigital.com.ar\/","name":"Diario del Sur","description":"Digital","potentialAction":[{"@type":"SearchAction","target":{"@type":"EntryPoint","urlTemplate":"https:\/\/diariodelsurdigital.com.ar\/?s={search_term_string}"},"query-input":{"@type":"PropertyValueSpecification","valueRequired":true,"valueName":"search_term_string"}}],"inLanguage":"es"},{"@type":"Person","@id":"https:\/\/diariodelsurdigital.com.ar\/#\/schema\/person\/1a4992532ed62965c968031b49195c81","name":"Diario del Sur Digital","image":{"@type":"ImageObject","inLanguage":"es","@id":"https:\/\/secure.gravatar.com\/avatar\/f0c7c47fc7146d19828273b9b8eda651c9c7ab583767e6338d3d3bee825adf76?s=96&d=mm&r=g","url":"https:\/\/secure.gravatar.com\/avatar\/f0c7c47fc7146d19828273b9b8eda651c9c7ab583767e6338d3d3bee825adf76?s=96&d=mm&r=g","contentUrl":"https:\/\/secure.gravatar.com\/avatar\/f0c7c47fc7146d19828273b9b8eda651c9c7ab583767e6338d3d3bee825adf76?s=96&d=mm&r=g","caption":"Diario del Sur Digital"},"url":"https:\/\/diariodelsurdigital.com.ar\/?author=4"}]}},"_links":{"self":[{"href":"https:\/\/diariodelsurdigital.com.ar\/index.php?rest_route=\/wp\/v2\/posts\/4895","targetHints":{"allow":["GET"]}}],"collection":[{"href":"https:\/\/diariodelsurdigital.com.ar\/index.php?rest_route=\/wp\/v2\/posts"}],"about":[{"href":"https:\/\/diariodelsurdigital.com.ar\/index.php?rest_route=\/wp\/v2\/types\/post"}],"author":[{"embeddable":true,"href":"https:\/\/diariodelsurdigital.com.ar\/index.php?rest_route=\/wp\/v2\/users\/4"}],"replies":[{"embeddable":true,"href":"https:\/\/diariodelsurdigital.com.ar\/index.php?rest_route=%2Fwp%2Fv2%2Fcomments&post=4895"}],"version-history":[{"count":1,"href":"https:\/\/diariodelsurdigital.com.ar\/index.php?rest_route=\/wp\/v2\/posts\/4895\/revisions"}],"predecessor-version":[{"id":4897,"href":"https:\/\/diariodelsurdigital.com.ar\/index.php?rest_route=\/wp\/v2\/posts\/4895\/revisions\/4897"}],"wp:featuredmedia":[{"embeddable":true,"href":"https:\/\/diariodelsurdigital.com.ar\/index.php?rest_route=\/wp\/v2\/media\/4896"}],"wp:attachment":[{"href":"https:\/\/diariodelsurdigital.com.ar\/index.php?rest_route=%2Fwp%2Fv2%2Fmedia&parent=4895"}],"wp:term":[{"taxonomy":"category","embeddable":true,"href":"https:\/\/diariodelsurdigital.com.ar\/index.php?rest_route=%2Fwp%2Fv2%2Fcategories&post=4895"},{"taxonomy":"post_tag","embeddable":true,"href":"https:\/\/diariodelsurdigital.com.ar\/index.php?rest_route=%2Fwp%2Fv2%2Ftags&post=4895"}],"curies":[{"name":"wp","href":"https:\/\/api.w.org\/{rel}","templated":true}]}}