{"id":4898,"date":"2025-09-30T10:04:40","date_gmt":"2025-09-30T13:04:40","guid":{"rendered":"https:\/\/diariodelsurdigital.com.ar\/?p=4898"},"modified":"2025-09-30T10:04:41","modified_gmt":"2025-09-30T13:04:41","slug":"benjamin-netanyahu-acepto-el-plan-de-donald-trump-para-la-paz-en-gaza","status":"publish","type":"post","link":"https:\/\/diariodelsurdigital.com.ar\/?p=4898","title":{"rendered":"Benjam\u00edn Netanyahu acept\u00f3 el plan de Donald Trump para la paz en Gaza"},"content":{"rendered":"\n<p>Este lunes, el presidente de los Estados Unidos, Donald Trump, se reuni\u00f3 con su par israel\u00ed, Benjamin Netanyahu, en Washington. All\u00ed, los mandatarios analizar\u00e1n un plan de alto al fuego en la Franja de Gaza luego de casi dos a\u00f1os de que comenz\u00f3 la guerra y luego dar\u00e1n una conferencia de prensa.<\/p>\n\n\n\n<p><br>Trump recibi\u00f3 personalmente a Netanyahu en la entrada de la Casa Blanca, para esta cuarta visita que lleva a cabo el mandatario israel\u00ed a Washington en lo que va de a\u00f1o. \u201cTenemos una oportunidad real de lograr algo grande en Oriente Medio\u201d, public\u00f3 el republicano el domingo en su plataforma Truth Social.<\/p>\n\n\n\n<p>Seg\u00fan copias que se filtraron del plan, el proyecto de Trump plantea la liberaci\u00f3n de todos los rehenes en un plazo de 48 horas tras la confirmaci\u00f3n del acuerdo. Una vez devueltos, Israel liberar\u00e1 a cientos de prisioneros palestinos que cumplen cadena perpetua.<\/p>\n\n\n\n<p>Las Fuerzas de Defensa de Israel (FDI), por su parte, se retirar\u00e1n gradualmente de la Franja y Gaza ser\u00e1 gobernada por un gobierno de transici\u00f3n interino.<\/p>\n\n\n\n<p>Los periodistas presentes en la llegada de Netanyahu le preguntaron al presidente estadounidense si confiaba en que haya paz en Gaza pronto, a lo que el asinti\u00f3 y dijo: \u00abConf\u00eden, yo tengo mucha confianza\u00bb.<\/p>\n\n\n\n<p>Tras la reuni\u00f3n entre ambos mandatarios, Netanyahu acept\u00f3 el plan de 20 puntos en la b\u00fasqueda de Estados Unidos de detener el conflicto b\u00e9lico en Gaza y lograr un marco de gobernanza.<\/p>\n\n\n\n<p>Si bien Netanyahu y Trump se pusieron de acuerdo en este plan, a\u00fan resta definir la postura de Ham\u00e1s y si aceptar\u00e1 las condiciones que se proponen.<\/p>\n\n\n\n<p>Dentro de este plan se prev\u00e9 la creaci\u00f3n de una junta de gobierno temporal para la ciudad de Gaza, donde entre los miembros se encuentran el propio Trump y el primer ministro de Gran Breta\u00f1a, Tony Blair. Esta propuesta busca que el alto al fuego sea inmediato en cuanto todas las partes acepten el plan, donde adem\u00e1s se exige la liberaci\u00f3n de los rehenes en las 72 horas pr\u00f3ximas luego de que Israel acepte este acuerdo.<\/p>\n\n\n\n<p>El respaldo de Estados Unidos si Ham\u00e1s rechaza la propuesta<\/p>\n\n\n\n<p>En caso de que Ham\u00e1s no acepte este plan que se propone, Estados Unidos expres\u00f3 que le ofrecer\u00e1 su \u201cpleno respaldo\u201d a Israel, aunque Trump se\u00f1al\u00f3: \u201cA\u00fan no hemos terminado, todav\u00eda tenemos que conseguir el compromiso de Ham\u00e1s\u201d.<\/p>\n\n\n\n<p>Por otro lado, el primer ministro de Israel explic\u00f3 que, si Ham\u00e1s no acepta la propuesta, proceder\u00e1 de forma unilateral. \u201cEsto se puede resolver por las buenas o por las malas, pero se resolver\u00e1\u201d, coment\u00f3.<\/p>\n\n\n\n<p>Adem\u00e1s, Netanyahu tambi\u00e9n ofreci\u00f3 sus disculpas al primer ministro de Qatar luego del ataque de hace algunas semanas, donde el objetivo eran funcionarios de Ham\u00e1s y muri\u00f3 un militar catar\u00ed. Ese hecho deriv\u00f3 en la condena de varios l\u00edderes \u00e1rabes e incluso llev\u00f3 al repudio de la propia administraci\u00f3n de Estados Unidos.<\/p>\n","protected":false},"excerpt":{"rendered":"<p>Este lunes, el presidente de los Estados Unidos, Donald Trump, se reuni\u00f3 con su par israel\u00ed, Benjamin Netanyahu, en Washington. All\u00ed, los mandatarios analizar\u00e1n un plan de alto al fuego en la Franja de Gaza luego de casi dos a\u00f1os de que comenz\u00f3 la guerra y luego dar\u00e1n una conferencia de prensa. Trump recibi\u00f3 personalmente [&hellip;]<\/p>\n","protected":false},"author":4,"featured_media":4899,"comment_status":"open","ping_status":"open","sticky":false,"template":"","format":"standard","meta":{"footnotes":""},"categories":[20],"tags":[],"class_list":{"0":"post-4898","1":"post","2":"type-post","3":"status-publish","4":"format-standard","5":"has-post-thumbnail","7":"category-internacionales"},"yoast_head":"<!-- This site is optimized with the Yoast SEO plugin v27.4 - https:\/\/yoast.com\/product\/yoast-seo-wordpress\/ -->\n<title>Benjam\u00edn Netanyahu acept\u00f3 el plan de Donald Trump para la paz en Gaza - Diario del Sur<\/title>\n<meta name=\"robots\" content=\"index, follow, max-snippet:-1, max-image-preview:large, max-video-preview:-1\" \/>\n<link rel=\"canonical\" href=\"https:\/\/diariodelsurdigital.com.ar\/?p=4898\" \/>\n<meta property=\"og:locale\" content=\"es_ES\" \/>\n<meta property=\"og:type\" content=\"article\" \/>\n<meta property=\"og:title\" content=\"Benjam\u00edn Netanyahu acept\u00f3 el plan de Donald Trump para la paz en Gaza - Diario del Sur\" \/>\n<meta property=\"og:description\" content=\"Este lunes, el presidente de los Estados Unidos, Donald Trump, se reuni\u00f3 con su par israel\u00ed, Benjamin Netanyahu, en Washington. All\u00ed, los mandatarios analizar\u00e1n un plan de alto al fuego en la Franja de Gaza luego de casi dos a\u00f1os de que comenz\u00f3 la guerra y luego dar\u00e1n una conferencia de prensa. Trump recibi\u00f3 personalmente [&hellip;]\" \/>\n<meta property=\"og:url\" content=\"https:\/\/diariodelsurdigital.com.ar\/?p=4898\" \/>\n<meta property=\"og:site_name\" content=\"Diario del Sur\" \/>\n<meta property=\"article:published_time\" content=\"2025-09-30T13:04:40+00:00\" \/>\n<meta property=\"article:modified_time\" content=\"2025-09-30T13:04:41+00:00\" \/>\n<meta property=\"og:image\" content=\"https:\/\/diariodelsurdigital.com.ar\/wp-content\/uploads\/2025\/09\/md-21-1.webp\" \/>\n\t<meta property=\"og:image:width\" content=\"992\" \/>\n\t<meta property=\"og:image:height\" content=\"661\" \/>\n\t<meta property=\"og:image:type\" content=\"image\/webp\" \/>\n<meta name=\"author\" content=\"Diario del Sur Digital\" \/>\n<meta name=\"twitter:card\" content=\"summary_large_image\" \/>\n<meta name=\"twitter:label1\" content=\"Escrito por\" \/>\n\t<meta name=\"twitter:data1\" content=\"Diario del Sur Digital\" \/>\n\t<meta name=\"twitter:label2\" content=\"Tiempo de lectura\" \/>\n\t<meta name=\"twitter:data2\" content=\"3 minutos\" \/>\n<script type=\"application\/ld+json\" class=\"yoast-schema-graph\">{\"@context\":\"https:\\\/\\\/schema.org\",\"@graph\":[{\"@type\":\"Article\",\"@id\":\"https:\\\/\\\/diariodelsurdigital.com.ar\\\/?p=4898#article\",\"isPartOf\":{\"@id\":\"https:\\\/\\\/diariodelsurdigital.com.ar\\\/?p=4898\"},\"author\":{\"name\":\"Diario del Sur Digital\",\"@id\":\"https:\\\/\\\/diariodelsurdigital.com.ar\\\/#\\\/schema\\\/person\\\/1a4992532ed62965c968031b49195c81\"},\"headline\":\"Benjam\u00edn Netanyahu acept\u00f3 el plan de Donald Trump para la paz en Gaza\",\"datePublished\":\"2025-09-30T13:04:40+00:00\",\"dateModified\":\"2025-09-30T13:04:41+00:00\",\"mainEntityOfPage\":{\"@id\":\"https:\\\/\\\/diariodelsurdigital.com.ar\\\/?p=4898\"},\"wordCount\":520,\"commentCount\":0,\"image\":{\"@id\":\"https:\\\/\\\/diariodelsurdigital.com.ar\\\/?p=4898#primaryimage\"},\"thumbnailUrl\":\"https:\\\/\\\/diariodelsurdigital.com.ar\\\/wp-content\\\/uploads\\\/2025\\\/09\\\/md-21-1.webp\",\"articleSection\":[\"Internacionales\"],\"inLanguage\":\"es\",\"potentialAction\":[{\"@type\":\"CommentAction\",\"name\":\"Comment\",\"target\":[\"https:\\\/\\\/diariodelsurdigital.com.ar\\\/?p=4898#respond\"]}]},{\"@type\":\"WebPage\",\"@id\":\"https:\\\/\\\/diariodelsurdigital.com.ar\\\/?p=4898\",\"url\":\"https:\\\/\\\/diariodelsurdigital.com.ar\\\/?p=4898\",\"name\":\"Benjam\u00edn Netanyahu acept\u00f3 el plan de Donald Trump para la paz en Gaza - Diario del Sur\",\"isPartOf\":{\"@id\":\"https:\\\/\\\/diariodelsurdigital.com.ar\\\/#website\"},\"primaryImageOfPage\":{\"@id\":\"https:\\\/\\\/diariodelsurdigital.com.ar\\\/?p=4898#primaryimage\"},\"image\":{\"@id\":\"https:\\\/\\\/diariodelsurdigital.com.ar\\\/?p=4898#primaryimage\"},\"thumbnailUrl\":\"https:\\\/\\\/diariodelsurdigital.com.ar\\\/wp-content\\\/uploads\\\/2025\\\/09\\\/md-21-1.webp\",\"datePublished\":\"2025-09-30T13:04:40+00:00\",\"dateModified\":\"2025-09-30T13:04:41+00:00\",\"author\":{\"@id\":\"https:\\\/\\\/diariodelsurdigital.com.ar\\\/#\\\/schema\\\/person\\\/1a4992532ed62965c968031b49195c81\"},\"breadcrumb\":{\"@id\":\"https:\\\/\\\/diariodelsurdigital.com.ar\\\/?p=4898#breadcrumb\"},\"inLanguage\":\"es\",\"potentialAction\":[{\"@type\":\"ReadAction\",\"target\":[\"https:\\\/\\\/diariodelsurdigital.com.ar\\\/?p=4898\"]}]},{\"@type\":\"ImageObject\",\"inLanguage\":\"es\",\"@id\":\"https:\\\/\\\/diariodelsurdigital.com.ar\\\/?p=4898#primaryimage\",\"url\":\"https:\\\/\\\/diariodelsurdigital.com.ar\\\/wp-content\\\/uploads\\\/2025\\\/09\\\/md-21-1.webp\",\"contentUrl\":\"https:\\\/\\\/diariodelsurdigital.com.ar\\\/wp-content\\\/uploads\\\/2025\\\/09\\\/md-21-1.webp\",\"width\":992,\"height\":661},{\"@type\":\"BreadcrumbList\",\"@id\":\"https:\\\/\\\/diariodelsurdigital.com.ar\\\/?p=4898#breadcrumb\",\"itemListElement\":[{\"@type\":\"ListItem\",\"position\":1,\"name\":\"Portada\",\"item\":\"https:\\\/\\\/diariodelsurdigital.com.ar\\\/\"},{\"@type\":\"ListItem\",\"position\":2,\"name\":\"Benjam\u00edn Netanyahu acept\u00f3 el plan de Donald Trump para la paz en Gaza\"}]},{\"@type\":\"WebSite\",\"@id\":\"https:\\\/\\\/diariodelsurdigital.com.ar\\\/#website\",\"url\":\"https:\\\/\\\/diariodelsurdigital.com.ar\\\/\",\"name\":\"Diario del Sur\",\"description\":\"Digital\",\"potentialAction\":[{\"@type\":\"SearchAction\",\"target\":{\"@type\":\"EntryPoint\",\"urlTemplate\":\"https:\\\/\\\/diariodelsurdigital.com.ar\\\/?s={search_term_string}\"},\"query-input\":{\"@type\":\"PropertyValueSpecification\",\"valueRequired\":true,\"valueName\":\"search_term_string\"}}],\"inLanguage\":\"es\"},{\"@type\":\"Person\",\"@id\":\"https:\\\/\\\/diariodelsurdigital.com.ar\\\/#\\\/schema\\\/person\\\/1a4992532ed62965c968031b49195c81\",\"name\":\"Diario del Sur Digital\",\"image\":{\"@type\":\"ImageObject\",\"inLanguage\":\"es\",\"@id\":\"https:\\\/\\\/secure.gravatar.com\\\/avatar\\\/f0c7c47fc7146d19828273b9b8eda651c9c7ab583767e6338d3d3bee825adf76?s=96&d=mm&r=g\",\"url\":\"https:\\\/\\\/secure.gravatar.com\\\/avatar\\\/f0c7c47fc7146d19828273b9b8eda651c9c7ab583767e6338d3d3bee825adf76?s=96&d=mm&r=g\",\"contentUrl\":\"https:\\\/\\\/secure.gravatar.com\\\/avatar\\\/f0c7c47fc7146d19828273b9b8eda651c9c7ab583767e6338d3d3bee825adf76?s=96&d=mm&r=g\",\"caption\":\"Diario del Sur Digital\"},\"url\":\"https:\\\/\\\/diariodelsurdigital.com.ar\\\/?author=4\"}]}<\/script>\n<!-- \/ Yoast SEO plugin. -->","yoast_head_json":{"title":"Benjam\u00edn Netanyahu acept\u00f3 el plan de Donald Trump para la paz en Gaza - Diario del Sur","robots":{"index":"index","follow":"follow","max-snippet":"max-snippet:-1","max-image-preview":"max-image-preview:large","max-video-preview":"max-video-preview:-1"},"canonical":"https:\/\/diariodelsurdigital.com.ar\/?p=4898","og_locale":"es_ES","og_type":"article","og_title":"Benjam\u00edn Netanyahu acept\u00f3 el plan de Donald Trump para la paz en Gaza - Diario del Sur","og_description":"Este lunes, el presidente de los Estados Unidos, Donald Trump, se reuni\u00f3 con su par israel\u00ed, Benjamin Netanyahu, en Washington. All\u00ed, los mandatarios analizar\u00e1n un plan de alto al fuego en la Franja de Gaza luego de casi dos a\u00f1os de que comenz\u00f3 la guerra y luego dar\u00e1n una conferencia de prensa. Trump recibi\u00f3 personalmente [&hellip;]","og_url":"https:\/\/diariodelsurdigital.com.ar\/?p=4898","og_site_name":"Diario del Sur","article_published_time":"2025-09-30T13:04:40+00:00","article_modified_time":"2025-09-30T13:04:41+00:00","og_image":[{"width":992,"height":661,"url":"https:\/\/diariodelsurdigital.com.ar\/wp-content\/uploads\/2025\/09\/md-21-1.webp","type":"image\/webp"}],"author":"Diario del Sur Digital","twitter_card":"summary_large_image","twitter_misc":{"Escrito por":"Diario del Sur Digital","Tiempo de lectura":"3 minutos"},"schema":{"@context":"https:\/\/schema.org","@graph":[{"@type":"Article","@id":"https:\/\/diariodelsurdigital.com.ar\/?p=4898#article","isPartOf":{"@id":"https:\/\/diariodelsurdigital.com.ar\/?p=4898"},"author":{"name":"Diario del Sur Digital","@id":"https:\/\/diariodelsurdigital.com.ar\/#\/schema\/person\/1a4992532ed62965c968031b49195c81"},"headline":"Benjam\u00edn Netanyahu acept\u00f3 el plan de Donald Trump para la paz en Gaza","datePublished":"2025-09-30T13:04:40+00:00","dateModified":"2025-09-30T13:04:41+00:00","mainEntityOfPage":{"@id":"https:\/\/diariodelsurdigital.com.ar\/?p=4898"},"wordCount":520,"commentCount":0,"image":{"@id":"https:\/\/diariodelsurdigital.com.ar\/?p=4898#primaryimage"},"thumbnailUrl":"https:\/\/diariodelsurdigital.com.ar\/wp-content\/uploads\/2025\/09\/md-21-1.webp","articleSection":["Internacionales"],"inLanguage":"es","potentialAction":[{"@type":"CommentAction","name":"Comment","target":["https:\/\/diariodelsurdigital.com.ar\/?p=4898#respond"]}]},{"@type":"WebPage","@id":"https:\/\/diariodelsurdigital.com.ar\/?p=4898","url":"https:\/\/diariodelsurdigital.com.ar\/?p=4898","name":"Benjam\u00edn Netanyahu acept\u00f3 el plan de Donald Trump para la paz en Gaza - Diario del Sur","isPartOf":{"@id":"https:\/\/diariodelsurdigital.com.ar\/#website"},"primaryImageOfPage":{"@id":"https:\/\/diariodelsurdigital.com.ar\/?p=4898#primaryimage"},"image":{"@id":"https:\/\/diariodelsurdigital.com.ar\/?p=4898#primaryimage"},"thumbnailUrl":"https:\/\/diariodelsurdigital.com.ar\/wp-content\/uploads\/2025\/09\/md-21-1.webp","datePublished":"2025-09-30T13:04:40+00:00","dateModified":"2025-09-30T13:04:41+00:00","author":{"@id":"https:\/\/diariodelsurdigital.com.ar\/#\/schema\/person\/1a4992532ed62965c968031b49195c81"},"breadcrumb":{"@id":"https:\/\/diariodelsurdigital.com.ar\/?p=4898#breadcrumb"},"inLanguage":"es","potentialAction":[{"@type":"ReadAction","target":["https:\/\/diariodelsurdigital.com.ar\/?p=4898"]}]},{"@type":"ImageObject","inLanguage":"es","@id":"https:\/\/diariodelsurdigital.com.ar\/?p=4898#primaryimage","url":"https:\/\/diariodelsurdigital.com.ar\/wp-content\/uploads\/2025\/09\/md-21-1.webp","contentUrl":"https:\/\/diariodelsurdigital.com.ar\/wp-content\/uploads\/2025\/09\/md-21-1.webp","width":992,"height":661},{"@type":"BreadcrumbList","@id":"https:\/\/diariodelsurdigital.com.ar\/?p=4898#breadcrumb","itemListElement":[{"@type":"ListItem","position":1,"name":"Portada","item":"https:\/\/diariodelsurdigital.com.ar\/"},{"@type":"ListItem","position":2,"name":"Benjam\u00edn Netanyahu acept\u00f3 el plan de Donald Trump para la paz en Gaza"}]},{"@type":"WebSite","@id":"https:\/\/diariodelsurdigital.com.ar\/#website","url":"https:\/\/diariodelsurdigital.com.ar\/","name":"Diario del Sur","description":"Digital","potentialAction":[{"@type":"SearchAction","target":{"@type":"EntryPoint","urlTemplate":"https:\/\/diariodelsurdigital.com.ar\/?s={search_term_string}"},"query-input":{"@type":"PropertyValueSpecification","valueRequired":true,"valueName":"search_term_string"}}],"inLanguage":"es"},{"@type":"Person","@id":"https:\/\/diariodelsurdigital.com.ar\/#\/schema\/person\/1a4992532ed62965c968031b49195c81","name":"Diario del Sur Digital","image":{"@type":"ImageObject","inLanguage":"es","@id":"https:\/\/secure.gravatar.com\/avatar\/f0c7c47fc7146d19828273b9b8eda651c9c7ab583767e6338d3d3bee825adf76?s=96&d=mm&r=g","url":"https:\/\/secure.gravatar.com\/avatar\/f0c7c47fc7146d19828273b9b8eda651c9c7ab583767e6338d3d3bee825adf76?s=96&d=mm&r=g","contentUrl":"https:\/\/secure.gravatar.com\/avatar\/f0c7c47fc7146d19828273b9b8eda651c9c7ab583767e6338d3d3bee825adf76?s=96&d=mm&r=g","caption":"Diario del Sur Digital"},"url":"https:\/\/diariodelsurdigital.com.ar\/?author=4"}]}},"_links":{"self":[{"href":"https:\/\/diariodelsurdigital.com.ar\/index.php?rest_route=\/wp\/v2\/posts\/4898","targetHints":{"allow":["GET"]}}],"collection":[{"href":"https:\/\/diariodelsurdigital.com.ar\/index.php?rest_route=\/wp\/v2\/posts"}],"about":[{"href":"https:\/\/diariodelsurdigital.com.ar\/index.php?rest_route=\/wp\/v2\/types\/post"}],"author":[{"embeddable":true,"href":"https:\/\/diariodelsurdigital.com.ar\/index.php?rest_route=\/wp\/v2\/users\/4"}],"replies":[{"embeddable":true,"href":"https:\/\/diariodelsurdigital.com.ar\/index.php?rest_route=%2Fwp%2Fv2%2Fcomments&post=4898"}],"version-history":[{"count":1,"href":"https:\/\/diariodelsurdigital.com.ar\/index.php?rest_route=\/wp\/v2\/posts\/4898\/revisions"}],"predecessor-version":[{"id":4900,"href":"https:\/\/diariodelsurdigital.com.ar\/index.php?rest_route=\/wp\/v2\/posts\/4898\/revisions\/4900"}],"wp:featuredmedia":[{"embeddable":true,"href":"https:\/\/diariodelsurdigital.com.ar\/index.php?rest_route=\/wp\/v2\/media\/4899"}],"wp:attachment":[{"href":"https:\/\/diariodelsurdigital.com.ar\/index.php?rest_route=%2Fwp%2Fv2%2Fmedia&parent=4898"}],"wp:term":[{"taxonomy":"category","embeddable":true,"href":"https:\/\/diariodelsurdigital.com.ar\/index.php?rest_route=%2Fwp%2Fv2%2Fcategories&post=4898"},{"taxonomy":"post_tag","embeddable":true,"href":"https:\/\/diariodelsurdigital.com.ar\/index.php?rest_route=%2Fwp%2Fv2%2Ftags&post=4898"}],"curies":[{"name":"wp","href":"https:\/\/api.w.org\/{rel}","templated":true}]}}