{"id":490,"date":"2025-01-08T12:56:19","date_gmt":"2025-01-08T15:56:19","guid":{"rendered":"https:\/\/diariodelsurdigital.com.ar\/?p=490"},"modified":"2025-01-08T12:56:19","modified_gmt":"2025-01-08T15:56:19","slug":"milei-contra-villarruel-tuvo-muchas-actitudes-que-no-estan-en-linea-con-lo-que-el-57-de-los-argentinos-voto","status":"publish","type":"post","link":"https:\/\/diariodelsurdigital.com.ar\/?p=490","title":{"rendered":"Milei contra Villarruel: \u201cTuvo muchas actitudes que no est\u00e1n en l\u00ednea con lo que el 57% de los argentinos vot\u00f3\u201d"},"content":{"rendered":"\n<p>El Presidente puso la mira nuevamente en el rol de la titular del Senado, al considerar que \u201cha estado cometiendo una serie de errores no forzados\u201d; entre ellos se\u00f1al\u00f3 la queja de que gana \u201cdos chirolas\u201d, cuando \u201cel 95% de los argentinos tiene ingresos inferiores\u201d.<\/p>\n\n\n\n<p>Javier Milei volvi\u00f3 a arremeter contra la figura de Victoria Villarruel: \u201cYo creo que ha estado cometiendo una serie de errores no forzados, ha tenido muchas declaraciones y actitudes que no est\u00e1n en la l\u00ednea con lo que el 57% de los argentinos vot\u00f3\u201d.<\/p>\n\n\n\n<p>La relaci\u00f3n entre ambos viene desde hace meses marcada por numerosos gestos y afirmaciones que reflejan una tensi\u00f3n creciente, que hoy sum\u00f3 otro episodio: \u201cNo est\u00e1 en l\u00ednea con lo que los argentinos quieren. Me parece que la \u00faltima definici\u00f3n sobre el tema de la remuneraci\u00f3n (\u201cCobro dos chirolas\u201d, dijo la vicepresidente) fue muy desafortunada porque el 95% de los argentinos tiene ingresos inferiores\u201d, apunt\u00f3 en di\u00e1logo con Luis Majul por radio El Observador.<\/p>\n\n\n\n<p>\u201cDecir que ganar cerca de 4 millones de pesos es ganar chirolas es estar desconectado de la realidad\u201d, remat\u00f3 el concepto el mandatario, quien al ser consultado sobre si su compa\u00f1era de f\u00f3rmula est\u00e1 definitivamente afuera del gobierno nacional, respondi\u00f3 que esa definici\u00f3n tiene un condicionante: \u201cEst\u00e1 en lo que sea su intenci\u00f3n de proyecto pol\u00edtico&#8230; Lo importante es que uno pueda seguir trabajando y que (lo que se propone) eso salga, porque eso es lo que requiere el pa\u00eds\u201d.<\/p>\n\n\n\n<p>\u201cLo que tiene que privar es que nuestro jefe, que son los argentinos, principalmente los argentinos de bien, demandan una tarea. Y desde el Poder Ejecutivo nosotros estamos empujando esa agenda con mucho fuerza y mucha resistencia del statu quo\u201d, agreg\u00f3 antes de cerrar el tema con una nueva cr\u00edtica a la vicepresidente, al considerar que la motosierra de Villarruel \u201cno ser\u00eda como la que la Argentina demanda\u201d.<\/p>\n\n\n\n<p>En ese marco, Milei indic\u00f3 d\u00f3nde est\u00e1 la clave para mantener el apoyo: \u201cTodo lo que dijimos lo estamos haciendo, aunque entiendo que mucha gente querr\u00eda que lo hici\u00e9ramos m\u00e1s r\u00e1pido\u201d, public\u00f3 Infobae.&nbsp;<\/p>\n","protected":false},"excerpt":{"rendered":"<p>El Presidente puso la mira nuevamente en el rol de la titular del Senado, al considerar que \u201cha estado cometiendo una serie de errores no forzados\u201d; entre ellos se\u00f1al\u00f3 la queja de que gana \u201cdos chirolas\u201d, cuando \u201cel 95% de los argentinos tiene ingresos inferiores\u201d. Javier Milei volvi\u00f3 a arremeter contra la figura de Victoria [&hellip;]<\/p>\n","protected":false},"author":4,"featured_media":491,"comment_status":"open","ping_status":"open","sticky":false,"template":"","format":"standard","meta":{"footnotes":""},"categories":[18,22],"tags":[],"class_list":{"0":"post-490","1":"post","2":"type-post","3":"status-publish","4":"format-standard","5":"has-post-thumbnail","7":"category-nacionales","8":"category-politica"},"yoast_head":"<!-- This site is optimized with the Yoast SEO plugin v27.4 - https:\/\/yoast.com\/product\/yoast-seo-wordpress\/ -->\n<title>Milei contra Villarruel: \u201cTuvo muchas actitudes que no est\u00e1n en l\u00ednea con lo que el 57% de los argentinos vot\u00f3\u201d - Diario del Sur<\/title>\n<meta name=\"robots\" content=\"index, follow, max-snippet:-1, max-image-preview:large, max-video-preview:-1\" \/>\n<link rel=\"canonical\" href=\"https:\/\/diariodelsurdigital.com.ar\/?p=490\" \/>\n<meta property=\"og:locale\" content=\"es_ES\" \/>\n<meta property=\"og:type\" content=\"article\" \/>\n<meta property=\"og:title\" content=\"Milei contra Villarruel: \u201cTuvo muchas actitudes que no est\u00e1n en l\u00ednea con lo que el 57% de los argentinos vot\u00f3\u201d - Diario del Sur\" \/>\n<meta property=\"og:description\" content=\"El Presidente puso la mira nuevamente en el rol de la titular del Senado, al considerar que \u201cha estado cometiendo una serie de errores no forzados\u201d; entre ellos se\u00f1al\u00f3 la queja de que gana \u201cdos chirolas\u201d, cuando \u201cel 95% de los argentinos tiene ingresos inferiores\u201d. Javier Milei volvi\u00f3 a arremeter contra la figura de Victoria [&hellip;]\" \/>\n<meta property=\"og:url\" content=\"https:\/\/diariodelsurdigital.com.ar\/?p=490\" \/>\n<meta property=\"og:site_name\" content=\"Diario del Sur\" \/>\n<meta property=\"article:published_time\" content=\"2025-01-08T15:56:19+00:00\" \/>\n<meta property=\"og:image\" content=\"https:\/\/diariodelsurdigital.com.ar\/wp-content\/uploads\/2025\/01\/md-2025-01-08T125417.351.webp\" \/>\n\t<meta property=\"og:image:width\" content=\"992\" \/>\n\t<meta property=\"og:image:height\" content=\"661\" \/>\n\t<meta property=\"og:image:type\" content=\"image\/webp\" \/>\n<meta name=\"author\" content=\"Diario del Sur Digital\" \/>\n<meta name=\"twitter:card\" content=\"summary_large_image\" \/>\n<meta name=\"twitter:label1\" content=\"Escrito por\" \/>\n\t<meta name=\"twitter:data1\" content=\"Diario del Sur Digital\" \/>\n\t<meta name=\"twitter:label2\" content=\"Tiempo de lectura\" \/>\n\t<meta name=\"twitter:data2\" content=\"2 minutos\" \/>\n<script type=\"application\/ld+json\" class=\"yoast-schema-graph\">{\"@context\":\"https:\\\/\\\/schema.org\",\"@graph\":[{\"@type\":\"Article\",\"@id\":\"https:\\\/\\\/diariodelsurdigital.com.ar\\\/?p=490#article\",\"isPartOf\":{\"@id\":\"https:\\\/\\\/diariodelsurdigital.com.ar\\\/?p=490\"},\"author\":{\"name\":\"Diario del Sur Digital\",\"@id\":\"https:\\\/\\\/diariodelsurdigital.com.ar\\\/#\\\/schema\\\/person\\\/1a4992532ed62965c968031b49195c81\"},\"headline\":\"Milei contra Villarruel: \u201cTuvo muchas actitudes que no est\u00e1n en l\u00ednea con lo que el 57% de los argentinos vot\u00f3\u201d\",\"datePublished\":\"2025-01-08T15:56:19+00:00\",\"mainEntityOfPage\":{\"@id\":\"https:\\\/\\\/diariodelsurdigital.com.ar\\\/?p=490\"},\"wordCount\":384,\"commentCount\":0,\"image\":{\"@id\":\"https:\\\/\\\/diariodelsurdigital.com.ar\\\/?p=490#primaryimage\"},\"thumbnailUrl\":\"https:\\\/\\\/diariodelsurdigital.com.ar\\\/wp-content\\\/uploads\\\/2025\\\/01\\\/md-2025-01-08T125417.351.webp\",\"articleSection\":[\"Nacionales\",\"Pol\u00edtica\"],\"inLanguage\":\"es\",\"potentialAction\":[{\"@type\":\"CommentAction\",\"name\":\"Comment\",\"target\":[\"https:\\\/\\\/diariodelsurdigital.com.ar\\\/?p=490#respond\"]}]},{\"@type\":\"WebPage\",\"@id\":\"https:\\\/\\\/diariodelsurdigital.com.ar\\\/?p=490\",\"url\":\"https:\\\/\\\/diariodelsurdigital.com.ar\\\/?p=490\",\"name\":\"Milei contra Villarruel: \u201cTuvo muchas actitudes que no est\u00e1n en l\u00ednea con lo que el 57% de los argentinos vot\u00f3\u201d - Diario del Sur\",\"isPartOf\":{\"@id\":\"https:\\\/\\\/diariodelsurdigital.com.ar\\\/#website\"},\"primaryImageOfPage\":{\"@id\":\"https:\\\/\\\/diariodelsurdigital.com.ar\\\/?p=490#primaryimage\"},\"image\":{\"@id\":\"https:\\\/\\\/diariodelsurdigital.com.ar\\\/?p=490#primaryimage\"},\"thumbnailUrl\":\"https:\\\/\\\/diariodelsurdigital.com.ar\\\/wp-content\\\/uploads\\\/2025\\\/01\\\/md-2025-01-08T125417.351.webp\",\"datePublished\":\"2025-01-08T15:56:19+00:00\",\"author\":{\"@id\":\"https:\\\/\\\/diariodelsurdigital.com.ar\\\/#\\\/schema\\\/person\\\/1a4992532ed62965c968031b49195c81\"},\"breadcrumb\":{\"@id\":\"https:\\\/\\\/diariodelsurdigital.com.ar\\\/?p=490#breadcrumb\"},\"inLanguage\":\"es\",\"potentialAction\":[{\"@type\":\"ReadAction\",\"target\":[\"https:\\\/\\\/diariodelsurdigital.com.ar\\\/?p=490\"]}]},{\"@type\":\"ImageObject\",\"inLanguage\":\"es\",\"@id\":\"https:\\\/\\\/diariodelsurdigital.com.ar\\\/?p=490#primaryimage\",\"url\":\"https:\\\/\\\/diariodelsurdigital.com.ar\\\/wp-content\\\/uploads\\\/2025\\\/01\\\/md-2025-01-08T125417.351.webp\",\"contentUrl\":\"https:\\\/\\\/diariodelsurdigital.com.ar\\\/wp-content\\\/uploads\\\/2025\\\/01\\\/md-2025-01-08T125417.351.webp\",\"width\":992,\"height\":661},{\"@type\":\"BreadcrumbList\",\"@id\":\"https:\\\/\\\/diariodelsurdigital.com.ar\\\/?p=490#breadcrumb\",\"itemListElement\":[{\"@type\":\"ListItem\",\"position\":1,\"name\":\"Portada\",\"item\":\"https:\\\/\\\/diariodelsurdigital.com.ar\\\/\"},{\"@type\":\"ListItem\",\"position\":2,\"name\":\"Milei contra Villarruel: \u201cTuvo muchas actitudes que no est\u00e1n en l\u00ednea con lo que el 57% de los argentinos vot\u00f3\u201d\"}]},{\"@type\":\"WebSite\",\"@id\":\"https:\\\/\\\/diariodelsurdigital.com.ar\\\/#website\",\"url\":\"https:\\\/\\\/diariodelsurdigital.com.ar\\\/\",\"name\":\"Diario del Sur\",\"description\":\"Digital\",\"potentialAction\":[{\"@type\":\"SearchAction\",\"target\":{\"@type\":\"EntryPoint\",\"urlTemplate\":\"https:\\\/\\\/diariodelsurdigital.com.ar\\\/?s={search_term_string}\"},\"query-input\":{\"@type\":\"PropertyValueSpecification\",\"valueRequired\":true,\"valueName\":\"search_term_string\"}}],\"inLanguage\":\"es\"},{\"@type\":\"Person\",\"@id\":\"https:\\\/\\\/diariodelsurdigital.com.ar\\\/#\\\/schema\\\/person\\\/1a4992532ed62965c968031b49195c81\",\"name\":\"Diario del Sur Digital\",\"image\":{\"@type\":\"ImageObject\",\"inLanguage\":\"es\",\"@id\":\"https:\\\/\\\/secure.gravatar.com\\\/avatar\\\/f0c7c47fc7146d19828273b9b8eda651c9c7ab583767e6338d3d3bee825adf76?s=96&d=mm&r=g\",\"url\":\"https:\\\/\\\/secure.gravatar.com\\\/avatar\\\/f0c7c47fc7146d19828273b9b8eda651c9c7ab583767e6338d3d3bee825adf76?s=96&d=mm&r=g\",\"contentUrl\":\"https:\\\/\\\/secure.gravatar.com\\\/avatar\\\/f0c7c47fc7146d19828273b9b8eda651c9c7ab583767e6338d3d3bee825adf76?s=96&d=mm&r=g\",\"caption\":\"Diario del Sur Digital\"},\"url\":\"https:\\\/\\\/diariodelsurdigital.com.ar\\\/?author=4\"}]}<\/script>\n<!-- \/ Yoast SEO plugin. -->","yoast_head_json":{"title":"Milei contra Villarruel: \u201cTuvo muchas actitudes que no est\u00e1n en l\u00ednea con lo que el 57% de los argentinos vot\u00f3\u201d - Diario del Sur","robots":{"index":"index","follow":"follow","max-snippet":"max-snippet:-1","max-image-preview":"max-image-preview:large","max-video-preview":"max-video-preview:-1"},"canonical":"https:\/\/diariodelsurdigital.com.ar\/?p=490","og_locale":"es_ES","og_type":"article","og_title":"Milei contra Villarruel: \u201cTuvo muchas actitudes que no est\u00e1n en l\u00ednea con lo que el 57% de los argentinos vot\u00f3\u201d - Diario del Sur","og_description":"El Presidente puso la mira nuevamente en el rol de la titular del Senado, al considerar que \u201cha estado cometiendo una serie de errores no forzados\u201d; entre ellos se\u00f1al\u00f3 la queja de que gana \u201cdos chirolas\u201d, cuando \u201cel 95% de los argentinos tiene ingresos inferiores\u201d. Javier Milei volvi\u00f3 a arremeter contra la figura de Victoria [&hellip;]","og_url":"https:\/\/diariodelsurdigital.com.ar\/?p=490","og_site_name":"Diario del Sur","article_published_time":"2025-01-08T15:56:19+00:00","og_image":[{"width":992,"height":661,"url":"https:\/\/diariodelsurdigital.com.ar\/wp-content\/uploads\/2025\/01\/md-2025-01-08T125417.351.webp","type":"image\/webp"}],"author":"Diario del Sur Digital","twitter_card":"summary_large_image","twitter_misc":{"Escrito por":"Diario del Sur Digital","Tiempo de lectura":"2 minutos"},"schema":{"@context":"https:\/\/schema.org","@graph":[{"@type":"Article","@id":"https:\/\/diariodelsurdigital.com.ar\/?p=490#article","isPartOf":{"@id":"https:\/\/diariodelsurdigital.com.ar\/?p=490"},"author":{"name":"Diario del Sur Digital","@id":"https:\/\/diariodelsurdigital.com.ar\/#\/schema\/person\/1a4992532ed62965c968031b49195c81"},"headline":"Milei contra Villarruel: \u201cTuvo muchas actitudes que no est\u00e1n en l\u00ednea con lo que el 57% de los argentinos vot\u00f3\u201d","datePublished":"2025-01-08T15:56:19+00:00","mainEntityOfPage":{"@id":"https:\/\/diariodelsurdigital.com.ar\/?p=490"},"wordCount":384,"commentCount":0,"image":{"@id":"https:\/\/diariodelsurdigital.com.ar\/?p=490#primaryimage"},"thumbnailUrl":"https:\/\/diariodelsurdigital.com.ar\/wp-content\/uploads\/2025\/01\/md-2025-01-08T125417.351.webp","articleSection":["Nacionales","Pol\u00edtica"],"inLanguage":"es","potentialAction":[{"@type":"CommentAction","name":"Comment","target":["https:\/\/diariodelsurdigital.com.ar\/?p=490#respond"]}]},{"@type":"WebPage","@id":"https:\/\/diariodelsurdigital.com.ar\/?p=490","url":"https:\/\/diariodelsurdigital.com.ar\/?p=490","name":"Milei contra Villarruel: \u201cTuvo muchas actitudes que no est\u00e1n en l\u00ednea con lo que el 57% de los argentinos vot\u00f3\u201d - Diario del Sur","isPartOf":{"@id":"https:\/\/diariodelsurdigital.com.ar\/#website"},"primaryImageOfPage":{"@id":"https:\/\/diariodelsurdigital.com.ar\/?p=490#primaryimage"},"image":{"@id":"https:\/\/diariodelsurdigital.com.ar\/?p=490#primaryimage"},"thumbnailUrl":"https:\/\/diariodelsurdigital.com.ar\/wp-content\/uploads\/2025\/01\/md-2025-01-08T125417.351.webp","datePublished":"2025-01-08T15:56:19+00:00","author":{"@id":"https:\/\/diariodelsurdigital.com.ar\/#\/schema\/person\/1a4992532ed62965c968031b49195c81"},"breadcrumb":{"@id":"https:\/\/diariodelsurdigital.com.ar\/?p=490#breadcrumb"},"inLanguage":"es","potentialAction":[{"@type":"ReadAction","target":["https:\/\/diariodelsurdigital.com.ar\/?p=490"]}]},{"@type":"ImageObject","inLanguage":"es","@id":"https:\/\/diariodelsurdigital.com.ar\/?p=490#primaryimage","url":"https:\/\/diariodelsurdigital.com.ar\/wp-content\/uploads\/2025\/01\/md-2025-01-08T125417.351.webp","contentUrl":"https:\/\/diariodelsurdigital.com.ar\/wp-content\/uploads\/2025\/01\/md-2025-01-08T125417.351.webp","width":992,"height":661},{"@type":"BreadcrumbList","@id":"https:\/\/diariodelsurdigital.com.ar\/?p=490#breadcrumb","itemListElement":[{"@type":"ListItem","position":1,"name":"Portada","item":"https:\/\/diariodelsurdigital.com.ar\/"},{"@type":"ListItem","position":2,"name":"Milei contra Villarruel: \u201cTuvo muchas actitudes que no est\u00e1n en l\u00ednea con lo que el 57% de los argentinos vot\u00f3\u201d"}]},{"@type":"WebSite","@id":"https:\/\/diariodelsurdigital.com.ar\/#website","url":"https:\/\/diariodelsurdigital.com.ar\/","name":"Diario del Sur","description":"Digital","potentialAction":[{"@type":"SearchAction","target":{"@type":"EntryPoint","urlTemplate":"https:\/\/diariodelsurdigital.com.ar\/?s={search_term_string}"},"query-input":{"@type":"PropertyValueSpecification","valueRequired":true,"valueName":"search_term_string"}}],"inLanguage":"es"},{"@type":"Person","@id":"https:\/\/diariodelsurdigital.com.ar\/#\/schema\/person\/1a4992532ed62965c968031b49195c81","name":"Diario del Sur Digital","image":{"@type":"ImageObject","inLanguage":"es","@id":"https:\/\/secure.gravatar.com\/avatar\/f0c7c47fc7146d19828273b9b8eda651c9c7ab583767e6338d3d3bee825adf76?s=96&d=mm&r=g","url":"https:\/\/secure.gravatar.com\/avatar\/f0c7c47fc7146d19828273b9b8eda651c9c7ab583767e6338d3d3bee825adf76?s=96&d=mm&r=g","contentUrl":"https:\/\/secure.gravatar.com\/avatar\/f0c7c47fc7146d19828273b9b8eda651c9c7ab583767e6338d3d3bee825adf76?s=96&d=mm&r=g","caption":"Diario del Sur Digital"},"url":"https:\/\/diariodelsurdigital.com.ar\/?author=4"}]}},"_links":{"self":[{"href":"https:\/\/diariodelsurdigital.com.ar\/index.php?rest_route=\/wp\/v2\/posts\/490","targetHints":{"allow":["GET"]}}],"collection":[{"href":"https:\/\/diariodelsurdigital.com.ar\/index.php?rest_route=\/wp\/v2\/posts"}],"about":[{"href":"https:\/\/diariodelsurdigital.com.ar\/index.php?rest_route=\/wp\/v2\/types\/post"}],"author":[{"embeddable":true,"href":"https:\/\/diariodelsurdigital.com.ar\/index.php?rest_route=\/wp\/v2\/users\/4"}],"replies":[{"embeddable":true,"href":"https:\/\/diariodelsurdigital.com.ar\/index.php?rest_route=%2Fwp%2Fv2%2Fcomments&post=490"}],"version-history":[{"count":1,"href":"https:\/\/diariodelsurdigital.com.ar\/index.php?rest_route=\/wp\/v2\/posts\/490\/revisions"}],"predecessor-version":[{"id":492,"href":"https:\/\/diariodelsurdigital.com.ar\/index.php?rest_route=\/wp\/v2\/posts\/490\/revisions\/492"}],"wp:featuredmedia":[{"embeddable":true,"href":"https:\/\/diariodelsurdigital.com.ar\/index.php?rest_route=\/wp\/v2\/media\/491"}],"wp:attachment":[{"href":"https:\/\/diariodelsurdigital.com.ar\/index.php?rest_route=%2Fwp%2Fv2%2Fmedia&parent=490"}],"wp:term":[{"taxonomy":"category","embeddable":true,"href":"https:\/\/diariodelsurdigital.com.ar\/index.php?rest_route=%2Fwp%2Fv2%2Fcategories&post=490"},{"taxonomy":"post_tag","embeddable":true,"href":"https:\/\/diariodelsurdigital.com.ar\/index.php?rest_route=%2Fwp%2Fv2%2Ftags&post=490"}],"curies":[{"name":"wp","href":"https:\/\/api.w.org\/{rel}","templated":true}]}}