{"id":4901,"date":"2025-09-30T10:11:00","date_gmt":"2025-09-30T13:11:00","guid":{"rendered":"https:\/\/diariodelsurdigital.com.ar\/?p=4901"},"modified":"2025-09-30T10:11:01","modified_gmt":"2025-09-30T13:11:01","slug":"la-confianza-en-el-gobierno-de-milei-alcanzo-su-punto-mas-bajo","status":"publish","type":"post","link":"https:\/\/diariodelsurdigital.com.ar\/?p=4901","title":{"rendered":"La confianza en el Gobierno de Milei alcanz\u00f3 su punto m\u00e1s bajo"},"content":{"rendered":"\n<p>El \u00cdndice de Confianza en el Gobierno (ICG) elaborado por la Universidad Torcuato Di Tella registr\u00f3 en septiembre 1,94 puntos, lo que representa una ca\u00edda mensual del 8,2\u202f% y del 10\u202f% interanual, alcanzando el nivel m\u00e1s bajo desde el inicio de la presidencia de Javier Milei.<\/p>\n\n\n\n<p>El informe atribuye la baja a la difusi\u00f3n de un presunto caso de corrupci\u00f3n en la Agencia Nacional de Discapacidad y a la derrota de La Libertad Avanza en las elecciones bonaerenses del 7 de septiembre.<\/p>\n\n\n\n<p>Durante los 21 meses de gesti\u00f3n de Milei, la confianza promedio se ubic\u00f3 en 2,46 puntos, debajo del promedio de Mauricio Macri en igual per\u00edodo (2,60) y por encima del de Alberto Fern\u00e1ndez (2,14). Todos los sub\u00edndices del ICG mostraron retrocesos: Honestidad de los funcionarios (2,44, -3,7\u00e2\u20ac\u00af%), Capacidad para resolver problemas (2,38, -3,1\u00e2\u20ac\u00af%), Eficiencia en el gasto p\u00fablico (1,87, -11,2\u00e2\u20ac\u00af%), Evaluaci\u00f3n general del gobierno (1,57, -11,5\u00e2\u20ac\u00af%) y Preocupaci\u00f3n por el inter\u00e9s general (1,47, -15,1\u00e2\u20ac\u00af%).<\/p>\n\n\n\n<p>Por perfil, el indicador fue m\u00e1s alto entre los hombres (2,12) que entre las mujeres (1,76). Entre los j\u00f3venes de 18 a 29 a\u00f1os, la confianza aument\u00f3 a 2,47 (+17,1\u00e2\u20ac\u00af%), mientras que descendi\u00f3 en adultos y mayores. Por regi\u00f3n, el Interior registr\u00f3 el nivel m\u00e1s alto (2,13), seguido por la Ciudad de Buenos Aires (1,78) y el Gran Buenos Aires (1,62), public\u00f3 Filo.News.<\/p>\n\n\n\n<p>El relevamiento se realiz\u00f3 mediante una encuesta telef\u00f3nica de Poliarqu\u00eda Consultores a 1.000 personas mayores de 18 a\u00f1os, entre el 5 y el 15 de septiembre, con un error est\u00e1ndar de \u00b10,06.<\/p>\n","protected":false},"excerpt":{"rendered":"<p>El \u00cdndice de Confianza en el Gobierno (ICG) elaborado por la Universidad Torcuato Di Tella registr\u00f3 en septiembre 1,94 puntos, lo que representa una ca\u00edda mensual del 8,2\u202f% y del 10\u202f% interanual, alcanzando el nivel m\u00e1s bajo desde el inicio de la presidencia de Javier Milei. El informe atribuye la baja a la difusi\u00f3n de [&hellip;]<\/p>\n","protected":false},"author":4,"featured_media":4902,"comment_status":"open","ping_status":"open","sticky":false,"template":"","format":"standard","meta":{"footnotes":""},"categories":[22],"tags":[],"class_list":{"0":"post-4901","1":"post","2":"type-post","3":"status-publish","4":"format-standard","5":"has-post-thumbnail","7":"category-politica"},"yoast_head":"<!-- This site is optimized with the Yoast SEO plugin v27.4 - https:\/\/yoast.com\/product\/yoast-seo-wordpress\/ -->\n<title>La confianza en el Gobierno de Milei alcanz\u00f3 su punto m\u00e1s bajo - Diario del Sur<\/title>\n<meta name=\"robots\" content=\"index, follow, max-snippet:-1, max-image-preview:large, max-video-preview:-1\" \/>\n<link rel=\"canonical\" href=\"https:\/\/diariodelsurdigital.com.ar\/?p=4901\" \/>\n<meta property=\"og:locale\" content=\"es_ES\" \/>\n<meta property=\"og:type\" content=\"article\" \/>\n<meta property=\"og:title\" content=\"La confianza en el Gobierno de Milei alcanz\u00f3 su punto m\u00e1s bajo - Diario del Sur\" \/>\n<meta property=\"og:description\" content=\"El \u00cdndice de Confianza en el Gobierno (ICG) elaborado por la Universidad Torcuato Di Tella registr\u00f3 en septiembre 1,94 puntos, lo que representa una ca\u00edda mensual del 8,2\u202f% y del 10\u202f% interanual, alcanzando el nivel m\u00e1s bajo desde el inicio de la presidencia de Javier Milei. El informe atribuye la baja a la difusi\u00f3n de [&hellip;]\" \/>\n<meta property=\"og:url\" content=\"https:\/\/diariodelsurdigital.com.ar\/?p=4901\" \/>\n<meta property=\"og:site_name\" content=\"Diario del Sur\" \/>\n<meta property=\"article:published_time\" content=\"2025-09-30T13:11:00+00:00\" \/>\n<meta property=\"article:modified_time\" content=\"2025-09-30T13:11:01+00:00\" \/>\n<meta property=\"og:image\" content=\"https:\/\/diariodelsurdigital.com.ar\/wp-content\/uploads\/2025\/09\/md-22-1.webp\" \/>\n\t<meta property=\"og:image:width\" content=\"992\" \/>\n\t<meta property=\"og:image:height\" content=\"558\" \/>\n\t<meta property=\"og:image:type\" content=\"image\/webp\" \/>\n<meta name=\"author\" content=\"Diario del Sur Digital\" \/>\n<meta name=\"twitter:card\" content=\"summary_large_image\" \/>\n<meta name=\"twitter:label1\" content=\"Escrito por\" \/>\n\t<meta name=\"twitter:data1\" content=\"Diario del Sur Digital\" \/>\n\t<meta name=\"twitter:label2\" content=\"Tiempo de lectura\" \/>\n\t<meta name=\"twitter:data2\" content=\"2 minutos\" \/>\n<script type=\"application\/ld+json\" class=\"yoast-schema-graph\">{\"@context\":\"https:\\\/\\\/schema.org\",\"@graph\":[{\"@type\":\"Article\",\"@id\":\"https:\\\/\\\/diariodelsurdigital.com.ar\\\/?p=4901#article\",\"isPartOf\":{\"@id\":\"https:\\\/\\\/diariodelsurdigital.com.ar\\\/?p=4901\"},\"author\":{\"name\":\"Diario del Sur Digital\",\"@id\":\"https:\\\/\\\/diariodelsurdigital.com.ar\\\/#\\\/schema\\\/person\\\/1a4992532ed62965c968031b49195c81\"},\"headline\":\"La confianza en el Gobierno de Milei alcanz\u00f3 su punto m\u00e1s bajo\",\"datePublished\":\"2025-09-30T13:11:00+00:00\",\"dateModified\":\"2025-09-30T13:11:01+00:00\",\"mainEntityOfPage\":{\"@id\":\"https:\\\/\\\/diariodelsurdigital.com.ar\\\/?p=4901\"},\"wordCount\":259,\"commentCount\":0,\"image\":{\"@id\":\"https:\\\/\\\/diariodelsurdigital.com.ar\\\/?p=4901#primaryimage\"},\"thumbnailUrl\":\"https:\\\/\\\/diariodelsurdigital.com.ar\\\/wp-content\\\/uploads\\\/2025\\\/09\\\/md-22-1.webp\",\"articleSection\":[\"Pol\u00edtica\"],\"inLanguage\":\"es\",\"potentialAction\":[{\"@type\":\"CommentAction\",\"name\":\"Comment\",\"target\":[\"https:\\\/\\\/diariodelsurdigital.com.ar\\\/?p=4901#respond\"]}]},{\"@type\":\"WebPage\",\"@id\":\"https:\\\/\\\/diariodelsurdigital.com.ar\\\/?p=4901\",\"url\":\"https:\\\/\\\/diariodelsurdigital.com.ar\\\/?p=4901\",\"name\":\"La confianza en el Gobierno de Milei alcanz\u00f3 su punto m\u00e1s bajo - Diario del Sur\",\"isPartOf\":{\"@id\":\"https:\\\/\\\/diariodelsurdigital.com.ar\\\/#website\"},\"primaryImageOfPage\":{\"@id\":\"https:\\\/\\\/diariodelsurdigital.com.ar\\\/?p=4901#primaryimage\"},\"image\":{\"@id\":\"https:\\\/\\\/diariodelsurdigital.com.ar\\\/?p=4901#primaryimage\"},\"thumbnailUrl\":\"https:\\\/\\\/diariodelsurdigital.com.ar\\\/wp-content\\\/uploads\\\/2025\\\/09\\\/md-22-1.webp\",\"datePublished\":\"2025-09-30T13:11:00+00:00\",\"dateModified\":\"2025-09-30T13:11:01+00:00\",\"author\":{\"@id\":\"https:\\\/\\\/diariodelsurdigital.com.ar\\\/#\\\/schema\\\/person\\\/1a4992532ed62965c968031b49195c81\"},\"breadcrumb\":{\"@id\":\"https:\\\/\\\/diariodelsurdigital.com.ar\\\/?p=4901#breadcrumb\"},\"inLanguage\":\"es\",\"potentialAction\":[{\"@type\":\"ReadAction\",\"target\":[\"https:\\\/\\\/diariodelsurdigital.com.ar\\\/?p=4901\"]}]},{\"@type\":\"ImageObject\",\"inLanguage\":\"es\",\"@id\":\"https:\\\/\\\/diariodelsurdigital.com.ar\\\/?p=4901#primaryimage\",\"url\":\"https:\\\/\\\/diariodelsurdigital.com.ar\\\/wp-content\\\/uploads\\\/2025\\\/09\\\/md-22-1.webp\",\"contentUrl\":\"https:\\\/\\\/diariodelsurdigital.com.ar\\\/wp-content\\\/uploads\\\/2025\\\/09\\\/md-22-1.webp\",\"width\":992,\"height\":558},{\"@type\":\"BreadcrumbList\",\"@id\":\"https:\\\/\\\/diariodelsurdigital.com.ar\\\/?p=4901#breadcrumb\",\"itemListElement\":[{\"@type\":\"ListItem\",\"position\":1,\"name\":\"Portada\",\"item\":\"https:\\\/\\\/diariodelsurdigital.com.ar\\\/\"},{\"@type\":\"ListItem\",\"position\":2,\"name\":\"La confianza en el Gobierno de Milei alcanz\u00f3 su punto m\u00e1s bajo\"}]},{\"@type\":\"WebSite\",\"@id\":\"https:\\\/\\\/diariodelsurdigital.com.ar\\\/#website\",\"url\":\"https:\\\/\\\/diariodelsurdigital.com.ar\\\/\",\"name\":\"Diario del Sur\",\"description\":\"Digital\",\"potentialAction\":[{\"@type\":\"SearchAction\",\"target\":{\"@type\":\"EntryPoint\",\"urlTemplate\":\"https:\\\/\\\/diariodelsurdigital.com.ar\\\/?s={search_term_string}\"},\"query-input\":{\"@type\":\"PropertyValueSpecification\",\"valueRequired\":true,\"valueName\":\"search_term_string\"}}],\"inLanguage\":\"es\"},{\"@type\":\"Person\",\"@id\":\"https:\\\/\\\/diariodelsurdigital.com.ar\\\/#\\\/schema\\\/person\\\/1a4992532ed62965c968031b49195c81\",\"name\":\"Diario del Sur Digital\",\"image\":{\"@type\":\"ImageObject\",\"inLanguage\":\"es\",\"@id\":\"https:\\\/\\\/secure.gravatar.com\\\/avatar\\\/f0c7c47fc7146d19828273b9b8eda651c9c7ab583767e6338d3d3bee825adf76?s=96&d=mm&r=g\",\"url\":\"https:\\\/\\\/secure.gravatar.com\\\/avatar\\\/f0c7c47fc7146d19828273b9b8eda651c9c7ab583767e6338d3d3bee825adf76?s=96&d=mm&r=g\",\"contentUrl\":\"https:\\\/\\\/secure.gravatar.com\\\/avatar\\\/f0c7c47fc7146d19828273b9b8eda651c9c7ab583767e6338d3d3bee825adf76?s=96&d=mm&r=g\",\"caption\":\"Diario del Sur Digital\"},\"url\":\"https:\\\/\\\/diariodelsurdigital.com.ar\\\/?author=4\"}]}<\/script>\n<!-- \/ Yoast SEO plugin. -->","yoast_head_json":{"title":"La confianza en el Gobierno de Milei alcanz\u00f3 su punto m\u00e1s bajo - Diario del Sur","robots":{"index":"index","follow":"follow","max-snippet":"max-snippet:-1","max-image-preview":"max-image-preview:large","max-video-preview":"max-video-preview:-1"},"canonical":"https:\/\/diariodelsurdigital.com.ar\/?p=4901","og_locale":"es_ES","og_type":"article","og_title":"La confianza en el Gobierno de Milei alcanz\u00f3 su punto m\u00e1s bajo - Diario del Sur","og_description":"El \u00cdndice de Confianza en el Gobierno (ICG) elaborado por la Universidad Torcuato Di Tella registr\u00f3 en septiembre 1,94 puntos, lo que representa una ca\u00edda mensual del 8,2\u202f% y del 10\u202f% interanual, alcanzando el nivel m\u00e1s bajo desde el inicio de la presidencia de Javier Milei. El informe atribuye la baja a la difusi\u00f3n de [&hellip;]","og_url":"https:\/\/diariodelsurdigital.com.ar\/?p=4901","og_site_name":"Diario del Sur","article_published_time":"2025-09-30T13:11:00+00:00","article_modified_time":"2025-09-30T13:11:01+00:00","og_image":[{"width":992,"height":558,"url":"https:\/\/diariodelsurdigital.com.ar\/wp-content\/uploads\/2025\/09\/md-22-1.webp","type":"image\/webp"}],"author":"Diario del Sur Digital","twitter_card":"summary_large_image","twitter_misc":{"Escrito por":"Diario del Sur Digital","Tiempo de lectura":"2 minutos"},"schema":{"@context":"https:\/\/schema.org","@graph":[{"@type":"Article","@id":"https:\/\/diariodelsurdigital.com.ar\/?p=4901#article","isPartOf":{"@id":"https:\/\/diariodelsurdigital.com.ar\/?p=4901"},"author":{"name":"Diario del Sur Digital","@id":"https:\/\/diariodelsurdigital.com.ar\/#\/schema\/person\/1a4992532ed62965c968031b49195c81"},"headline":"La confianza en el Gobierno de Milei alcanz\u00f3 su punto m\u00e1s bajo","datePublished":"2025-09-30T13:11:00+00:00","dateModified":"2025-09-30T13:11:01+00:00","mainEntityOfPage":{"@id":"https:\/\/diariodelsurdigital.com.ar\/?p=4901"},"wordCount":259,"commentCount":0,"image":{"@id":"https:\/\/diariodelsurdigital.com.ar\/?p=4901#primaryimage"},"thumbnailUrl":"https:\/\/diariodelsurdigital.com.ar\/wp-content\/uploads\/2025\/09\/md-22-1.webp","articleSection":["Pol\u00edtica"],"inLanguage":"es","potentialAction":[{"@type":"CommentAction","name":"Comment","target":["https:\/\/diariodelsurdigital.com.ar\/?p=4901#respond"]}]},{"@type":"WebPage","@id":"https:\/\/diariodelsurdigital.com.ar\/?p=4901","url":"https:\/\/diariodelsurdigital.com.ar\/?p=4901","name":"La confianza en el Gobierno de Milei alcanz\u00f3 su punto m\u00e1s bajo - Diario del Sur","isPartOf":{"@id":"https:\/\/diariodelsurdigital.com.ar\/#website"},"primaryImageOfPage":{"@id":"https:\/\/diariodelsurdigital.com.ar\/?p=4901#primaryimage"},"image":{"@id":"https:\/\/diariodelsurdigital.com.ar\/?p=4901#primaryimage"},"thumbnailUrl":"https:\/\/diariodelsurdigital.com.ar\/wp-content\/uploads\/2025\/09\/md-22-1.webp","datePublished":"2025-09-30T13:11:00+00:00","dateModified":"2025-09-30T13:11:01+00:00","author":{"@id":"https:\/\/diariodelsurdigital.com.ar\/#\/schema\/person\/1a4992532ed62965c968031b49195c81"},"breadcrumb":{"@id":"https:\/\/diariodelsurdigital.com.ar\/?p=4901#breadcrumb"},"inLanguage":"es","potentialAction":[{"@type":"ReadAction","target":["https:\/\/diariodelsurdigital.com.ar\/?p=4901"]}]},{"@type":"ImageObject","inLanguage":"es","@id":"https:\/\/diariodelsurdigital.com.ar\/?p=4901#primaryimage","url":"https:\/\/diariodelsurdigital.com.ar\/wp-content\/uploads\/2025\/09\/md-22-1.webp","contentUrl":"https:\/\/diariodelsurdigital.com.ar\/wp-content\/uploads\/2025\/09\/md-22-1.webp","width":992,"height":558},{"@type":"BreadcrumbList","@id":"https:\/\/diariodelsurdigital.com.ar\/?p=4901#breadcrumb","itemListElement":[{"@type":"ListItem","position":1,"name":"Portada","item":"https:\/\/diariodelsurdigital.com.ar\/"},{"@type":"ListItem","position":2,"name":"La confianza en el Gobierno de Milei alcanz\u00f3 su punto m\u00e1s bajo"}]},{"@type":"WebSite","@id":"https:\/\/diariodelsurdigital.com.ar\/#website","url":"https:\/\/diariodelsurdigital.com.ar\/","name":"Diario del Sur","description":"Digital","potentialAction":[{"@type":"SearchAction","target":{"@type":"EntryPoint","urlTemplate":"https:\/\/diariodelsurdigital.com.ar\/?s={search_term_string}"},"query-input":{"@type":"PropertyValueSpecification","valueRequired":true,"valueName":"search_term_string"}}],"inLanguage":"es"},{"@type":"Person","@id":"https:\/\/diariodelsurdigital.com.ar\/#\/schema\/person\/1a4992532ed62965c968031b49195c81","name":"Diario del Sur Digital","image":{"@type":"ImageObject","inLanguage":"es","@id":"https:\/\/secure.gravatar.com\/avatar\/f0c7c47fc7146d19828273b9b8eda651c9c7ab583767e6338d3d3bee825adf76?s=96&d=mm&r=g","url":"https:\/\/secure.gravatar.com\/avatar\/f0c7c47fc7146d19828273b9b8eda651c9c7ab583767e6338d3d3bee825adf76?s=96&d=mm&r=g","contentUrl":"https:\/\/secure.gravatar.com\/avatar\/f0c7c47fc7146d19828273b9b8eda651c9c7ab583767e6338d3d3bee825adf76?s=96&d=mm&r=g","caption":"Diario del Sur Digital"},"url":"https:\/\/diariodelsurdigital.com.ar\/?author=4"}]}},"_links":{"self":[{"href":"https:\/\/diariodelsurdigital.com.ar\/index.php?rest_route=\/wp\/v2\/posts\/4901","targetHints":{"allow":["GET"]}}],"collection":[{"href":"https:\/\/diariodelsurdigital.com.ar\/index.php?rest_route=\/wp\/v2\/posts"}],"about":[{"href":"https:\/\/diariodelsurdigital.com.ar\/index.php?rest_route=\/wp\/v2\/types\/post"}],"author":[{"embeddable":true,"href":"https:\/\/diariodelsurdigital.com.ar\/index.php?rest_route=\/wp\/v2\/users\/4"}],"replies":[{"embeddable":true,"href":"https:\/\/diariodelsurdigital.com.ar\/index.php?rest_route=%2Fwp%2Fv2%2Fcomments&post=4901"}],"version-history":[{"count":1,"href":"https:\/\/diariodelsurdigital.com.ar\/index.php?rest_route=\/wp\/v2\/posts\/4901\/revisions"}],"predecessor-version":[{"id":4903,"href":"https:\/\/diariodelsurdigital.com.ar\/index.php?rest_route=\/wp\/v2\/posts\/4901\/revisions\/4903"}],"wp:featuredmedia":[{"embeddable":true,"href":"https:\/\/diariodelsurdigital.com.ar\/index.php?rest_route=\/wp\/v2\/media\/4902"}],"wp:attachment":[{"href":"https:\/\/diariodelsurdigital.com.ar\/index.php?rest_route=%2Fwp%2Fv2%2Fmedia&parent=4901"}],"wp:term":[{"taxonomy":"category","embeddable":true,"href":"https:\/\/diariodelsurdigital.com.ar\/index.php?rest_route=%2Fwp%2Fv2%2Fcategories&post=4901"},{"taxonomy":"post_tag","embeddable":true,"href":"https:\/\/diariodelsurdigital.com.ar\/index.php?rest_route=%2Fwp%2Fv2%2Ftags&post=4901"}],"curies":[{"name":"wp","href":"https:\/\/api.w.org\/{rel}","templated":true}]}}