{"id":4912,"date":"2025-10-01T10:20:27","date_gmt":"2025-10-01T13:20:27","guid":{"rendered":"https:\/\/diariodelsurdigital.com.ar\/?p=4912"},"modified":"2025-10-01T10:20:28","modified_gmt":"2025-10-01T13:20:28","slug":"elecciones-alertan-sobre-campanas-masivas-de-desinformacion-a-traves-de-redes-sociales-y-con-uso-de-inteligencia-artificial","status":"publish","type":"post","link":"https:\/\/diariodelsurdigital.com.ar\/?p=4912","title":{"rendered":"Elecciones: Alertan sobre campa\u00f1as masivas de desinformaci\u00f3n a trav\u00e9s de redes sociales y con uso de inteligencia artificial"},"content":{"rendered":"\n<p>En el marco de un amparo presentado en la justicia federal, el Ministerio P\u00fablico Fiscal (MPF) sugiri\u00f3 la adhesi\u00f3n al Compromiso \u00c9tico Digital 2025 que propone la C\u00e1mara Nacional Electoral como herramienta para preservar el debate democr\u00e1tico en redes sociales y plataformas digitales y que suscriben partidos pol\u00edticos, bloques parlamentarios, entidades period\u00edsticas, empresas y plataformas. Se trat\u00f3 de un dictamen del fiscal federal Ramiro Gonz\u00e1lez.<\/p>\n\n\n\n<p><\/p>\n\n\n\n<p>El fiscal federal Ramiro Gonz\u00e1lez, a cargo de la Fiscal\u00eda Federal N\u00b01 con competencia electoral de la Ciudad Aut\u00f3noma de Buenos Aires, solicit\u00f3 que se hiciera lugar a un amparo presentado con el objetivo de prevenir \u201cacciones masivas de desinformaci\u00f3n\u201d mediante el uso de Inteligencia Artificial (IA) durante la campa\u00f1a electoral.<\/p>\n\n\n\n<p>En el dictamen, solicit\u00f3 a la jueza Mar\u00eda Servini que se requieran a las autoridades nacionales informes \u201csobre acciones de difusi\u00f3n y sensibilizaci\u00f3n planificadas o ya realizadas, relativas al proceso electoral en curso, particularmente, concernientes al voto informado respecto de la Boleta \u00danica Papel como nuevo instrumento de votaci\u00f3n\u201d.<\/p>\n\n\n\n<p>En esa l\u00ednea, seg\u00fan inform\u00f3 el portal Fiscales.gob.ar, tambi\u00e9n sugiri\u00f3 la adhesi\u00f3n voluntaria al Compromiso \u00c9tico Digital 2025 que, para estas elecciones, propone la C\u00e1mara Nacional Electoral como herramienta para preservar el debate democr\u00e1tico en redes sociales y plataformas digitales y que suscriben partidos pol\u00edticos, bloques parlamentarios, entidades period\u00edsticas, empresas y plataformas.<\/p>\n\n\n\n<p>El dictamen y la postura del MPF<\/p>\n\n\n\n<p>En agosto de este a\u00f1o, el abogado constitucionalista Andr\u00e9s Gil Dom\u00ednguez realiz\u00f3 una presentaci\u00f3n donde demand\u00f3 una serie de acciones para garantizar el voto libre e informado y donde se cuestion\u00f3 el uso no autorizado de la clonaci\u00f3n de voz y rostro con Inteligencia Artificial.<\/p>\n\n\n\n<p>All\u00ed mencion\u00f3 el uso de \u201cdeepfakes\u201d en las campa\u00f1as electorales. Puso como ejemplo la circulaci\u00f3n de im\u00e1genes creadas mediante IA de Mauricio Macri y Silvia Lospennato durante los comicios porte\u00f1os de 2025 y un caso de 2021 donde se utiliz\u00f3 esa modalidad para perjudicar al dirigente Mario Negri.<\/p>\n\n\n\n<p>En su dictamen, el fiscal cit\u00f3 una serie de acordadas y resoluciones de la C\u00e1mara Nacional Electoral donde se plantea el \u201cobjetivo de construir conciencia ciudadana sobre el buen uso de las nuevas tecnolog\u00edas de comunicaci\u00f3n en el desarrollo del proceso electoral y contrarrestar la manipulaci\u00f3n de contenido digital sin menoscabar la libertad de expresi\u00f3n, entendida como un instrumento necesario para garantizar la libertad de informaci\u00f3n y la formaci\u00f3n de la opini\u00f3n p\u00fablica\u201d.<\/p>\n\n\n\n<p>\u201cDe acuerdo a la opini\u00f3n de este Ministerio P\u00fablico, no caben duda respecto a los riesgos que genera los \u2018deepfakes\u2019 para la actividad pol\u00edtica en general y los procesos electorales en particular, afectados por actos de comunicaci\u00f3n malintencionada, falsa o directamente difamatoria, mediante el recurso -a veces m\u00e1s, a veces menos, sofisticado pero igualmente pernicioso-, a la inteligencia artificial. En cierto supuestos, directamente un uso constitutivo de delito\u201d, explic\u00f3 el fiscal.<\/p>\n\n\n\n<p>En el escrito, el representante del MPF indic\u00f3 que el amparo se centraba en los usos no autorizados (o ilegales) de recursos que proveen las herramientas de Inteligencia Artificial. \u201cTal como sostiene el amparista, el recurso espec\u00edfico a la IA, luego virilizada en el espacio digital y utilizada como instrumento nocivo de cara a las elecciones, trasciende largamente las fronteras del Estado Naci\u00f3n en el sentido de una concepci\u00f3n ya a\u00f1eja de la divisi\u00f3n pol\u00edtica propia de los viejos mapamundis\u201d, recalc\u00f3.<\/p>\n\n\n\n<p>De acuerdo a lo expresado por el fiscal Gonz\u00e1lez, \u00abno caben duda respecto a los riesgos que genera los \u2018deepfakes\u2019 para la actividad pol\u00edtica en general y los procesos electorales en particular, afectados por actos de comunicaci\u00f3n malintencionada, falsa o directamente difamatoria\u00bb.<\/p>\n\n\n\n<p>\u201cEs claro que convertir sin m\u00e1s, estrategias de comunicaci\u00f3n digital de car\u00e1cter pol\u00edtico-partidario en actos prohibidos ser\u00eda negar la conversaci\u00f3n pol\u00edtica en el espacio p\u00fablico\u201d, aclar\u00f3 para luego explicar que eso no implica que el espacio digital sea, o deba ser \u201cuna especie de zona liberada\u201d. \u201cFundamentalmente, frente a los riesgos m\u00e1s severos de cara a elecciones, propias de un sistema democr\u00e1tico, en tanto proceso de decisiones colectivas construidas sobre la base de informaci\u00f3n veraz y de calidad\u201d, agreg\u00f3.<\/p>\n\n\n\n<p>Sobre esa base, el fiscal federal record\u00f3 que los actos masivos de amedrentamiento y desinformaci\u00f3n han concitado la atenci\u00f3n de los actores del sistema de justicia y que, por lo tanto, parec\u00eda razonable demandar que otros poderes del Estado en el \u00e1mbito de sus competencias se involucren en acciones concretas como una demostraci\u00f3n de preocupaci\u00f3n y ocupaci\u00f3n que refleje un inter\u00e9s compartido en la fiscalizaci\u00f3n, integridad y transparencia de las elecciones.<\/p>\n\n\n\n<p>Seg\u00fan sostuvo el fiscal, y as\u00ed lo solicit\u00f3 a la jueza electoral, corresponde requerir informes a los organismos gubernamentales competentes y el cumplimiento de acciones concretas vinculadas con el uso ilegal o no autorizado de la IA, fundamentalmente, en el \u00e1mbito de la prevenci\u00f3n. En particular acciones, programas o herramientas que promuevan el voto informado, \u201cincluso trascendiendo lo espec\u00edfico de las \u201cdeepfakes\u201d, pero que contribuyan a mitigar sus eventuales efectos\u201d, seg\u00fan concluy\u00f3 su presentaci\u00f3n.<\/p>\n","protected":false},"excerpt":{"rendered":"<p>En el marco de un amparo presentado en la justicia federal, el Ministerio P\u00fablico Fiscal (MPF) sugiri\u00f3 la adhesi\u00f3n al Compromiso \u00c9tico Digital 2025 que propone la C\u00e1mara Nacional Electoral como herramienta para preservar el debate democr\u00e1tico en redes sociales y plataformas digitales y que suscriben partidos pol\u00edticos, bloques parlamentarios, entidades period\u00edsticas, empresas y plataformas. [&hellip;]<\/p>\n","protected":false},"author":4,"featured_media":4913,"comment_status":"open","ping_status":"open","sticky":false,"template":"","format":"standard","meta":{"footnotes":""},"categories":[19,22],"tags":[],"class_list":{"0":"post-4912","1":"post","2":"type-post","3":"status-publish","4":"format-standard","5":"has-post-thumbnail","7":"category-interes-general","8":"category-politica"},"yoast_head":"<!-- This site is optimized with the Yoast SEO plugin v27.4 - https:\/\/yoast.com\/product\/yoast-seo-wordpress\/ -->\n<title>Elecciones: Alertan sobre campa\u00f1as masivas de desinformaci\u00f3n a trav\u00e9s de redes sociales y con uso de inteligencia artificial - Diario del Sur<\/title>\n<meta name=\"robots\" content=\"index, follow, max-snippet:-1, max-image-preview:large, max-video-preview:-1\" \/>\n<link rel=\"canonical\" href=\"https:\/\/diariodelsurdigital.com.ar\/?p=4912\" \/>\n<meta property=\"og:locale\" content=\"es_ES\" \/>\n<meta property=\"og:type\" content=\"article\" \/>\n<meta property=\"og:title\" content=\"Elecciones: Alertan sobre campa\u00f1as masivas de desinformaci\u00f3n a trav\u00e9s de redes sociales y con uso de inteligencia artificial - Diario del Sur\" \/>\n<meta property=\"og:description\" content=\"En el marco de un amparo presentado en la justicia federal, el Ministerio P\u00fablico Fiscal (MPF) sugiri\u00f3 la adhesi\u00f3n al Compromiso \u00c9tico Digital 2025 que propone la C\u00e1mara Nacional Electoral como herramienta para preservar el debate democr\u00e1tico en redes sociales y plataformas digitales y que suscriben partidos pol\u00edticos, bloques parlamentarios, entidades period\u00edsticas, empresas y plataformas. [&hellip;]\" \/>\n<meta property=\"og:url\" content=\"https:\/\/diariodelsurdigital.com.ar\/?p=4912\" \/>\n<meta property=\"og:site_name\" content=\"Diario del Sur\" \/>\n<meta property=\"article:published_time\" content=\"2025-10-01T13:20:27+00:00\" \/>\n<meta property=\"article:modified_time\" content=\"2025-10-01T13:20:28+00:00\" \/>\n<meta property=\"og:image\" content=\"https:\/\/diariodelsurdigital.com.ar\/wp-content\/uploads\/2025\/10\/md-24.webp\" \/>\n\t<meta property=\"og:image:width\" content=\"992\" \/>\n\t<meta property=\"og:image:height\" content=\"661\" \/>\n\t<meta property=\"og:image:type\" content=\"image\/webp\" \/>\n<meta name=\"author\" content=\"Diario del Sur Digital\" \/>\n<meta name=\"twitter:card\" content=\"summary_large_image\" \/>\n<meta name=\"twitter:label1\" content=\"Escrito por\" \/>\n\t<meta name=\"twitter:data1\" content=\"Diario del Sur Digital\" \/>\n\t<meta name=\"twitter:label2\" content=\"Tiempo de lectura\" \/>\n\t<meta name=\"twitter:data2\" content=\"4 minutos\" \/>\n<script type=\"application\/ld+json\" class=\"yoast-schema-graph\">{\"@context\":\"https:\\\/\\\/schema.org\",\"@graph\":[{\"@type\":\"Article\",\"@id\":\"https:\\\/\\\/diariodelsurdigital.com.ar\\\/?p=4912#article\",\"isPartOf\":{\"@id\":\"https:\\\/\\\/diariodelsurdigital.com.ar\\\/?p=4912\"},\"author\":{\"name\":\"Diario del Sur Digital\",\"@id\":\"https:\\\/\\\/diariodelsurdigital.com.ar\\\/#\\\/schema\\\/person\\\/1a4992532ed62965c968031b49195c81\"},\"headline\":\"Elecciones: Alertan sobre campa\u00f1as masivas de desinformaci\u00f3n a trav\u00e9s de redes sociales y con uso de inteligencia artificial\",\"datePublished\":\"2025-10-01T13:20:27+00:00\",\"dateModified\":\"2025-10-01T13:20:28+00:00\",\"mainEntityOfPage\":{\"@id\":\"https:\\\/\\\/diariodelsurdigital.com.ar\\\/?p=4912\"},\"wordCount\":907,\"commentCount\":0,\"image\":{\"@id\":\"https:\\\/\\\/diariodelsurdigital.com.ar\\\/?p=4912#primaryimage\"},\"thumbnailUrl\":\"https:\\\/\\\/diariodelsurdigital.com.ar\\\/wp-content\\\/uploads\\\/2025\\\/10\\\/md-24.webp\",\"articleSection\":[\"Inter\u00e9s General\",\"Pol\u00edtica\"],\"inLanguage\":\"es\",\"potentialAction\":[{\"@type\":\"CommentAction\",\"name\":\"Comment\",\"target\":[\"https:\\\/\\\/diariodelsurdigital.com.ar\\\/?p=4912#respond\"]}]},{\"@type\":\"WebPage\",\"@id\":\"https:\\\/\\\/diariodelsurdigital.com.ar\\\/?p=4912\",\"url\":\"https:\\\/\\\/diariodelsurdigital.com.ar\\\/?p=4912\",\"name\":\"Elecciones: Alertan sobre campa\u00f1as masivas de desinformaci\u00f3n a trav\u00e9s de redes sociales y con uso de inteligencia artificial - Diario del Sur\",\"isPartOf\":{\"@id\":\"https:\\\/\\\/diariodelsurdigital.com.ar\\\/#website\"},\"primaryImageOfPage\":{\"@id\":\"https:\\\/\\\/diariodelsurdigital.com.ar\\\/?p=4912#primaryimage\"},\"image\":{\"@id\":\"https:\\\/\\\/diariodelsurdigital.com.ar\\\/?p=4912#primaryimage\"},\"thumbnailUrl\":\"https:\\\/\\\/diariodelsurdigital.com.ar\\\/wp-content\\\/uploads\\\/2025\\\/10\\\/md-24.webp\",\"datePublished\":\"2025-10-01T13:20:27+00:00\",\"dateModified\":\"2025-10-01T13:20:28+00:00\",\"author\":{\"@id\":\"https:\\\/\\\/diariodelsurdigital.com.ar\\\/#\\\/schema\\\/person\\\/1a4992532ed62965c968031b49195c81\"},\"breadcrumb\":{\"@id\":\"https:\\\/\\\/diariodelsurdigital.com.ar\\\/?p=4912#breadcrumb\"},\"inLanguage\":\"es\",\"potentialAction\":[{\"@type\":\"ReadAction\",\"target\":[\"https:\\\/\\\/diariodelsurdigital.com.ar\\\/?p=4912\"]}]},{\"@type\":\"ImageObject\",\"inLanguage\":\"es\",\"@id\":\"https:\\\/\\\/diariodelsurdigital.com.ar\\\/?p=4912#primaryimage\",\"url\":\"https:\\\/\\\/diariodelsurdigital.com.ar\\\/wp-content\\\/uploads\\\/2025\\\/10\\\/md-24.webp\",\"contentUrl\":\"https:\\\/\\\/diariodelsurdigital.com.ar\\\/wp-content\\\/uploads\\\/2025\\\/10\\\/md-24.webp\",\"width\":992,\"height\":661},{\"@type\":\"BreadcrumbList\",\"@id\":\"https:\\\/\\\/diariodelsurdigital.com.ar\\\/?p=4912#breadcrumb\",\"itemListElement\":[{\"@type\":\"ListItem\",\"position\":1,\"name\":\"Portada\",\"item\":\"https:\\\/\\\/diariodelsurdigital.com.ar\\\/\"},{\"@type\":\"ListItem\",\"position\":2,\"name\":\"Elecciones: Alertan sobre campa\u00f1as masivas de desinformaci\u00f3n a trav\u00e9s de redes sociales y con uso de inteligencia artificial\"}]},{\"@type\":\"WebSite\",\"@id\":\"https:\\\/\\\/diariodelsurdigital.com.ar\\\/#website\",\"url\":\"https:\\\/\\\/diariodelsurdigital.com.ar\\\/\",\"name\":\"Diario del Sur\",\"description\":\"Digital\",\"potentialAction\":[{\"@type\":\"SearchAction\",\"target\":{\"@type\":\"EntryPoint\",\"urlTemplate\":\"https:\\\/\\\/diariodelsurdigital.com.ar\\\/?s={search_term_string}\"},\"query-input\":{\"@type\":\"PropertyValueSpecification\",\"valueRequired\":true,\"valueName\":\"search_term_string\"}}],\"inLanguage\":\"es\"},{\"@type\":\"Person\",\"@id\":\"https:\\\/\\\/diariodelsurdigital.com.ar\\\/#\\\/schema\\\/person\\\/1a4992532ed62965c968031b49195c81\",\"name\":\"Diario del Sur Digital\",\"image\":{\"@type\":\"ImageObject\",\"inLanguage\":\"es\",\"@id\":\"https:\\\/\\\/secure.gravatar.com\\\/avatar\\\/f0c7c47fc7146d19828273b9b8eda651c9c7ab583767e6338d3d3bee825adf76?s=96&d=mm&r=g\",\"url\":\"https:\\\/\\\/secure.gravatar.com\\\/avatar\\\/f0c7c47fc7146d19828273b9b8eda651c9c7ab583767e6338d3d3bee825adf76?s=96&d=mm&r=g\",\"contentUrl\":\"https:\\\/\\\/secure.gravatar.com\\\/avatar\\\/f0c7c47fc7146d19828273b9b8eda651c9c7ab583767e6338d3d3bee825adf76?s=96&d=mm&r=g\",\"caption\":\"Diario del Sur Digital\"},\"url\":\"https:\\\/\\\/diariodelsurdigital.com.ar\\\/?author=4\"}]}<\/script>\n<!-- \/ Yoast SEO plugin. -->","yoast_head_json":{"title":"Elecciones: Alertan sobre campa\u00f1as masivas de desinformaci\u00f3n a trav\u00e9s de redes sociales y con uso de inteligencia artificial - Diario del Sur","robots":{"index":"index","follow":"follow","max-snippet":"max-snippet:-1","max-image-preview":"max-image-preview:large","max-video-preview":"max-video-preview:-1"},"canonical":"https:\/\/diariodelsurdigital.com.ar\/?p=4912","og_locale":"es_ES","og_type":"article","og_title":"Elecciones: Alertan sobre campa\u00f1as masivas de desinformaci\u00f3n a trav\u00e9s de redes sociales y con uso de inteligencia artificial - Diario del Sur","og_description":"En el marco de un amparo presentado en la justicia federal, el Ministerio P\u00fablico Fiscal (MPF) sugiri\u00f3 la adhesi\u00f3n al Compromiso \u00c9tico Digital 2025 que propone la C\u00e1mara Nacional Electoral como herramienta para preservar el debate democr\u00e1tico en redes sociales y plataformas digitales y que suscriben partidos pol\u00edticos, bloques parlamentarios, entidades period\u00edsticas, empresas y plataformas. [&hellip;]","og_url":"https:\/\/diariodelsurdigital.com.ar\/?p=4912","og_site_name":"Diario del Sur","article_published_time":"2025-10-01T13:20:27+00:00","article_modified_time":"2025-10-01T13:20:28+00:00","og_image":[{"width":992,"height":661,"url":"https:\/\/diariodelsurdigital.com.ar\/wp-content\/uploads\/2025\/10\/md-24.webp","type":"image\/webp"}],"author":"Diario del Sur Digital","twitter_card":"summary_large_image","twitter_misc":{"Escrito por":"Diario del Sur Digital","Tiempo de lectura":"4 minutos"},"schema":{"@context":"https:\/\/schema.org","@graph":[{"@type":"Article","@id":"https:\/\/diariodelsurdigital.com.ar\/?p=4912#article","isPartOf":{"@id":"https:\/\/diariodelsurdigital.com.ar\/?p=4912"},"author":{"name":"Diario del Sur Digital","@id":"https:\/\/diariodelsurdigital.com.ar\/#\/schema\/person\/1a4992532ed62965c968031b49195c81"},"headline":"Elecciones: Alertan sobre campa\u00f1as masivas de desinformaci\u00f3n a trav\u00e9s de redes sociales y con uso de inteligencia artificial","datePublished":"2025-10-01T13:20:27+00:00","dateModified":"2025-10-01T13:20:28+00:00","mainEntityOfPage":{"@id":"https:\/\/diariodelsurdigital.com.ar\/?p=4912"},"wordCount":907,"commentCount":0,"image":{"@id":"https:\/\/diariodelsurdigital.com.ar\/?p=4912#primaryimage"},"thumbnailUrl":"https:\/\/diariodelsurdigital.com.ar\/wp-content\/uploads\/2025\/10\/md-24.webp","articleSection":["Inter\u00e9s General","Pol\u00edtica"],"inLanguage":"es","potentialAction":[{"@type":"CommentAction","name":"Comment","target":["https:\/\/diariodelsurdigital.com.ar\/?p=4912#respond"]}]},{"@type":"WebPage","@id":"https:\/\/diariodelsurdigital.com.ar\/?p=4912","url":"https:\/\/diariodelsurdigital.com.ar\/?p=4912","name":"Elecciones: Alertan sobre campa\u00f1as masivas de desinformaci\u00f3n a trav\u00e9s de redes sociales y con uso de inteligencia artificial - Diario del Sur","isPartOf":{"@id":"https:\/\/diariodelsurdigital.com.ar\/#website"},"primaryImageOfPage":{"@id":"https:\/\/diariodelsurdigital.com.ar\/?p=4912#primaryimage"},"image":{"@id":"https:\/\/diariodelsurdigital.com.ar\/?p=4912#primaryimage"},"thumbnailUrl":"https:\/\/diariodelsurdigital.com.ar\/wp-content\/uploads\/2025\/10\/md-24.webp","datePublished":"2025-10-01T13:20:27+00:00","dateModified":"2025-10-01T13:20:28+00:00","author":{"@id":"https:\/\/diariodelsurdigital.com.ar\/#\/schema\/person\/1a4992532ed62965c968031b49195c81"},"breadcrumb":{"@id":"https:\/\/diariodelsurdigital.com.ar\/?p=4912#breadcrumb"},"inLanguage":"es","potentialAction":[{"@type":"ReadAction","target":["https:\/\/diariodelsurdigital.com.ar\/?p=4912"]}]},{"@type":"ImageObject","inLanguage":"es","@id":"https:\/\/diariodelsurdigital.com.ar\/?p=4912#primaryimage","url":"https:\/\/diariodelsurdigital.com.ar\/wp-content\/uploads\/2025\/10\/md-24.webp","contentUrl":"https:\/\/diariodelsurdigital.com.ar\/wp-content\/uploads\/2025\/10\/md-24.webp","width":992,"height":661},{"@type":"BreadcrumbList","@id":"https:\/\/diariodelsurdigital.com.ar\/?p=4912#breadcrumb","itemListElement":[{"@type":"ListItem","position":1,"name":"Portada","item":"https:\/\/diariodelsurdigital.com.ar\/"},{"@type":"ListItem","position":2,"name":"Elecciones: Alertan sobre campa\u00f1as masivas de desinformaci\u00f3n a trav\u00e9s de redes sociales y con uso de inteligencia artificial"}]},{"@type":"WebSite","@id":"https:\/\/diariodelsurdigital.com.ar\/#website","url":"https:\/\/diariodelsurdigital.com.ar\/","name":"Diario del Sur","description":"Digital","potentialAction":[{"@type":"SearchAction","target":{"@type":"EntryPoint","urlTemplate":"https:\/\/diariodelsurdigital.com.ar\/?s={search_term_string}"},"query-input":{"@type":"PropertyValueSpecification","valueRequired":true,"valueName":"search_term_string"}}],"inLanguage":"es"},{"@type":"Person","@id":"https:\/\/diariodelsurdigital.com.ar\/#\/schema\/person\/1a4992532ed62965c968031b49195c81","name":"Diario del Sur Digital","image":{"@type":"ImageObject","inLanguage":"es","@id":"https:\/\/secure.gravatar.com\/avatar\/f0c7c47fc7146d19828273b9b8eda651c9c7ab583767e6338d3d3bee825adf76?s=96&d=mm&r=g","url":"https:\/\/secure.gravatar.com\/avatar\/f0c7c47fc7146d19828273b9b8eda651c9c7ab583767e6338d3d3bee825adf76?s=96&d=mm&r=g","contentUrl":"https:\/\/secure.gravatar.com\/avatar\/f0c7c47fc7146d19828273b9b8eda651c9c7ab583767e6338d3d3bee825adf76?s=96&d=mm&r=g","caption":"Diario del Sur Digital"},"url":"https:\/\/diariodelsurdigital.com.ar\/?author=4"}]}},"_links":{"self":[{"href":"https:\/\/diariodelsurdigital.com.ar\/index.php?rest_route=\/wp\/v2\/posts\/4912","targetHints":{"allow":["GET"]}}],"collection":[{"href":"https:\/\/diariodelsurdigital.com.ar\/index.php?rest_route=\/wp\/v2\/posts"}],"about":[{"href":"https:\/\/diariodelsurdigital.com.ar\/index.php?rest_route=\/wp\/v2\/types\/post"}],"author":[{"embeddable":true,"href":"https:\/\/diariodelsurdigital.com.ar\/index.php?rest_route=\/wp\/v2\/users\/4"}],"replies":[{"embeddable":true,"href":"https:\/\/diariodelsurdigital.com.ar\/index.php?rest_route=%2Fwp%2Fv2%2Fcomments&post=4912"}],"version-history":[{"count":1,"href":"https:\/\/diariodelsurdigital.com.ar\/index.php?rest_route=\/wp\/v2\/posts\/4912\/revisions"}],"predecessor-version":[{"id":4914,"href":"https:\/\/diariodelsurdigital.com.ar\/index.php?rest_route=\/wp\/v2\/posts\/4912\/revisions\/4914"}],"wp:featuredmedia":[{"embeddable":true,"href":"https:\/\/diariodelsurdigital.com.ar\/index.php?rest_route=\/wp\/v2\/media\/4913"}],"wp:attachment":[{"href":"https:\/\/diariodelsurdigital.com.ar\/index.php?rest_route=%2Fwp%2Fv2%2Fmedia&parent=4912"}],"wp:term":[{"taxonomy":"category","embeddable":true,"href":"https:\/\/diariodelsurdigital.com.ar\/index.php?rest_route=%2Fwp%2Fv2%2Fcategories&post=4912"},{"taxonomy":"post_tag","embeddable":true,"href":"https:\/\/diariodelsurdigital.com.ar\/index.php?rest_route=%2Fwp%2Fv2%2Ftags&post=4912"}],"curies":[{"name":"wp","href":"https:\/\/api.w.org\/{rel}","templated":true}]}}