{"id":493,"date":"2025-01-08T12:58:42","date_gmt":"2025-01-08T15:58:42","guid":{"rendered":"https:\/\/diariodelsurdigital.com.ar\/?p=493"},"modified":"2025-01-08T12:58:43","modified_gmt":"2025-01-08T15:58:43","slug":"ater-cerro-temporalmente-oficinas-en-algunas-localidades-pero-reforzo-el-servicio-de-atencion-telefonica-y-digital","status":"publish","type":"post","link":"https:\/\/diariodelsurdigital.com.ar\/?p=493","title":{"rendered":"ATER cerr\u00f3 temporalmente oficinas en algunas localidades, pero reforz\u00f3 el servicio de atenci\u00f3n telef\u00f3nica y digital"},"content":{"rendered":"\n<p>La Administradora Tributaria de Entre R\u00edos (ATER) decidi\u00f3 fortalecer su Servicio de Atenci\u00f3n al Ciudadano (SAC) para garantizar una comunicaci\u00f3n efectiva con los contribuyentes, especialmente durante el mes de enero, cuando algunas oficinas de atenci\u00f3n presencial permanecer\u00e1n cerradas temporalmente.<\/p>\n\n\n\n<p>El Servicio de Atenci\u00f3n al Ciudadano ofrece m\u00faltiples canales para realizar consultas y tr\u00e1mites de manera r\u00e1pida y eficiente:<\/p>\n\n\n\n<p>&#8211; L\u00ednea telef\u00f3nica: 0810-888-2837 (disponible de lunes a viernes de 8 a 13 h).<\/p>\n\n\n\n<p>&#8211; Correo electr\u00f3nico:&nbsp;consultas@ater.gob.ar<\/p>\n\n\n\n<p>&#8211; Portal web: www.ater.gob.ar, con acceso 24 horas los 365 d\u00edas del a\u00f1o para la realizaci\u00f3n de gestiones y tr\u00e1mites digitales.<\/p>\n\n\n\n<p>Durante enero, las siguientes oficinas &#8211; atendidas habitualmente por personal \u00fanico &#8211; cerrar\u00e1n temporalmente sus servicios presenciales:<\/p>\n\n\n\n<p>&nbsp;&#8211; Alcaraz: del 02\/01 al 31\/01.<\/p>\n\n\n\n<p>&#8211; Aranguren: del 02\/01 al 24\/01.<\/p>\n\n\n\n<p>&#8211; Hasenkamp: del 02\/01 al 17\/01.<\/p>\n\n\n\n<p>&#8211; Urdinarrain: del 06\/01 al 24\/01.<\/p>\n\n\n\n<p>&#8211; Segu\u00ed: del 02\/01 al 31\/01.<\/p>\n\n\n\n<p>&#8211; Viale: del 02\/01 al 31\/01.<\/p>\n\n\n\n<p>&#8211; Ibicuy: del 02\/01 al 24\/01.<\/p>\n\n\n\n<p>&#8211; Sauce de Luna: del 02\/01 al 31\/01.<\/p>\n\n\n\n<p>&#8211; Aldea San Antonio: permanece cerrada.<\/p>\n\n\n\n<p>&nbsp;Este fortalecimiento en los canales digitales y telef\u00f3nicos busca brindar una atenci\u00f3n personalizada y eficiente a todos los contribuyentes, evitando desplazamientos innecesarios y garantizando la continuidad de los servicios tributarios en \u00e9pocas de receso administrativo y per\u00edodos vacacionales.<\/p>\n\n\n\n<p>Finalmente, ATER recuerda que a trav\u00e9s de su portal web los usuarios pueden realizar tr\u00e1mites &#8211; durante las 24 horas &#8211; en relaci\u00f3n a consultas de deudas, pagos en l\u00ednea, descarga de boletas y actualizaci\u00f3n de datos, entre otros.<\/p>\n","protected":false},"excerpt":{"rendered":"<p>La Administradora Tributaria de Entre R\u00edos (ATER) decidi\u00f3 fortalecer su Servicio de Atenci\u00f3n al Ciudadano (SAC) para garantizar una comunicaci\u00f3n efectiva con los contribuyentes, especialmente durante el mes de enero, cuando algunas oficinas de atenci\u00f3n presencial permanecer\u00e1n cerradas temporalmente. El Servicio de Atenci\u00f3n al Ciudadano ofrece m\u00faltiples canales para realizar consultas y tr\u00e1mites de manera [&hellip;]<\/p>\n","protected":false},"author":4,"featured_media":494,"comment_status":"open","ping_status":"open","sticky":false,"template":"","format":"standard","meta":{"footnotes":""},"categories":[17],"tags":[],"class_list":{"0":"post-493","1":"post","2":"type-post","3":"status-publish","4":"format-standard","5":"has-post-thumbnail","7":"category-provinciales"},"yoast_head":"<!-- This site is optimized with the Yoast SEO plugin v27.4 - https:\/\/yoast.com\/product\/yoast-seo-wordpress\/ -->\n<title>ATER cerr\u00f3 temporalmente oficinas en algunas localidades, pero reforz\u00f3 el servicio de atenci\u00f3n telef\u00f3nica y digital - Diario del Sur<\/title>\n<meta name=\"robots\" content=\"index, follow, max-snippet:-1, max-image-preview:large, max-video-preview:-1\" \/>\n<link rel=\"canonical\" href=\"https:\/\/diariodelsurdigital.com.ar\/?p=493\" \/>\n<meta property=\"og:locale\" content=\"es_ES\" \/>\n<meta property=\"og:type\" content=\"article\" \/>\n<meta property=\"og:title\" content=\"ATER cerr\u00f3 temporalmente oficinas en algunas localidades, pero reforz\u00f3 el servicio de atenci\u00f3n telef\u00f3nica y digital - Diario del Sur\" \/>\n<meta property=\"og:description\" content=\"La Administradora Tributaria de Entre R\u00edos (ATER) decidi\u00f3 fortalecer su Servicio de Atenci\u00f3n al Ciudadano (SAC) para garantizar una comunicaci\u00f3n efectiva con los contribuyentes, especialmente durante el mes de enero, cuando algunas oficinas de atenci\u00f3n presencial permanecer\u00e1n cerradas temporalmente. El Servicio de Atenci\u00f3n al Ciudadano ofrece m\u00faltiples canales para realizar consultas y tr\u00e1mites de manera [&hellip;]\" \/>\n<meta property=\"og:url\" content=\"https:\/\/diariodelsurdigital.com.ar\/?p=493\" \/>\n<meta property=\"og:site_name\" content=\"Diario del Sur\" \/>\n<meta property=\"article:published_time\" content=\"2025-01-08T15:58:42+00:00\" \/>\n<meta property=\"article:modified_time\" content=\"2025-01-08T15:58:43+00:00\" \/>\n<meta property=\"og:image\" content=\"https:\/\/diariodelsurdigital.com.ar\/wp-content\/uploads\/2025\/01\/md-2025-01-08T125752.562.webp\" \/>\n\t<meta property=\"og:image:width\" content=\"992\" \/>\n\t<meta property=\"og:image:height\" content=\"597\" \/>\n\t<meta property=\"og:image:type\" content=\"image\/webp\" \/>\n<meta name=\"author\" content=\"Diario del Sur Digital\" \/>\n<meta name=\"twitter:card\" content=\"summary_large_image\" \/>\n<meta name=\"twitter:label1\" content=\"Escrito por\" \/>\n\t<meta name=\"twitter:data1\" content=\"Diario del Sur Digital\" \/>\n\t<meta name=\"twitter:label2\" content=\"Tiempo de lectura\" \/>\n\t<meta name=\"twitter:data2\" content=\"2 minutos\" \/>\n<script type=\"application\/ld+json\" class=\"yoast-schema-graph\">{\"@context\":\"https:\\\/\\\/schema.org\",\"@graph\":[{\"@type\":\"Article\",\"@id\":\"https:\\\/\\\/diariodelsurdigital.com.ar\\\/?p=493#article\",\"isPartOf\":{\"@id\":\"https:\\\/\\\/diariodelsurdigital.com.ar\\\/?p=493\"},\"author\":{\"name\":\"Diario del Sur Digital\",\"@id\":\"https:\\\/\\\/diariodelsurdigital.com.ar\\\/#\\\/schema\\\/person\\\/1a4992532ed62965c968031b49195c81\"},\"headline\":\"ATER cerr\u00f3 temporalmente oficinas en algunas localidades, pero reforz\u00f3 el servicio de atenci\u00f3n telef\u00f3nica y digital\",\"datePublished\":\"2025-01-08T15:58:42+00:00\",\"dateModified\":\"2025-01-08T15:58:43+00:00\",\"mainEntityOfPage\":{\"@id\":\"https:\\\/\\\/diariodelsurdigital.com.ar\\\/?p=493\"},\"wordCount\":279,\"commentCount\":0,\"image\":{\"@id\":\"https:\\\/\\\/diariodelsurdigital.com.ar\\\/?p=493#primaryimage\"},\"thumbnailUrl\":\"https:\\\/\\\/diariodelsurdigital.com.ar\\\/wp-content\\\/uploads\\\/2025\\\/01\\\/md-2025-01-08T125752.562.webp\",\"articleSection\":[\"Provinciales\"],\"inLanguage\":\"es\",\"potentialAction\":[{\"@type\":\"CommentAction\",\"name\":\"Comment\",\"target\":[\"https:\\\/\\\/diariodelsurdigital.com.ar\\\/?p=493#respond\"]}]},{\"@type\":\"WebPage\",\"@id\":\"https:\\\/\\\/diariodelsurdigital.com.ar\\\/?p=493\",\"url\":\"https:\\\/\\\/diariodelsurdigital.com.ar\\\/?p=493\",\"name\":\"ATER cerr\u00f3 temporalmente oficinas en algunas localidades, pero reforz\u00f3 el servicio de atenci\u00f3n telef\u00f3nica y digital - Diario del Sur\",\"isPartOf\":{\"@id\":\"https:\\\/\\\/diariodelsurdigital.com.ar\\\/#website\"},\"primaryImageOfPage\":{\"@id\":\"https:\\\/\\\/diariodelsurdigital.com.ar\\\/?p=493#primaryimage\"},\"image\":{\"@id\":\"https:\\\/\\\/diariodelsurdigital.com.ar\\\/?p=493#primaryimage\"},\"thumbnailUrl\":\"https:\\\/\\\/diariodelsurdigital.com.ar\\\/wp-content\\\/uploads\\\/2025\\\/01\\\/md-2025-01-08T125752.562.webp\",\"datePublished\":\"2025-01-08T15:58:42+00:00\",\"dateModified\":\"2025-01-08T15:58:43+00:00\",\"author\":{\"@id\":\"https:\\\/\\\/diariodelsurdigital.com.ar\\\/#\\\/schema\\\/person\\\/1a4992532ed62965c968031b49195c81\"},\"breadcrumb\":{\"@id\":\"https:\\\/\\\/diariodelsurdigital.com.ar\\\/?p=493#breadcrumb\"},\"inLanguage\":\"es\",\"potentialAction\":[{\"@type\":\"ReadAction\",\"target\":[\"https:\\\/\\\/diariodelsurdigital.com.ar\\\/?p=493\"]}]},{\"@type\":\"ImageObject\",\"inLanguage\":\"es\",\"@id\":\"https:\\\/\\\/diariodelsurdigital.com.ar\\\/?p=493#primaryimage\",\"url\":\"https:\\\/\\\/diariodelsurdigital.com.ar\\\/wp-content\\\/uploads\\\/2025\\\/01\\\/md-2025-01-08T125752.562.webp\",\"contentUrl\":\"https:\\\/\\\/diariodelsurdigital.com.ar\\\/wp-content\\\/uploads\\\/2025\\\/01\\\/md-2025-01-08T125752.562.webp\",\"width\":992,\"height\":597},{\"@type\":\"BreadcrumbList\",\"@id\":\"https:\\\/\\\/diariodelsurdigital.com.ar\\\/?p=493#breadcrumb\",\"itemListElement\":[{\"@type\":\"ListItem\",\"position\":1,\"name\":\"Portada\",\"item\":\"https:\\\/\\\/diariodelsurdigital.com.ar\\\/\"},{\"@type\":\"ListItem\",\"position\":2,\"name\":\"ATER cerr\u00f3 temporalmente oficinas en algunas localidades, pero reforz\u00f3 el servicio de atenci\u00f3n telef\u00f3nica y digital\"}]},{\"@type\":\"WebSite\",\"@id\":\"https:\\\/\\\/diariodelsurdigital.com.ar\\\/#website\",\"url\":\"https:\\\/\\\/diariodelsurdigital.com.ar\\\/\",\"name\":\"Diario del Sur\",\"description\":\"Digital\",\"potentialAction\":[{\"@type\":\"SearchAction\",\"target\":{\"@type\":\"EntryPoint\",\"urlTemplate\":\"https:\\\/\\\/diariodelsurdigital.com.ar\\\/?s={search_term_string}\"},\"query-input\":{\"@type\":\"PropertyValueSpecification\",\"valueRequired\":true,\"valueName\":\"search_term_string\"}}],\"inLanguage\":\"es\"},{\"@type\":\"Person\",\"@id\":\"https:\\\/\\\/diariodelsurdigital.com.ar\\\/#\\\/schema\\\/person\\\/1a4992532ed62965c968031b49195c81\",\"name\":\"Diario del Sur Digital\",\"image\":{\"@type\":\"ImageObject\",\"inLanguage\":\"es\",\"@id\":\"https:\\\/\\\/secure.gravatar.com\\\/avatar\\\/f0c7c47fc7146d19828273b9b8eda651c9c7ab583767e6338d3d3bee825adf76?s=96&d=mm&r=g\",\"url\":\"https:\\\/\\\/secure.gravatar.com\\\/avatar\\\/f0c7c47fc7146d19828273b9b8eda651c9c7ab583767e6338d3d3bee825adf76?s=96&d=mm&r=g\",\"contentUrl\":\"https:\\\/\\\/secure.gravatar.com\\\/avatar\\\/f0c7c47fc7146d19828273b9b8eda651c9c7ab583767e6338d3d3bee825adf76?s=96&d=mm&r=g\",\"caption\":\"Diario del Sur Digital\"},\"url\":\"https:\\\/\\\/diariodelsurdigital.com.ar\\\/?author=4\"}]}<\/script>\n<!-- \/ Yoast SEO plugin. -->","yoast_head_json":{"title":"ATER cerr\u00f3 temporalmente oficinas en algunas localidades, pero reforz\u00f3 el servicio de atenci\u00f3n telef\u00f3nica y digital - Diario del Sur","robots":{"index":"index","follow":"follow","max-snippet":"max-snippet:-1","max-image-preview":"max-image-preview:large","max-video-preview":"max-video-preview:-1"},"canonical":"https:\/\/diariodelsurdigital.com.ar\/?p=493","og_locale":"es_ES","og_type":"article","og_title":"ATER cerr\u00f3 temporalmente oficinas en algunas localidades, pero reforz\u00f3 el servicio de atenci\u00f3n telef\u00f3nica y digital - Diario del Sur","og_description":"La Administradora Tributaria de Entre R\u00edos (ATER) decidi\u00f3 fortalecer su Servicio de Atenci\u00f3n al Ciudadano (SAC) para garantizar una comunicaci\u00f3n efectiva con los contribuyentes, especialmente durante el mes de enero, cuando algunas oficinas de atenci\u00f3n presencial permanecer\u00e1n cerradas temporalmente. El Servicio de Atenci\u00f3n al Ciudadano ofrece m\u00faltiples canales para realizar consultas y tr\u00e1mites de manera [&hellip;]","og_url":"https:\/\/diariodelsurdigital.com.ar\/?p=493","og_site_name":"Diario del Sur","article_published_time":"2025-01-08T15:58:42+00:00","article_modified_time":"2025-01-08T15:58:43+00:00","og_image":[{"width":992,"height":597,"url":"https:\/\/diariodelsurdigital.com.ar\/wp-content\/uploads\/2025\/01\/md-2025-01-08T125752.562.webp","type":"image\/webp"}],"author":"Diario del Sur Digital","twitter_card":"summary_large_image","twitter_misc":{"Escrito por":"Diario del Sur Digital","Tiempo de lectura":"2 minutos"},"schema":{"@context":"https:\/\/schema.org","@graph":[{"@type":"Article","@id":"https:\/\/diariodelsurdigital.com.ar\/?p=493#article","isPartOf":{"@id":"https:\/\/diariodelsurdigital.com.ar\/?p=493"},"author":{"name":"Diario del Sur Digital","@id":"https:\/\/diariodelsurdigital.com.ar\/#\/schema\/person\/1a4992532ed62965c968031b49195c81"},"headline":"ATER cerr\u00f3 temporalmente oficinas en algunas localidades, pero reforz\u00f3 el servicio de atenci\u00f3n telef\u00f3nica y digital","datePublished":"2025-01-08T15:58:42+00:00","dateModified":"2025-01-08T15:58:43+00:00","mainEntityOfPage":{"@id":"https:\/\/diariodelsurdigital.com.ar\/?p=493"},"wordCount":279,"commentCount":0,"image":{"@id":"https:\/\/diariodelsurdigital.com.ar\/?p=493#primaryimage"},"thumbnailUrl":"https:\/\/diariodelsurdigital.com.ar\/wp-content\/uploads\/2025\/01\/md-2025-01-08T125752.562.webp","articleSection":["Provinciales"],"inLanguage":"es","potentialAction":[{"@type":"CommentAction","name":"Comment","target":["https:\/\/diariodelsurdigital.com.ar\/?p=493#respond"]}]},{"@type":"WebPage","@id":"https:\/\/diariodelsurdigital.com.ar\/?p=493","url":"https:\/\/diariodelsurdigital.com.ar\/?p=493","name":"ATER cerr\u00f3 temporalmente oficinas en algunas localidades, pero reforz\u00f3 el servicio de atenci\u00f3n telef\u00f3nica y digital - Diario del Sur","isPartOf":{"@id":"https:\/\/diariodelsurdigital.com.ar\/#website"},"primaryImageOfPage":{"@id":"https:\/\/diariodelsurdigital.com.ar\/?p=493#primaryimage"},"image":{"@id":"https:\/\/diariodelsurdigital.com.ar\/?p=493#primaryimage"},"thumbnailUrl":"https:\/\/diariodelsurdigital.com.ar\/wp-content\/uploads\/2025\/01\/md-2025-01-08T125752.562.webp","datePublished":"2025-01-08T15:58:42+00:00","dateModified":"2025-01-08T15:58:43+00:00","author":{"@id":"https:\/\/diariodelsurdigital.com.ar\/#\/schema\/person\/1a4992532ed62965c968031b49195c81"},"breadcrumb":{"@id":"https:\/\/diariodelsurdigital.com.ar\/?p=493#breadcrumb"},"inLanguage":"es","potentialAction":[{"@type":"ReadAction","target":["https:\/\/diariodelsurdigital.com.ar\/?p=493"]}]},{"@type":"ImageObject","inLanguage":"es","@id":"https:\/\/diariodelsurdigital.com.ar\/?p=493#primaryimage","url":"https:\/\/diariodelsurdigital.com.ar\/wp-content\/uploads\/2025\/01\/md-2025-01-08T125752.562.webp","contentUrl":"https:\/\/diariodelsurdigital.com.ar\/wp-content\/uploads\/2025\/01\/md-2025-01-08T125752.562.webp","width":992,"height":597},{"@type":"BreadcrumbList","@id":"https:\/\/diariodelsurdigital.com.ar\/?p=493#breadcrumb","itemListElement":[{"@type":"ListItem","position":1,"name":"Portada","item":"https:\/\/diariodelsurdigital.com.ar\/"},{"@type":"ListItem","position":2,"name":"ATER cerr\u00f3 temporalmente oficinas en algunas localidades, pero reforz\u00f3 el servicio de atenci\u00f3n telef\u00f3nica y digital"}]},{"@type":"WebSite","@id":"https:\/\/diariodelsurdigital.com.ar\/#website","url":"https:\/\/diariodelsurdigital.com.ar\/","name":"Diario del Sur","description":"Digital","potentialAction":[{"@type":"SearchAction","target":{"@type":"EntryPoint","urlTemplate":"https:\/\/diariodelsurdigital.com.ar\/?s={search_term_string}"},"query-input":{"@type":"PropertyValueSpecification","valueRequired":true,"valueName":"search_term_string"}}],"inLanguage":"es"},{"@type":"Person","@id":"https:\/\/diariodelsurdigital.com.ar\/#\/schema\/person\/1a4992532ed62965c968031b49195c81","name":"Diario del Sur Digital","image":{"@type":"ImageObject","inLanguage":"es","@id":"https:\/\/secure.gravatar.com\/avatar\/f0c7c47fc7146d19828273b9b8eda651c9c7ab583767e6338d3d3bee825adf76?s=96&d=mm&r=g","url":"https:\/\/secure.gravatar.com\/avatar\/f0c7c47fc7146d19828273b9b8eda651c9c7ab583767e6338d3d3bee825adf76?s=96&d=mm&r=g","contentUrl":"https:\/\/secure.gravatar.com\/avatar\/f0c7c47fc7146d19828273b9b8eda651c9c7ab583767e6338d3d3bee825adf76?s=96&d=mm&r=g","caption":"Diario del Sur Digital"},"url":"https:\/\/diariodelsurdigital.com.ar\/?author=4"}]}},"_links":{"self":[{"href":"https:\/\/diariodelsurdigital.com.ar\/index.php?rest_route=\/wp\/v2\/posts\/493","targetHints":{"allow":["GET"]}}],"collection":[{"href":"https:\/\/diariodelsurdigital.com.ar\/index.php?rest_route=\/wp\/v2\/posts"}],"about":[{"href":"https:\/\/diariodelsurdigital.com.ar\/index.php?rest_route=\/wp\/v2\/types\/post"}],"author":[{"embeddable":true,"href":"https:\/\/diariodelsurdigital.com.ar\/index.php?rest_route=\/wp\/v2\/users\/4"}],"replies":[{"embeddable":true,"href":"https:\/\/diariodelsurdigital.com.ar\/index.php?rest_route=%2Fwp%2Fv2%2Fcomments&post=493"}],"version-history":[{"count":1,"href":"https:\/\/diariodelsurdigital.com.ar\/index.php?rest_route=\/wp\/v2\/posts\/493\/revisions"}],"predecessor-version":[{"id":495,"href":"https:\/\/diariodelsurdigital.com.ar\/index.php?rest_route=\/wp\/v2\/posts\/493\/revisions\/495"}],"wp:featuredmedia":[{"embeddable":true,"href":"https:\/\/diariodelsurdigital.com.ar\/index.php?rest_route=\/wp\/v2\/media\/494"}],"wp:attachment":[{"href":"https:\/\/diariodelsurdigital.com.ar\/index.php?rest_route=%2Fwp%2Fv2%2Fmedia&parent=493"}],"wp:term":[{"taxonomy":"category","embeddable":true,"href":"https:\/\/diariodelsurdigital.com.ar\/index.php?rest_route=%2Fwp%2Fv2%2Fcategories&post=493"},{"taxonomy":"post_tag","embeddable":true,"href":"https:\/\/diariodelsurdigital.com.ar\/index.php?rest_route=%2Fwp%2Fv2%2Ftags&post=493"}],"curies":[{"name":"wp","href":"https:\/\/api.w.org\/{rel}","templated":true}]}}