{"id":4944,"date":"2025-10-03T20:25:04","date_gmt":"2025-10-03T23:25:04","guid":{"rendered":"https:\/\/diariodelsurdigital.com.ar\/?p=4944"},"modified":"2025-10-03T20:25:05","modified_gmt":"2025-10-03T23:25:05","slug":"la-oposicion-va-por-la-ley-de-dnu-la-remocion-de-espert-de-la-comision-y-la-interpelacion-a-karina","status":"publish","type":"post","link":"https:\/\/diariodelsurdigital.com.ar\/?p=4944","title":{"rendered":"La oposici\u00f3n va por la Ley de DNU, la remoci\u00f3n de Espert de la comisi\u00f3n y la interpelaci\u00f3n a Karina"},"content":{"rendered":"\n<p>El temario contempla una treintena de temas entre los que se destacan la designaci\u00f3n de la Defensora de los Derechos de las Ni\u00f1as, Ni\u00f1os y Adolescentes, pedidos de informes verbales a funcionarios del Ejecutivo y la moci\u00f3n de censura contra Guillermo Francos por el incumplimiento a la Ley de Emergencia en Discapacidad. Ex libertarios se sumaron al espectro opositor. Ser\u00e1 en una sesi\u00f3n especial el mi\u00e9rcoles 8 de octubre a las 12.<\/p>\n\n\n\n<p>Despu\u00e9s de postergar la presentaci\u00f3n de la nota por sobreponerse al debate del Presupuesto 2026, la oposici\u00f3n en su conjunto elev\u00f3 el pedido de sesi\u00f3n especial para este mi\u00e9rcoles 8 de octubre a las 12. Con un temario de 40 \u00edtems, se destacan la reforma de la Ley de DNU (26.122) y los emplazamientos al pedido de remoci\u00f3n de Jos\u00e9 Luis Espert de la Comisi\u00f3n de Presupuesto y Hacienda, y el establecimiento de un cronograma del tratamiento de la \u201cley de leyes\u201d.<\/p>\n\n\n\n<p>Tambi\u00e9n est\u00e1 el emplazamiento a la moci\u00f3n de censura contra Guillermo Francos por el incumplimiento de la ejecuci\u00f3n de la Ley de Emergencia en Discapacidad; la aprobaci\u00f3n final para la selecci\u00f3n de la defensora de los Derechos de las Ni\u00f1as, Ni\u00f1os y Adolescentes; el emplazamiento de un pedido de informes verbales al ministro de Econom\u00eda, Luis Caputo, por el acuerdo econ\u00f3mico con el gobierno de Estados Unidos.<\/p>\n\n\n\n<p>Dictamen para interpelar<\/p>\n\n\n\n<p>Del mismo modo, tambi\u00e9n est\u00e1 el dictamen para interpelar a la secretaria general de Presidencia de la Naci\u00f3n, Karina Milei, y al ministro de Salud, Mario Lugones, respecto a los hechos p\u00fablicos a trav\u00e9s de los audios que han trascendido en la prensa, atribuidos al por entonces director ejecutivo de la Agencia Nacional de Discapacidad (Andis), Diego Spagnuolo, por presuntos pagos ilegales, y en especial sobre las declaraciones que involucrar\u00edan a los funcionarios.<\/p>\n\n\n\n<p>Como viene sucediendo durante en este per\u00edodo ordinario, el pedido de sesi\u00f3n especial lleva las firmas de los jefes de bancada de Uni\u00f3n por la Patria, Germ\u00e1n Mart\u00ednez, y Democracia para Siempre, Pablo Juliano; Oscar Agost Carre\u00f1o y M\u00f3nica Fein de Encuentro Federal y la sorpresa fueron las firmas de Carlos D\u2019Alessandro y Marcela Pagano de Coherencia, quienes hasta hace dos meses atr\u00e1s integraban La Libertad Avanza. Por su parte, la Coalici\u00f3n C\u00edvica esta vez no firm\u00f3 la nota.<\/p>\n\n\n\n<p>El primer proyecto del temario cuenta con dictamen y se trata de la modificaci\u00f3n en los plazos, la vigencia y el recorrido parlamentario de los decretos de necesidad y urgencia (Ley 26.122). El texto cuenta con la media sanci\u00f3n del Senado y de aprobarse en la C\u00e1mara baja se convertir\u00e1 en ley. Sin embargo, el presidente Javier Milei consider\u00f3 que se trata de una \u201cmaniobra de cambiar las reglas del juego\u201d y confirm\u00f3 que ser\u00e1 vetada.<\/p>\n\n\n\n<p>El segundo \u00edtem presentado en el temario de la sesi\u00f3n especial pedida por el grueso de la oposici\u00f3n es el dictamen de la Comisi\u00f3n Bicameral Permanente del Defensor de los Derechos de las Ni\u00f1as, Ni\u00f1os y Adolescentes para designar en el cargo a Mar\u00eda Paz Bertero, y a Eduardo Robledo y H\u00e9ctor Vito como defensores adjuntos.<\/p>\n\n\n\n<p>Respecto al debate del Presupuesto 2026 hay dos emplazamientos que impactan de lleno en el tratamiento: primero, est\u00e1 el expediente para definir un cronograma de reuniones que fije como d\u00eda de reuniones informativas a cada martes y jueves dejando libre los mi\u00e9rcoles para futuras sesiones. Este tema es de gran inter\u00e9s en la oposici\u00f3n dialoguista -Encuentro Federal y Democracia para Siempre-.<\/p>\n\n\n\n<p>Luego, est\u00e1 el pedido de remoci\u00f3n de Jos\u00e9 Luis Espert como presidente de la Comisi\u00f3n de Presupuesto y Hacienda, impulsado por Uni\u00f3n por la Patria, el Frente de Izquierda y Coherencia. En medio en la presunta vinculaci\u00f3n con el narcotr\u00e1fico y el recibo de un pago de 200.000 d\u00f3lares, la oposici\u00f3n lleva el emplazamiento al recinto. Cabe recordar que la remoci\u00f3n de una presidencia, una vez que tenga el dictamen en Asuntos Constitucionales y Peticiones, Poderes y Reglamento, requiere mayor\u00eda simple.<\/p>\n\n\n\n<p>Con relaci\u00f3n a la Ley de Emergencia en Discapacidad, promulgada por el Gobierno nacional, pero sin ejecuci\u00f3n presupuestaria, el temario incluye los pedidos para iniciar la moci\u00f3n de censura contra Guillermo Francos (son 3 textos de UP, Encuentro y Coherencia), un pedido de informes verbales y la declaraci\u00f3n de nulidad absoluta del decreto 681\/25 por el cual se anunci\u00f3 el incumplimiento con la ejecuci\u00f3n real de la ley insistida por el Congreso de la Naci\u00f3n.<\/p>\n","protected":false},"excerpt":{"rendered":"<p>El temario contempla una treintena de temas entre los que se destacan la designaci\u00f3n de la Defensora de los Derechos de las Ni\u00f1as, Ni\u00f1os y Adolescentes, pedidos de informes verbales a funcionarios del Ejecutivo y la moci\u00f3n de censura contra Guillermo Francos por el incumplimiento a la Ley de Emergencia en Discapacidad. Ex libertarios se [&hellip;]<\/p>\n","protected":false},"author":4,"featured_media":4945,"comment_status":"open","ping_status":"open","sticky":false,"template":"","format":"standard","meta":{"footnotes":""},"categories":[18,22],"tags":[],"class_list":{"0":"post-4944","1":"post","2":"type-post","3":"status-publish","4":"format-standard","5":"has-post-thumbnail","7":"category-nacionales","8":"category-politica"},"yoast_head":"<!-- This site is optimized with the Yoast SEO plugin v27.4 - https:\/\/yoast.com\/product\/yoast-seo-wordpress\/ -->\n<title>La oposici\u00f3n va por la Ley de DNU, la remoci\u00f3n de Espert de la comisi\u00f3n y la interpelaci\u00f3n a Karina - Diario del Sur<\/title>\n<meta name=\"robots\" content=\"index, follow, max-snippet:-1, max-image-preview:large, max-video-preview:-1\" \/>\n<link rel=\"canonical\" href=\"https:\/\/diariodelsurdigital.com.ar\/?p=4944\" \/>\n<meta property=\"og:locale\" content=\"es_ES\" \/>\n<meta property=\"og:type\" content=\"article\" \/>\n<meta property=\"og:title\" content=\"La oposici\u00f3n va por la Ley de DNU, la remoci\u00f3n de Espert de la comisi\u00f3n y la interpelaci\u00f3n a Karina - Diario del Sur\" \/>\n<meta property=\"og:description\" content=\"El temario contempla una treintena de temas entre los que se destacan la designaci\u00f3n de la Defensora de los Derechos de las Ni\u00f1as, Ni\u00f1os y Adolescentes, pedidos de informes verbales a funcionarios del Ejecutivo y la moci\u00f3n de censura contra Guillermo Francos por el incumplimiento a la Ley de Emergencia en Discapacidad. Ex libertarios se [&hellip;]\" \/>\n<meta property=\"og:url\" content=\"https:\/\/diariodelsurdigital.com.ar\/?p=4944\" \/>\n<meta property=\"og:site_name\" content=\"Diario del Sur\" \/>\n<meta property=\"article:published_time\" content=\"2025-10-03T23:25:04+00:00\" \/>\n<meta property=\"article:modified_time\" content=\"2025-10-03T23:25:05+00:00\" \/>\n<meta property=\"og:image\" content=\"https:\/\/diariodelsurdigital.com.ar\/wp-content\/uploads\/2025\/10\/md-28.webp\" \/>\n\t<meta property=\"og:image:width\" content=\"992\" \/>\n\t<meta property=\"og:image:height\" content=\"690\" \/>\n\t<meta property=\"og:image:type\" content=\"image\/webp\" \/>\n<meta name=\"author\" content=\"Diario del Sur Digital\" \/>\n<meta name=\"twitter:card\" content=\"summary_large_image\" \/>\n<meta name=\"twitter:label1\" content=\"Escrito por\" \/>\n\t<meta name=\"twitter:data1\" content=\"Diario del Sur Digital\" \/>\n\t<meta name=\"twitter:label2\" content=\"Tiempo de lectura\" \/>\n\t<meta name=\"twitter:data2\" content=\"4 minutos\" \/>\n<script type=\"application\/ld+json\" class=\"yoast-schema-graph\">{\"@context\":\"https:\\\/\\\/schema.org\",\"@graph\":[{\"@type\":\"Article\",\"@id\":\"https:\\\/\\\/diariodelsurdigital.com.ar\\\/?p=4944#article\",\"isPartOf\":{\"@id\":\"https:\\\/\\\/diariodelsurdigital.com.ar\\\/?p=4944\"},\"author\":{\"name\":\"Diario del Sur Digital\",\"@id\":\"https:\\\/\\\/diariodelsurdigital.com.ar\\\/#\\\/schema\\\/person\\\/1a4992532ed62965c968031b49195c81\"},\"headline\":\"La oposici\u00f3n va por la Ley de DNU, la remoci\u00f3n de Espert de la comisi\u00f3n y la interpelaci\u00f3n a Karina\",\"datePublished\":\"2025-10-03T23:25:04+00:00\",\"dateModified\":\"2025-10-03T23:25:05+00:00\",\"mainEntityOfPage\":{\"@id\":\"https:\\\/\\\/diariodelsurdigital.com.ar\\\/?p=4944\"},\"wordCount\":804,\"commentCount\":0,\"image\":{\"@id\":\"https:\\\/\\\/diariodelsurdigital.com.ar\\\/?p=4944#primaryimage\"},\"thumbnailUrl\":\"https:\\\/\\\/diariodelsurdigital.com.ar\\\/wp-content\\\/uploads\\\/2025\\\/10\\\/md-28.webp\",\"articleSection\":[\"Nacionales\",\"Pol\u00edtica\"],\"inLanguage\":\"es\",\"potentialAction\":[{\"@type\":\"CommentAction\",\"name\":\"Comment\",\"target\":[\"https:\\\/\\\/diariodelsurdigital.com.ar\\\/?p=4944#respond\"]}]},{\"@type\":\"WebPage\",\"@id\":\"https:\\\/\\\/diariodelsurdigital.com.ar\\\/?p=4944\",\"url\":\"https:\\\/\\\/diariodelsurdigital.com.ar\\\/?p=4944\",\"name\":\"La oposici\u00f3n va por la Ley de DNU, la remoci\u00f3n de Espert de la comisi\u00f3n y la interpelaci\u00f3n a Karina - Diario del Sur\",\"isPartOf\":{\"@id\":\"https:\\\/\\\/diariodelsurdigital.com.ar\\\/#website\"},\"primaryImageOfPage\":{\"@id\":\"https:\\\/\\\/diariodelsurdigital.com.ar\\\/?p=4944#primaryimage\"},\"image\":{\"@id\":\"https:\\\/\\\/diariodelsurdigital.com.ar\\\/?p=4944#primaryimage\"},\"thumbnailUrl\":\"https:\\\/\\\/diariodelsurdigital.com.ar\\\/wp-content\\\/uploads\\\/2025\\\/10\\\/md-28.webp\",\"datePublished\":\"2025-10-03T23:25:04+00:00\",\"dateModified\":\"2025-10-03T23:25:05+00:00\",\"author\":{\"@id\":\"https:\\\/\\\/diariodelsurdigital.com.ar\\\/#\\\/schema\\\/person\\\/1a4992532ed62965c968031b49195c81\"},\"breadcrumb\":{\"@id\":\"https:\\\/\\\/diariodelsurdigital.com.ar\\\/?p=4944#breadcrumb\"},\"inLanguage\":\"es\",\"potentialAction\":[{\"@type\":\"ReadAction\",\"target\":[\"https:\\\/\\\/diariodelsurdigital.com.ar\\\/?p=4944\"]}]},{\"@type\":\"ImageObject\",\"inLanguage\":\"es\",\"@id\":\"https:\\\/\\\/diariodelsurdigital.com.ar\\\/?p=4944#primaryimage\",\"url\":\"https:\\\/\\\/diariodelsurdigital.com.ar\\\/wp-content\\\/uploads\\\/2025\\\/10\\\/md-28.webp\",\"contentUrl\":\"https:\\\/\\\/diariodelsurdigital.com.ar\\\/wp-content\\\/uploads\\\/2025\\\/10\\\/md-28.webp\",\"width\":992,\"height\":690},{\"@type\":\"BreadcrumbList\",\"@id\":\"https:\\\/\\\/diariodelsurdigital.com.ar\\\/?p=4944#breadcrumb\",\"itemListElement\":[{\"@type\":\"ListItem\",\"position\":1,\"name\":\"Portada\",\"item\":\"https:\\\/\\\/diariodelsurdigital.com.ar\\\/\"},{\"@type\":\"ListItem\",\"position\":2,\"name\":\"La oposici\u00f3n va por la Ley de DNU, la remoci\u00f3n de Espert de la comisi\u00f3n y la interpelaci\u00f3n a Karina\"}]},{\"@type\":\"WebSite\",\"@id\":\"https:\\\/\\\/diariodelsurdigital.com.ar\\\/#website\",\"url\":\"https:\\\/\\\/diariodelsurdigital.com.ar\\\/\",\"name\":\"Diario del Sur\",\"description\":\"Digital\",\"potentialAction\":[{\"@type\":\"SearchAction\",\"target\":{\"@type\":\"EntryPoint\",\"urlTemplate\":\"https:\\\/\\\/diariodelsurdigital.com.ar\\\/?s={search_term_string}\"},\"query-input\":{\"@type\":\"PropertyValueSpecification\",\"valueRequired\":true,\"valueName\":\"search_term_string\"}}],\"inLanguage\":\"es\"},{\"@type\":\"Person\",\"@id\":\"https:\\\/\\\/diariodelsurdigital.com.ar\\\/#\\\/schema\\\/person\\\/1a4992532ed62965c968031b49195c81\",\"name\":\"Diario del Sur Digital\",\"image\":{\"@type\":\"ImageObject\",\"inLanguage\":\"es\",\"@id\":\"https:\\\/\\\/secure.gravatar.com\\\/avatar\\\/f0c7c47fc7146d19828273b9b8eda651c9c7ab583767e6338d3d3bee825adf76?s=96&d=mm&r=g\",\"url\":\"https:\\\/\\\/secure.gravatar.com\\\/avatar\\\/f0c7c47fc7146d19828273b9b8eda651c9c7ab583767e6338d3d3bee825adf76?s=96&d=mm&r=g\",\"contentUrl\":\"https:\\\/\\\/secure.gravatar.com\\\/avatar\\\/f0c7c47fc7146d19828273b9b8eda651c9c7ab583767e6338d3d3bee825adf76?s=96&d=mm&r=g\",\"caption\":\"Diario del Sur Digital\"},\"url\":\"https:\\\/\\\/diariodelsurdigital.com.ar\\\/?author=4\"}]}<\/script>\n<!-- \/ Yoast SEO plugin. -->","yoast_head_json":{"title":"La oposici\u00f3n va por la Ley de DNU, la remoci\u00f3n de Espert de la comisi\u00f3n y la interpelaci\u00f3n a Karina - Diario del Sur","robots":{"index":"index","follow":"follow","max-snippet":"max-snippet:-1","max-image-preview":"max-image-preview:large","max-video-preview":"max-video-preview:-1"},"canonical":"https:\/\/diariodelsurdigital.com.ar\/?p=4944","og_locale":"es_ES","og_type":"article","og_title":"La oposici\u00f3n va por la Ley de DNU, la remoci\u00f3n de Espert de la comisi\u00f3n y la interpelaci\u00f3n a Karina - Diario del Sur","og_description":"El temario contempla una treintena de temas entre los que se destacan la designaci\u00f3n de la Defensora de los Derechos de las Ni\u00f1as, Ni\u00f1os y Adolescentes, pedidos de informes verbales a funcionarios del Ejecutivo y la moci\u00f3n de censura contra Guillermo Francos por el incumplimiento a la Ley de Emergencia en Discapacidad. Ex libertarios se [&hellip;]","og_url":"https:\/\/diariodelsurdigital.com.ar\/?p=4944","og_site_name":"Diario del Sur","article_published_time":"2025-10-03T23:25:04+00:00","article_modified_time":"2025-10-03T23:25:05+00:00","og_image":[{"width":992,"height":690,"url":"https:\/\/diariodelsurdigital.com.ar\/wp-content\/uploads\/2025\/10\/md-28.webp","type":"image\/webp"}],"author":"Diario del Sur Digital","twitter_card":"summary_large_image","twitter_misc":{"Escrito por":"Diario del Sur Digital","Tiempo de lectura":"4 minutos"},"schema":{"@context":"https:\/\/schema.org","@graph":[{"@type":"Article","@id":"https:\/\/diariodelsurdigital.com.ar\/?p=4944#article","isPartOf":{"@id":"https:\/\/diariodelsurdigital.com.ar\/?p=4944"},"author":{"name":"Diario del Sur Digital","@id":"https:\/\/diariodelsurdigital.com.ar\/#\/schema\/person\/1a4992532ed62965c968031b49195c81"},"headline":"La oposici\u00f3n va por la Ley de DNU, la remoci\u00f3n de Espert de la comisi\u00f3n y la interpelaci\u00f3n a Karina","datePublished":"2025-10-03T23:25:04+00:00","dateModified":"2025-10-03T23:25:05+00:00","mainEntityOfPage":{"@id":"https:\/\/diariodelsurdigital.com.ar\/?p=4944"},"wordCount":804,"commentCount":0,"image":{"@id":"https:\/\/diariodelsurdigital.com.ar\/?p=4944#primaryimage"},"thumbnailUrl":"https:\/\/diariodelsurdigital.com.ar\/wp-content\/uploads\/2025\/10\/md-28.webp","articleSection":["Nacionales","Pol\u00edtica"],"inLanguage":"es","potentialAction":[{"@type":"CommentAction","name":"Comment","target":["https:\/\/diariodelsurdigital.com.ar\/?p=4944#respond"]}]},{"@type":"WebPage","@id":"https:\/\/diariodelsurdigital.com.ar\/?p=4944","url":"https:\/\/diariodelsurdigital.com.ar\/?p=4944","name":"La oposici\u00f3n va por la Ley de DNU, la remoci\u00f3n de Espert de la comisi\u00f3n y la interpelaci\u00f3n a Karina - Diario del Sur","isPartOf":{"@id":"https:\/\/diariodelsurdigital.com.ar\/#website"},"primaryImageOfPage":{"@id":"https:\/\/diariodelsurdigital.com.ar\/?p=4944#primaryimage"},"image":{"@id":"https:\/\/diariodelsurdigital.com.ar\/?p=4944#primaryimage"},"thumbnailUrl":"https:\/\/diariodelsurdigital.com.ar\/wp-content\/uploads\/2025\/10\/md-28.webp","datePublished":"2025-10-03T23:25:04+00:00","dateModified":"2025-10-03T23:25:05+00:00","author":{"@id":"https:\/\/diariodelsurdigital.com.ar\/#\/schema\/person\/1a4992532ed62965c968031b49195c81"},"breadcrumb":{"@id":"https:\/\/diariodelsurdigital.com.ar\/?p=4944#breadcrumb"},"inLanguage":"es","potentialAction":[{"@type":"ReadAction","target":["https:\/\/diariodelsurdigital.com.ar\/?p=4944"]}]},{"@type":"ImageObject","inLanguage":"es","@id":"https:\/\/diariodelsurdigital.com.ar\/?p=4944#primaryimage","url":"https:\/\/diariodelsurdigital.com.ar\/wp-content\/uploads\/2025\/10\/md-28.webp","contentUrl":"https:\/\/diariodelsurdigital.com.ar\/wp-content\/uploads\/2025\/10\/md-28.webp","width":992,"height":690},{"@type":"BreadcrumbList","@id":"https:\/\/diariodelsurdigital.com.ar\/?p=4944#breadcrumb","itemListElement":[{"@type":"ListItem","position":1,"name":"Portada","item":"https:\/\/diariodelsurdigital.com.ar\/"},{"@type":"ListItem","position":2,"name":"La oposici\u00f3n va por la Ley de DNU, la remoci\u00f3n de Espert de la comisi\u00f3n y la interpelaci\u00f3n a Karina"}]},{"@type":"WebSite","@id":"https:\/\/diariodelsurdigital.com.ar\/#website","url":"https:\/\/diariodelsurdigital.com.ar\/","name":"Diario del Sur","description":"Digital","potentialAction":[{"@type":"SearchAction","target":{"@type":"EntryPoint","urlTemplate":"https:\/\/diariodelsurdigital.com.ar\/?s={search_term_string}"},"query-input":{"@type":"PropertyValueSpecification","valueRequired":true,"valueName":"search_term_string"}}],"inLanguage":"es"},{"@type":"Person","@id":"https:\/\/diariodelsurdigital.com.ar\/#\/schema\/person\/1a4992532ed62965c968031b49195c81","name":"Diario del Sur Digital","image":{"@type":"ImageObject","inLanguage":"es","@id":"https:\/\/secure.gravatar.com\/avatar\/f0c7c47fc7146d19828273b9b8eda651c9c7ab583767e6338d3d3bee825adf76?s=96&d=mm&r=g","url":"https:\/\/secure.gravatar.com\/avatar\/f0c7c47fc7146d19828273b9b8eda651c9c7ab583767e6338d3d3bee825adf76?s=96&d=mm&r=g","contentUrl":"https:\/\/secure.gravatar.com\/avatar\/f0c7c47fc7146d19828273b9b8eda651c9c7ab583767e6338d3d3bee825adf76?s=96&d=mm&r=g","caption":"Diario del Sur Digital"},"url":"https:\/\/diariodelsurdigital.com.ar\/?author=4"}]}},"_links":{"self":[{"href":"https:\/\/diariodelsurdigital.com.ar\/index.php?rest_route=\/wp\/v2\/posts\/4944","targetHints":{"allow":["GET"]}}],"collection":[{"href":"https:\/\/diariodelsurdigital.com.ar\/index.php?rest_route=\/wp\/v2\/posts"}],"about":[{"href":"https:\/\/diariodelsurdigital.com.ar\/index.php?rest_route=\/wp\/v2\/types\/post"}],"author":[{"embeddable":true,"href":"https:\/\/diariodelsurdigital.com.ar\/index.php?rest_route=\/wp\/v2\/users\/4"}],"replies":[{"embeddable":true,"href":"https:\/\/diariodelsurdigital.com.ar\/index.php?rest_route=%2Fwp%2Fv2%2Fcomments&post=4944"}],"version-history":[{"count":1,"href":"https:\/\/diariodelsurdigital.com.ar\/index.php?rest_route=\/wp\/v2\/posts\/4944\/revisions"}],"predecessor-version":[{"id":4946,"href":"https:\/\/diariodelsurdigital.com.ar\/index.php?rest_route=\/wp\/v2\/posts\/4944\/revisions\/4946"}],"wp:featuredmedia":[{"embeddable":true,"href":"https:\/\/diariodelsurdigital.com.ar\/index.php?rest_route=\/wp\/v2\/media\/4945"}],"wp:attachment":[{"href":"https:\/\/diariodelsurdigital.com.ar\/index.php?rest_route=%2Fwp%2Fv2%2Fmedia&parent=4944"}],"wp:term":[{"taxonomy":"category","embeddable":true,"href":"https:\/\/diariodelsurdigital.com.ar\/index.php?rest_route=%2Fwp%2Fv2%2Fcategories&post=4944"},{"taxonomy":"post_tag","embeddable":true,"href":"https:\/\/diariodelsurdigital.com.ar\/index.php?rest_route=%2Fwp%2Fv2%2Ftags&post=4944"}],"curies":[{"name":"wp","href":"https:\/\/api.w.org\/{rel}","templated":true}]}}