{"id":4951,"date":"2025-10-03T20:32:59","date_gmt":"2025-10-03T23:32:59","guid":{"rendered":"https:\/\/diariodelsurdigital.com.ar\/?p=4951"},"modified":"2025-10-03T20:38:56","modified_gmt":"2025-10-03T23:38:56","slug":"gaillard-a-cristina-no-la-escondemos-es-nuestra-principal-referencia-junto-con-kicillof-y-grabois","status":"publish","type":"post","link":"https:\/\/diariodelsurdigital.com.ar\/?p=4951","title":{"rendered":"Gaillard: \u201cA Cristina no la escondemos, es nuestra principal referencia junto con Kicillof y Grabois\u201d"},"content":{"rendered":"\n<p>La diputada nacional Carolina Gaillard (UxP), candidata a revalidar la banca por la lista Ahora 503, opin\u00f3 que \u201chay un planteo que se repite: la gente no quiere m\u00e1s a figuras de un modelo pol\u00edtico que est\u00e1 agotado y busca una representaci\u00f3n genuina\u201d. A\u00f1adi\u00f3 que ve \u201cuna elecci\u00f3n abierta\u201d y que \u201cla BUP va a marcar la diferencia\u201d porque \u201ccon esta nueva l\u00f3gica de construcci\u00f3n pol\u00edtica, vamos a demostrar que hay un electorado dispuesto a acompa\u00f1ar propuestas aut\u00e9nticas y no operaciones de aparato\u201d.<\/p>\n\n\n\n<p>La diputada nacional Carolina Gaillard (UxP), candidata a revalidar la banca por la lista Ahora 503, juntos a los candidatos de la lista estuvo de recorrida en Santa Elena, Bovril, Crespo, Hernandarias, Concordia, Gualeguaych\u00fa y Paran\u00e1, entre otros puntos de la provincia.<\/p>\n\n\n\n<p>La legisladora y candidata sostuvo que \u201cen nuestros di\u00e1logos cara a cara y mano a mano por la provincia, los entrerrianos nos dicen que quieren representantes sin ning\u00fan condicionamiento y que no se vendan ni se den vuelta\u201d.<\/p>\n\n\n\n<p>\u201cEl pueblo est\u00e1 castigado y no le interesan los pol\u00edticos que se la pasan en la tele hablando de los padecimientos cotidianos en lenguaje dif\u00edcil. No le interesan las fotos retocadas, los grandes despliegues de marketing ni los discursos de consultora\u201d, a\u00f1adi\u00f3.<\/p>\n\n\n\n<p>\u201cLa gente busca escucha, empat\u00eda y la seguridad de que quienes los representen no duden a la hora de defenderlos. Trabajadores, estudiantes, feminismos, juventudes, diversidades, ambientalistas, la econom\u00eda popular, la cultura comunitaria se sienten representados por nuestra propuesta\u201d, enumer\u00f3 Gaillard.<\/p>\n\n\n\n<p>\u201cMuchos nos dicen que ten\u00edan pensado no ir a votar y ahora van a hacerlo por la 503. El desaf\u00edo es conquistar a quienes todav\u00eda no definieron su voto\u201d, acot\u00f3.<\/p>\n\n\n\n<p>\u201cPeronistas que no se siente contenidos por la lista oficial, radicales que no aceptan la alianza con los libertarios y la expresi\u00f3n m\u00e1s clara y amplia del campo popular est\u00e1 reflejada en nuestra propuesta. A Cristina no la escondemos: es nuestra principal referencia junto con Axel Kicillof y Juan Grabois\u201d, defini\u00f3 luego.<\/p>\n\n\n\n<p>La candidata ve \u201cuna elecci\u00f3n abierta\u201d y asegura que la Boleta \u00danica Papel \u00abva a marcar la diferencia\u00bb.<\/p>\n\n\n\n<p>\u201cPese a los intentos de reducir la contienda a dos fuerzas, el nuevo sistema de votaci\u00f3n permitir\u00e1 a los entrerrianos optar por representantes genuinos. Con esta nueva l\u00f3gica de construcci\u00f3n pol\u00edtica, vamos a demostrar que hay un electorado dispuesto a acompa\u00f1ar propuestas aut\u00e9nticas y no operaciones de aparato\u201d, finaliz\u00f3.<\/p>\n","protected":false},"excerpt":{"rendered":"<p>La diputada nacional Carolina Gaillard (UxP), candidata a revalidar la banca por la lista Ahora 503, opin\u00f3 que \u201chay un planteo que se repite: la gente no quiere m\u00e1s a figuras de un modelo pol\u00edtico que est\u00e1 agotado y busca una representaci\u00f3n genuina\u201d. A\u00f1adi\u00f3 que ve \u201cuna elecci\u00f3n abierta\u201d y que \u201cla BUP va a [&hellip;]<\/p>\n","protected":false},"author":4,"featured_media":4952,"comment_status":"open","ping_status":"open","sticky":false,"template":"","format":"standard","meta":{"footnotes":""},"categories":[1],"tags":[],"class_list":{"0":"post-4951","1":"post","2":"type-post","3":"status-publish","4":"format-standard","5":"has-post-thumbnail","7":"category-uncategorized"},"yoast_head":"<!-- This site is optimized with the Yoast SEO plugin v27.4 - https:\/\/yoast.com\/product\/yoast-seo-wordpress\/ -->\n<title>Gaillard: \u201cA Cristina no la escondemos, es nuestra principal referencia junto con Kicillof y Grabois\u201d - Diario del Sur<\/title>\n<meta name=\"robots\" content=\"index, follow, max-snippet:-1, max-image-preview:large, max-video-preview:-1\" \/>\n<link rel=\"canonical\" href=\"https:\/\/diariodelsurdigital.com.ar\/?p=4951\" \/>\n<meta property=\"og:locale\" content=\"es_ES\" \/>\n<meta property=\"og:type\" content=\"article\" \/>\n<meta property=\"og:title\" content=\"Gaillard: \u201cA Cristina no la escondemos, es nuestra principal referencia junto con Kicillof y Grabois\u201d - Diario del Sur\" \/>\n<meta property=\"og:description\" content=\"La diputada nacional Carolina Gaillard (UxP), candidata a revalidar la banca por la lista Ahora 503, opin\u00f3 que \u201chay un planteo que se repite: la gente no quiere m\u00e1s a figuras de un modelo pol\u00edtico que est\u00e1 agotado y busca una representaci\u00f3n genuina\u201d. A\u00f1adi\u00f3 que ve \u201cuna elecci\u00f3n abierta\u201d y que \u201cla BUP va a [&hellip;]\" \/>\n<meta property=\"og:url\" content=\"https:\/\/diariodelsurdigital.com.ar\/?p=4951\" \/>\n<meta property=\"og:site_name\" content=\"Diario del Sur\" \/>\n<meta property=\"article:published_time\" content=\"2025-10-03T23:32:59+00:00\" \/>\n<meta property=\"article:modified_time\" content=\"2025-10-03T23:38:56+00:00\" \/>\n<meta property=\"og:image\" content=\"https:\/\/diariodelsurdigital.com.ar\/wp-content\/uploads\/2025\/10\/md-30.webp\" \/>\n\t<meta property=\"og:image:width\" content=\"992\" \/>\n\t<meta property=\"og:image:height\" content=\"744\" \/>\n\t<meta property=\"og:image:type\" content=\"image\/webp\" \/>\n<meta name=\"author\" content=\"Diario del Sur Digital\" \/>\n<meta name=\"twitter:card\" content=\"summary_large_image\" \/>\n<meta name=\"twitter:label1\" content=\"Escrito por\" \/>\n\t<meta name=\"twitter:data1\" content=\"Diario del Sur Digital\" \/>\n\t<meta name=\"twitter:label2\" content=\"Tiempo de lectura\" \/>\n\t<meta name=\"twitter:data2\" content=\"3 minutos\" \/>\n<script type=\"application\/ld+json\" class=\"yoast-schema-graph\">{\"@context\":\"https:\\\/\\\/schema.org\",\"@graph\":[{\"@type\":\"Article\",\"@id\":\"https:\\\/\\\/diariodelsurdigital.com.ar\\\/?p=4951#article\",\"isPartOf\":{\"@id\":\"https:\\\/\\\/diariodelsurdigital.com.ar\\\/?p=4951\"},\"author\":{\"name\":\"Diario del Sur Digital\",\"@id\":\"https:\\\/\\\/diariodelsurdigital.com.ar\\\/#\\\/schema\\\/person\\\/1a4992532ed62965c968031b49195c81\"},\"headline\":\"Gaillard: \u201cA Cristina no la escondemos, es nuestra principal referencia junto con Kicillof y Grabois\u201d\",\"datePublished\":\"2025-10-03T23:32:59+00:00\",\"dateModified\":\"2025-10-03T23:38:56+00:00\",\"mainEntityOfPage\":{\"@id\":\"https:\\\/\\\/diariodelsurdigital.com.ar\\\/?p=4951\"},\"wordCount\":435,\"commentCount\":0,\"image\":{\"@id\":\"https:\\\/\\\/diariodelsurdigital.com.ar\\\/?p=4951#primaryimage\"},\"thumbnailUrl\":\"https:\\\/\\\/diariodelsurdigital.com.ar\\\/wp-content\\\/uploads\\\/2025\\\/10\\\/md-30.webp\",\"articleSection\":[\"Uncategorized\"],\"inLanguage\":\"es\",\"potentialAction\":[{\"@type\":\"CommentAction\",\"name\":\"Comment\",\"target\":[\"https:\\\/\\\/diariodelsurdigital.com.ar\\\/?p=4951#respond\"]}]},{\"@type\":\"WebPage\",\"@id\":\"https:\\\/\\\/diariodelsurdigital.com.ar\\\/?p=4951\",\"url\":\"https:\\\/\\\/diariodelsurdigital.com.ar\\\/?p=4951\",\"name\":\"Gaillard: \u201cA Cristina no la escondemos, es nuestra principal referencia junto con Kicillof y Grabois\u201d - Diario del Sur\",\"isPartOf\":{\"@id\":\"https:\\\/\\\/diariodelsurdigital.com.ar\\\/#website\"},\"primaryImageOfPage\":{\"@id\":\"https:\\\/\\\/diariodelsurdigital.com.ar\\\/?p=4951#primaryimage\"},\"image\":{\"@id\":\"https:\\\/\\\/diariodelsurdigital.com.ar\\\/?p=4951#primaryimage\"},\"thumbnailUrl\":\"https:\\\/\\\/diariodelsurdigital.com.ar\\\/wp-content\\\/uploads\\\/2025\\\/10\\\/md-30.webp\",\"datePublished\":\"2025-10-03T23:32:59+00:00\",\"dateModified\":\"2025-10-03T23:38:56+00:00\",\"author\":{\"@id\":\"https:\\\/\\\/diariodelsurdigital.com.ar\\\/#\\\/schema\\\/person\\\/1a4992532ed62965c968031b49195c81\"},\"breadcrumb\":{\"@id\":\"https:\\\/\\\/diariodelsurdigital.com.ar\\\/?p=4951#breadcrumb\"},\"inLanguage\":\"es\",\"potentialAction\":[{\"@type\":\"ReadAction\",\"target\":[\"https:\\\/\\\/diariodelsurdigital.com.ar\\\/?p=4951\"]}]},{\"@type\":\"ImageObject\",\"inLanguage\":\"es\",\"@id\":\"https:\\\/\\\/diariodelsurdigital.com.ar\\\/?p=4951#primaryimage\",\"url\":\"https:\\\/\\\/diariodelsurdigital.com.ar\\\/wp-content\\\/uploads\\\/2025\\\/10\\\/md-30.webp\",\"contentUrl\":\"https:\\\/\\\/diariodelsurdigital.com.ar\\\/wp-content\\\/uploads\\\/2025\\\/10\\\/md-30.webp\",\"width\":992,\"height\":744},{\"@type\":\"BreadcrumbList\",\"@id\":\"https:\\\/\\\/diariodelsurdigital.com.ar\\\/?p=4951#breadcrumb\",\"itemListElement\":[{\"@type\":\"ListItem\",\"position\":1,\"name\":\"Portada\",\"item\":\"https:\\\/\\\/diariodelsurdigital.com.ar\\\/\"},{\"@type\":\"ListItem\",\"position\":2,\"name\":\"Gaillard: \u201cA Cristina no la escondemos, es nuestra principal referencia junto con Kicillof y Grabois\u201d\"}]},{\"@type\":\"WebSite\",\"@id\":\"https:\\\/\\\/diariodelsurdigital.com.ar\\\/#website\",\"url\":\"https:\\\/\\\/diariodelsurdigital.com.ar\\\/\",\"name\":\"Diario del Sur\",\"description\":\"Digital\",\"potentialAction\":[{\"@type\":\"SearchAction\",\"target\":{\"@type\":\"EntryPoint\",\"urlTemplate\":\"https:\\\/\\\/diariodelsurdigital.com.ar\\\/?s={search_term_string}\"},\"query-input\":{\"@type\":\"PropertyValueSpecification\",\"valueRequired\":true,\"valueName\":\"search_term_string\"}}],\"inLanguage\":\"es\"},{\"@type\":\"Person\",\"@id\":\"https:\\\/\\\/diariodelsurdigital.com.ar\\\/#\\\/schema\\\/person\\\/1a4992532ed62965c968031b49195c81\",\"name\":\"Diario del Sur Digital\",\"image\":{\"@type\":\"ImageObject\",\"inLanguage\":\"es\",\"@id\":\"https:\\\/\\\/secure.gravatar.com\\\/avatar\\\/f0c7c47fc7146d19828273b9b8eda651c9c7ab583767e6338d3d3bee825adf76?s=96&d=mm&r=g\",\"url\":\"https:\\\/\\\/secure.gravatar.com\\\/avatar\\\/f0c7c47fc7146d19828273b9b8eda651c9c7ab583767e6338d3d3bee825adf76?s=96&d=mm&r=g\",\"contentUrl\":\"https:\\\/\\\/secure.gravatar.com\\\/avatar\\\/f0c7c47fc7146d19828273b9b8eda651c9c7ab583767e6338d3d3bee825adf76?s=96&d=mm&r=g\",\"caption\":\"Diario del Sur Digital\"},\"url\":\"https:\\\/\\\/diariodelsurdigital.com.ar\\\/?author=4\"}]}<\/script>\n<!-- \/ Yoast SEO plugin. -->","yoast_head_json":{"title":"Gaillard: \u201cA Cristina no la escondemos, es nuestra principal referencia junto con Kicillof y Grabois\u201d - Diario del Sur","robots":{"index":"index","follow":"follow","max-snippet":"max-snippet:-1","max-image-preview":"max-image-preview:large","max-video-preview":"max-video-preview:-1"},"canonical":"https:\/\/diariodelsurdigital.com.ar\/?p=4951","og_locale":"es_ES","og_type":"article","og_title":"Gaillard: \u201cA Cristina no la escondemos, es nuestra principal referencia junto con Kicillof y Grabois\u201d - Diario del Sur","og_description":"La diputada nacional Carolina Gaillard (UxP), candidata a revalidar la banca por la lista Ahora 503, opin\u00f3 que \u201chay un planteo que se repite: la gente no quiere m\u00e1s a figuras de un modelo pol\u00edtico que est\u00e1 agotado y busca una representaci\u00f3n genuina\u201d. A\u00f1adi\u00f3 que ve \u201cuna elecci\u00f3n abierta\u201d y que \u201cla BUP va a [&hellip;]","og_url":"https:\/\/diariodelsurdigital.com.ar\/?p=4951","og_site_name":"Diario del Sur","article_published_time":"2025-10-03T23:32:59+00:00","article_modified_time":"2025-10-03T23:38:56+00:00","og_image":[{"width":992,"height":744,"url":"https:\/\/diariodelsurdigital.com.ar\/wp-content\/uploads\/2025\/10\/md-30.webp","type":"image\/webp"}],"author":"Diario del Sur Digital","twitter_card":"summary_large_image","twitter_misc":{"Escrito por":"Diario del Sur Digital","Tiempo de lectura":"3 minutos"},"schema":{"@context":"https:\/\/schema.org","@graph":[{"@type":"Article","@id":"https:\/\/diariodelsurdigital.com.ar\/?p=4951#article","isPartOf":{"@id":"https:\/\/diariodelsurdigital.com.ar\/?p=4951"},"author":{"name":"Diario del Sur Digital","@id":"https:\/\/diariodelsurdigital.com.ar\/#\/schema\/person\/1a4992532ed62965c968031b49195c81"},"headline":"Gaillard: \u201cA Cristina no la escondemos, es nuestra principal referencia junto con Kicillof y Grabois\u201d","datePublished":"2025-10-03T23:32:59+00:00","dateModified":"2025-10-03T23:38:56+00:00","mainEntityOfPage":{"@id":"https:\/\/diariodelsurdigital.com.ar\/?p=4951"},"wordCount":435,"commentCount":0,"image":{"@id":"https:\/\/diariodelsurdigital.com.ar\/?p=4951#primaryimage"},"thumbnailUrl":"https:\/\/diariodelsurdigital.com.ar\/wp-content\/uploads\/2025\/10\/md-30.webp","articleSection":["Uncategorized"],"inLanguage":"es","potentialAction":[{"@type":"CommentAction","name":"Comment","target":["https:\/\/diariodelsurdigital.com.ar\/?p=4951#respond"]}]},{"@type":"WebPage","@id":"https:\/\/diariodelsurdigital.com.ar\/?p=4951","url":"https:\/\/diariodelsurdigital.com.ar\/?p=4951","name":"Gaillard: \u201cA Cristina no la escondemos, es nuestra principal referencia junto con Kicillof y Grabois\u201d - Diario del Sur","isPartOf":{"@id":"https:\/\/diariodelsurdigital.com.ar\/#website"},"primaryImageOfPage":{"@id":"https:\/\/diariodelsurdigital.com.ar\/?p=4951#primaryimage"},"image":{"@id":"https:\/\/diariodelsurdigital.com.ar\/?p=4951#primaryimage"},"thumbnailUrl":"https:\/\/diariodelsurdigital.com.ar\/wp-content\/uploads\/2025\/10\/md-30.webp","datePublished":"2025-10-03T23:32:59+00:00","dateModified":"2025-10-03T23:38:56+00:00","author":{"@id":"https:\/\/diariodelsurdigital.com.ar\/#\/schema\/person\/1a4992532ed62965c968031b49195c81"},"breadcrumb":{"@id":"https:\/\/diariodelsurdigital.com.ar\/?p=4951#breadcrumb"},"inLanguage":"es","potentialAction":[{"@type":"ReadAction","target":["https:\/\/diariodelsurdigital.com.ar\/?p=4951"]}]},{"@type":"ImageObject","inLanguage":"es","@id":"https:\/\/diariodelsurdigital.com.ar\/?p=4951#primaryimage","url":"https:\/\/diariodelsurdigital.com.ar\/wp-content\/uploads\/2025\/10\/md-30.webp","contentUrl":"https:\/\/diariodelsurdigital.com.ar\/wp-content\/uploads\/2025\/10\/md-30.webp","width":992,"height":744},{"@type":"BreadcrumbList","@id":"https:\/\/diariodelsurdigital.com.ar\/?p=4951#breadcrumb","itemListElement":[{"@type":"ListItem","position":1,"name":"Portada","item":"https:\/\/diariodelsurdigital.com.ar\/"},{"@type":"ListItem","position":2,"name":"Gaillard: \u201cA Cristina no la escondemos, es nuestra principal referencia junto con Kicillof y Grabois\u201d"}]},{"@type":"WebSite","@id":"https:\/\/diariodelsurdigital.com.ar\/#website","url":"https:\/\/diariodelsurdigital.com.ar\/","name":"Diario del Sur","description":"Digital","potentialAction":[{"@type":"SearchAction","target":{"@type":"EntryPoint","urlTemplate":"https:\/\/diariodelsurdigital.com.ar\/?s={search_term_string}"},"query-input":{"@type":"PropertyValueSpecification","valueRequired":true,"valueName":"search_term_string"}}],"inLanguage":"es"},{"@type":"Person","@id":"https:\/\/diariodelsurdigital.com.ar\/#\/schema\/person\/1a4992532ed62965c968031b49195c81","name":"Diario del Sur Digital","image":{"@type":"ImageObject","inLanguage":"es","@id":"https:\/\/secure.gravatar.com\/avatar\/f0c7c47fc7146d19828273b9b8eda651c9c7ab583767e6338d3d3bee825adf76?s=96&d=mm&r=g","url":"https:\/\/secure.gravatar.com\/avatar\/f0c7c47fc7146d19828273b9b8eda651c9c7ab583767e6338d3d3bee825adf76?s=96&d=mm&r=g","contentUrl":"https:\/\/secure.gravatar.com\/avatar\/f0c7c47fc7146d19828273b9b8eda651c9c7ab583767e6338d3d3bee825adf76?s=96&d=mm&r=g","caption":"Diario del Sur Digital"},"url":"https:\/\/diariodelsurdigital.com.ar\/?author=4"}]}},"_links":{"self":[{"href":"https:\/\/diariodelsurdigital.com.ar\/index.php?rest_route=\/wp\/v2\/posts\/4951","targetHints":{"allow":["GET"]}}],"collection":[{"href":"https:\/\/diariodelsurdigital.com.ar\/index.php?rest_route=\/wp\/v2\/posts"}],"about":[{"href":"https:\/\/diariodelsurdigital.com.ar\/index.php?rest_route=\/wp\/v2\/types\/post"}],"author":[{"embeddable":true,"href":"https:\/\/diariodelsurdigital.com.ar\/index.php?rest_route=\/wp\/v2\/users\/4"}],"replies":[{"embeddable":true,"href":"https:\/\/diariodelsurdigital.com.ar\/index.php?rest_route=%2Fwp%2Fv2%2Fcomments&post=4951"}],"version-history":[{"count":1,"href":"https:\/\/diariodelsurdigital.com.ar\/index.php?rest_route=\/wp\/v2\/posts\/4951\/revisions"}],"predecessor-version":[{"id":4953,"href":"https:\/\/diariodelsurdigital.com.ar\/index.php?rest_route=\/wp\/v2\/posts\/4951\/revisions\/4953"}],"wp:featuredmedia":[{"embeddable":true,"href":"https:\/\/diariodelsurdigital.com.ar\/index.php?rest_route=\/wp\/v2\/media\/4952"}],"wp:attachment":[{"href":"https:\/\/diariodelsurdigital.com.ar\/index.php?rest_route=%2Fwp%2Fv2%2Fmedia&parent=4951"}],"wp:term":[{"taxonomy":"category","embeddable":true,"href":"https:\/\/diariodelsurdigital.com.ar\/index.php?rest_route=%2Fwp%2Fv2%2Fcategories&post=4951"},{"taxonomy":"post_tag","embeddable":true,"href":"https:\/\/diariodelsurdigital.com.ar\/index.php?rest_route=%2Fwp%2Fv2%2Ftags&post=4951"}],"curies":[{"name":"wp","href":"https:\/\/api.w.org\/{rel}","templated":true}]}}