{"id":4958,"date":"2025-10-03T21:50:04","date_gmt":"2025-10-04T00:50:04","guid":{"rendered":"https:\/\/diariodelsurdigital.com.ar\/?p=4958"},"modified":"2025-10-03T21:50:04","modified_gmt":"2025-10-04T00:50:04","slug":"israel-detuvo-a-un-docente-entrerriano-que-viajaba-con-ayuda-humanitaria-a-gaza","status":"publish","type":"post","link":"https:\/\/diariodelsurdigital.com.ar\/?p=4958","title":{"rendered":"Israel detuvo a un docente entrerriano que viajaba con ayuda humanitaria a Gaza"},"content":{"rendered":"\n<h2 class=\"wp-block-heading\" id=\"nota-title\">\u201cEst\u00e1 en una c\u00e1rcel en el desierto\u201d<\/h2>\n\n\n\n<p><\/p>\n\n\n\n<p>Confirman la ubicaci\u00f3n del joven oriundo de Paran\u00e1 que fue detenido en la flotilla humanitaria que viajaba camino a la Franja de Gaza.<\/p>\n\n\n\n<p>Nicol\u00e1s Calabrese, el profesor de Educaci\u00f3n F\u00edsica oriundo de Paran\u00e1, radicado hace a\u00f1os en Brasil, e integrante de la flota humanitaria que llevaba alimentos y medicamentos a Gaza, est\u00e1 entre los tripulantes detenidos -\u201csecuestrados\u201d, seg\u00fan denunciaron organizaciones- por el ej\u00e9rcito de Israel desde este mi\u00e9rcoles. El joven est\u00e1 detenido en la c\u00e1rcel Saharonim ubicada en el desierto al sur de Israel, cerca de la ciudad de N\u00e9guev, en la zona de la frontera con Egipto. Sigue incomunicado y s\u00f3lo mantiene contacto con los abogados consulares.<\/p>\n\n\n\n<p>Cabe destacar que las autoridades de Israel confirmaron este viernes la deportaci\u00f3n de cuatro ciudadanos italianos, que hab\u00edan sido detenidos tras navegar en la Sumud Global Flotilla.<\/p>\n\n\n\n<p>La flotilla humanitaria, compuesta por cerca de 50 barcos y organizada por entidades pol\u00edticas y civiles en defensa de Palestina contra la invasi\u00f3n israel\u00ed, fue interceptada antes de llegar a la Franja de Gaza y sus integrantes est\u00e1n bajo control de este ej\u00e9rcito e incomunicados.<\/p>\n\n\n\n<p>Seg\u00fan se inform\u00f3 oficialmente, ser\u00e1n expulsados de la zona y enviados a ciudades como Londres y Madrid. Cielo Kramer, la madre de Nicol\u00e1s, habl\u00f3 este jueves en Canal 9 Litoral y advirti\u00f3 que se comunic\u00f3 con el Consulado para que le permitan hablar con su hijo, incomunicado desde este mi\u00e9rcoles.<\/p>\n\n\n\n<h5 class=\"wp-block-heading\"><strong>Testimonio de la madre del joven<\/strong><\/h5>\n\n\n\n<p>Cielo Kramer, la madre de Nicol\u00e1s, habl\u00f3 este jueves en Canal 9 Litoral y advirti\u00f3 que se comunic\u00f3 con el Consulado para que le permitan hablar con su hijo, incomunicado desde este mi\u00e9rcoles.<\/p>\n\n\n\n<p>\u201cTengo la esperanza de que los env\u00eden. Mand\u00e9 una nota al Consulado porque quiero comunicarme con mi hijo. Quiero escucharle la voz. Dicen que est\u00e1n bien pero quiero escucharlo de \u00e9l\u201d, expres\u00f3 Cielo.<\/p>\n\n\n\n<p>Respecto de la detenci\u00f3n de Nicol\u00e1s y los dem\u00e1s tripulantes de la flotilla, cont\u00f3 que el ej\u00e9rcito israel\u00ed \u201cles hizo firmar un documento en el que declaran que pisaron Israel de manera ilegal y en realidad no iban a hacerlo, iban a estar en aguas internacionales\u201d.<\/p>\n\n\n\n<p>La flotilla ten\u00eda como destino la Franja de Gaza, que est\u00e1 bajo bloqueo de las Fuerzas Armadas de Israel, que impidieron el arribo de los barcos al territorio invadido.<\/p>\n\n\n\n<p>\u201cQuiero saber cu\u00e1ndo los van a expulsar\u201d, dijo Cielo. Y cuestion\u00f3 la falta de acci\u00f3n de la comunidad internacional en el conflicto que calific\u00f3 como \u201cgenocidio\u201d. \u201cLos gobiernos deber\u00edan secuestrar a (el primer ministro israel\u00ed Benjamin) Netanyahu, no a ellos. Es atroz cometer un genocidio como el que est\u00e1 cometiendo\u201d, alert\u00f3 la madre del joven paranaense.<\/p>\n\n\n\n<p>Respecto de las acciones militantes de su hijo, Cielo valor\u00f3: \u201cEstoy orgullosa y tranquila porque siempre se maneja con coherencia entre lo que piensa, lo que dice y lo que hace. Siempre resalt\u00f3 la humanidad ante cualquier cosa\u201d, enfatiz\u00f3.<\/p>\n\n\n\n<p>\u201cLa humanidad y el pueblo tienen que hacer cosas que los gobiernos no hacen\u201d, observ\u00f3, a su vez, sobre la flotilla que ten\u00eda como destino Gaza antes de ser interceptada.<\/p>\n\n\n\n<h5 class=\"wp-block-heading\"><strong>Detalles de la prisi\u00f3n<\/strong><\/h5>\n\n\n\n<p>La prisi\u00f3n se encuentra en la localidad de Ketziot, en pleno desierto del N\u00e9guev, muy cerca de la frontera con Egipto.<\/p>\n\n\n\n<p>El abogado Gonen Ben Itzhak, que representa a nueve ciudadanos italianos que viajaban en la flotilla interceptada rumbo a Gaza, subray\u00f3 que Saharonim \u201cfue construido para inmigrantes, cuando Israel intent\u00f3 detener a quienes llegaban al pa\u00eds para trabajar\u201d.<\/p>\n\n\n\n<p>A\u00f1adi\u00f3 que el traslado de los voluntarios a esta prisi\u00f3n responde a una decisi\u00f3n \u201clog\u00edstica\u201d, ya que \u201cest\u00e1 muy lejos, es muy dif\u00edcil llegar\u201d.<\/p>\n\n\n\n<p>El centro abri\u00f3 sus puertas en 2007 con el objetivo de \u201cdar respuesta a la poblaci\u00f3n de infiltrados que entraban en el territorio del Estado de Israel a trav\u00e9s de la frontera con Egipto\u201d, en su mayor\u00eda provenientes de Eritrea, Sud\u00e1n y otros pa\u00edses africanos, seg\u00fan el Servicio Penitenciario de Israel, que se\u00f1ala que actualmente los principales grupos bajo custodia son \u201cresidentes ilegales pertenecientes a la Autoridad Palestina\u201d.<\/p>\n\n\n\n<p>Fue establecida como una prisi\u00f3n y despu\u00e9s se le a\u00f1adi\u00f3 una instalaci\u00f3n dise\u00f1ada para albergar a trabajadores migrantes ilegales, la mayor\u00eda de ellos provenientes de \u00c1frica.<\/p>\n\n\n\n<p>\u201cEn anteriores detenciones de previas flotillas los arrestados fueron enviados tambi\u00e9n a Ketziot\u201d, indic\u00f3 el abogado, que a\u00f1adi\u00f3 que \u201clas condiciones de detenci\u00f3n no son peores que las de otras instalaciones de detenci\u00f3n en Israel en general, bajo el ministro Ben Gvir. La situaci\u00f3n en estas instalaciones es deplorable\u201d, dijo.<\/p>\n\n\n\n<p>Saharonim ha sido objeto de revisiones en los \u00faltimos a\u00f1os debido a la escasez de plazas y al hacinamiento. Este d\u00e9ficit de infraestructura fue reconocido en la Kn\u00e9set, cuando el Comit\u00e9 Especial para Trabajadores Extranjeros subray\u00f3 en diciembre de 2024 \u201cla falta de lugares en los centros de detenci\u00f3n y residencia para infiltrados y trabajadores extranjeros en situaci\u00f3n irregular\u201d durante una visita oficia a este y otro complejo, el de Holot, public\u00f3\u00a0<em>EFE<\/em>.<\/p>\n\n\n\n<p><strong>Fuente:<\/strong>\u00a0Ahora<\/p>\n","protected":false},"excerpt":{"rendered":"<p>\u201cEst\u00e1 en una c\u00e1rcel en el desierto\u201d Confirman la ubicaci\u00f3n del joven oriundo de Paran\u00e1 que fue detenido en la flotilla humanitaria que viajaba camino a la Franja de Gaza. Nicol\u00e1s Calabrese, el profesor de Educaci\u00f3n F\u00edsica oriundo de Paran\u00e1, radicado hace a\u00f1os en Brasil, e integrante de la flota humanitaria que llevaba alimentos y [&hellip;]<\/p>\n","protected":false},"author":2,"featured_media":4959,"comment_status":"open","ping_status":"open","sticky":false,"template":"","format":"standard","meta":{"footnotes":""},"categories":[20],"tags":[],"class_list":{"0":"post-4958","1":"post","2":"type-post","3":"status-publish","4":"format-standard","5":"has-post-thumbnail","7":"category-internacionales"},"yoast_head":"<!-- This site is optimized with the Yoast SEO plugin v27.4 - https:\/\/yoast.com\/product\/yoast-seo-wordpress\/ -->\n<title>Israel detuvo a un docente entrerriano que viajaba con ayuda humanitaria a Gaza - Diario del Sur<\/title>\n<meta name=\"robots\" content=\"index, follow, max-snippet:-1, max-image-preview:large, max-video-preview:-1\" \/>\n<link rel=\"canonical\" href=\"https:\/\/diariodelsurdigital.com.ar\/?p=4958\" \/>\n<meta property=\"og:locale\" content=\"es_ES\" \/>\n<meta property=\"og:type\" content=\"article\" \/>\n<meta property=\"og:title\" content=\"Israel detuvo a un docente entrerriano que viajaba con ayuda humanitaria a Gaza - Diario del Sur\" \/>\n<meta property=\"og:description\" content=\"\u201cEst\u00e1 en una c\u00e1rcel en el desierto\u201d Confirman la ubicaci\u00f3n del joven oriundo de Paran\u00e1 que fue detenido en la flotilla humanitaria que viajaba camino a la Franja de Gaza. Nicol\u00e1s Calabrese, el profesor de Educaci\u00f3n F\u00edsica oriundo de Paran\u00e1, radicado hace a\u00f1os en Brasil, e integrante de la flota humanitaria que llevaba alimentos y [&hellip;]\" \/>\n<meta property=\"og:url\" content=\"https:\/\/diariodelsurdigital.com.ar\/?p=4958\" \/>\n<meta property=\"og:site_name\" content=\"Diario del Sur\" \/>\n<meta property=\"article:published_time\" content=\"2025-10-04T00:50:04+00:00\" \/>\n<meta property=\"og:image\" content=\"https:\/\/diariodelsurdigital.com.ar\/wp-content\/uploads\/2025\/10\/l_1759515617.jpg\" \/>\n\t<meta property=\"og:image:width\" content=\"417\" \/>\n\t<meta property=\"og:image:height\" content=\"278\" \/>\n\t<meta property=\"og:image:type\" content=\"image\/jpeg\" \/>\n<meta name=\"author\" content=\"Diario del Sur Digital\" \/>\n<meta name=\"twitter:card\" content=\"summary_large_image\" \/>\n<meta name=\"twitter:label1\" content=\"Escrito por\" \/>\n\t<meta name=\"twitter:data1\" content=\"Diario del Sur Digital\" \/>\n\t<meta name=\"twitter:label2\" content=\"Tiempo de lectura\" \/>\n\t<meta name=\"twitter:data2\" content=\"4 minutos\" \/>\n<script type=\"application\/ld+json\" class=\"yoast-schema-graph\">{\"@context\":\"https:\\\/\\\/schema.org\",\"@graph\":[{\"@type\":\"Article\",\"@id\":\"https:\\\/\\\/diariodelsurdigital.com.ar\\\/?p=4958#article\",\"isPartOf\":{\"@id\":\"https:\\\/\\\/diariodelsurdigital.com.ar\\\/?p=4958\"},\"author\":{\"name\":\"Diario del Sur Digital\",\"@id\":\"https:\\\/\\\/diariodelsurdigital.com.ar\\\/#\\\/schema\\\/person\\\/6136a32571657f7dba980b88b04c5465\"},\"headline\":\"Israel detuvo a un docente entrerriano que viajaba con ayuda humanitaria a Gaza\",\"datePublished\":\"2025-10-04T00:50:04+00:00\",\"mainEntityOfPage\":{\"@id\":\"https:\\\/\\\/diariodelsurdigital.com.ar\\\/?p=4958\"},\"wordCount\":891,\"commentCount\":0,\"image\":{\"@id\":\"https:\\\/\\\/diariodelsurdigital.com.ar\\\/?p=4958#primaryimage\"},\"thumbnailUrl\":\"https:\\\/\\\/diariodelsurdigital.com.ar\\\/wp-content\\\/uploads\\\/2025\\\/10\\\/l_1759515617.jpg\",\"articleSection\":[\"Internacionales\"],\"inLanguage\":\"es\",\"potentialAction\":[{\"@type\":\"CommentAction\",\"name\":\"Comment\",\"target\":[\"https:\\\/\\\/diariodelsurdigital.com.ar\\\/?p=4958#respond\"]}]},{\"@type\":\"WebPage\",\"@id\":\"https:\\\/\\\/diariodelsurdigital.com.ar\\\/?p=4958\",\"url\":\"https:\\\/\\\/diariodelsurdigital.com.ar\\\/?p=4958\",\"name\":\"Israel detuvo a un docente entrerriano que viajaba con ayuda humanitaria a Gaza - Diario del Sur\",\"isPartOf\":{\"@id\":\"https:\\\/\\\/diariodelsurdigital.com.ar\\\/#website\"},\"primaryImageOfPage\":{\"@id\":\"https:\\\/\\\/diariodelsurdigital.com.ar\\\/?p=4958#primaryimage\"},\"image\":{\"@id\":\"https:\\\/\\\/diariodelsurdigital.com.ar\\\/?p=4958#primaryimage\"},\"thumbnailUrl\":\"https:\\\/\\\/diariodelsurdigital.com.ar\\\/wp-content\\\/uploads\\\/2025\\\/10\\\/l_1759515617.jpg\",\"datePublished\":\"2025-10-04T00:50:04+00:00\",\"author\":{\"@id\":\"https:\\\/\\\/diariodelsurdigital.com.ar\\\/#\\\/schema\\\/person\\\/6136a32571657f7dba980b88b04c5465\"},\"breadcrumb\":{\"@id\":\"https:\\\/\\\/diariodelsurdigital.com.ar\\\/?p=4958#breadcrumb\"},\"inLanguage\":\"es\",\"potentialAction\":[{\"@type\":\"ReadAction\",\"target\":[\"https:\\\/\\\/diariodelsurdigital.com.ar\\\/?p=4958\"]}]},{\"@type\":\"ImageObject\",\"inLanguage\":\"es\",\"@id\":\"https:\\\/\\\/diariodelsurdigital.com.ar\\\/?p=4958#primaryimage\",\"url\":\"https:\\\/\\\/diariodelsurdigital.com.ar\\\/wp-content\\\/uploads\\\/2025\\\/10\\\/l_1759515617.jpg\",\"contentUrl\":\"https:\\\/\\\/diariodelsurdigital.com.ar\\\/wp-content\\\/uploads\\\/2025\\\/10\\\/l_1759515617.jpg\",\"width\":417,\"height\":278},{\"@type\":\"BreadcrumbList\",\"@id\":\"https:\\\/\\\/diariodelsurdigital.com.ar\\\/?p=4958#breadcrumb\",\"itemListElement\":[{\"@type\":\"ListItem\",\"position\":1,\"name\":\"Portada\",\"item\":\"https:\\\/\\\/diariodelsurdigital.com.ar\\\/\"},{\"@type\":\"ListItem\",\"position\":2,\"name\":\"Israel detuvo a un docente entrerriano que viajaba con ayuda humanitaria a Gaza\"}]},{\"@type\":\"WebSite\",\"@id\":\"https:\\\/\\\/diariodelsurdigital.com.ar\\\/#website\",\"url\":\"https:\\\/\\\/diariodelsurdigital.com.ar\\\/\",\"name\":\"Diario del Sur\",\"description\":\"Digital\",\"potentialAction\":[{\"@type\":\"SearchAction\",\"target\":{\"@type\":\"EntryPoint\",\"urlTemplate\":\"https:\\\/\\\/diariodelsurdigital.com.ar\\\/?s={search_term_string}\"},\"query-input\":{\"@type\":\"PropertyValueSpecification\",\"valueRequired\":true,\"valueName\":\"search_term_string\"}}],\"inLanguage\":\"es\"},{\"@type\":\"Person\",\"@id\":\"https:\\\/\\\/diariodelsurdigital.com.ar\\\/#\\\/schema\\\/person\\\/6136a32571657f7dba980b88b04c5465\",\"name\":\"Diario del Sur Digital\",\"image\":{\"@type\":\"ImageObject\",\"inLanguage\":\"es\",\"@id\":\"https:\\\/\\\/secure.gravatar.com\\\/avatar\\\/4c29ceac98541dd42460b2474aaa5dd37594d6ce6cb3cf2c101d09b48ee287ba?s=96&d=mm&r=g\",\"url\":\"https:\\\/\\\/secure.gravatar.com\\\/avatar\\\/4c29ceac98541dd42460b2474aaa5dd37594d6ce6cb3cf2c101d09b48ee287ba?s=96&d=mm&r=g\",\"contentUrl\":\"https:\\\/\\\/secure.gravatar.com\\\/avatar\\\/4c29ceac98541dd42460b2474aaa5dd37594d6ce6cb3cf2c101d09b48ee287ba?s=96&d=mm&r=g\",\"caption\":\"Diario del Sur Digital\"},\"url\":\"https:\\\/\\\/diariodelsurdigital.com.ar\\\/?author=2\"}]}<\/script>\n<!-- \/ Yoast SEO plugin. -->","yoast_head_json":{"title":"Israel detuvo a un docente entrerriano que viajaba con ayuda humanitaria a Gaza - Diario del Sur","robots":{"index":"index","follow":"follow","max-snippet":"max-snippet:-1","max-image-preview":"max-image-preview:large","max-video-preview":"max-video-preview:-1"},"canonical":"https:\/\/diariodelsurdigital.com.ar\/?p=4958","og_locale":"es_ES","og_type":"article","og_title":"Israel detuvo a un docente entrerriano que viajaba con ayuda humanitaria a Gaza - Diario del Sur","og_description":"\u201cEst\u00e1 en una c\u00e1rcel en el desierto\u201d Confirman la ubicaci\u00f3n del joven oriundo de Paran\u00e1 que fue detenido en la flotilla humanitaria que viajaba camino a la Franja de Gaza. Nicol\u00e1s Calabrese, el profesor de Educaci\u00f3n F\u00edsica oriundo de Paran\u00e1, radicado hace a\u00f1os en Brasil, e integrante de la flota humanitaria que llevaba alimentos y [&hellip;]","og_url":"https:\/\/diariodelsurdigital.com.ar\/?p=4958","og_site_name":"Diario del Sur","article_published_time":"2025-10-04T00:50:04+00:00","og_image":[{"width":417,"height":278,"url":"https:\/\/diariodelsurdigital.com.ar\/wp-content\/uploads\/2025\/10\/l_1759515617.jpg","type":"image\/jpeg"}],"author":"Diario del Sur Digital","twitter_card":"summary_large_image","twitter_misc":{"Escrito por":"Diario del Sur Digital","Tiempo de lectura":"4 minutos"},"schema":{"@context":"https:\/\/schema.org","@graph":[{"@type":"Article","@id":"https:\/\/diariodelsurdigital.com.ar\/?p=4958#article","isPartOf":{"@id":"https:\/\/diariodelsurdigital.com.ar\/?p=4958"},"author":{"name":"Diario del Sur Digital","@id":"https:\/\/diariodelsurdigital.com.ar\/#\/schema\/person\/6136a32571657f7dba980b88b04c5465"},"headline":"Israel detuvo a un docente entrerriano que viajaba con ayuda humanitaria a Gaza","datePublished":"2025-10-04T00:50:04+00:00","mainEntityOfPage":{"@id":"https:\/\/diariodelsurdigital.com.ar\/?p=4958"},"wordCount":891,"commentCount":0,"image":{"@id":"https:\/\/diariodelsurdigital.com.ar\/?p=4958#primaryimage"},"thumbnailUrl":"https:\/\/diariodelsurdigital.com.ar\/wp-content\/uploads\/2025\/10\/l_1759515617.jpg","articleSection":["Internacionales"],"inLanguage":"es","potentialAction":[{"@type":"CommentAction","name":"Comment","target":["https:\/\/diariodelsurdigital.com.ar\/?p=4958#respond"]}]},{"@type":"WebPage","@id":"https:\/\/diariodelsurdigital.com.ar\/?p=4958","url":"https:\/\/diariodelsurdigital.com.ar\/?p=4958","name":"Israel detuvo a un docente entrerriano que viajaba con ayuda humanitaria a Gaza - Diario del Sur","isPartOf":{"@id":"https:\/\/diariodelsurdigital.com.ar\/#website"},"primaryImageOfPage":{"@id":"https:\/\/diariodelsurdigital.com.ar\/?p=4958#primaryimage"},"image":{"@id":"https:\/\/diariodelsurdigital.com.ar\/?p=4958#primaryimage"},"thumbnailUrl":"https:\/\/diariodelsurdigital.com.ar\/wp-content\/uploads\/2025\/10\/l_1759515617.jpg","datePublished":"2025-10-04T00:50:04+00:00","author":{"@id":"https:\/\/diariodelsurdigital.com.ar\/#\/schema\/person\/6136a32571657f7dba980b88b04c5465"},"breadcrumb":{"@id":"https:\/\/diariodelsurdigital.com.ar\/?p=4958#breadcrumb"},"inLanguage":"es","potentialAction":[{"@type":"ReadAction","target":["https:\/\/diariodelsurdigital.com.ar\/?p=4958"]}]},{"@type":"ImageObject","inLanguage":"es","@id":"https:\/\/diariodelsurdigital.com.ar\/?p=4958#primaryimage","url":"https:\/\/diariodelsurdigital.com.ar\/wp-content\/uploads\/2025\/10\/l_1759515617.jpg","contentUrl":"https:\/\/diariodelsurdigital.com.ar\/wp-content\/uploads\/2025\/10\/l_1759515617.jpg","width":417,"height":278},{"@type":"BreadcrumbList","@id":"https:\/\/diariodelsurdigital.com.ar\/?p=4958#breadcrumb","itemListElement":[{"@type":"ListItem","position":1,"name":"Portada","item":"https:\/\/diariodelsurdigital.com.ar\/"},{"@type":"ListItem","position":2,"name":"Israel detuvo a un docente entrerriano que viajaba con ayuda humanitaria a Gaza"}]},{"@type":"WebSite","@id":"https:\/\/diariodelsurdigital.com.ar\/#website","url":"https:\/\/diariodelsurdigital.com.ar\/","name":"Diario del Sur","description":"Digital","potentialAction":[{"@type":"SearchAction","target":{"@type":"EntryPoint","urlTemplate":"https:\/\/diariodelsurdigital.com.ar\/?s={search_term_string}"},"query-input":{"@type":"PropertyValueSpecification","valueRequired":true,"valueName":"search_term_string"}}],"inLanguage":"es"},{"@type":"Person","@id":"https:\/\/diariodelsurdigital.com.ar\/#\/schema\/person\/6136a32571657f7dba980b88b04c5465","name":"Diario del Sur Digital","image":{"@type":"ImageObject","inLanguage":"es","@id":"https:\/\/secure.gravatar.com\/avatar\/4c29ceac98541dd42460b2474aaa5dd37594d6ce6cb3cf2c101d09b48ee287ba?s=96&d=mm&r=g","url":"https:\/\/secure.gravatar.com\/avatar\/4c29ceac98541dd42460b2474aaa5dd37594d6ce6cb3cf2c101d09b48ee287ba?s=96&d=mm&r=g","contentUrl":"https:\/\/secure.gravatar.com\/avatar\/4c29ceac98541dd42460b2474aaa5dd37594d6ce6cb3cf2c101d09b48ee287ba?s=96&d=mm&r=g","caption":"Diario del Sur Digital"},"url":"https:\/\/diariodelsurdigital.com.ar\/?author=2"}]}},"_links":{"self":[{"href":"https:\/\/diariodelsurdigital.com.ar\/index.php?rest_route=\/wp\/v2\/posts\/4958","targetHints":{"allow":["GET"]}}],"collection":[{"href":"https:\/\/diariodelsurdigital.com.ar\/index.php?rest_route=\/wp\/v2\/posts"}],"about":[{"href":"https:\/\/diariodelsurdigital.com.ar\/index.php?rest_route=\/wp\/v2\/types\/post"}],"author":[{"embeddable":true,"href":"https:\/\/diariodelsurdigital.com.ar\/index.php?rest_route=\/wp\/v2\/users\/2"}],"replies":[{"embeddable":true,"href":"https:\/\/diariodelsurdigital.com.ar\/index.php?rest_route=%2Fwp%2Fv2%2Fcomments&post=4958"}],"version-history":[{"count":1,"href":"https:\/\/diariodelsurdigital.com.ar\/index.php?rest_route=\/wp\/v2\/posts\/4958\/revisions"}],"predecessor-version":[{"id":4960,"href":"https:\/\/diariodelsurdigital.com.ar\/index.php?rest_route=\/wp\/v2\/posts\/4958\/revisions\/4960"}],"wp:featuredmedia":[{"embeddable":true,"href":"https:\/\/diariodelsurdigital.com.ar\/index.php?rest_route=\/wp\/v2\/media\/4959"}],"wp:attachment":[{"href":"https:\/\/diariodelsurdigital.com.ar\/index.php?rest_route=%2Fwp%2Fv2%2Fmedia&parent=4958"}],"wp:term":[{"taxonomy":"category","embeddable":true,"href":"https:\/\/diariodelsurdigital.com.ar\/index.php?rest_route=%2Fwp%2Fv2%2Fcategories&post=4958"},{"taxonomy":"post_tag","embeddable":true,"href":"https:\/\/diariodelsurdigital.com.ar\/index.php?rest_route=%2Fwp%2Fv2%2Ftags&post=4958"}],"curies":[{"name":"wp","href":"https:\/\/api.w.org\/{rel}","templated":true}]}}