{"id":4961,"date":"2025-10-04T19:06:58","date_gmt":"2025-10-04T22:06:58","guid":{"rendered":"https:\/\/diariodelsurdigital.com.ar\/?p=4961"},"modified":"2025-10-04T19:06:59","modified_gmt":"2025-10-04T22:06:59","slug":"debemos-salvar-al-garrahan","status":"publish","type":"post","link":"https:\/\/diariodelsurdigital.com.ar\/?p=4961","title":{"rendered":"Debemos salvar al Garrahan&#8230;"},"content":{"rendered":"\n<p><strong>Por el prof. Rolando (Roli) Fern\u00e1ndez<\/strong><\/p>\n\n\n\n<p>Algo m\u00e1s de 31 a\u00f1os atr\u00e1s fue necesario llevar a mi hija mayor al Hospital pedi\u00e1trico \u00abJuan P. Garrahan\u00bb. Ella acababa de cumplir un a\u00f1o de edad. Una extra\u00f1a enfermedad le afect\u00f3 sus gl\u00f3bulos rojos, con la consecuente anemia.<\/p>\n\n\n\n<p>Pas\u00f3 por varios meses de internaciones y estudios de todo tipo. Recuerdo que los profesionales ten\u00edan dificultades para realizar sus tareas: sus venas eran demasiado delgadas. En una oportunidad, fue un m\u00e9dico residente de origen peruano quien logr\u00f3 introducirle una aguja para una transfusi\u00f3n. Ten\u00eda una habilidad reconocida por sus compa\u00f1eros de trabajo, quienes lo llamaban \u00abManos M\u00e1gicas\u00bb.<\/p>\n\n\n\n<p>Pero la atenci\u00f3n de la instituci\u00f3n era de excelencia tambi\u00e9n en el plano administrativo, adem\u00e1s del plano profesional, caracterizada por una sensible humanidad. Las dem\u00e1s familias de todo el pa\u00eds que tambi\u00e9n estaban all\u00ed por otras delicadas situaciones de salud de sus hijos coincid\u00edan conmigo en esta apreciaci\u00f3n.<\/p>\n\n\n\n<p>En los \u00faltimos meses se ha hablado mucho acerca del Hospital \u00abGarrahan\u00bb. Los testimonios que he escuchado coinciden en todas las l\u00edneas con la experiencia que con mi familia he atravesado: el profesionalismo, la amabilidad, la eficiencia, la excelencia del Hospital \u00abGarrahan\u00bb.<\/p>\n\n\n\n<p>No tengo ninguna duda acerca de su importancia. Debemos salvarlo. Y las autoridades presentes y futuras deber\u00e1n poner todo su empe\u00f1o para que la atenci\u00f3n en esa instituci\u00f3n contin\u00fae siendo magn\u00edfica y que contin\u00fae en la vanguardia t\u00e9cnica y cient\u00edfica que siempre la caracteriz\u00f3.<\/p>\n\n\n\n<p><\/p>\n","protected":false},"excerpt":{"rendered":"<p>Por el prof. Rolando (Roli) Fern\u00e1ndez Algo m\u00e1s de 31 a\u00f1os atr\u00e1s fue necesario llevar a mi hija mayor al Hospital pedi\u00e1trico \u00abJuan P. Garrahan\u00bb. Ella acababa de cumplir un a\u00f1o de edad. Una extra\u00f1a enfermedad le afect\u00f3 sus gl\u00f3bulos rojos, con la consecuente anemia. Pas\u00f3 por varios meses de internaciones y estudios de todo [&hellip;]<\/p>\n","protected":false},"author":2,"featured_media":4962,"comment_status":"open","ping_status":"open","sticky":false,"template":"","format":"standard","meta":{"footnotes":""},"categories":[16],"tags":[],"class_list":{"0":"post-4961","1":"post","2":"type-post","3":"status-publish","4":"format-standard","5":"has-post-thumbnail","7":"category-locales"},"yoast_head":"<!-- This site is optimized with the Yoast SEO plugin v27.4 - https:\/\/yoast.com\/product\/yoast-seo-wordpress\/ -->\n<title>Debemos salvar al Garrahan... - Diario del Sur<\/title>\n<meta name=\"robots\" content=\"index, follow, max-snippet:-1, max-image-preview:large, max-video-preview:-1\" \/>\n<link rel=\"canonical\" href=\"https:\/\/diariodelsurdigital.com.ar\/?p=4961\" \/>\n<meta property=\"og:locale\" content=\"es_ES\" \/>\n<meta property=\"og:type\" content=\"article\" \/>\n<meta property=\"og:title\" content=\"Debemos salvar al Garrahan... - Diario del Sur\" \/>\n<meta property=\"og:description\" content=\"Por el prof. Rolando (Roli) Fern\u00e1ndez Algo m\u00e1s de 31 a\u00f1os atr\u00e1s fue necesario llevar a mi hija mayor al Hospital pedi\u00e1trico \u00abJuan P. Garrahan\u00bb. Ella acababa de cumplir un a\u00f1o de edad. Una extra\u00f1a enfermedad le afect\u00f3 sus gl\u00f3bulos rojos, con la consecuente anemia. Pas\u00f3 por varios meses de internaciones y estudios de todo [&hellip;]\" \/>\n<meta property=\"og:url\" content=\"https:\/\/diariodelsurdigital.com.ar\/?p=4961\" \/>\n<meta property=\"og:site_name\" content=\"Diario del Sur\" \/>\n<meta property=\"article:published_time\" content=\"2025-10-04T22:06:58+00:00\" \/>\n<meta property=\"article:modified_time\" content=\"2025-10-04T22:06:59+00:00\" \/>\n<meta property=\"og:image\" content=\"https:\/\/diariodelsurdigital.com.ar\/wp-content\/uploads\/2025\/10\/478549.png\" \/>\n\t<meta property=\"og:image:width\" content=\"448\" \/>\n\t<meta property=\"og:image:height\" content=\"249\" \/>\n\t<meta property=\"og:image:type\" content=\"image\/png\" \/>\n<meta name=\"author\" content=\"Diario del Sur Digital\" \/>\n<meta name=\"twitter:card\" content=\"summary_large_image\" \/>\n<meta name=\"twitter:label1\" content=\"Escrito por\" \/>\n\t<meta name=\"twitter:data1\" content=\"Diario del Sur Digital\" \/>\n\t<meta name=\"twitter:label2\" content=\"Tiempo de lectura\" \/>\n\t<meta name=\"twitter:data2\" content=\"2 minutos\" \/>\n<script type=\"application\/ld+json\" class=\"yoast-schema-graph\">{\"@context\":\"https:\\\/\\\/schema.org\",\"@graph\":[{\"@type\":\"Article\",\"@id\":\"https:\\\/\\\/diariodelsurdigital.com.ar\\\/?p=4961#article\",\"isPartOf\":{\"@id\":\"https:\\\/\\\/diariodelsurdigital.com.ar\\\/?p=4961\"},\"author\":{\"name\":\"Diario del Sur Digital\",\"@id\":\"https:\\\/\\\/diariodelsurdigital.com.ar\\\/#\\\/schema\\\/person\\\/6136a32571657f7dba980b88b04c5465\"},\"headline\":\"Debemos salvar al Garrahan&#8230;\",\"datePublished\":\"2025-10-04T22:06:58+00:00\",\"dateModified\":\"2025-10-04T22:06:59+00:00\",\"mainEntityOfPage\":{\"@id\":\"https:\\\/\\\/diariodelsurdigital.com.ar\\\/?p=4961\"},\"wordCount\":273,\"commentCount\":0,\"image\":{\"@id\":\"https:\\\/\\\/diariodelsurdigital.com.ar\\\/?p=4961#primaryimage\"},\"thumbnailUrl\":\"https:\\\/\\\/diariodelsurdigital.com.ar\\\/wp-content\\\/uploads\\\/2025\\\/10\\\/478549.png\",\"articleSection\":[\"Locales\"],\"inLanguage\":\"es\",\"potentialAction\":[{\"@type\":\"CommentAction\",\"name\":\"Comment\",\"target\":[\"https:\\\/\\\/diariodelsurdigital.com.ar\\\/?p=4961#respond\"]}]},{\"@type\":\"WebPage\",\"@id\":\"https:\\\/\\\/diariodelsurdigital.com.ar\\\/?p=4961\",\"url\":\"https:\\\/\\\/diariodelsurdigital.com.ar\\\/?p=4961\",\"name\":\"Debemos salvar al Garrahan... - Diario del Sur\",\"isPartOf\":{\"@id\":\"https:\\\/\\\/diariodelsurdigital.com.ar\\\/#website\"},\"primaryImageOfPage\":{\"@id\":\"https:\\\/\\\/diariodelsurdigital.com.ar\\\/?p=4961#primaryimage\"},\"image\":{\"@id\":\"https:\\\/\\\/diariodelsurdigital.com.ar\\\/?p=4961#primaryimage\"},\"thumbnailUrl\":\"https:\\\/\\\/diariodelsurdigital.com.ar\\\/wp-content\\\/uploads\\\/2025\\\/10\\\/478549.png\",\"datePublished\":\"2025-10-04T22:06:58+00:00\",\"dateModified\":\"2025-10-04T22:06:59+00:00\",\"author\":{\"@id\":\"https:\\\/\\\/diariodelsurdigital.com.ar\\\/#\\\/schema\\\/person\\\/6136a32571657f7dba980b88b04c5465\"},\"breadcrumb\":{\"@id\":\"https:\\\/\\\/diariodelsurdigital.com.ar\\\/?p=4961#breadcrumb\"},\"inLanguage\":\"es\",\"potentialAction\":[{\"@type\":\"ReadAction\",\"target\":[\"https:\\\/\\\/diariodelsurdigital.com.ar\\\/?p=4961\"]}]},{\"@type\":\"ImageObject\",\"inLanguage\":\"es\",\"@id\":\"https:\\\/\\\/diariodelsurdigital.com.ar\\\/?p=4961#primaryimage\",\"url\":\"https:\\\/\\\/diariodelsurdigital.com.ar\\\/wp-content\\\/uploads\\\/2025\\\/10\\\/478549.png\",\"contentUrl\":\"https:\\\/\\\/diariodelsurdigital.com.ar\\\/wp-content\\\/uploads\\\/2025\\\/10\\\/478549.png\",\"width\":448,\"height\":249},{\"@type\":\"BreadcrumbList\",\"@id\":\"https:\\\/\\\/diariodelsurdigital.com.ar\\\/?p=4961#breadcrumb\",\"itemListElement\":[{\"@type\":\"ListItem\",\"position\":1,\"name\":\"Portada\",\"item\":\"https:\\\/\\\/diariodelsurdigital.com.ar\\\/\"},{\"@type\":\"ListItem\",\"position\":2,\"name\":\"Debemos salvar al Garrahan&#8230;\"}]},{\"@type\":\"WebSite\",\"@id\":\"https:\\\/\\\/diariodelsurdigital.com.ar\\\/#website\",\"url\":\"https:\\\/\\\/diariodelsurdigital.com.ar\\\/\",\"name\":\"Diario del Sur\",\"description\":\"Digital\",\"potentialAction\":[{\"@type\":\"SearchAction\",\"target\":{\"@type\":\"EntryPoint\",\"urlTemplate\":\"https:\\\/\\\/diariodelsurdigital.com.ar\\\/?s={search_term_string}\"},\"query-input\":{\"@type\":\"PropertyValueSpecification\",\"valueRequired\":true,\"valueName\":\"search_term_string\"}}],\"inLanguage\":\"es\"},{\"@type\":\"Person\",\"@id\":\"https:\\\/\\\/diariodelsurdigital.com.ar\\\/#\\\/schema\\\/person\\\/6136a32571657f7dba980b88b04c5465\",\"name\":\"Diario del Sur Digital\",\"image\":{\"@type\":\"ImageObject\",\"inLanguage\":\"es\",\"@id\":\"https:\\\/\\\/secure.gravatar.com\\\/avatar\\\/4c29ceac98541dd42460b2474aaa5dd37594d6ce6cb3cf2c101d09b48ee287ba?s=96&d=mm&r=g\",\"url\":\"https:\\\/\\\/secure.gravatar.com\\\/avatar\\\/4c29ceac98541dd42460b2474aaa5dd37594d6ce6cb3cf2c101d09b48ee287ba?s=96&d=mm&r=g\",\"contentUrl\":\"https:\\\/\\\/secure.gravatar.com\\\/avatar\\\/4c29ceac98541dd42460b2474aaa5dd37594d6ce6cb3cf2c101d09b48ee287ba?s=96&d=mm&r=g\",\"caption\":\"Diario del Sur Digital\"},\"url\":\"https:\\\/\\\/diariodelsurdigital.com.ar\\\/?author=2\"}]}<\/script>\n<!-- \/ Yoast SEO plugin. -->","yoast_head_json":{"title":"Debemos salvar al Garrahan... - Diario del Sur","robots":{"index":"index","follow":"follow","max-snippet":"max-snippet:-1","max-image-preview":"max-image-preview:large","max-video-preview":"max-video-preview:-1"},"canonical":"https:\/\/diariodelsurdigital.com.ar\/?p=4961","og_locale":"es_ES","og_type":"article","og_title":"Debemos salvar al Garrahan... - Diario del Sur","og_description":"Por el prof. Rolando (Roli) Fern\u00e1ndez Algo m\u00e1s de 31 a\u00f1os atr\u00e1s fue necesario llevar a mi hija mayor al Hospital pedi\u00e1trico \u00abJuan P. Garrahan\u00bb. Ella acababa de cumplir un a\u00f1o de edad. Una extra\u00f1a enfermedad le afect\u00f3 sus gl\u00f3bulos rojos, con la consecuente anemia. Pas\u00f3 por varios meses de internaciones y estudios de todo [&hellip;]","og_url":"https:\/\/diariodelsurdigital.com.ar\/?p=4961","og_site_name":"Diario del Sur","article_published_time":"2025-10-04T22:06:58+00:00","article_modified_time":"2025-10-04T22:06:59+00:00","og_image":[{"width":448,"height":249,"url":"https:\/\/diariodelsurdigital.com.ar\/wp-content\/uploads\/2025\/10\/478549.png","type":"image\/png"}],"author":"Diario del Sur Digital","twitter_card":"summary_large_image","twitter_misc":{"Escrito por":"Diario del Sur Digital","Tiempo de lectura":"2 minutos"},"schema":{"@context":"https:\/\/schema.org","@graph":[{"@type":"Article","@id":"https:\/\/diariodelsurdigital.com.ar\/?p=4961#article","isPartOf":{"@id":"https:\/\/diariodelsurdigital.com.ar\/?p=4961"},"author":{"name":"Diario del Sur Digital","@id":"https:\/\/diariodelsurdigital.com.ar\/#\/schema\/person\/6136a32571657f7dba980b88b04c5465"},"headline":"Debemos salvar al Garrahan&#8230;","datePublished":"2025-10-04T22:06:58+00:00","dateModified":"2025-10-04T22:06:59+00:00","mainEntityOfPage":{"@id":"https:\/\/diariodelsurdigital.com.ar\/?p=4961"},"wordCount":273,"commentCount":0,"image":{"@id":"https:\/\/diariodelsurdigital.com.ar\/?p=4961#primaryimage"},"thumbnailUrl":"https:\/\/diariodelsurdigital.com.ar\/wp-content\/uploads\/2025\/10\/478549.png","articleSection":["Locales"],"inLanguage":"es","potentialAction":[{"@type":"CommentAction","name":"Comment","target":["https:\/\/diariodelsurdigital.com.ar\/?p=4961#respond"]}]},{"@type":"WebPage","@id":"https:\/\/diariodelsurdigital.com.ar\/?p=4961","url":"https:\/\/diariodelsurdigital.com.ar\/?p=4961","name":"Debemos salvar al Garrahan... - Diario del Sur","isPartOf":{"@id":"https:\/\/diariodelsurdigital.com.ar\/#website"},"primaryImageOfPage":{"@id":"https:\/\/diariodelsurdigital.com.ar\/?p=4961#primaryimage"},"image":{"@id":"https:\/\/diariodelsurdigital.com.ar\/?p=4961#primaryimage"},"thumbnailUrl":"https:\/\/diariodelsurdigital.com.ar\/wp-content\/uploads\/2025\/10\/478549.png","datePublished":"2025-10-04T22:06:58+00:00","dateModified":"2025-10-04T22:06:59+00:00","author":{"@id":"https:\/\/diariodelsurdigital.com.ar\/#\/schema\/person\/6136a32571657f7dba980b88b04c5465"},"breadcrumb":{"@id":"https:\/\/diariodelsurdigital.com.ar\/?p=4961#breadcrumb"},"inLanguage":"es","potentialAction":[{"@type":"ReadAction","target":["https:\/\/diariodelsurdigital.com.ar\/?p=4961"]}]},{"@type":"ImageObject","inLanguage":"es","@id":"https:\/\/diariodelsurdigital.com.ar\/?p=4961#primaryimage","url":"https:\/\/diariodelsurdigital.com.ar\/wp-content\/uploads\/2025\/10\/478549.png","contentUrl":"https:\/\/diariodelsurdigital.com.ar\/wp-content\/uploads\/2025\/10\/478549.png","width":448,"height":249},{"@type":"BreadcrumbList","@id":"https:\/\/diariodelsurdigital.com.ar\/?p=4961#breadcrumb","itemListElement":[{"@type":"ListItem","position":1,"name":"Portada","item":"https:\/\/diariodelsurdigital.com.ar\/"},{"@type":"ListItem","position":2,"name":"Debemos salvar al Garrahan&#8230;"}]},{"@type":"WebSite","@id":"https:\/\/diariodelsurdigital.com.ar\/#website","url":"https:\/\/diariodelsurdigital.com.ar\/","name":"Diario del Sur","description":"Digital","potentialAction":[{"@type":"SearchAction","target":{"@type":"EntryPoint","urlTemplate":"https:\/\/diariodelsurdigital.com.ar\/?s={search_term_string}"},"query-input":{"@type":"PropertyValueSpecification","valueRequired":true,"valueName":"search_term_string"}}],"inLanguage":"es"},{"@type":"Person","@id":"https:\/\/diariodelsurdigital.com.ar\/#\/schema\/person\/6136a32571657f7dba980b88b04c5465","name":"Diario del Sur Digital","image":{"@type":"ImageObject","inLanguage":"es","@id":"https:\/\/secure.gravatar.com\/avatar\/4c29ceac98541dd42460b2474aaa5dd37594d6ce6cb3cf2c101d09b48ee287ba?s=96&d=mm&r=g","url":"https:\/\/secure.gravatar.com\/avatar\/4c29ceac98541dd42460b2474aaa5dd37594d6ce6cb3cf2c101d09b48ee287ba?s=96&d=mm&r=g","contentUrl":"https:\/\/secure.gravatar.com\/avatar\/4c29ceac98541dd42460b2474aaa5dd37594d6ce6cb3cf2c101d09b48ee287ba?s=96&d=mm&r=g","caption":"Diario del Sur Digital"},"url":"https:\/\/diariodelsurdigital.com.ar\/?author=2"}]}},"_links":{"self":[{"href":"https:\/\/diariodelsurdigital.com.ar\/index.php?rest_route=\/wp\/v2\/posts\/4961","targetHints":{"allow":["GET"]}}],"collection":[{"href":"https:\/\/diariodelsurdigital.com.ar\/index.php?rest_route=\/wp\/v2\/posts"}],"about":[{"href":"https:\/\/diariodelsurdigital.com.ar\/index.php?rest_route=\/wp\/v2\/types\/post"}],"author":[{"embeddable":true,"href":"https:\/\/diariodelsurdigital.com.ar\/index.php?rest_route=\/wp\/v2\/users\/2"}],"replies":[{"embeddable":true,"href":"https:\/\/diariodelsurdigital.com.ar\/index.php?rest_route=%2Fwp%2Fv2%2Fcomments&post=4961"}],"version-history":[{"count":1,"href":"https:\/\/diariodelsurdigital.com.ar\/index.php?rest_route=\/wp\/v2\/posts\/4961\/revisions"}],"predecessor-version":[{"id":4963,"href":"https:\/\/diariodelsurdigital.com.ar\/index.php?rest_route=\/wp\/v2\/posts\/4961\/revisions\/4963"}],"wp:featuredmedia":[{"embeddable":true,"href":"https:\/\/diariodelsurdigital.com.ar\/index.php?rest_route=\/wp\/v2\/media\/4962"}],"wp:attachment":[{"href":"https:\/\/diariodelsurdigital.com.ar\/index.php?rest_route=%2Fwp%2Fv2%2Fmedia&parent=4961"}],"wp:term":[{"taxonomy":"category","embeddable":true,"href":"https:\/\/diariodelsurdigital.com.ar\/index.php?rest_route=%2Fwp%2Fv2%2Fcategories&post=4961"},{"taxonomy":"post_tag","embeddable":true,"href":"https:\/\/diariodelsurdigital.com.ar\/index.php?rest_route=%2Fwp%2Fv2%2Ftags&post=4961"}],"curies":[{"name":"wp","href":"https:\/\/api.w.org\/{rel}","templated":true}]}}