{"id":4974,"date":"2025-10-05T20:26:54","date_gmt":"2025-10-05T23:26:54","guid":{"rendered":"https:\/\/diariodelsurdigital.com.ar\/?p=4974"},"modified":"2025-10-05T20:26:55","modified_gmt":"2025-10-05T23:26:55","slug":"chau-espert","status":"publish","type":"post","link":"https:\/\/diariodelsurdigital.com.ar\/?p=4974","title":{"rendered":"Chau Espert"},"content":{"rendered":"\n<h1 class=\"wp-block-heading\"><\/h1>\n\n\n\n<h4 class=\"wp-block-heading\">Tras el esc\u00e1ndalo que lo rodea en torno a su v\u00ednculo con Fred Machado, acusado de narcotr\u00e1fico en Estados Unidos, y a tan solo 20 d\u00edas de las elecciones, Espert expres\u00f3 su decisi\u00f3n de \u00abdar un paso al costado\u00bb. Su salida deja vacante una candidatura clave en la provincia de Buenos Aires, el distrito m\u00e1s grande y disputado del pa\u00eds, y golpea directamente la estrategia electoral del oficialismo.<\/h4>\n\n\n\n<p>El economista ultraliberal\u00a0<strong>Jos\u00e9 Luis Espert<\/strong>\u00a0confirm\u00f3 este jueves por la noche que\u00a0<strong>renuncia a su candidatura a diputado nacional por la provincia de Buenos Aires<\/strong>, en medio del esc\u00e1ndalo por su relaci\u00f3n con\u00a0<strong>Federico \u201cFred\u201d Machado<\/strong>, empresario detenido y acusado de narcotr\u00e1fico en Estados Unidos.\u00a0<\/p>\n\n\n\n<p>A trav\u00e9s de una publicaci\u00f3n en la red social X, el referente de&nbsp;<strong>La Libertad Avanza<\/strong>&nbsp;anunci\u00f3 que hab\u00eda puesto \u201ca disposici\u00f3n\u201d su renuncia y que&nbsp;<strong>el presidente Javier Milei la acept\u00f3<\/strong>, luego de una semana marcada por revelaciones, presiones internas y un creciente malestar dentro del oficialismo.<\/p>\n\n\n\n<p>\u00abEn estas elecciones la Argentina tiene, una vez m\u00e1s, la oportunidad de dar vuelta la p\u00e1gina de su triste historia. Desde que el Presidente asumi\u00f3 est\u00e1 llevando adelante ese cambio con el esfuerzo y acompa\u00f1amiento de la mayor\u00eda de los argentinos\u00bb, asegur\u00f3.&nbsp;<\/p>\n\n\n\n<h2 class=\"wp-block-heading\"><strong>Una confesi\u00f3n forzada por las pruebas<\/strong><\/h2>\n\n\n\n<p>La ca\u00edda de Espert era&nbsp;<strong>un final anunciado<\/strong>. Durante los \u00faltimos d\u00edas, documentos judiciales provenientes de&nbsp;<strong>un expediente en Texas<\/strong>&nbsp;vincularon al diputado con el pago de&nbsp;<strong>200.000 d\u00f3lares por parte de Machado<\/strong>, acusado de&nbsp;<strong>exportar coca\u00edna a Estados Unidos<\/strong>&nbsp;mediante la compra fraudulenta de aviones. En esas aeronaves, Espert habr\u00eda realizado m\u00e1s de 30 vuelos durante la campa\u00f1a electoral de 2019.<\/p>\n\n\n\n<p>Pese a sus intentos de desligarse del caso \u2014alegando desconocer el trasfondo del empresario y afirmando que \u201clos vuelos los manejaba la gente del partido\u201d\u2014, las pruebas en su contra se acumularon sin pausa.&nbsp;<\/p>\n\n\n\n<figure class=\"wp-block-image\"><img decoding=\"async\" src=\"https:\/\/images.pagina12.com.ar\/styles\/width960\/public\/2025-10\/977974-captura-20de-20pantalla-202025-10-05-20a-20la-28s-29-207-28-12-e2-80-afp-c2-a0m-.jpg?itok=-_zA0Rf8\" alt=\"\"\/><\/figure>\n\n\n\n<p>La presi\u00f3n medi\u00e1tica y pol\u00edtica dentro del propio espacio libertario fue tal que, finalmente,&nbsp;<strong>Espert termin\u00f3 reconociendo haber recibido el dinero<\/strong>, aunque insisti\u00f3 en su inocencia y en que se trata de \u201cuna operaci\u00f3n orquestada para ensuciar el proceso electoral\u201d.<\/p>\n\n\n\n<p>\u00abEsta es una operaci\u00f3n claramente orquestada por un sistema que destruy\u00f3 a la Argentina por d\u00e9cadas y<strong>&nbsp;sostenido por un despiadado juicio medi\u00e1tico hacia mi persona, al que no me seguir\u00e9 prestando.<\/strong>&nbsp;A diferencia de los que, ante cada campa\u00f1a electoral, utilizan las mismas armas, yo no tengo nada que ocultar y demostrar\u00e9 mi inocencia ante la Justicia, sin fueros ni privilegios\u00bb, asegur\u00f3.<\/p>\n\n\n\n<h2 class=\"wp-block-heading\"><strong>\u201cPor la Argentina, doy un paso al costado\u201d<\/strong><\/h2>\n\n\n\n<p>En su mensaje difundido en redes, Espert asegur\u00f3 que su decisi\u00f3n responde a un intento de&nbsp;<strong>\u201cno perjudicar el proyecto de pa\u00eds\u201d<\/strong>&nbsp;impulsado por el presidente Milei.<\/p>\n\n\n\n<p>&nbsp;\u201cPuse a disposici\u00f3n mi renuncia y el Presidente decidi\u00f3 aceptarla\u201d, escribi\u00f3, se\u00f1alando que enfrentar\u00e1 la Justicia \u201csin fueros ni privilegios\u201d y que el tiempo \u201cdemostrar\u00e1 que todo esto fue una gran mentira\u201d.<\/p>\n\n\n\n<p>https:\/\/iframely.pagina12.com.ar\/api\/iframe?url=https%3A%2F%2Ftwitter.com%2Fjlespert%2Fstatus%2F1973940577273299329&#038;v=1&#038;app=1&#038;key=4676b5fdc083257ea87f71608c74e9fe&#038;playerjs=1<\/p>\n\n\n\n<p>El dirigente de&nbsp;<strong>63 a\u00f1os<\/strong>, que en 2019 intent\u00f3 llegar a la presidencia y en 2021 sell\u00f3 su acercamiento con Milei, deja atr\u00e1s una carrera marcada por&nbsp;<strong>idas y vueltas dentro de la derecha argentina<\/strong>. En su comunicado, tambi\u00e9n llam\u00f3 a los militantes libertarios a \u201cno dejarse psicopatear\u201d y a seguir trabajando de cara a las pr\u00f3ximas elecciones.<\/p>\n\n\n\n<p>\u00abA los dirigentes y compa\u00f1eros de ruta de La Libertad Avanza les digo: no se dejen psicopatear. Las explicaciones que hagan falta ser\u00e1n dadas a su debido momento y en donde corresponde. Utilicen cada segundo que queda hasta la elecci\u00f3n para explicarle a los argentinos la oportunidad que tenemos por delante, que no podemos dilapidar nuestro esfuerzo, y que este es el \u00fanico camino posible para recuperar el futuro\u00bb, cerr\u00f3.<\/p>\n\n\n\n<h2 class=\"wp-block-heading\"><strong>Un golpe pol\u00edtico para Milei<\/strong><\/h2>\n\n\n\n<p>La renuncia de Espert representa&nbsp;<strong>una nueva herida dentro del gobierno de Javier Milei<\/strong>, que acumula denuncias por&nbsp;<strong>corrupci\u00f3n, ajuste y desmanejos administrativos<\/strong>&nbsp;en plena crisis econ\u00f3mica.&nbsp;<\/p>\n\n\n\n<p>Su salida deja vacante una candidatura clave en&nbsp;<strong>la provincia de Buenos Aires<\/strong>, el distrito m\u00e1s grande y disputado del pa\u00eds, y golpea directamente la estrategia electoral del oficialismo.<\/p>\n\n\n\n<p>Mientras el caso de Fred Machado contin\u00faa su curso en la justicia estadounidense, el futuro pol\u00edtico de Jos\u00e9 Luis Espert queda en suspenso. \u201cDar un paso al costado\u201d, seg\u00fan sus propias palabras, podr\u00eda no ser solo un gesto moment\u00e1neo, sino&nbsp;<strong>el comienzo del final de su carrera pol\u00edtica<\/strong>.<\/p>\n\n\n\n<h2 class=\"wp-block-heading\"><strong>Milei respald\u00f3 la decisi\u00f3n y apunt\u00f3 contra \u201cuna operaci\u00f3n maliciosa\u201d<\/strong><\/h2>\n\n\n\n<p>Con tono desafiante \u2014pero mientras ensaya con su banda musical para la presentaci\u00f3n de su libro de este lunes\u2014,&nbsp;<strong>Javier Milei<\/strong>&nbsp;se refiri\u00f3 a la renuncia de Jos\u00e9 Luis Espert y busc\u00f3 dejar claro que&nbsp;<strong>el rumbo del gobierno no se modificar\u00e1<\/strong>.&nbsp;<\/p>\n\n\n\n<p>\u201c<strong>El proceso de cambio profundo que estamos llevando adelante es lo \u00fanico que importa. No vamos a permitir que una operaci\u00f3n maliciosa lo ponga en riesgo<\/strong>\u201d, asegur\u00f3 el mandatario en un mensaje difundido desde Casa Rosada.<\/p>\n\n\n\n<figure class=\"wp-block-image\"><img decoding=\"async\" src=\"https:\/\/images.pagina12.com.ar\/styles\/width960\/public\/2025-10\/977974-captura-20de-20pantalla-202025-10-05-20a-20la-28s-29-207-28-06-e2-80-afp-c2-a0m-.jpg?itok=CpclW9oY\" alt=\"\"\/><\/figure>\n\n\n\n<p>El ultraderechista insisti\u00f3 en que&nbsp;<strong>\u201cla Argentina siempre est\u00e1 por encima de las personas\u201d<\/strong>&nbsp;y que \u201c<strong>garantizar el cambio es m\u00e1s importante que cualquiera de nosotros<\/strong>\u201d.&nbsp;<\/p>\n\n\n\n<p>En su declaraci\u00f3n, Milei evit\u00f3 mencionar directamente el esc\u00e1ndalo con Fred Machado, pero&nbsp;<strong>reafirm\u00f3 su narrativa de persecuci\u00f3n pol\u00edtica<\/strong>, al se\u00f1alar que \u201c<strong>aunque nos quieran ensuciar, no somos lo mismo<\/strong>\u201d. Y cerr\u00f3 su mensaje con una frase que ya resuena en su entorno m\u00e1s cercano: \u201c<strong>La Libertad Avanza o la Argentina retrocede<\/strong>\u201d.<\/p>\n\n\n\n<p>Fuente: P\u00e1gina 12<\/p>\n","protected":false},"excerpt":{"rendered":"<p>Tras el esc\u00e1ndalo que lo rodea en torno a su v\u00ednculo con Fred Machado, acusado de narcotr\u00e1fico en Estados Unidos, y a tan solo 20 d\u00edas de las elecciones, Espert expres\u00f3 su decisi\u00f3n de \u00abdar un paso al costado\u00bb. Su salida deja vacante una candidatura clave en la provincia de Buenos Aires, el distrito m\u00e1s [&hellip;]<\/p>\n","protected":false},"author":2,"featured_media":4975,"comment_status":"open","ping_status":"open","sticky":false,"template":"","format":"standard","meta":{"footnotes":""},"categories":[18],"tags":[],"class_list":{"0":"post-4974","1":"post","2":"type-post","3":"status-publish","4":"format-standard","5":"has-post-thumbnail","7":"category-nacionales"},"yoast_head":"<!-- This site is optimized with the Yoast SEO plugin v27.4 - https:\/\/yoast.com\/product\/yoast-seo-wordpress\/ -->\n<title>Chau Espert - Diario del Sur<\/title>\n<meta name=\"robots\" content=\"index, follow, max-snippet:-1, max-image-preview:large, max-video-preview:-1\" \/>\n<link rel=\"canonical\" href=\"https:\/\/diariodelsurdigital.com.ar\/?p=4974\" \/>\n<meta property=\"og:locale\" content=\"es_ES\" \/>\n<meta property=\"og:type\" content=\"article\" \/>\n<meta property=\"og:title\" content=\"Chau Espert - Diario del Sur\" \/>\n<meta property=\"og:description\" content=\"Tras el esc\u00e1ndalo que lo rodea en torno a su v\u00ednculo con Fred Machado, acusado de narcotr\u00e1fico en Estados Unidos, y a tan solo 20 d\u00edas de las elecciones, Espert expres\u00f3 su decisi\u00f3n de \u00abdar un paso al costado\u00bb. Su salida deja vacante una candidatura clave en la provincia de Buenos Aires, el distrito m\u00e1s [&hellip;]\" \/>\n<meta property=\"og:url\" content=\"https:\/\/diariodelsurdigital.com.ar\/?p=4974\" \/>\n<meta property=\"og:site_name\" content=\"Diario del Sur\" \/>\n<meta property=\"article:published_time\" content=\"2025-10-05T23:26:54+00:00\" \/>\n<meta property=\"article:modified_time\" content=\"2025-10-05T23:26:55+00:00\" \/>\n<meta property=\"og:image\" content=\"https:\/\/diariodelsurdigital.com.ar\/wp-content\/uploads\/2025\/10\/977974-2025-09-dsc01928-scaled-1.jpeg\" \/>\n\t<meta property=\"og:image:width\" content=\"490\" \/>\n\t<meta property=\"og:image:height\" content=\"326\" \/>\n\t<meta property=\"og:image:type\" content=\"image\/jpeg\" \/>\n<meta name=\"author\" content=\"Diario del Sur Digital\" \/>\n<meta name=\"twitter:card\" content=\"summary_large_image\" \/>\n<meta name=\"twitter:label1\" content=\"Escrito por\" \/>\n\t<meta name=\"twitter:data1\" content=\"Diario del Sur Digital\" \/>\n\t<meta name=\"twitter:label2\" content=\"Tiempo de lectura\" \/>\n\t<meta name=\"twitter:data2\" content=\"5 minutos\" \/>\n<script type=\"application\/ld+json\" class=\"yoast-schema-graph\">{\"@context\":\"https:\\\/\\\/schema.org\",\"@graph\":[{\"@type\":\"Article\",\"@id\":\"https:\\\/\\\/diariodelsurdigital.com.ar\\\/?p=4974#article\",\"isPartOf\":{\"@id\":\"https:\\\/\\\/diariodelsurdigital.com.ar\\\/?p=4974\"},\"author\":{\"name\":\"Diario del Sur Digital\",\"@id\":\"https:\\\/\\\/diariodelsurdigital.com.ar\\\/#\\\/schema\\\/person\\\/6136a32571657f7dba980b88b04c5465\"},\"headline\":\"Chau Espert\",\"datePublished\":\"2025-10-05T23:26:54+00:00\",\"dateModified\":\"2025-10-05T23:26:55+00:00\",\"mainEntityOfPage\":{\"@id\":\"https:\\\/\\\/diariodelsurdigital.com.ar\\\/?p=4974\"},\"wordCount\":1008,\"commentCount\":0,\"image\":{\"@id\":\"https:\\\/\\\/diariodelsurdigital.com.ar\\\/?p=4974#primaryimage\"},\"thumbnailUrl\":\"https:\\\/\\\/diariodelsurdigital.com.ar\\\/wp-content\\\/uploads\\\/2025\\\/10\\\/977974-2025-09-dsc01928-scaled-1.jpeg\",\"articleSection\":[\"Nacionales\"],\"inLanguage\":\"es\",\"potentialAction\":[{\"@type\":\"CommentAction\",\"name\":\"Comment\",\"target\":[\"https:\\\/\\\/diariodelsurdigital.com.ar\\\/?p=4974#respond\"]}]},{\"@type\":\"WebPage\",\"@id\":\"https:\\\/\\\/diariodelsurdigital.com.ar\\\/?p=4974\",\"url\":\"https:\\\/\\\/diariodelsurdigital.com.ar\\\/?p=4974\",\"name\":\"Chau Espert - Diario del Sur\",\"isPartOf\":{\"@id\":\"https:\\\/\\\/diariodelsurdigital.com.ar\\\/#website\"},\"primaryImageOfPage\":{\"@id\":\"https:\\\/\\\/diariodelsurdigital.com.ar\\\/?p=4974#primaryimage\"},\"image\":{\"@id\":\"https:\\\/\\\/diariodelsurdigital.com.ar\\\/?p=4974#primaryimage\"},\"thumbnailUrl\":\"https:\\\/\\\/diariodelsurdigital.com.ar\\\/wp-content\\\/uploads\\\/2025\\\/10\\\/977974-2025-09-dsc01928-scaled-1.jpeg\",\"datePublished\":\"2025-10-05T23:26:54+00:00\",\"dateModified\":\"2025-10-05T23:26:55+00:00\",\"author\":{\"@id\":\"https:\\\/\\\/diariodelsurdigital.com.ar\\\/#\\\/schema\\\/person\\\/6136a32571657f7dba980b88b04c5465\"},\"breadcrumb\":{\"@id\":\"https:\\\/\\\/diariodelsurdigital.com.ar\\\/?p=4974#breadcrumb\"},\"inLanguage\":\"es\",\"potentialAction\":[{\"@type\":\"ReadAction\",\"target\":[\"https:\\\/\\\/diariodelsurdigital.com.ar\\\/?p=4974\"]}]},{\"@type\":\"ImageObject\",\"inLanguage\":\"es\",\"@id\":\"https:\\\/\\\/diariodelsurdigital.com.ar\\\/?p=4974#primaryimage\",\"url\":\"https:\\\/\\\/diariodelsurdigital.com.ar\\\/wp-content\\\/uploads\\\/2025\\\/10\\\/977974-2025-09-dsc01928-scaled-1.jpeg\",\"contentUrl\":\"https:\\\/\\\/diariodelsurdigital.com.ar\\\/wp-content\\\/uploads\\\/2025\\\/10\\\/977974-2025-09-dsc01928-scaled-1.jpeg\",\"width\":490,\"height\":326},{\"@type\":\"BreadcrumbList\",\"@id\":\"https:\\\/\\\/diariodelsurdigital.com.ar\\\/?p=4974#breadcrumb\",\"itemListElement\":[{\"@type\":\"ListItem\",\"position\":1,\"name\":\"Portada\",\"item\":\"https:\\\/\\\/diariodelsurdigital.com.ar\\\/\"},{\"@type\":\"ListItem\",\"position\":2,\"name\":\"Chau Espert\"}]},{\"@type\":\"WebSite\",\"@id\":\"https:\\\/\\\/diariodelsurdigital.com.ar\\\/#website\",\"url\":\"https:\\\/\\\/diariodelsurdigital.com.ar\\\/\",\"name\":\"Diario del Sur\",\"description\":\"Digital\",\"potentialAction\":[{\"@type\":\"SearchAction\",\"target\":{\"@type\":\"EntryPoint\",\"urlTemplate\":\"https:\\\/\\\/diariodelsurdigital.com.ar\\\/?s={search_term_string}\"},\"query-input\":{\"@type\":\"PropertyValueSpecification\",\"valueRequired\":true,\"valueName\":\"search_term_string\"}}],\"inLanguage\":\"es\"},{\"@type\":\"Person\",\"@id\":\"https:\\\/\\\/diariodelsurdigital.com.ar\\\/#\\\/schema\\\/person\\\/6136a32571657f7dba980b88b04c5465\",\"name\":\"Diario del Sur Digital\",\"image\":{\"@type\":\"ImageObject\",\"inLanguage\":\"es\",\"@id\":\"https:\\\/\\\/secure.gravatar.com\\\/avatar\\\/4c29ceac98541dd42460b2474aaa5dd37594d6ce6cb3cf2c101d09b48ee287ba?s=96&d=mm&r=g\",\"url\":\"https:\\\/\\\/secure.gravatar.com\\\/avatar\\\/4c29ceac98541dd42460b2474aaa5dd37594d6ce6cb3cf2c101d09b48ee287ba?s=96&d=mm&r=g\",\"contentUrl\":\"https:\\\/\\\/secure.gravatar.com\\\/avatar\\\/4c29ceac98541dd42460b2474aaa5dd37594d6ce6cb3cf2c101d09b48ee287ba?s=96&d=mm&r=g\",\"caption\":\"Diario del Sur Digital\"},\"url\":\"https:\\\/\\\/diariodelsurdigital.com.ar\\\/?author=2\"}]}<\/script>\n<!-- \/ Yoast SEO plugin. -->","yoast_head_json":{"title":"Chau Espert - Diario del Sur","robots":{"index":"index","follow":"follow","max-snippet":"max-snippet:-1","max-image-preview":"max-image-preview:large","max-video-preview":"max-video-preview:-1"},"canonical":"https:\/\/diariodelsurdigital.com.ar\/?p=4974","og_locale":"es_ES","og_type":"article","og_title":"Chau Espert - Diario del Sur","og_description":"Tras el esc\u00e1ndalo que lo rodea en torno a su v\u00ednculo con Fred Machado, acusado de narcotr\u00e1fico en Estados Unidos, y a tan solo 20 d\u00edas de las elecciones, Espert expres\u00f3 su decisi\u00f3n de \u00abdar un paso al costado\u00bb. Su salida deja vacante una candidatura clave en la provincia de Buenos Aires, el distrito m\u00e1s [&hellip;]","og_url":"https:\/\/diariodelsurdigital.com.ar\/?p=4974","og_site_name":"Diario del Sur","article_published_time":"2025-10-05T23:26:54+00:00","article_modified_time":"2025-10-05T23:26:55+00:00","og_image":[{"width":490,"height":326,"url":"https:\/\/diariodelsurdigital.com.ar\/wp-content\/uploads\/2025\/10\/977974-2025-09-dsc01928-scaled-1.jpeg","type":"image\/jpeg"}],"author":"Diario del Sur Digital","twitter_card":"summary_large_image","twitter_misc":{"Escrito por":"Diario del Sur Digital","Tiempo de lectura":"5 minutos"},"schema":{"@context":"https:\/\/schema.org","@graph":[{"@type":"Article","@id":"https:\/\/diariodelsurdigital.com.ar\/?p=4974#article","isPartOf":{"@id":"https:\/\/diariodelsurdigital.com.ar\/?p=4974"},"author":{"name":"Diario del Sur Digital","@id":"https:\/\/diariodelsurdigital.com.ar\/#\/schema\/person\/6136a32571657f7dba980b88b04c5465"},"headline":"Chau Espert","datePublished":"2025-10-05T23:26:54+00:00","dateModified":"2025-10-05T23:26:55+00:00","mainEntityOfPage":{"@id":"https:\/\/diariodelsurdigital.com.ar\/?p=4974"},"wordCount":1008,"commentCount":0,"image":{"@id":"https:\/\/diariodelsurdigital.com.ar\/?p=4974#primaryimage"},"thumbnailUrl":"https:\/\/diariodelsurdigital.com.ar\/wp-content\/uploads\/2025\/10\/977974-2025-09-dsc01928-scaled-1.jpeg","articleSection":["Nacionales"],"inLanguage":"es","potentialAction":[{"@type":"CommentAction","name":"Comment","target":["https:\/\/diariodelsurdigital.com.ar\/?p=4974#respond"]}]},{"@type":"WebPage","@id":"https:\/\/diariodelsurdigital.com.ar\/?p=4974","url":"https:\/\/diariodelsurdigital.com.ar\/?p=4974","name":"Chau Espert - Diario del Sur","isPartOf":{"@id":"https:\/\/diariodelsurdigital.com.ar\/#website"},"primaryImageOfPage":{"@id":"https:\/\/diariodelsurdigital.com.ar\/?p=4974#primaryimage"},"image":{"@id":"https:\/\/diariodelsurdigital.com.ar\/?p=4974#primaryimage"},"thumbnailUrl":"https:\/\/diariodelsurdigital.com.ar\/wp-content\/uploads\/2025\/10\/977974-2025-09-dsc01928-scaled-1.jpeg","datePublished":"2025-10-05T23:26:54+00:00","dateModified":"2025-10-05T23:26:55+00:00","author":{"@id":"https:\/\/diariodelsurdigital.com.ar\/#\/schema\/person\/6136a32571657f7dba980b88b04c5465"},"breadcrumb":{"@id":"https:\/\/diariodelsurdigital.com.ar\/?p=4974#breadcrumb"},"inLanguage":"es","potentialAction":[{"@type":"ReadAction","target":["https:\/\/diariodelsurdigital.com.ar\/?p=4974"]}]},{"@type":"ImageObject","inLanguage":"es","@id":"https:\/\/diariodelsurdigital.com.ar\/?p=4974#primaryimage","url":"https:\/\/diariodelsurdigital.com.ar\/wp-content\/uploads\/2025\/10\/977974-2025-09-dsc01928-scaled-1.jpeg","contentUrl":"https:\/\/diariodelsurdigital.com.ar\/wp-content\/uploads\/2025\/10\/977974-2025-09-dsc01928-scaled-1.jpeg","width":490,"height":326},{"@type":"BreadcrumbList","@id":"https:\/\/diariodelsurdigital.com.ar\/?p=4974#breadcrumb","itemListElement":[{"@type":"ListItem","position":1,"name":"Portada","item":"https:\/\/diariodelsurdigital.com.ar\/"},{"@type":"ListItem","position":2,"name":"Chau Espert"}]},{"@type":"WebSite","@id":"https:\/\/diariodelsurdigital.com.ar\/#website","url":"https:\/\/diariodelsurdigital.com.ar\/","name":"Diario del Sur","description":"Digital","potentialAction":[{"@type":"SearchAction","target":{"@type":"EntryPoint","urlTemplate":"https:\/\/diariodelsurdigital.com.ar\/?s={search_term_string}"},"query-input":{"@type":"PropertyValueSpecification","valueRequired":true,"valueName":"search_term_string"}}],"inLanguage":"es"},{"@type":"Person","@id":"https:\/\/diariodelsurdigital.com.ar\/#\/schema\/person\/6136a32571657f7dba980b88b04c5465","name":"Diario del Sur Digital","image":{"@type":"ImageObject","inLanguage":"es","@id":"https:\/\/secure.gravatar.com\/avatar\/4c29ceac98541dd42460b2474aaa5dd37594d6ce6cb3cf2c101d09b48ee287ba?s=96&d=mm&r=g","url":"https:\/\/secure.gravatar.com\/avatar\/4c29ceac98541dd42460b2474aaa5dd37594d6ce6cb3cf2c101d09b48ee287ba?s=96&d=mm&r=g","contentUrl":"https:\/\/secure.gravatar.com\/avatar\/4c29ceac98541dd42460b2474aaa5dd37594d6ce6cb3cf2c101d09b48ee287ba?s=96&d=mm&r=g","caption":"Diario del Sur Digital"},"url":"https:\/\/diariodelsurdigital.com.ar\/?author=2"}]}},"_links":{"self":[{"href":"https:\/\/diariodelsurdigital.com.ar\/index.php?rest_route=\/wp\/v2\/posts\/4974","targetHints":{"allow":["GET"]}}],"collection":[{"href":"https:\/\/diariodelsurdigital.com.ar\/index.php?rest_route=\/wp\/v2\/posts"}],"about":[{"href":"https:\/\/diariodelsurdigital.com.ar\/index.php?rest_route=\/wp\/v2\/types\/post"}],"author":[{"embeddable":true,"href":"https:\/\/diariodelsurdigital.com.ar\/index.php?rest_route=\/wp\/v2\/users\/2"}],"replies":[{"embeddable":true,"href":"https:\/\/diariodelsurdigital.com.ar\/index.php?rest_route=%2Fwp%2Fv2%2Fcomments&post=4974"}],"version-history":[{"count":1,"href":"https:\/\/diariodelsurdigital.com.ar\/index.php?rest_route=\/wp\/v2\/posts\/4974\/revisions"}],"predecessor-version":[{"id":4976,"href":"https:\/\/diariodelsurdigital.com.ar\/index.php?rest_route=\/wp\/v2\/posts\/4974\/revisions\/4976"}],"wp:featuredmedia":[{"embeddable":true,"href":"https:\/\/diariodelsurdigital.com.ar\/index.php?rest_route=\/wp\/v2\/media\/4975"}],"wp:attachment":[{"href":"https:\/\/diariodelsurdigital.com.ar\/index.php?rest_route=%2Fwp%2Fv2%2Fmedia&parent=4974"}],"wp:term":[{"taxonomy":"category","embeddable":true,"href":"https:\/\/diariodelsurdigital.com.ar\/index.php?rest_route=%2Fwp%2Fv2%2Fcategories&post=4974"},{"taxonomy":"post_tag","embeddable":true,"href":"https:\/\/diariodelsurdigital.com.ar\/index.php?rest_route=%2Fwp%2Fv2%2Ftags&post=4974"}],"curies":[{"name":"wp","href":"https:\/\/api.w.org\/{rel}","templated":true}]}}