{"id":4984,"date":"2025-10-06T10:44:47","date_gmt":"2025-10-06T13:44:47","guid":{"rendered":"https:\/\/diariodelsurdigital.com.ar\/?p=4984"},"modified":"2025-10-06T10:44:48","modified_gmt":"2025-10-06T13:44:48","slug":"emprendedores-entrerrianos-expusieron-sus-productos-saludables-en-buenos-aires","status":"publish","type":"post","link":"https:\/\/diariodelsurdigital.com.ar\/?p=4984","title":{"rendered":"Emprendedores entrerrianos expusieron sus productos saludables en Buenos Aires"},"content":{"rendered":"\n<p>En el marco de las pol\u00edticas de promoci\u00f3n al emprendedurismo entrerriano que viene llevando a cabo el Gobierno provincial, diez empresas locales participaron de la Feria Nacional de la Alimentaci\u00f3n Saludable Diet\u00e9ticactiva.<\/p>\n\n\n\n<p>El encuentro se realiz\u00f3 el 27 y 28 de septiembre en Costa Salguero, Buenos Aires, y reuni\u00f3 a productores, distribuidores y profesionales de todo el pa\u00eds, consolid\u00e1ndose como una de las principales vidrieras del sector.<\/p>\n\n\n\n<p>La participaci\u00f3n de emprendimientos entrerrianos fue organizada por la Secretar\u00eda de Desarrollo Productivo y Emprendedor, con el objetivo de dar visibilidad a las marcas locales y facilitar contactos comerciales. La secretaria Paula Vicari destac\u00f3: \u00abEstos encuentros poseen una importancia estrat\u00e9gica, ya que permiten que nuestras empresas muestren su producci\u00f3n, se conecten con distribuidores y accedan a nuevas oportunidades de mercado\u00bb.<\/p>\n\n\n\n<p>Los rubros representados incluyeron alimentos saludables; productos aptos para cel\u00edacos, diab\u00e9ticos, vegetarianos y veganos; alimentos org\u00e1nicos; suplementos dietarios y para deportistas; alimentos funcionales; infusiones y productos para herborister\u00edas; tinturas madres y fitoc\u00e1psulas; y cosm\u00e9tica natural y bienestar.<\/p>\n\n\n\n<p>Juan Manuel Pauletti de Regidiet, empresa que elabora mermeladas y dulce de leche libre de sellos, coment\u00f3: \u00abEstamos muy contentos de participar, tuvimos muy buena respuesta del p\u00fablico e hicimos contactos con puntos de venta y distribuidores de todo el pa\u00eds. Es un lugar clave para promocionar productos innovadores y conectar con la demanda actual\u00bb.<\/p>\n\n\n\n<p>Por su parte, en representaci\u00f3n de la firma de jugos naturales Vitanat, Dami\u00e1n Ramallo se\u00f1al\u00f3: \u00abLa experiencia es invaluable. Nos permiti\u00f3 dar a conocer el producto, contactarnos con diet\u00e9ticas, distribuidores y mayoristas. Nos sorprendi\u00f3 el inter\u00e9s que gener\u00f3 y eso nos impulsa a seguir creciendo, apostando siempre por Entre R\u00edos\u00bb.<\/p>\n","protected":false},"excerpt":{"rendered":"<p>En el marco de las pol\u00edticas de promoci\u00f3n al emprendedurismo entrerriano que viene llevando a cabo el Gobierno provincial, diez empresas locales participaron de la Feria Nacional de la Alimentaci\u00f3n Saludable Diet\u00e9ticactiva. El encuentro se realiz\u00f3 el 27 y 28 de septiembre en Costa Salguero, Buenos Aires, y reuni\u00f3 a productores, distribuidores y profesionales de [&hellip;]<\/p>\n","protected":false},"author":4,"featured_media":4985,"comment_status":"open","ping_status":"open","sticky":false,"template":"","format":"standard","meta":{"footnotes":""},"categories":[19],"tags":[],"class_list":{"0":"post-4984","1":"post","2":"type-post","3":"status-publish","4":"format-standard","5":"has-post-thumbnail","7":"category-interes-general"},"yoast_head":"<!-- This site is optimized with the Yoast SEO plugin v27.4 - https:\/\/yoast.com\/product\/yoast-seo-wordpress\/ -->\n<title>Emprendedores entrerrianos expusieron sus productos saludables en Buenos Aires - Diario del Sur<\/title>\n<meta name=\"robots\" content=\"index, follow, max-snippet:-1, max-image-preview:large, max-video-preview:-1\" \/>\n<link rel=\"canonical\" href=\"https:\/\/diariodelsurdigital.com.ar\/?p=4984\" \/>\n<meta property=\"og:locale\" content=\"es_ES\" \/>\n<meta property=\"og:type\" content=\"article\" \/>\n<meta property=\"og:title\" content=\"Emprendedores entrerrianos expusieron sus productos saludables en Buenos Aires - Diario del Sur\" \/>\n<meta property=\"og:description\" content=\"En el marco de las pol\u00edticas de promoci\u00f3n al emprendedurismo entrerriano que viene llevando a cabo el Gobierno provincial, diez empresas locales participaron de la Feria Nacional de la Alimentaci\u00f3n Saludable Diet\u00e9ticactiva. El encuentro se realiz\u00f3 el 27 y 28 de septiembre en Costa Salguero, Buenos Aires, y reuni\u00f3 a productores, distribuidores y profesionales de [&hellip;]\" \/>\n<meta property=\"og:url\" content=\"https:\/\/diariodelsurdigital.com.ar\/?p=4984\" \/>\n<meta property=\"og:site_name\" content=\"Diario del Sur\" \/>\n<meta property=\"article:published_time\" content=\"2025-10-06T13:44:47+00:00\" \/>\n<meta property=\"article:modified_time\" content=\"2025-10-06T13:44:48+00:00\" \/>\n<meta property=\"og:image\" content=\"https:\/\/diariodelsurdigital.com.ar\/wp-content\/uploads\/2025\/10\/md-2.webp\" \/>\n\t<meta property=\"og:image:width\" content=\"992\" \/>\n\t<meta property=\"og:image:height\" content=\"661\" \/>\n\t<meta property=\"og:image:type\" content=\"image\/webp\" \/>\n<meta name=\"author\" content=\"Diario del Sur Digital\" \/>\n<meta name=\"twitter:card\" content=\"summary_large_image\" \/>\n<meta name=\"twitter:label1\" content=\"Escrito por\" \/>\n\t<meta name=\"twitter:data1\" content=\"Diario del Sur Digital\" \/>\n\t<meta name=\"twitter:label2\" content=\"Tiempo de lectura\" \/>\n\t<meta name=\"twitter:data2\" content=\"2 minutos\" \/>\n<script type=\"application\/ld+json\" class=\"yoast-schema-graph\">{\"@context\":\"https:\\\/\\\/schema.org\",\"@graph\":[{\"@type\":\"Article\",\"@id\":\"https:\\\/\\\/diariodelsurdigital.com.ar\\\/?p=4984#article\",\"isPartOf\":{\"@id\":\"https:\\\/\\\/diariodelsurdigital.com.ar\\\/?p=4984\"},\"author\":{\"name\":\"Diario del Sur Digital\",\"@id\":\"https:\\\/\\\/diariodelsurdigital.com.ar\\\/#\\\/schema\\\/person\\\/1a4992532ed62965c968031b49195c81\"},\"headline\":\"Emprendedores entrerrianos expusieron sus productos saludables en Buenos Aires\",\"datePublished\":\"2025-10-06T13:44:47+00:00\",\"dateModified\":\"2025-10-06T13:44:48+00:00\",\"mainEntityOfPage\":{\"@id\":\"https:\\\/\\\/diariodelsurdigital.com.ar\\\/?p=4984\"},\"wordCount\":300,\"commentCount\":0,\"image\":{\"@id\":\"https:\\\/\\\/diariodelsurdigital.com.ar\\\/?p=4984#primaryimage\"},\"thumbnailUrl\":\"https:\\\/\\\/diariodelsurdigital.com.ar\\\/wp-content\\\/uploads\\\/2025\\\/10\\\/md-2.webp\",\"articleSection\":[\"Inter\u00e9s General\"],\"inLanguage\":\"es\",\"potentialAction\":[{\"@type\":\"CommentAction\",\"name\":\"Comment\",\"target\":[\"https:\\\/\\\/diariodelsurdigital.com.ar\\\/?p=4984#respond\"]}]},{\"@type\":\"WebPage\",\"@id\":\"https:\\\/\\\/diariodelsurdigital.com.ar\\\/?p=4984\",\"url\":\"https:\\\/\\\/diariodelsurdigital.com.ar\\\/?p=4984\",\"name\":\"Emprendedores entrerrianos expusieron sus productos saludables en Buenos Aires - Diario del Sur\",\"isPartOf\":{\"@id\":\"https:\\\/\\\/diariodelsurdigital.com.ar\\\/#website\"},\"primaryImageOfPage\":{\"@id\":\"https:\\\/\\\/diariodelsurdigital.com.ar\\\/?p=4984#primaryimage\"},\"image\":{\"@id\":\"https:\\\/\\\/diariodelsurdigital.com.ar\\\/?p=4984#primaryimage\"},\"thumbnailUrl\":\"https:\\\/\\\/diariodelsurdigital.com.ar\\\/wp-content\\\/uploads\\\/2025\\\/10\\\/md-2.webp\",\"datePublished\":\"2025-10-06T13:44:47+00:00\",\"dateModified\":\"2025-10-06T13:44:48+00:00\",\"author\":{\"@id\":\"https:\\\/\\\/diariodelsurdigital.com.ar\\\/#\\\/schema\\\/person\\\/1a4992532ed62965c968031b49195c81\"},\"breadcrumb\":{\"@id\":\"https:\\\/\\\/diariodelsurdigital.com.ar\\\/?p=4984#breadcrumb\"},\"inLanguage\":\"es\",\"potentialAction\":[{\"@type\":\"ReadAction\",\"target\":[\"https:\\\/\\\/diariodelsurdigital.com.ar\\\/?p=4984\"]}]},{\"@type\":\"ImageObject\",\"inLanguage\":\"es\",\"@id\":\"https:\\\/\\\/diariodelsurdigital.com.ar\\\/?p=4984#primaryimage\",\"url\":\"https:\\\/\\\/diariodelsurdigital.com.ar\\\/wp-content\\\/uploads\\\/2025\\\/10\\\/md-2.webp\",\"contentUrl\":\"https:\\\/\\\/diariodelsurdigital.com.ar\\\/wp-content\\\/uploads\\\/2025\\\/10\\\/md-2.webp\",\"width\":992,\"height\":661},{\"@type\":\"BreadcrumbList\",\"@id\":\"https:\\\/\\\/diariodelsurdigital.com.ar\\\/?p=4984#breadcrumb\",\"itemListElement\":[{\"@type\":\"ListItem\",\"position\":1,\"name\":\"Portada\",\"item\":\"https:\\\/\\\/diariodelsurdigital.com.ar\\\/\"},{\"@type\":\"ListItem\",\"position\":2,\"name\":\"Emprendedores entrerrianos expusieron sus productos saludables en Buenos Aires\"}]},{\"@type\":\"WebSite\",\"@id\":\"https:\\\/\\\/diariodelsurdigital.com.ar\\\/#website\",\"url\":\"https:\\\/\\\/diariodelsurdigital.com.ar\\\/\",\"name\":\"Diario del Sur\",\"description\":\"Digital\",\"potentialAction\":[{\"@type\":\"SearchAction\",\"target\":{\"@type\":\"EntryPoint\",\"urlTemplate\":\"https:\\\/\\\/diariodelsurdigital.com.ar\\\/?s={search_term_string}\"},\"query-input\":{\"@type\":\"PropertyValueSpecification\",\"valueRequired\":true,\"valueName\":\"search_term_string\"}}],\"inLanguage\":\"es\"},{\"@type\":\"Person\",\"@id\":\"https:\\\/\\\/diariodelsurdigital.com.ar\\\/#\\\/schema\\\/person\\\/1a4992532ed62965c968031b49195c81\",\"name\":\"Diario del Sur Digital\",\"image\":{\"@type\":\"ImageObject\",\"inLanguage\":\"es\",\"@id\":\"https:\\\/\\\/secure.gravatar.com\\\/avatar\\\/f0c7c47fc7146d19828273b9b8eda651c9c7ab583767e6338d3d3bee825adf76?s=96&d=mm&r=g\",\"url\":\"https:\\\/\\\/secure.gravatar.com\\\/avatar\\\/f0c7c47fc7146d19828273b9b8eda651c9c7ab583767e6338d3d3bee825adf76?s=96&d=mm&r=g\",\"contentUrl\":\"https:\\\/\\\/secure.gravatar.com\\\/avatar\\\/f0c7c47fc7146d19828273b9b8eda651c9c7ab583767e6338d3d3bee825adf76?s=96&d=mm&r=g\",\"caption\":\"Diario del Sur Digital\"},\"url\":\"https:\\\/\\\/diariodelsurdigital.com.ar\\\/?author=4\"}]}<\/script>\n<!-- \/ Yoast SEO plugin. -->","yoast_head_json":{"title":"Emprendedores entrerrianos expusieron sus productos saludables en Buenos Aires - Diario del Sur","robots":{"index":"index","follow":"follow","max-snippet":"max-snippet:-1","max-image-preview":"max-image-preview:large","max-video-preview":"max-video-preview:-1"},"canonical":"https:\/\/diariodelsurdigital.com.ar\/?p=4984","og_locale":"es_ES","og_type":"article","og_title":"Emprendedores entrerrianos expusieron sus productos saludables en Buenos Aires - Diario del Sur","og_description":"En el marco de las pol\u00edticas de promoci\u00f3n al emprendedurismo entrerriano que viene llevando a cabo el Gobierno provincial, diez empresas locales participaron de la Feria Nacional de la Alimentaci\u00f3n Saludable Diet\u00e9ticactiva. El encuentro se realiz\u00f3 el 27 y 28 de septiembre en Costa Salguero, Buenos Aires, y reuni\u00f3 a productores, distribuidores y profesionales de [&hellip;]","og_url":"https:\/\/diariodelsurdigital.com.ar\/?p=4984","og_site_name":"Diario del Sur","article_published_time":"2025-10-06T13:44:47+00:00","article_modified_time":"2025-10-06T13:44:48+00:00","og_image":[{"width":992,"height":661,"url":"https:\/\/diariodelsurdigital.com.ar\/wp-content\/uploads\/2025\/10\/md-2.webp","type":"image\/webp"}],"author":"Diario del Sur Digital","twitter_card":"summary_large_image","twitter_misc":{"Escrito por":"Diario del Sur Digital","Tiempo de lectura":"2 minutos"},"schema":{"@context":"https:\/\/schema.org","@graph":[{"@type":"Article","@id":"https:\/\/diariodelsurdigital.com.ar\/?p=4984#article","isPartOf":{"@id":"https:\/\/diariodelsurdigital.com.ar\/?p=4984"},"author":{"name":"Diario del Sur Digital","@id":"https:\/\/diariodelsurdigital.com.ar\/#\/schema\/person\/1a4992532ed62965c968031b49195c81"},"headline":"Emprendedores entrerrianos expusieron sus productos saludables en Buenos Aires","datePublished":"2025-10-06T13:44:47+00:00","dateModified":"2025-10-06T13:44:48+00:00","mainEntityOfPage":{"@id":"https:\/\/diariodelsurdigital.com.ar\/?p=4984"},"wordCount":300,"commentCount":0,"image":{"@id":"https:\/\/diariodelsurdigital.com.ar\/?p=4984#primaryimage"},"thumbnailUrl":"https:\/\/diariodelsurdigital.com.ar\/wp-content\/uploads\/2025\/10\/md-2.webp","articleSection":["Inter\u00e9s General"],"inLanguage":"es","potentialAction":[{"@type":"CommentAction","name":"Comment","target":["https:\/\/diariodelsurdigital.com.ar\/?p=4984#respond"]}]},{"@type":"WebPage","@id":"https:\/\/diariodelsurdigital.com.ar\/?p=4984","url":"https:\/\/diariodelsurdigital.com.ar\/?p=4984","name":"Emprendedores entrerrianos expusieron sus productos saludables en Buenos Aires - Diario del Sur","isPartOf":{"@id":"https:\/\/diariodelsurdigital.com.ar\/#website"},"primaryImageOfPage":{"@id":"https:\/\/diariodelsurdigital.com.ar\/?p=4984#primaryimage"},"image":{"@id":"https:\/\/diariodelsurdigital.com.ar\/?p=4984#primaryimage"},"thumbnailUrl":"https:\/\/diariodelsurdigital.com.ar\/wp-content\/uploads\/2025\/10\/md-2.webp","datePublished":"2025-10-06T13:44:47+00:00","dateModified":"2025-10-06T13:44:48+00:00","author":{"@id":"https:\/\/diariodelsurdigital.com.ar\/#\/schema\/person\/1a4992532ed62965c968031b49195c81"},"breadcrumb":{"@id":"https:\/\/diariodelsurdigital.com.ar\/?p=4984#breadcrumb"},"inLanguage":"es","potentialAction":[{"@type":"ReadAction","target":["https:\/\/diariodelsurdigital.com.ar\/?p=4984"]}]},{"@type":"ImageObject","inLanguage":"es","@id":"https:\/\/diariodelsurdigital.com.ar\/?p=4984#primaryimage","url":"https:\/\/diariodelsurdigital.com.ar\/wp-content\/uploads\/2025\/10\/md-2.webp","contentUrl":"https:\/\/diariodelsurdigital.com.ar\/wp-content\/uploads\/2025\/10\/md-2.webp","width":992,"height":661},{"@type":"BreadcrumbList","@id":"https:\/\/diariodelsurdigital.com.ar\/?p=4984#breadcrumb","itemListElement":[{"@type":"ListItem","position":1,"name":"Portada","item":"https:\/\/diariodelsurdigital.com.ar\/"},{"@type":"ListItem","position":2,"name":"Emprendedores entrerrianos expusieron sus productos saludables en Buenos Aires"}]},{"@type":"WebSite","@id":"https:\/\/diariodelsurdigital.com.ar\/#website","url":"https:\/\/diariodelsurdigital.com.ar\/","name":"Diario del Sur","description":"Digital","potentialAction":[{"@type":"SearchAction","target":{"@type":"EntryPoint","urlTemplate":"https:\/\/diariodelsurdigital.com.ar\/?s={search_term_string}"},"query-input":{"@type":"PropertyValueSpecification","valueRequired":true,"valueName":"search_term_string"}}],"inLanguage":"es"},{"@type":"Person","@id":"https:\/\/diariodelsurdigital.com.ar\/#\/schema\/person\/1a4992532ed62965c968031b49195c81","name":"Diario del Sur Digital","image":{"@type":"ImageObject","inLanguage":"es","@id":"https:\/\/secure.gravatar.com\/avatar\/f0c7c47fc7146d19828273b9b8eda651c9c7ab583767e6338d3d3bee825adf76?s=96&d=mm&r=g","url":"https:\/\/secure.gravatar.com\/avatar\/f0c7c47fc7146d19828273b9b8eda651c9c7ab583767e6338d3d3bee825adf76?s=96&d=mm&r=g","contentUrl":"https:\/\/secure.gravatar.com\/avatar\/f0c7c47fc7146d19828273b9b8eda651c9c7ab583767e6338d3d3bee825adf76?s=96&d=mm&r=g","caption":"Diario del Sur Digital"},"url":"https:\/\/diariodelsurdigital.com.ar\/?author=4"}]}},"_links":{"self":[{"href":"https:\/\/diariodelsurdigital.com.ar\/index.php?rest_route=\/wp\/v2\/posts\/4984","targetHints":{"allow":["GET"]}}],"collection":[{"href":"https:\/\/diariodelsurdigital.com.ar\/index.php?rest_route=\/wp\/v2\/posts"}],"about":[{"href":"https:\/\/diariodelsurdigital.com.ar\/index.php?rest_route=\/wp\/v2\/types\/post"}],"author":[{"embeddable":true,"href":"https:\/\/diariodelsurdigital.com.ar\/index.php?rest_route=\/wp\/v2\/users\/4"}],"replies":[{"embeddable":true,"href":"https:\/\/diariodelsurdigital.com.ar\/index.php?rest_route=%2Fwp%2Fv2%2Fcomments&post=4984"}],"version-history":[{"count":1,"href":"https:\/\/diariodelsurdigital.com.ar\/index.php?rest_route=\/wp\/v2\/posts\/4984\/revisions"}],"predecessor-version":[{"id":4986,"href":"https:\/\/diariodelsurdigital.com.ar\/index.php?rest_route=\/wp\/v2\/posts\/4984\/revisions\/4986"}],"wp:featuredmedia":[{"embeddable":true,"href":"https:\/\/diariodelsurdigital.com.ar\/index.php?rest_route=\/wp\/v2\/media\/4985"}],"wp:attachment":[{"href":"https:\/\/diariodelsurdigital.com.ar\/index.php?rest_route=%2Fwp%2Fv2%2Fmedia&parent=4984"}],"wp:term":[{"taxonomy":"category","embeddable":true,"href":"https:\/\/diariodelsurdigital.com.ar\/index.php?rest_route=%2Fwp%2Fv2%2Fcategories&post=4984"},{"taxonomy":"post_tag","embeddable":true,"href":"https:\/\/diariodelsurdigital.com.ar\/index.php?rest_route=%2Fwp%2Fv2%2Ftags&post=4984"}],"curies":[{"name":"wp","href":"https:\/\/api.w.org\/{rel}","templated":true}]}}