{"id":4987,"date":"2025-10-06T10:46:49","date_gmt":"2025-10-06T13:46:49","guid":{"rendered":"https:\/\/diariodelsurdigital.com.ar\/?p=4987"},"modified":"2025-10-06T10:46:50","modified_gmt":"2025-10-06T13:46:50","slug":"sindico-de-la-oser-cree-que-el-trabajo-articulado-facilitara-el-acceso-de-los-entrerrianos-a-los-programas-de-salud-necesarios","status":"publish","type":"post","link":"https:\/\/diariodelsurdigital.com.ar\/?p=4987","title":{"rendered":"S\u00edndico de la OSER cree que \u201cel trabajo articulado facilitar\u00e1 el acceso de los entrerrianos a los programas de salud necesarios\u201d"},"content":{"rendered":"\n<p>Pablo Giampaolo, s\u00edndico fiscalizador por la oposici\u00f3n en la Obra Social de Entre R\u00edos (OSER), deline\u00f3 los trazos que pretende inscribir en su gesti\u00f3n para aportar a que los afiliados a la mayor obra social provincial puedan acceder a las prestaciones y programas necesarios que resguarden la salud de los entrerrianos. Aclar\u00f3 que aquel aporte est\u00e1 signado por su pertenencia al peronismo entrerriano y por su experiencia en el \u00e1mbito privado.<\/p>\n\n\n\n<p>Pablo Giampaolo asumi\u00f3 como s\u00edndico fiscalizador en la Obra Social de Entre R\u00edos (OSER) en representaci\u00f3n de la oposici\u00f3n, tal como lo dispone la Ley N\u00ba 11.202 que cre\u00f3 la OSER. Fue elegido por el Poder Ejecutivo de una terna cuya integraci\u00f3n fue responsabilidad del bloque opositor con mayor n\u00famero de integrantes de la C\u00e1mara de Senadores de Entre R\u00edos, que recae en el Partido Justicialista (PJ).<\/p>\n\n\n\n<p>Recorridas para tomar conocimiento de las problem\u00e1ticas<\/p>\n\n\n\n<p>Giampaolo, respecto de sus funciones, precis\u00f3: \u201cMis tareas como s\u00edndico fiscalizador est\u00e1n, dispuesta por la Ley de la OSER, ligadas al control de los estados financieros, contratos, convenios y en general al funcionamiento de la administraci\u00f3n. Tambi\u00e9n est\u00e1 prevista la supervisi\u00f3n la calidad de los servicios de salud. Por esta raz\u00f3n, una de mis intenciones es recorrer las representaciones de la Obra Social existentes en la Provincia para tomar conocimiento tanto de las problem\u00e1ticas como de las expectativas, de manera m\u00e1s cercana a los responsables de las representaciones y a los afiliados\u201d.<\/p>\n\n\n\n<p>Asumiendo su pertenencia al peronismo, el s\u00edndico sostuvo que \u201ccomo peronista desde hace m\u00e1s de treinta y cinco a\u00f1os, no s\u00f3lo debo cumplir con las tareas que me han sido asignadas legalmente, asegurando que las actividades de la OSER se realicen de acuerdo con los principios de legalidad y transparencia, sino tambi\u00e9n hacer todo lo que est\u00e9 a mi alcance para defender como un afiliado m\u00e1s el derecho social a la salud\u201d.<\/p>\n\n\n\n<p>Identidad y perfil de una gesti\u00f3n<\/p>\n\n\n\n<p>Giampaolo pretende imprimir a su gesti\u00f3n lo que aprendi\u00f3 y le aport\u00f3 pertenecer y desarrollar su actividad pol\u00edtica en el peronismo entrerriano. Esta decisi\u00f3n se ve complementada con la importante experiencia que obtuvo en el \u00e1mbito privado. Es magister en Finanzas P\u00fablicas; diplomado en Gesti\u00f3n Municipal y contador p\u00fablico. Cuando en 2003 fue convocado por el intendente de Gualeguay, su ciudad natal, comenz\u00f3 su desarrollo en el Estado como Secretario de Hacienda Municipal.<\/p>\n\n\n\n<p>Desde aquella identidad pol\u00edtica, Giampaolo entiende que \u201cla salud es un derecho social universal ineludible en manos del Estado, donde resulta imprescindible realizar un abordaje integral, en el que debe primar la equidad en la atenci\u00f3n; y ah\u00ed es donde la OSER debe asegurar una gesti\u00f3n plural, abierta y transparente, buscando una mayor y mejor cobertura a sus afiliados\u201d.<\/p>\n\n\n\n<p>Giampaolo siente de cerca la obra social. En este sentido sostuvo que \u201cm\u00e1s de 300.000 afiliados esperamos que nuestra salud sea resguardada por esa cobertura. Entiendo que no es f\u00e1cil aplicar programas de salud de manera eficiente, por medio de la medicina preventiva y la soluci\u00f3n a problemas de larga data, pero tanto los agentes activos y pasivos del estado provincial, municipales, como nuestras familias as\u00ed lo esperamos\u201d.<\/p>\n\n\n\n<p>Trabajo mancomunado y articulado<\/p>\n\n\n\n<p>El funcionario considera que \u201ces imprescindible asegurar la cobertura para atenci\u00f3n, insumos y medicaci\u00f3n. La OSER debe hacer un acompa\u00f1amiento vinculado a la cobertura de sus afiliados, con mayor eficiencia\u201d.<\/p>\n\n\n\n<p>El s\u00edndico propuesto por la oposici\u00f3n y designado por el gobernador de una terna, entiende que \u201cel trabajo mancomunado y articulado entre el Ministerio de Salud Provincial y la Obra Social facilitar\u00eda que los entrerrianos en general y los afiliados en particular, podamos acceder a los programas de salud necesarios para mejorar nuestras condiciones de vida, cumpliendo de manera m\u00e1s eficiente con los est\u00e1ndares establecidos y las regulaciones sanitarias en cumplimiento de la Ley de creaci\u00f3n de la OSER\u201d<\/p>\n","protected":false},"excerpt":{"rendered":"<p>Pablo Giampaolo, s\u00edndico fiscalizador por la oposici\u00f3n en la Obra Social de Entre R\u00edos (OSER), deline\u00f3 los trazos que pretende inscribir en su gesti\u00f3n para aportar a que los afiliados a la mayor obra social provincial puedan acceder a las prestaciones y programas necesarios que resguarden la salud de los entrerrianos. Aclar\u00f3 que aquel aporte [&hellip;]<\/p>\n","protected":false},"author":4,"featured_media":4988,"comment_status":"open","ping_status":"open","sticky":false,"template":"","format":"standard","meta":{"footnotes":""},"categories":[17],"tags":[],"class_list":{"0":"post-4987","1":"post","2":"type-post","3":"status-publish","4":"format-standard","5":"has-post-thumbnail","7":"category-provinciales"},"yoast_head":"<!-- This site is optimized with the Yoast SEO plugin v27.4 - https:\/\/yoast.com\/product\/yoast-seo-wordpress\/ -->\n<title>S\u00edndico de la OSER cree que \u201cel trabajo articulado facilitar\u00e1 el acceso de los entrerrianos a los programas de salud necesarios\u201d - Diario del Sur<\/title>\n<meta name=\"robots\" content=\"index, follow, max-snippet:-1, max-image-preview:large, max-video-preview:-1\" \/>\n<link rel=\"canonical\" href=\"https:\/\/diariodelsurdigital.com.ar\/?p=4987\" \/>\n<meta property=\"og:locale\" content=\"es_ES\" \/>\n<meta property=\"og:type\" content=\"article\" \/>\n<meta property=\"og:title\" content=\"S\u00edndico de la OSER cree que \u201cel trabajo articulado facilitar\u00e1 el acceso de los entrerrianos a los programas de salud necesarios\u201d - Diario del Sur\" \/>\n<meta property=\"og:description\" content=\"Pablo Giampaolo, s\u00edndico fiscalizador por la oposici\u00f3n en la Obra Social de Entre R\u00edos (OSER), deline\u00f3 los trazos que pretende inscribir en su gesti\u00f3n para aportar a que los afiliados a la mayor obra social provincial puedan acceder a las prestaciones y programas necesarios que resguarden la salud de los entrerrianos. Aclar\u00f3 que aquel aporte [&hellip;]\" \/>\n<meta property=\"og:url\" content=\"https:\/\/diariodelsurdigital.com.ar\/?p=4987\" \/>\n<meta property=\"og:site_name\" content=\"Diario del Sur\" \/>\n<meta property=\"article:published_time\" content=\"2025-10-06T13:46:49+00:00\" \/>\n<meta property=\"article:modified_time\" content=\"2025-10-06T13:46:50+00:00\" \/>\n<meta property=\"og:image\" content=\"https:\/\/diariodelsurdigital.com.ar\/wp-content\/uploads\/2025\/10\/md-3.webp\" \/>\n\t<meta property=\"og:image:width\" content=\"992\" \/>\n\t<meta property=\"og:image:height\" content=\"558\" \/>\n\t<meta property=\"og:image:type\" content=\"image\/webp\" \/>\n<meta name=\"author\" content=\"Diario del Sur Digital\" \/>\n<meta name=\"twitter:card\" content=\"summary_large_image\" \/>\n<meta name=\"twitter:label1\" content=\"Escrito por\" \/>\n\t<meta name=\"twitter:data1\" content=\"Diario del Sur Digital\" \/>\n\t<meta name=\"twitter:label2\" content=\"Tiempo de lectura\" \/>\n\t<meta name=\"twitter:data2\" content=\"4 minutos\" \/>\n<script type=\"application\/ld+json\" class=\"yoast-schema-graph\">{\"@context\":\"https:\\\/\\\/schema.org\",\"@graph\":[{\"@type\":\"Article\",\"@id\":\"https:\\\/\\\/diariodelsurdigital.com.ar\\\/?p=4987#article\",\"isPartOf\":{\"@id\":\"https:\\\/\\\/diariodelsurdigital.com.ar\\\/?p=4987\"},\"author\":{\"name\":\"Diario del Sur Digital\",\"@id\":\"https:\\\/\\\/diariodelsurdigital.com.ar\\\/#\\\/schema\\\/person\\\/1a4992532ed62965c968031b49195c81\"},\"headline\":\"S\u00edndico de la OSER cree que \u201cel trabajo articulado facilitar\u00e1 el acceso de los entrerrianos a los programas de salud necesarios\u201d\",\"datePublished\":\"2025-10-06T13:46:49+00:00\",\"dateModified\":\"2025-10-06T13:46:50+00:00\",\"mainEntityOfPage\":{\"@id\":\"https:\\\/\\\/diariodelsurdigital.com.ar\\\/?p=4987\"},\"wordCount\":696,\"commentCount\":0,\"image\":{\"@id\":\"https:\\\/\\\/diariodelsurdigital.com.ar\\\/?p=4987#primaryimage\"},\"thumbnailUrl\":\"https:\\\/\\\/diariodelsurdigital.com.ar\\\/wp-content\\\/uploads\\\/2025\\\/10\\\/md-3.webp\",\"articleSection\":[\"Provinciales\"],\"inLanguage\":\"es\",\"potentialAction\":[{\"@type\":\"CommentAction\",\"name\":\"Comment\",\"target\":[\"https:\\\/\\\/diariodelsurdigital.com.ar\\\/?p=4987#respond\"]}]},{\"@type\":\"WebPage\",\"@id\":\"https:\\\/\\\/diariodelsurdigital.com.ar\\\/?p=4987\",\"url\":\"https:\\\/\\\/diariodelsurdigital.com.ar\\\/?p=4987\",\"name\":\"S\u00edndico de la OSER cree que \u201cel trabajo articulado facilitar\u00e1 el acceso de los entrerrianos a los programas de salud necesarios\u201d - Diario del Sur\",\"isPartOf\":{\"@id\":\"https:\\\/\\\/diariodelsurdigital.com.ar\\\/#website\"},\"primaryImageOfPage\":{\"@id\":\"https:\\\/\\\/diariodelsurdigital.com.ar\\\/?p=4987#primaryimage\"},\"image\":{\"@id\":\"https:\\\/\\\/diariodelsurdigital.com.ar\\\/?p=4987#primaryimage\"},\"thumbnailUrl\":\"https:\\\/\\\/diariodelsurdigital.com.ar\\\/wp-content\\\/uploads\\\/2025\\\/10\\\/md-3.webp\",\"datePublished\":\"2025-10-06T13:46:49+00:00\",\"dateModified\":\"2025-10-06T13:46:50+00:00\",\"author\":{\"@id\":\"https:\\\/\\\/diariodelsurdigital.com.ar\\\/#\\\/schema\\\/person\\\/1a4992532ed62965c968031b49195c81\"},\"breadcrumb\":{\"@id\":\"https:\\\/\\\/diariodelsurdigital.com.ar\\\/?p=4987#breadcrumb\"},\"inLanguage\":\"es\",\"potentialAction\":[{\"@type\":\"ReadAction\",\"target\":[\"https:\\\/\\\/diariodelsurdigital.com.ar\\\/?p=4987\"]}]},{\"@type\":\"ImageObject\",\"inLanguage\":\"es\",\"@id\":\"https:\\\/\\\/diariodelsurdigital.com.ar\\\/?p=4987#primaryimage\",\"url\":\"https:\\\/\\\/diariodelsurdigital.com.ar\\\/wp-content\\\/uploads\\\/2025\\\/10\\\/md-3.webp\",\"contentUrl\":\"https:\\\/\\\/diariodelsurdigital.com.ar\\\/wp-content\\\/uploads\\\/2025\\\/10\\\/md-3.webp\",\"width\":992,\"height\":558},{\"@type\":\"BreadcrumbList\",\"@id\":\"https:\\\/\\\/diariodelsurdigital.com.ar\\\/?p=4987#breadcrumb\",\"itemListElement\":[{\"@type\":\"ListItem\",\"position\":1,\"name\":\"Portada\",\"item\":\"https:\\\/\\\/diariodelsurdigital.com.ar\\\/\"},{\"@type\":\"ListItem\",\"position\":2,\"name\":\"S\u00edndico de la OSER cree que \u201cel trabajo articulado facilitar\u00e1 el acceso de los entrerrianos a los programas de salud necesarios\u201d\"}]},{\"@type\":\"WebSite\",\"@id\":\"https:\\\/\\\/diariodelsurdigital.com.ar\\\/#website\",\"url\":\"https:\\\/\\\/diariodelsurdigital.com.ar\\\/\",\"name\":\"Diario del Sur\",\"description\":\"Digital\",\"potentialAction\":[{\"@type\":\"SearchAction\",\"target\":{\"@type\":\"EntryPoint\",\"urlTemplate\":\"https:\\\/\\\/diariodelsurdigital.com.ar\\\/?s={search_term_string}\"},\"query-input\":{\"@type\":\"PropertyValueSpecification\",\"valueRequired\":true,\"valueName\":\"search_term_string\"}}],\"inLanguage\":\"es\"},{\"@type\":\"Person\",\"@id\":\"https:\\\/\\\/diariodelsurdigital.com.ar\\\/#\\\/schema\\\/person\\\/1a4992532ed62965c968031b49195c81\",\"name\":\"Diario del Sur Digital\",\"image\":{\"@type\":\"ImageObject\",\"inLanguage\":\"es\",\"@id\":\"https:\\\/\\\/secure.gravatar.com\\\/avatar\\\/f0c7c47fc7146d19828273b9b8eda651c9c7ab583767e6338d3d3bee825adf76?s=96&d=mm&r=g\",\"url\":\"https:\\\/\\\/secure.gravatar.com\\\/avatar\\\/f0c7c47fc7146d19828273b9b8eda651c9c7ab583767e6338d3d3bee825adf76?s=96&d=mm&r=g\",\"contentUrl\":\"https:\\\/\\\/secure.gravatar.com\\\/avatar\\\/f0c7c47fc7146d19828273b9b8eda651c9c7ab583767e6338d3d3bee825adf76?s=96&d=mm&r=g\",\"caption\":\"Diario del Sur Digital\"},\"url\":\"https:\\\/\\\/diariodelsurdigital.com.ar\\\/?author=4\"}]}<\/script>\n<!-- \/ Yoast SEO plugin. -->","yoast_head_json":{"title":"S\u00edndico de la OSER cree que \u201cel trabajo articulado facilitar\u00e1 el acceso de los entrerrianos a los programas de salud necesarios\u201d - Diario del Sur","robots":{"index":"index","follow":"follow","max-snippet":"max-snippet:-1","max-image-preview":"max-image-preview:large","max-video-preview":"max-video-preview:-1"},"canonical":"https:\/\/diariodelsurdigital.com.ar\/?p=4987","og_locale":"es_ES","og_type":"article","og_title":"S\u00edndico de la OSER cree que \u201cel trabajo articulado facilitar\u00e1 el acceso de los entrerrianos a los programas de salud necesarios\u201d - Diario del Sur","og_description":"Pablo Giampaolo, s\u00edndico fiscalizador por la oposici\u00f3n en la Obra Social de Entre R\u00edos (OSER), deline\u00f3 los trazos que pretende inscribir en su gesti\u00f3n para aportar a que los afiliados a la mayor obra social provincial puedan acceder a las prestaciones y programas necesarios que resguarden la salud de los entrerrianos. Aclar\u00f3 que aquel aporte [&hellip;]","og_url":"https:\/\/diariodelsurdigital.com.ar\/?p=4987","og_site_name":"Diario del Sur","article_published_time":"2025-10-06T13:46:49+00:00","article_modified_time":"2025-10-06T13:46:50+00:00","og_image":[{"width":992,"height":558,"url":"https:\/\/diariodelsurdigital.com.ar\/wp-content\/uploads\/2025\/10\/md-3.webp","type":"image\/webp"}],"author":"Diario del Sur Digital","twitter_card":"summary_large_image","twitter_misc":{"Escrito por":"Diario del Sur Digital","Tiempo de lectura":"4 minutos"},"schema":{"@context":"https:\/\/schema.org","@graph":[{"@type":"Article","@id":"https:\/\/diariodelsurdigital.com.ar\/?p=4987#article","isPartOf":{"@id":"https:\/\/diariodelsurdigital.com.ar\/?p=4987"},"author":{"name":"Diario del Sur Digital","@id":"https:\/\/diariodelsurdigital.com.ar\/#\/schema\/person\/1a4992532ed62965c968031b49195c81"},"headline":"S\u00edndico de la OSER cree que \u201cel trabajo articulado facilitar\u00e1 el acceso de los entrerrianos a los programas de salud necesarios\u201d","datePublished":"2025-10-06T13:46:49+00:00","dateModified":"2025-10-06T13:46:50+00:00","mainEntityOfPage":{"@id":"https:\/\/diariodelsurdigital.com.ar\/?p=4987"},"wordCount":696,"commentCount":0,"image":{"@id":"https:\/\/diariodelsurdigital.com.ar\/?p=4987#primaryimage"},"thumbnailUrl":"https:\/\/diariodelsurdigital.com.ar\/wp-content\/uploads\/2025\/10\/md-3.webp","articleSection":["Provinciales"],"inLanguage":"es","potentialAction":[{"@type":"CommentAction","name":"Comment","target":["https:\/\/diariodelsurdigital.com.ar\/?p=4987#respond"]}]},{"@type":"WebPage","@id":"https:\/\/diariodelsurdigital.com.ar\/?p=4987","url":"https:\/\/diariodelsurdigital.com.ar\/?p=4987","name":"S\u00edndico de la OSER cree que \u201cel trabajo articulado facilitar\u00e1 el acceso de los entrerrianos a los programas de salud necesarios\u201d - Diario del Sur","isPartOf":{"@id":"https:\/\/diariodelsurdigital.com.ar\/#website"},"primaryImageOfPage":{"@id":"https:\/\/diariodelsurdigital.com.ar\/?p=4987#primaryimage"},"image":{"@id":"https:\/\/diariodelsurdigital.com.ar\/?p=4987#primaryimage"},"thumbnailUrl":"https:\/\/diariodelsurdigital.com.ar\/wp-content\/uploads\/2025\/10\/md-3.webp","datePublished":"2025-10-06T13:46:49+00:00","dateModified":"2025-10-06T13:46:50+00:00","author":{"@id":"https:\/\/diariodelsurdigital.com.ar\/#\/schema\/person\/1a4992532ed62965c968031b49195c81"},"breadcrumb":{"@id":"https:\/\/diariodelsurdigital.com.ar\/?p=4987#breadcrumb"},"inLanguage":"es","potentialAction":[{"@type":"ReadAction","target":["https:\/\/diariodelsurdigital.com.ar\/?p=4987"]}]},{"@type":"ImageObject","inLanguage":"es","@id":"https:\/\/diariodelsurdigital.com.ar\/?p=4987#primaryimage","url":"https:\/\/diariodelsurdigital.com.ar\/wp-content\/uploads\/2025\/10\/md-3.webp","contentUrl":"https:\/\/diariodelsurdigital.com.ar\/wp-content\/uploads\/2025\/10\/md-3.webp","width":992,"height":558},{"@type":"BreadcrumbList","@id":"https:\/\/diariodelsurdigital.com.ar\/?p=4987#breadcrumb","itemListElement":[{"@type":"ListItem","position":1,"name":"Portada","item":"https:\/\/diariodelsurdigital.com.ar\/"},{"@type":"ListItem","position":2,"name":"S\u00edndico de la OSER cree que \u201cel trabajo articulado facilitar\u00e1 el acceso de los entrerrianos a los programas de salud necesarios\u201d"}]},{"@type":"WebSite","@id":"https:\/\/diariodelsurdigital.com.ar\/#website","url":"https:\/\/diariodelsurdigital.com.ar\/","name":"Diario del Sur","description":"Digital","potentialAction":[{"@type":"SearchAction","target":{"@type":"EntryPoint","urlTemplate":"https:\/\/diariodelsurdigital.com.ar\/?s={search_term_string}"},"query-input":{"@type":"PropertyValueSpecification","valueRequired":true,"valueName":"search_term_string"}}],"inLanguage":"es"},{"@type":"Person","@id":"https:\/\/diariodelsurdigital.com.ar\/#\/schema\/person\/1a4992532ed62965c968031b49195c81","name":"Diario del Sur Digital","image":{"@type":"ImageObject","inLanguage":"es","@id":"https:\/\/secure.gravatar.com\/avatar\/f0c7c47fc7146d19828273b9b8eda651c9c7ab583767e6338d3d3bee825adf76?s=96&d=mm&r=g","url":"https:\/\/secure.gravatar.com\/avatar\/f0c7c47fc7146d19828273b9b8eda651c9c7ab583767e6338d3d3bee825adf76?s=96&d=mm&r=g","contentUrl":"https:\/\/secure.gravatar.com\/avatar\/f0c7c47fc7146d19828273b9b8eda651c9c7ab583767e6338d3d3bee825adf76?s=96&d=mm&r=g","caption":"Diario del Sur Digital"},"url":"https:\/\/diariodelsurdigital.com.ar\/?author=4"}]}},"_links":{"self":[{"href":"https:\/\/diariodelsurdigital.com.ar\/index.php?rest_route=\/wp\/v2\/posts\/4987","targetHints":{"allow":["GET"]}}],"collection":[{"href":"https:\/\/diariodelsurdigital.com.ar\/index.php?rest_route=\/wp\/v2\/posts"}],"about":[{"href":"https:\/\/diariodelsurdigital.com.ar\/index.php?rest_route=\/wp\/v2\/types\/post"}],"author":[{"embeddable":true,"href":"https:\/\/diariodelsurdigital.com.ar\/index.php?rest_route=\/wp\/v2\/users\/4"}],"replies":[{"embeddable":true,"href":"https:\/\/diariodelsurdigital.com.ar\/index.php?rest_route=%2Fwp%2Fv2%2Fcomments&post=4987"}],"version-history":[{"count":1,"href":"https:\/\/diariodelsurdigital.com.ar\/index.php?rest_route=\/wp\/v2\/posts\/4987\/revisions"}],"predecessor-version":[{"id":4989,"href":"https:\/\/diariodelsurdigital.com.ar\/index.php?rest_route=\/wp\/v2\/posts\/4987\/revisions\/4989"}],"wp:featuredmedia":[{"embeddable":true,"href":"https:\/\/diariodelsurdigital.com.ar\/index.php?rest_route=\/wp\/v2\/media\/4988"}],"wp:attachment":[{"href":"https:\/\/diariodelsurdigital.com.ar\/index.php?rest_route=%2Fwp%2Fv2%2Fmedia&parent=4987"}],"wp:term":[{"taxonomy":"category","embeddable":true,"href":"https:\/\/diariodelsurdigital.com.ar\/index.php?rest_route=%2Fwp%2Fv2%2Fcategories&post=4987"},{"taxonomy":"post_tag","embeddable":true,"href":"https:\/\/diariodelsurdigital.com.ar\/index.php?rest_route=%2Fwp%2Fv2%2Ftags&post=4987"}],"curies":[{"name":"wp","href":"https:\/\/api.w.org\/{rel}","templated":true}]}}