{"id":4990,"date":"2025-10-06T10:49:53","date_gmt":"2025-10-06T13:49:53","guid":{"rendered":"https:\/\/diariodelsurdigital.com.ar\/?p=4990"},"modified":"2025-10-06T10:49:53","modified_gmt":"2025-10-06T13:49:53","slug":"javier-milei-en-parana-estamos-a-mitad-de-camino-no-aflojen-porque-esta-vez-vale-la-pena","status":"publish","type":"post","link":"https:\/\/diariodelsurdigital.com.ar\/?p=4990","title":{"rendered":"Javier Milei en Paran\u00e1: \u201cEstamos a mitad de camino, no aflojen porque esta vez vale la pena\u201d"},"content":{"rendered":"\n<p>En Paran\u00e1, el presidente Javier Milei y la secretaria general de la Presidencia, Karina Milei, fueron recibidos por el gobernador Rogelio Frigerio y por los candidatos de la Alianza La Libertad Avanza. La visita de este s\u00e1bado 4 de octubre se desarroll\u00f3 con normalidad, en un clima de campa\u00f1a, rodeados del calor de los militantes.<\/p>\n\n\n\n<p>Desde la prensa de la Alianza La Libertad Avanza (ALLA) se destac\u00f3 que la visita del presidente, Javier Milei, se dio \u201cen un marco natural, significativo como es el Parque Urquiza\u201d, donde \u201cse desarroll\u00f3 hoy la actividad prevista para la visita a la ciudad del primer mandatario, Javier Milei y la Presidente de La Libertad Avanza, Karina Milei en una caminata por la costanera de Paran\u00e1\u201d.<\/p>\n\n\n\n<p>Seg\u00fan se precis\u00f3, \u201cel recorrido convoc\u00f3 a m\u00e1s de 500 personas que se acercaron para escuchar al presidente y al gobernador, y para conocer a los candidatos de la Alianza La Libertad Avanza\u201d.<\/p>\n\n\n\n<p>Los candidatos de la Alianza acompa\u00f1aron el evento. Estuvieron presentes quienes buscan ocupar las primeras bancas en la C\u00e1mara de Senadores del Congreso Nacional: Joaqu\u00edn Benegas Lynch y Romina Almeida, y quienes se postulan para la C\u00e1mara de Diputados: Andr\u00e9s Laumann, Alicia Fregonese, Dar\u00edo Schneider, Eliana Lagra\u00f1a y Wenceslao Gadea. Tambi\u00e9n asisti\u00f3 Roque Fleitas, jefe de campa\u00f1a de la Alianza; adem\u00e1s de autoridades del Gobierno provincial y de los Gobiernos locales de los distintos puntos de la provincia. En medio de las personalidades que acompa\u00f1aron el evento, se pudo observar al pol\u00e9mico diputado nacional y candidato a revalidar el esca\u00f1o, Jos\u00e9 Luis Espert.<\/p>\n\n\n\n<p>La cr\u00f3nica destac\u00f3 que \u201cmeg\u00e1fono en mano, a la vera del r\u00edo Paran\u00e1, frente a la amplia concurrencia, Milei expres\u00f3: \u2018Vamos a ganar en la tierra de Justo Jos\u00e9 de Urquiza, en la tierra de la organizaci\u00f3n nacional. Vamos a dejar de ser una pa\u00eds de b\u00e1rbaros para convertirnos en la primera potencia mundial\u2019\u201d.<\/p>\n\n\n\n<p>Tambi\u00e9n se precis\u00f3 que desde \u201carriba de una camioneta junto al Gobernador Rogelio Frigerio, Milei agreg\u00f3: \u2018Estamos en un momento bisagra de la Argentina. Luego de semejante debacle y decadencia decidimos abrazar las ideas de la libertad en 2023. En ese sentido hemos bajado la inflaci\u00f3n del 300% al 30%, hemos sacado de la pobreza a 12 millones de argentinos\u2019\u201d.<\/p>\n\n\n\n<p>El presidente expres\u00f3 ante los entrerrianos: \u201cEstamos en un momento dif\u00edcil, lo tengo claro. Si bien hicimos mucho, a\u00fan mucho por hacer. Estamos a mitad de camino, les pido que no aflojen porque esta vez vale la pena\u201d. Por \u00faltimo, alent\u00f3 a sus seguidores: \u201cNo tiremos a la basura este gran esfuerzo. Por eso, entrerrianos, les pido que nos sigan acompa\u00f1ando. No aflojen, que La Libertad Avanza o la Argentina retrocede\u201d.<\/p>\n","protected":false},"excerpt":{"rendered":"<p>En Paran\u00e1, el presidente Javier Milei y la secretaria general de la Presidencia, Karina Milei, fueron recibidos por el gobernador Rogelio Frigerio y por los candidatos de la Alianza La Libertad Avanza. La visita de este s\u00e1bado 4 de octubre se desarroll\u00f3 con normalidad, en un clima de campa\u00f1a, rodeados del calor de los militantes. [&hellip;]<\/p>\n","protected":false},"author":4,"featured_media":4991,"comment_status":"open","ping_status":"open","sticky":false,"template":"","format":"standard","meta":{"footnotes":""},"categories":[22,17],"tags":[],"class_list":{"0":"post-4990","1":"post","2":"type-post","3":"status-publish","4":"format-standard","5":"has-post-thumbnail","7":"category-politica","8":"category-provinciales"},"yoast_head":"<!-- This site is optimized with the Yoast SEO plugin v27.4 - https:\/\/yoast.com\/product\/yoast-seo-wordpress\/ -->\n<title>Javier Milei en Paran\u00e1: \u201cEstamos a mitad de camino, no aflojen porque esta vez vale la pena\u201d - Diario del Sur<\/title>\n<meta name=\"robots\" content=\"index, follow, max-snippet:-1, max-image-preview:large, max-video-preview:-1\" \/>\n<link rel=\"canonical\" href=\"https:\/\/diariodelsurdigital.com.ar\/?p=4990\" \/>\n<meta property=\"og:locale\" content=\"es_ES\" \/>\n<meta property=\"og:type\" content=\"article\" \/>\n<meta property=\"og:title\" content=\"Javier Milei en Paran\u00e1: \u201cEstamos a mitad de camino, no aflojen porque esta vez vale la pena\u201d - Diario del Sur\" \/>\n<meta property=\"og:description\" content=\"En Paran\u00e1, el presidente Javier Milei y la secretaria general de la Presidencia, Karina Milei, fueron recibidos por el gobernador Rogelio Frigerio y por los candidatos de la Alianza La Libertad Avanza. La visita de este s\u00e1bado 4 de octubre se desarroll\u00f3 con normalidad, en un clima de campa\u00f1a, rodeados del calor de los militantes. [&hellip;]\" \/>\n<meta property=\"og:url\" content=\"https:\/\/diariodelsurdigital.com.ar\/?p=4990\" \/>\n<meta property=\"og:site_name\" content=\"Diario del Sur\" \/>\n<meta property=\"article:published_time\" content=\"2025-10-06T13:49:53+00:00\" \/>\n<meta property=\"og:image\" content=\"https:\/\/diariodelsurdigital.com.ar\/wp-content\/uploads\/2025\/10\/md-4.webp\" \/>\n\t<meta property=\"og:image:width\" content=\"992\" \/>\n\t<meta property=\"og:image:height\" content=\"744\" \/>\n\t<meta property=\"og:image:type\" content=\"image\/webp\" \/>\n<meta name=\"author\" content=\"Diario del Sur Digital\" \/>\n<meta name=\"twitter:card\" content=\"summary_large_image\" \/>\n<meta name=\"twitter:label1\" content=\"Escrito por\" \/>\n\t<meta name=\"twitter:data1\" content=\"Diario del Sur Digital\" \/>\n\t<meta name=\"twitter:label2\" content=\"Tiempo de lectura\" \/>\n\t<meta name=\"twitter:data2\" content=\"3 minutos\" \/>\n<script type=\"application\/ld+json\" class=\"yoast-schema-graph\">{\"@context\":\"https:\\\/\\\/schema.org\",\"@graph\":[{\"@type\":\"Article\",\"@id\":\"https:\\\/\\\/diariodelsurdigital.com.ar\\\/?p=4990#article\",\"isPartOf\":{\"@id\":\"https:\\\/\\\/diariodelsurdigital.com.ar\\\/?p=4990\"},\"author\":{\"name\":\"Diario del Sur Digital\",\"@id\":\"https:\\\/\\\/diariodelsurdigital.com.ar\\\/#\\\/schema\\\/person\\\/1a4992532ed62965c968031b49195c81\"},\"headline\":\"Javier Milei en Paran\u00e1: \u201cEstamos a mitad de camino, no aflojen porque esta vez vale la pena\u201d\",\"datePublished\":\"2025-10-06T13:49:53+00:00\",\"mainEntityOfPage\":{\"@id\":\"https:\\\/\\\/diariodelsurdigital.com.ar\\\/?p=4990\"},\"wordCount\":481,\"commentCount\":0,\"image\":{\"@id\":\"https:\\\/\\\/diariodelsurdigital.com.ar\\\/?p=4990#primaryimage\"},\"thumbnailUrl\":\"https:\\\/\\\/diariodelsurdigital.com.ar\\\/wp-content\\\/uploads\\\/2025\\\/10\\\/md-4.webp\",\"articleSection\":[\"Pol\u00edtica\",\"Provinciales\"],\"inLanguage\":\"es\",\"potentialAction\":[{\"@type\":\"CommentAction\",\"name\":\"Comment\",\"target\":[\"https:\\\/\\\/diariodelsurdigital.com.ar\\\/?p=4990#respond\"]}]},{\"@type\":\"WebPage\",\"@id\":\"https:\\\/\\\/diariodelsurdigital.com.ar\\\/?p=4990\",\"url\":\"https:\\\/\\\/diariodelsurdigital.com.ar\\\/?p=4990\",\"name\":\"Javier Milei en Paran\u00e1: \u201cEstamos a mitad de camino, no aflojen porque esta vez vale la pena\u201d - Diario del Sur\",\"isPartOf\":{\"@id\":\"https:\\\/\\\/diariodelsurdigital.com.ar\\\/#website\"},\"primaryImageOfPage\":{\"@id\":\"https:\\\/\\\/diariodelsurdigital.com.ar\\\/?p=4990#primaryimage\"},\"image\":{\"@id\":\"https:\\\/\\\/diariodelsurdigital.com.ar\\\/?p=4990#primaryimage\"},\"thumbnailUrl\":\"https:\\\/\\\/diariodelsurdigital.com.ar\\\/wp-content\\\/uploads\\\/2025\\\/10\\\/md-4.webp\",\"datePublished\":\"2025-10-06T13:49:53+00:00\",\"author\":{\"@id\":\"https:\\\/\\\/diariodelsurdigital.com.ar\\\/#\\\/schema\\\/person\\\/1a4992532ed62965c968031b49195c81\"},\"breadcrumb\":{\"@id\":\"https:\\\/\\\/diariodelsurdigital.com.ar\\\/?p=4990#breadcrumb\"},\"inLanguage\":\"es\",\"potentialAction\":[{\"@type\":\"ReadAction\",\"target\":[\"https:\\\/\\\/diariodelsurdigital.com.ar\\\/?p=4990\"]}]},{\"@type\":\"ImageObject\",\"inLanguage\":\"es\",\"@id\":\"https:\\\/\\\/diariodelsurdigital.com.ar\\\/?p=4990#primaryimage\",\"url\":\"https:\\\/\\\/diariodelsurdigital.com.ar\\\/wp-content\\\/uploads\\\/2025\\\/10\\\/md-4.webp\",\"contentUrl\":\"https:\\\/\\\/diariodelsurdigital.com.ar\\\/wp-content\\\/uploads\\\/2025\\\/10\\\/md-4.webp\",\"width\":992,\"height\":744},{\"@type\":\"BreadcrumbList\",\"@id\":\"https:\\\/\\\/diariodelsurdigital.com.ar\\\/?p=4990#breadcrumb\",\"itemListElement\":[{\"@type\":\"ListItem\",\"position\":1,\"name\":\"Portada\",\"item\":\"https:\\\/\\\/diariodelsurdigital.com.ar\\\/\"},{\"@type\":\"ListItem\",\"position\":2,\"name\":\"Javier Milei en Paran\u00e1: \u201cEstamos a mitad de camino, no aflojen porque esta vez vale la pena\u201d\"}]},{\"@type\":\"WebSite\",\"@id\":\"https:\\\/\\\/diariodelsurdigital.com.ar\\\/#website\",\"url\":\"https:\\\/\\\/diariodelsurdigital.com.ar\\\/\",\"name\":\"Diario del Sur\",\"description\":\"Digital\",\"potentialAction\":[{\"@type\":\"SearchAction\",\"target\":{\"@type\":\"EntryPoint\",\"urlTemplate\":\"https:\\\/\\\/diariodelsurdigital.com.ar\\\/?s={search_term_string}\"},\"query-input\":{\"@type\":\"PropertyValueSpecification\",\"valueRequired\":true,\"valueName\":\"search_term_string\"}}],\"inLanguage\":\"es\"},{\"@type\":\"Person\",\"@id\":\"https:\\\/\\\/diariodelsurdigital.com.ar\\\/#\\\/schema\\\/person\\\/1a4992532ed62965c968031b49195c81\",\"name\":\"Diario del Sur Digital\",\"image\":{\"@type\":\"ImageObject\",\"inLanguage\":\"es\",\"@id\":\"https:\\\/\\\/secure.gravatar.com\\\/avatar\\\/f0c7c47fc7146d19828273b9b8eda651c9c7ab583767e6338d3d3bee825adf76?s=96&d=mm&r=g\",\"url\":\"https:\\\/\\\/secure.gravatar.com\\\/avatar\\\/f0c7c47fc7146d19828273b9b8eda651c9c7ab583767e6338d3d3bee825adf76?s=96&d=mm&r=g\",\"contentUrl\":\"https:\\\/\\\/secure.gravatar.com\\\/avatar\\\/f0c7c47fc7146d19828273b9b8eda651c9c7ab583767e6338d3d3bee825adf76?s=96&d=mm&r=g\",\"caption\":\"Diario del Sur Digital\"},\"url\":\"https:\\\/\\\/diariodelsurdigital.com.ar\\\/?author=4\"}]}<\/script>\n<!-- \/ Yoast SEO plugin. -->","yoast_head_json":{"title":"Javier Milei en Paran\u00e1: \u201cEstamos a mitad de camino, no aflojen porque esta vez vale la pena\u201d - Diario del Sur","robots":{"index":"index","follow":"follow","max-snippet":"max-snippet:-1","max-image-preview":"max-image-preview:large","max-video-preview":"max-video-preview:-1"},"canonical":"https:\/\/diariodelsurdigital.com.ar\/?p=4990","og_locale":"es_ES","og_type":"article","og_title":"Javier Milei en Paran\u00e1: \u201cEstamos a mitad de camino, no aflojen porque esta vez vale la pena\u201d - Diario del Sur","og_description":"En Paran\u00e1, el presidente Javier Milei y la secretaria general de la Presidencia, Karina Milei, fueron recibidos por el gobernador Rogelio Frigerio y por los candidatos de la Alianza La Libertad Avanza. La visita de este s\u00e1bado 4 de octubre se desarroll\u00f3 con normalidad, en un clima de campa\u00f1a, rodeados del calor de los militantes. [&hellip;]","og_url":"https:\/\/diariodelsurdigital.com.ar\/?p=4990","og_site_name":"Diario del Sur","article_published_time":"2025-10-06T13:49:53+00:00","og_image":[{"width":992,"height":744,"url":"https:\/\/diariodelsurdigital.com.ar\/wp-content\/uploads\/2025\/10\/md-4.webp","type":"image\/webp"}],"author":"Diario del Sur Digital","twitter_card":"summary_large_image","twitter_misc":{"Escrito por":"Diario del Sur Digital","Tiempo de lectura":"3 minutos"},"schema":{"@context":"https:\/\/schema.org","@graph":[{"@type":"Article","@id":"https:\/\/diariodelsurdigital.com.ar\/?p=4990#article","isPartOf":{"@id":"https:\/\/diariodelsurdigital.com.ar\/?p=4990"},"author":{"name":"Diario del Sur Digital","@id":"https:\/\/diariodelsurdigital.com.ar\/#\/schema\/person\/1a4992532ed62965c968031b49195c81"},"headline":"Javier Milei en Paran\u00e1: \u201cEstamos a mitad de camino, no aflojen porque esta vez vale la pena\u201d","datePublished":"2025-10-06T13:49:53+00:00","mainEntityOfPage":{"@id":"https:\/\/diariodelsurdigital.com.ar\/?p=4990"},"wordCount":481,"commentCount":0,"image":{"@id":"https:\/\/diariodelsurdigital.com.ar\/?p=4990#primaryimage"},"thumbnailUrl":"https:\/\/diariodelsurdigital.com.ar\/wp-content\/uploads\/2025\/10\/md-4.webp","articleSection":["Pol\u00edtica","Provinciales"],"inLanguage":"es","potentialAction":[{"@type":"CommentAction","name":"Comment","target":["https:\/\/diariodelsurdigital.com.ar\/?p=4990#respond"]}]},{"@type":"WebPage","@id":"https:\/\/diariodelsurdigital.com.ar\/?p=4990","url":"https:\/\/diariodelsurdigital.com.ar\/?p=4990","name":"Javier Milei en Paran\u00e1: \u201cEstamos a mitad de camino, no aflojen porque esta vez vale la pena\u201d - Diario del Sur","isPartOf":{"@id":"https:\/\/diariodelsurdigital.com.ar\/#website"},"primaryImageOfPage":{"@id":"https:\/\/diariodelsurdigital.com.ar\/?p=4990#primaryimage"},"image":{"@id":"https:\/\/diariodelsurdigital.com.ar\/?p=4990#primaryimage"},"thumbnailUrl":"https:\/\/diariodelsurdigital.com.ar\/wp-content\/uploads\/2025\/10\/md-4.webp","datePublished":"2025-10-06T13:49:53+00:00","author":{"@id":"https:\/\/diariodelsurdigital.com.ar\/#\/schema\/person\/1a4992532ed62965c968031b49195c81"},"breadcrumb":{"@id":"https:\/\/diariodelsurdigital.com.ar\/?p=4990#breadcrumb"},"inLanguage":"es","potentialAction":[{"@type":"ReadAction","target":["https:\/\/diariodelsurdigital.com.ar\/?p=4990"]}]},{"@type":"ImageObject","inLanguage":"es","@id":"https:\/\/diariodelsurdigital.com.ar\/?p=4990#primaryimage","url":"https:\/\/diariodelsurdigital.com.ar\/wp-content\/uploads\/2025\/10\/md-4.webp","contentUrl":"https:\/\/diariodelsurdigital.com.ar\/wp-content\/uploads\/2025\/10\/md-4.webp","width":992,"height":744},{"@type":"BreadcrumbList","@id":"https:\/\/diariodelsurdigital.com.ar\/?p=4990#breadcrumb","itemListElement":[{"@type":"ListItem","position":1,"name":"Portada","item":"https:\/\/diariodelsurdigital.com.ar\/"},{"@type":"ListItem","position":2,"name":"Javier Milei en Paran\u00e1: \u201cEstamos a mitad de camino, no aflojen porque esta vez vale la pena\u201d"}]},{"@type":"WebSite","@id":"https:\/\/diariodelsurdigital.com.ar\/#website","url":"https:\/\/diariodelsurdigital.com.ar\/","name":"Diario del Sur","description":"Digital","potentialAction":[{"@type":"SearchAction","target":{"@type":"EntryPoint","urlTemplate":"https:\/\/diariodelsurdigital.com.ar\/?s={search_term_string}"},"query-input":{"@type":"PropertyValueSpecification","valueRequired":true,"valueName":"search_term_string"}}],"inLanguage":"es"},{"@type":"Person","@id":"https:\/\/diariodelsurdigital.com.ar\/#\/schema\/person\/1a4992532ed62965c968031b49195c81","name":"Diario del Sur Digital","image":{"@type":"ImageObject","inLanguage":"es","@id":"https:\/\/secure.gravatar.com\/avatar\/f0c7c47fc7146d19828273b9b8eda651c9c7ab583767e6338d3d3bee825adf76?s=96&d=mm&r=g","url":"https:\/\/secure.gravatar.com\/avatar\/f0c7c47fc7146d19828273b9b8eda651c9c7ab583767e6338d3d3bee825adf76?s=96&d=mm&r=g","contentUrl":"https:\/\/secure.gravatar.com\/avatar\/f0c7c47fc7146d19828273b9b8eda651c9c7ab583767e6338d3d3bee825adf76?s=96&d=mm&r=g","caption":"Diario del Sur Digital"},"url":"https:\/\/diariodelsurdigital.com.ar\/?author=4"}]}},"_links":{"self":[{"href":"https:\/\/diariodelsurdigital.com.ar\/index.php?rest_route=\/wp\/v2\/posts\/4990","targetHints":{"allow":["GET"]}}],"collection":[{"href":"https:\/\/diariodelsurdigital.com.ar\/index.php?rest_route=\/wp\/v2\/posts"}],"about":[{"href":"https:\/\/diariodelsurdigital.com.ar\/index.php?rest_route=\/wp\/v2\/types\/post"}],"author":[{"embeddable":true,"href":"https:\/\/diariodelsurdigital.com.ar\/index.php?rest_route=\/wp\/v2\/users\/4"}],"replies":[{"embeddable":true,"href":"https:\/\/diariodelsurdigital.com.ar\/index.php?rest_route=%2Fwp%2Fv2%2Fcomments&post=4990"}],"version-history":[{"count":1,"href":"https:\/\/diariodelsurdigital.com.ar\/index.php?rest_route=\/wp\/v2\/posts\/4990\/revisions"}],"predecessor-version":[{"id":4992,"href":"https:\/\/diariodelsurdigital.com.ar\/index.php?rest_route=\/wp\/v2\/posts\/4990\/revisions\/4992"}],"wp:featuredmedia":[{"embeddable":true,"href":"https:\/\/diariodelsurdigital.com.ar\/index.php?rest_route=\/wp\/v2\/media\/4991"}],"wp:attachment":[{"href":"https:\/\/diariodelsurdigital.com.ar\/index.php?rest_route=%2Fwp%2Fv2%2Fmedia&parent=4990"}],"wp:term":[{"taxonomy":"category","embeddable":true,"href":"https:\/\/diariodelsurdigital.com.ar\/index.php?rest_route=%2Fwp%2Fv2%2Fcategories&post=4990"},{"taxonomy":"post_tag","embeddable":true,"href":"https:\/\/diariodelsurdigital.com.ar\/index.php?rest_route=%2Fwp%2Fv2%2Ftags&post=4990"}],"curies":[{"name":"wp","href":"https:\/\/api.w.org\/{rel}","templated":true}]}}