{"id":4994,"date":"2025-10-07T09:53:40","date_gmt":"2025-10-07T12:53:40","guid":{"rendered":"https:\/\/diariodelsurdigital.com.ar\/?p=4994"},"modified":"2025-10-07T09:53:41","modified_gmt":"2025-10-07T12:53:41","slug":"nadia-burgos-entre-rios-mostro-que-al-igual-que-espert-milei-se-tiene-que-ir","status":"publish","type":"post","link":"https:\/\/diariodelsurdigital.com.ar\/?p=4994","title":{"rendered":"Nadia Burgos: \u00abEntre R\u00edos mostr\u00f3 que al igual que Espert, Milei se tiene que ir\u00bb"},"content":{"rendered":"\n<p>Nadia Burgos, candidata a diputada por el MST Nueva Izquierda declar\u00f3 que \u201cMilei es ampliamente repudiado en cada lugar que visita. En Entre R\u00edos es claro el descontento hacia el presidente\u201d. La opin\u00f3n de Burgos se contextualiz\u00f3 en la visita del presidente Javier Milei a Paran\u00e1 y el esc\u00e1ndalo por el financiamiento narco a Jos\u00e9 Luis Espert que deriv\u00f3 en la renuncia a su candidatura a diputado nacional por La Lbertad Avanza en Buenos Aires. Record\u00f3 que Espert preside la comisi\u00f3n de Presupuesto.<\/p>\n\n\n\n<p><\/p>\n\n\n\n<p>En un comunicado de prensa, la dirigente del MST y candidata a diputada nacional por aquel espacio, Nadia Burgos, opin\u00f3 sobre las \u00faltimas escenas de la convulsionada realidad pol\u00edtica nacional y provincial. As\u00ed, sobre la visita del presidente a Paran\u00e1 este s\u00e1bado 5, sostuvo: \u201cMilei es ampliamente repudiado en cada lugar que visita. En Entre R\u00edos es claro el descontento hacia el presidente. La militarizaci\u00f3n de la ciudad es una muestra m\u00e1s de que est\u00e1n a la defensiva porque el ajuste, las coimas, las estafas y las vinculaciones con el narcotr\u00e1fico no son gratuitas frente al pueblo\u201d.<\/p>\n\n\n\n<p>Burgos tambi\u00e9n entendi\u00f3 que \u201cpara el pueblo tampoco es indiferente el genocidio del Estado de Israel hacia el pueblo palestino, es por esto que se vieron muchas expresiones de solidaridad con palestina y pidiendo la liberaci\u00f3n de los cientos de detenidos de la Flotilla Sumud Global, entre ellos nuestra compa\u00f1era Celeste Fierro, legisladora por el MST. Hace cinco d\u00edas no sabemos nada de ella ni del resto de argentinos detenidos. Es urgente que la canciller\u00eda act\u00fae gestionando su liberaci\u00f3n\u00bb.<\/p>\n\n\n\n<p>Sobre el importante despliegue policial que se pudo observar en Paran\u00e1 por la visita del presidente, Burgos expres\u00f3 : \u201cDenunciamos el operativo inaudito de las fuerzas de seguridad, hubo participaci\u00f3n de la gendarmer\u00eda, de la polic\u00eda federal, de la infanter\u00eda, la polic\u00eda montada, la polic\u00eda de la provincia y polic\u00edas de civil. Porque para reprimir siempre hay plata. Tiraron gases, golpearon a compa\u00f1eros, cortaron todos los accesos y militarizaron la ciudad\u00bb.<\/p>\n\n\n\n<p>Confirmar negociados<\/p>\n\n\n\n<p>Burgos manifest\u00f3 que \u00abadem\u00e1s, es evidente que Milei vino a confirmar los negociados que tiene con Frigerio. El gobernador, que ahora no sabe d\u00f3nde meterse culpa de su alianza con un gobierno acabado, hizo un anuncio p\u00fablico junto a Milei: el acuerdo del dragado del r\u00edo Paran\u00e1. Esto implica que dentro de la licitaci\u00f3n de la hidrov\u00eda se va a incluir el dragado del tramo Paran\u00e1 Bravo y Paran\u00e1 Guaz\u00fa\u201d.<\/p>\n\n\n\n<p>A\u00f1adi\u00f3 que \u201cotra vez anuncian negocios sobre nuestros bienes comunes, esta vez dicen que van a incluir el dragado de 34 pies en partes del Paran\u00e1. Lo que no dicen es que eso significa profundizar el r\u00edo para que pasen buques cada vez m\u00e1s grandes, destruyendo los ecosistemas, alterar los cauces y arrasar con la biodiversidad. El r\u00edo Paran\u00e1 es uno de los reservorios de agua dulce m\u00e1s importantes del planeta, no es una autopista y no queremos un Paran\u00e1 dragado para los ricos, queremos un Paran\u00e1 vivo de las poblaciones\u201d.<\/p>\n\n\n\n<p>\u201cEspert preside una comisi\u00f3n clave en el Congreso\u201d<\/p>\n\n\n\n<p>La candidata a diputada tambi\u00e9n opin\u00f3 sobre la pol\u00e9mica narco que involucra a Jos\u00e9 Luis Espert, quien renunci\u00f3 a su candidatura a diputado por la provincia de Buenos Aires tras el avance de las investigaciones que lo vinculan con el empresario Fred Machado, acusado de lavado de dinero y narcotr\u00e1fico en Estados Unidos. As\u00ed, opin\u00f3 que \u201clo de Espert es repudiable, pero con su renuncia a la candidatura no alcanza\u201d.<\/p>\n\n\n\n<p>La dirigente sostuvo que \u201choy, Jos\u00e9 Luis Espert preside una comisi\u00f3n clave en el Congreso y sigue movi\u00e9ndose con total impunidad. Nuestra compa\u00f1era Vilma Ripoll, diputada por el MST en el Frente de Izquierda, presentar\u00e1 un proyecto en Diputados para que lo excluyan de la C\u00e1mara.<\/p>\n\n\n\n<p>De forma urgente, debe ser apartado de toda funci\u00f3n p\u00fablica, y en paralelo, resulta indispensable la creaci\u00f3n de una comisi\u00f3n investigadora independiente que logre desentra\u00f1ar los lazos entre la pol\u00edtica y el narcotrafico, y lo lleve al \u00fanico lugar que le corresponde: la c\u00e1rcel\u201d.<\/p>\n\n\n\n<p>Burgos record\u00f3 que \u201cEspert se vanaglori\u00f3 violentando a la izquierda con expresiones como &#8216;zurditos van a correr&#8217; o con su perspectiva punitivista de c\u00e1rcel o bala. Hoy tiene que dar cuenta no solo de sus alianzas criminales, sino tambi\u00e9n de pertenecer a un gobierno antipueblo, cipayo y hambreador. Y por m\u00e1s que corra o se suba a una motito, \u00e9l y Milei tiene que saber que a donde vayan los iremos a buscar.\u00bb Finaliz\u00f3.<\/p>\n","protected":false},"excerpt":{"rendered":"<p>Nadia Burgos, candidata a diputada por el MST Nueva Izquierda declar\u00f3 que \u201cMilei es ampliamente repudiado en cada lugar que visita. En Entre R\u00edos es claro el descontento hacia el presidente\u201d. La opin\u00f3n de Burgos se contextualiz\u00f3 en la visita del presidente Javier Milei a Paran\u00e1 y el esc\u00e1ndalo por el financiamiento narco a Jos\u00e9 [&hellip;]<\/p>\n","protected":false},"author":4,"featured_media":4995,"comment_status":"open","ping_status":"open","sticky":false,"template":"","format":"standard","meta":{"footnotes":""},"categories":[22,17],"tags":[],"class_list":{"0":"post-4994","1":"post","2":"type-post","3":"status-publish","4":"format-standard","5":"has-post-thumbnail","7":"category-politica","8":"category-provinciales"},"yoast_head":"<!-- This site is optimized with the Yoast SEO plugin v27.4 - https:\/\/yoast.com\/product\/yoast-seo-wordpress\/ -->\n<title>Nadia Burgos: &quot;Entre R\u00edos mostr\u00f3 que al igual que Espert, Milei se tiene que ir&quot; - Diario del Sur<\/title>\n<meta name=\"robots\" content=\"index, follow, max-snippet:-1, max-image-preview:large, max-video-preview:-1\" \/>\n<link rel=\"canonical\" href=\"https:\/\/diariodelsurdigital.com.ar\/?p=4994\" \/>\n<meta property=\"og:locale\" content=\"es_ES\" \/>\n<meta property=\"og:type\" content=\"article\" \/>\n<meta property=\"og:title\" content=\"Nadia Burgos: &quot;Entre R\u00edos mostr\u00f3 que al igual que Espert, Milei se tiene que ir&quot; - Diario del Sur\" \/>\n<meta property=\"og:description\" content=\"Nadia Burgos, candidata a diputada por el MST Nueva Izquierda declar\u00f3 que \u201cMilei es ampliamente repudiado en cada lugar que visita. En Entre R\u00edos es claro el descontento hacia el presidente\u201d. La opin\u00f3n de Burgos se contextualiz\u00f3 en la visita del presidente Javier Milei a Paran\u00e1 y el esc\u00e1ndalo por el financiamiento narco a Jos\u00e9 [&hellip;]\" \/>\n<meta property=\"og:url\" content=\"https:\/\/diariodelsurdigital.com.ar\/?p=4994\" \/>\n<meta property=\"og:site_name\" content=\"Diario del Sur\" \/>\n<meta property=\"article:published_time\" content=\"2025-10-07T12:53:40+00:00\" \/>\n<meta property=\"article:modified_time\" content=\"2025-10-07T12:53:41+00:00\" \/>\n<meta property=\"og:image\" content=\"https:\/\/diariodelsurdigital.com.ar\/wp-content\/uploads\/2025\/10\/md-5.webp\" \/>\n\t<meta property=\"og:image:width\" content=\"992\" \/>\n\t<meta property=\"og:image:height\" content=\"859\" \/>\n\t<meta property=\"og:image:type\" content=\"image\/webp\" \/>\n<meta name=\"author\" content=\"Diario del Sur Digital\" \/>\n<meta name=\"twitter:card\" content=\"summary_large_image\" \/>\n<meta name=\"twitter:label1\" content=\"Escrito por\" \/>\n\t<meta name=\"twitter:data1\" content=\"Diario del Sur Digital\" \/>\n\t<meta name=\"twitter:label2\" content=\"Tiempo de lectura\" \/>\n\t<meta name=\"twitter:data2\" content=\"4 minutos\" \/>\n<script type=\"application\/ld+json\" class=\"yoast-schema-graph\">{\"@context\":\"https:\\\/\\\/schema.org\",\"@graph\":[{\"@type\":\"Article\",\"@id\":\"https:\\\/\\\/diariodelsurdigital.com.ar\\\/?p=4994#article\",\"isPartOf\":{\"@id\":\"https:\\\/\\\/diariodelsurdigital.com.ar\\\/?p=4994\"},\"author\":{\"name\":\"Diario del Sur Digital\",\"@id\":\"https:\\\/\\\/diariodelsurdigital.com.ar\\\/#\\\/schema\\\/person\\\/1a4992532ed62965c968031b49195c81\"},\"headline\":\"Nadia Burgos: \u00abEntre R\u00edos mostr\u00f3 que al igual que Espert, Milei se tiene que ir\u00bb\",\"datePublished\":\"2025-10-07T12:53:40+00:00\",\"dateModified\":\"2025-10-07T12:53:41+00:00\",\"mainEntityOfPage\":{\"@id\":\"https:\\\/\\\/diariodelsurdigital.com.ar\\\/?p=4994\"},\"wordCount\":803,\"commentCount\":0,\"image\":{\"@id\":\"https:\\\/\\\/diariodelsurdigital.com.ar\\\/?p=4994#primaryimage\"},\"thumbnailUrl\":\"https:\\\/\\\/diariodelsurdigital.com.ar\\\/wp-content\\\/uploads\\\/2025\\\/10\\\/md-5.webp\",\"articleSection\":[\"Pol\u00edtica\",\"Provinciales\"],\"inLanguage\":\"es\",\"potentialAction\":[{\"@type\":\"CommentAction\",\"name\":\"Comment\",\"target\":[\"https:\\\/\\\/diariodelsurdigital.com.ar\\\/?p=4994#respond\"]}]},{\"@type\":\"WebPage\",\"@id\":\"https:\\\/\\\/diariodelsurdigital.com.ar\\\/?p=4994\",\"url\":\"https:\\\/\\\/diariodelsurdigital.com.ar\\\/?p=4994\",\"name\":\"Nadia Burgos: \\\"Entre R\u00edos mostr\u00f3 que al igual que Espert, Milei se tiene que ir\\\" - Diario del Sur\",\"isPartOf\":{\"@id\":\"https:\\\/\\\/diariodelsurdigital.com.ar\\\/#website\"},\"primaryImageOfPage\":{\"@id\":\"https:\\\/\\\/diariodelsurdigital.com.ar\\\/?p=4994#primaryimage\"},\"image\":{\"@id\":\"https:\\\/\\\/diariodelsurdigital.com.ar\\\/?p=4994#primaryimage\"},\"thumbnailUrl\":\"https:\\\/\\\/diariodelsurdigital.com.ar\\\/wp-content\\\/uploads\\\/2025\\\/10\\\/md-5.webp\",\"datePublished\":\"2025-10-07T12:53:40+00:00\",\"dateModified\":\"2025-10-07T12:53:41+00:00\",\"author\":{\"@id\":\"https:\\\/\\\/diariodelsurdigital.com.ar\\\/#\\\/schema\\\/person\\\/1a4992532ed62965c968031b49195c81\"},\"breadcrumb\":{\"@id\":\"https:\\\/\\\/diariodelsurdigital.com.ar\\\/?p=4994#breadcrumb\"},\"inLanguage\":\"es\",\"potentialAction\":[{\"@type\":\"ReadAction\",\"target\":[\"https:\\\/\\\/diariodelsurdigital.com.ar\\\/?p=4994\"]}]},{\"@type\":\"ImageObject\",\"inLanguage\":\"es\",\"@id\":\"https:\\\/\\\/diariodelsurdigital.com.ar\\\/?p=4994#primaryimage\",\"url\":\"https:\\\/\\\/diariodelsurdigital.com.ar\\\/wp-content\\\/uploads\\\/2025\\\/10\\\/md-5.webp\",\"contentUrl\":\"https:\\\/\\\/diariodelsurdigital.com.ar\\\/wp-content\\\/uploads\\\/2025\\\/10\\\/md-5.webp\",\"width\":992,\"height\":859},{\"@type\":\"BreadcrumbList\",\"@id\":\"https:\\\/\\\/diariodelsurdigital.com.ar\\\/?p=4994#breadcrumb\",\"itemListElement\":[{\"@type\":\"ListItem\",\"position\":1,\"name\":\"Portada\",\"item\":\"https:\\\/\\\/diariodelsurdigital.com.ar\\\/\"},{\"@type\":\"ListItem\",\"position\":2,\"name\":\"Nadia Burgos: \u00abEntre R\u00edos mostr\u00f3 que al igual que Espert, Milei se tiene que ir\u00bb\"}]},{\"@type\":\"WebSite\",\"@id\":\"https:\\\/\\\/diariodelsurdigital.com.ar\\\/#website\",\"url\":\"https:\\\/\\\/diariodelsurdigital.com.ar\\\/\",\"name\":\"Diario del Sur\",\"description\":\"Digital\",\"potentialAction\":[{\"@type\":\"SearchAction\",\"target\":{\"@type\":\"EntryPoint\",\"urlTemplate\":\"https:\\\/\\\/diariodelsurdigital.com.ar\\\/?s={search_term_string}\"},\"query-input\":{\"@type\":\"PropertyValueSpecification\",\"valueRequired\":true,\"valueName\":\"search_term_string\"}}],\"inLanguage\":\"es\"},{\"@type\":\"Person\",\"@id\":\"https:\\\/\\\/diariodelsurdigital.com.ar\\\/#\\\/schema\\\/person\\\/1a4992532ed62965c968031b49195c81\",\"name\":\"Diario del Sur Digital\",\"image\":{\"@type\":\"ImageObject\",\"inLanguage\":\"es\",\"@id\":\"https:\\\/\\\/secure.gravatar.com\\\/avatar\\\/f0c7c47fc7146d19828273b9b8eda651c9c7ab583767e6338d3d3bee825adf76?s=96&d=mm&r=g\",\"url\":\"https:\\\/\\\/secure.gravatar.com\\\/avatar\\\/f0c7c47fc7146d19828273b9b8eda651c9c7ab583767e6338d3d3bee825adf76?s=96&d=mm&r=g\",\"contentUrl\":\"https:\\\/\\\/secure.gravatar.com\\\/avatar\\\/f0c7c47fc7146d19828273b9b8eda651c9c7ab583767e6338d3d3bee825adf76?s=96&d=mm&r=g\",\"caption\":\"Diario del Sur Digital\"},\"url\":\"https:\\\/\\\/diariodelsurdigital.com.ar\\\/?author=4\"}]}<\/script>\n<!-- \/ Yoast SEO plugin. -->","yoast_head_json":{"title":"Nadia Burgos: \"Entre R\u00edos mostr\u00f3 que al igual que Espert, Milei se tiene que ir\" - Diario del Sur","robots":{"index":"index","follow":"follow","max-snippet":"max-snippet:-1","max-image-preview":"max-image-preview:large","max-video-preview":"max-video-preview:-1"},"canonical":"https:\/\/diariodelsurdigital.com.ar\/?p=4994","og_locale":"es_ES","og_type":"article","og_title":"Nadia Burgos: \"Entre R\u00edos mostr\u00f3 que al igual que Espert, Milei se tiene que ir\" - Diario del Sur","og_description":"Nadia Burgos, candidata a diputada por el MST Nueva Izquierda declar\u00f3 que \u201cMilei es ampliamente repudiado en cada lugar que visita. En Entre R\u00edos es claro el descontento hacia el presidente\u201d. La opin\u00f3n de Burgos se contextualiz\u00f3 en la visita del presidente Javier Milei a Paran\u00e1 y el esc\u00e1ndalo por el financiamiento narco a Jos\u00e9 [&hellip;]","og_url":"https:\/\/diariodelsurdigital.com.ar\/?p=4994","og_site_name":"Diario del Sur","article_published_time":"2025-10-07T12:53:40+00:00","article_modified_time":"2025-10-07T12:53:41+00:00","og_image":[{"width":992,"height":859,"url":"https:\/\/diariodelsurdigital.com.ar\/wp-content\/uploads\/2025\/10\/md-5.webp","type":"image\/webp"}],"author":"Diario del Sur Digital","twitter_card":"summary_large_image","twitter_misc":{"Escrito por":"Diario del Sur Digital","Tiempo de lectura":"4 minutos"},"schema":{"@context":"https:\/\/schema.org","@graph":[{"@type":"Article","@id":"https:\/\/diariodelsurdigital.com.ar\/?p=4994#article","isPartOf":{"@id":"https:\/\/diariodelsurdigital.com.ar\/?p=4994"},"author":{"name":"Diario del Sur Digital","@id":"https:\/\/diariodelsurdigital.com.ar\/#\/schema\/person\/1a4992532ed62965c968031b49195c81"},"headline":"Nadia Burgos: \u00abEntre R\u00edos mostr\u00f3 que al igual que Espert, Milei se tiene que ir\u00bb","datePublished":"2025-10-07T12:53:40+00:00","dateModified":"2025-10-07T12:53:41+00:00","mainEntityOfPage":{"@id":"https:\/\/diariodelsurdigital.com.ar\/?p=4994"},"wordCount":803,"commentCount":0,"image":{"@id":"https:\/\/diariodelsurdigital.com.ar\/?p=4994#primaryimage"},"thumbnailUrl":"https:\/\/diariodelsurdigital.com.ar\/wp-content\/uploads\/2025\/10\/md-5.webp","articleSection":["Pol\u00edtica","Provinciales"],"inLanguage":"es","potentialAction":[{"@type":"CommentAction","name":"Comment","target":["https:\/\/diariodelsurdigital.com.ar\/?p=4994#respond"]}]},{"@type":"WebPage","@id":"https:\/\/diariodelsurdigital.com.ar\/?p=4994","url":"https:\/\/diariodelsurdigital.com.ar\/?p=4994","name":"Nadia Burgos: \"Entre R\u00edos mostr\u00f3 que al igual que Espert, Milei se tiene que ir\" - Diario del Sur","isPartOf":{"@id":"https:\/\/diariodelsurdigital.com.ar\/#website"},"primaryImageOfPage":{"@id":"https:\/\/diariodelsurdigital.com.ar\/?p=4994#primaryimage"},"image":{"@id":"https:\/\/diariodelsurdigital.com.ar\/?p=4994#primaryimage"},"thumbnailUrl":"https:\/\/diariodelsurdigital.com.ar\/wp-content\/uploads\/2025\/10\/md-5.webp","datePublished":"2025-10-07T12:53:40+00:00","dateModified":"2025-10-07T12:53:41+00:00","author":{"@id":"https:\/\/diariodelsurdigital.com.ar\/#\/schema\/person\/1a4992532ed62965c968031b49195c81"},"breadcrumb":{"@id":"https:\/\/diariodelsurdigital.com.ar\/?p=4994#breadcrumb"},"inLanguage":"es","potentialAction":[{"@type":"ReadAction","target":["https:\/\/diariodelsurdigital.com.ar\/?p=4994"]}]},{"@type":"ImageObject","inLanguage":"es","@id":"https:\/\/diariodelsurdigital.com.ar\/?p=4994#primaryimage","url":"https:\/\/diariodelsurdigital.com.ar\/wp-content\/uploads\/2025\/10\/md-5.webp","contentUrl":"https:\/\/diariodelsurdigital.com.ar\/wp-content\/uploads\/2025\/10\/md-5.webp","width":992,"height":859},{"@type":"BreadcrumbList","@id":"https:\/\/diariodelsurdigital.com.ar\/?p=4994#breadcrumb","itemListElement":[{"@type":"ListItem","position":1,"name":"Portada","item":"https:\/\/diariodelsurdigital.com.ar\/"},{"@type":"ListItem","position":2,"name":"Nadia Burgos: \u00abEntre R\u00edos mostr\u00f3 que al igual que Espert, Milei se tiene que ir\u00bb"}]},{"@type":"WebSite","@id":"https:\/\/diariodelsurdigital.com.ar\/#website","url":"https:\/\/diariodelsurdigital.com.ar\/","name":"Diario del Sur","description":"Digital","potentialAction":[{"@type":"SearchAction","target":{"@type":"EntryPoint","urlTemplate":"https:\/\/diariodelsurdigital.com.ar\/?s={search_term_string}"},"query-input":{"@type":"PropertyValueSpecification","valueRequired":true,"valueName":"search_term_string"}}],"inLanguage":"es"},{"@type":"Person","@id":"https:\/\/diariodelsurdigital.com.ar\/#\/schema\/person\/1a4992532ed62965c968031b49195c81","name":"Diario del Sur Digital","image":{"@type":"ImageObject","inLanguage":"es","@id":"https:\/\/secure.gravatar.com\/avatar\/f0c7c47fc7146d19828273b9b8eda651c9c7ab583767e6338d3d3bee825adf76?s=96&d=mm&r=g","url":"https:\/\/secure.gravatar.com\/avatar\/f0c7c47fc7146d19828273b9b8eda651c9c7ab583767e6338d3d3bee825adf76?s=96&d=mm&r=g","contentUrl":"https:\/\/secure.gravatar.com\/avatar\/f0c7c47fc7146d19828273b9b8eda651c9c7ab583767e6338d3d3bee825adf76?s=96&d=mm&r=g","caption":"Diario del Sur Digital"},"url":"https:\/\/diariodelsurdigital.com.ar\/?author=4"}]}},"_links":{"self":[{"href":"https:\/\/diariodelsurdigital.com.ar\/index.php?rest_route=\/wp\/v2\/posts\/4994","targetHints":{"allow":["GET"]}}],"collection":[{"href":"https:\/\/diariodelsurdigital.com.ar\/index.php?rest_route=\/wp\/v2\/posts"}],"about":[{"href":"https:\/\/diariodelsurdigital.com.ar\/index.php?rest_route=\/wp\/v2\/types\/post"}],"author":[{"embeddable":true,"href":"https:\/\/diariodelsurdigital.com.ar\/index.php?rest_route=\/wp\/v2\/users\/4"}],"replies":[{"embeddable":true,"href":"https:\/\/diariodelsurdigital.com.ar\/index.php?rest_route=%2Fwp%2Fv2%2Fcomments&post=4994"}],"version-history":[{"count":1,"href":"https:\/\/diariodelsurdigital.com.ar\/index.php?rest_route=\/wp\/v2\/posts\/4994\/revisions"}],"predecessor-version":[{"id":4996,"href":"https:\/\/diariodelsurdigital.com.ar\/index.php?rest_route=\/wp\/v2\/posts\/4994\/revisions\/4996"}],"wp:featuredmedia":[{"embeddable":true,"href":"https:\/\/diariodelsurdigital.com.ar\/index.php?rest_route=\/wp\/v2\/media\/4995"}],"wp:attachment":[{"href":"https:\/\/diariodelsurdigital.com.ar\/index.php?rest_route=%2Fwp%2Fv2%2Fmedia&parent=4994"}],"wp:term":[{"taxonomy":"category","embeddable":true,"href":"https:\/\/diariodelsurdigital.com.ar\/index.php?rest_route=%2Fwp%2Fv2%2Fcategories&post=4994"},{"taxonomy":"post_tag","embeddable":true,"href":"https:\/\/diariodelsurdigital.com.ar\/index.php?rest_route=%2Fwp%2Fv2%2Ftags&post=4994"}],"curies":[{"name":"wp","href":"https:\/\/api.w.org\/{rel}","templated":true}]}}