{"id":4997,"date":"2025-10-07T09:56:33","date_gmt":"2025-10-07T12:56:33","guid":{"rendered":"https:\/\/diariodelsurdigital.com.ar\/?p=4997"},"modified":"2025-10-07T09:56:34","modified_gmt":"2025-10-07T12:56:34","slug":"martin-menem-cuestiono-a-la-oposicion-por-acciones-desestabilizantes-desde-el-congreso","status":"publish","type":"post","link":"https:\/\/diariodelsurdigital.com.ar\/?p=4997","title":{"rendered":"Mart\u00edn Menem cuestion\u00f3 a la oposici\u00f3n por \u00abacciones desestabilizantes\u00bb desde el Congreso"},"content":{"rendered":"\n<p>El presidente de la C\u00e1mara de Diputados, Mart\u00edn Menem, cuestion\u00f3 que la oposici\u00f3n  busca \u00abimponer al Gobierno el presupuesto 2026\u00bb, adem\u00e1s de \u00ablimitar las facultades\u00bb para que emita DNU. \u00abEl Congreso de las primeras veces\u00bb, titul\u00f3 Menem el descargo que realiz\u00f3 horas despu\u00e9s de la renuncia de Jos\u00e9 Luis Espert \u2013atravesado por el esc\u00e1ndalo por financiamiento narco de la campa\u00f1a 2029- como primer candidato a diputado en la provincia de Buenos Aires.<\/p>\n\n\n\n<p>En un extenso posteo publicado este lunes en su cuenta de X, el presidente de la C\u00e1mara de Diputados, Mart\u00edn Menem, enumer\u00f3 las m\u00faltiples derrotas que el oficialismo sufri\u00f3 en el \u00faltimo tiempo a manos de la oposici\u00f3n en el Congreso, donde La Libertad Avanza cuenta con una extrema e in\u00e9dita minor\u00eda.<\/p>\n\n\n\n<p>\u00abEl Congreso de las primeras veces\u00bb, se titula el descargo del riojano, realizado horas despu\u00e9s de la renuncia de Jos\u00e9 Luis Espert como primer candidato a diputado en la provincia de Buenos Aires.<\/p>\n\n\n\n<p>El dirigente libertario mencion\u00f3 que \u00abnunca en la historia pol\u00edtica e institucional de nuestro pa\u00eds, un gobierno genuino y democr\u00e1tico sufri\u00f3 en tan poco tiempo, la sucesi\u00f3n de acciones desestabilizantes que est\u00e1 soportando el Presidente (Javier) Milei y, en realidad, todos los argentinos que le dieron su voto de confianza en la esperanza de que existe una salida a las recurrentes crisis que nuestro pa\u00eds vive atravesando\u00bb.<\/p>\n\n\n\n<p>\u00abEn menos de dos a\u00f1os de mandato y potenci\u00e1ndose en los \u00faltimos meses por la cercan\u00eda de las elecciones de medio t\u00e9rmino, en las cuales existe la realidad cierta y concreta de que La Libertad Avanza aumente su caudal de representaci\u00f3n parlamentaria que le permita acompa\u00f1ar las medidas de cambio que propone el Presidente Milei, el Congreso argentino llev\u00f3 adelante una serie de medidas que no registran antecedentes en nuestra historia democr\u00e1tica\u00bb, enfatiz\u00f3.<\/p>\n\n\n\n<p>Y, seg\u00fan public\u00f3 Parlamentario, all\u00ed enumer\u00f3 varias, como por ejemplo que \u00abes el primer Gobierno al cual la C\u00e1mara de Diputados le deroga un DNU; es el primer Gobierno al cual el Congreso le deroga un DNU.; es el primer Gobierno al cual el Congreso le deroga decretos delegados que se encontraban en el marco de la delegaci\u00f3n que el mismo Poder Legislativo le hab\u00eda autorizado\u00bb.<\/p>\n\n\n\n<p>Tambi\u00e9n que \u00abdesde el a\u00f1o 1996 que no se interpela a un Ministro, y esta C\u00e1mara lo hizo con Guillermo Francos en una sesi\u00f3n bochornosa y por un tema en d\u00f3nde no hubo comprometidos ni actos jur\u00eddicos estatales ni fondos p\u00fabicos\u00bb, en referencia a la interpelaci\u00f3n en abril pasado al jefe de Gabinete sobre el caso $LIBRA.<\/p>\n\n\n\n<p>\u00abPor primera vez desde la recuperaci\u00f3n de la democracia y en la historia de la C\u00e1mara de Diputados, existen dos comisiones investigadoras funcionando al mismo tiempo. Sin embargo, los actores que hoy son los paladines de la institucionalidad, dejaron pasar los peores casos de corrupci\u00f3n de la historia argentina sin siquiera despeinarse\u00bb, cuestion\u00f3.<\/p>\n\n\n\n<p>En esa l\u00ednea, se quej\u00f3 que \u00abs\u00f3lo por nombrar algunos, el Congreso dominado por el kirchnerismo jam\u00e1s investig\u00f3 las responsabilidades pol\u00edticas en los casos: Skanska, Picolotti, Jaime, Antonini Wilson, los d\u00f3lares en el ba\u00f1o de la Ministra de Econom\u00eda, Boudou, los muertos de la tragedia de Once, los bolsos con d\u00f3lares y armas de L\u00f3pez, Hotesur y los Suaces, los cuadernos de las coimas, Vialidad, los muertos de la pandemia, el vacunatorio VIP, el cumplea\u00f1os VIP, el yategate de Insaurralde, los seguros de Alberto, las palizas de Alberto, el Memorandum con Ir\u00e1n, la muerte del fiscal Nisman que horas antes del concurrir a declarar al Congreso a denunciar al Gobierno de Cristina termin\u00f3 asesinado\u00bb.<\/p>\n\n\n\n<p>Por otra parte, Menem sostuvo que \u00aba pesar de ser la segunda fuerza de la C\u00e1mara de Diputados le niegan el derecho y complotan para que el Gobierno no tenga un Auditor General de la Naci\u00f3n\u00bb.<\/p>\n\n\n\n<p>\u00abDesde el a\u00f1o 2003 (Presidencia de Duhalde), que el Congreso no insiste ante un veto del Poder Ejecutivo y nunca se dieron tres insistencias de leyes observadas totalmente durante el mismo per\u00edodo parlamentario\u00bb, continu\u00f3 y agreg\u00f3 que \u00abes el Gobierno al que en el Senado se le autoconvocan las comisiones y el recinto pasando por arriba del reglamento y de cualquier precedente parlamentario\u00bb.<\/p>\n","protected":false},"excerpt":{"rendered":"<p>El presidente de la C\u00e1mara de Diputados, Mart\u00edn Menem, cuestion\u00f3 que la oposici\u00f3n busca \u00abimponer al Gobierno el presupuesto 2026\u00bb, adem\u00e1s de \u00ablimitar las facultades\u00bb para que emita DNU. \u00abEl Congreso de las primeras veces\u00bb, titul\u00f3 Menem el descargo que realiz\u00f3 horas despu\u00e9s de la renuncia de Jos\u00e9 Luis Espert \u2013atravesado por el esc\u00e1ndalo por [&hellip;]<\/p>\n","protected":false},"author":4,"featured_media":4998,"comment_status":"open","ping_status":"open","sticky":false,"template":"","format":"standard","meta":{"footnotes":""},"categories":[18],"tags":[],"class_list":{"0":"post-4997","1":"post","2":"type-post","3":"status-publish","4":"format-standard","5":"has-post-thumbnail","7":"category-nacionales"},"yoast_head":"<!-- This site is optimized with the Yoast SEO plugin v27.4 - https:\/\/yoast.com\/product\/yoast-seo-wordpress\/ -->\n<title>Mart\u00edn Menem cuestion\u00f3 a la oposici\u00f3n por &quot;acciones desestabilizantes&quot; desde el Congreso - Diario del Sur<\/title>\n<meta name=\"robots\" content=\"index, follow, max-snippet:-1, max-image-preview:large, max-video-preview:-1\" \/>\n<link rel=\"canonical\" href=\"https:\/\/diariodelsurdigital.com.ar\/?p=4997\" \/>\n<meta property=\"og:locale\" content=\"es_ES\" \/>\n<meta property=\"og:type\" content=\"article\" \/>\n<meta property=\"og:title\" content=\"Mart\u00edn Menem cuestion\u00f3 a la oposici\u00f3n por &quot;acciones desestabilizantes&quot; desde el Congreso - Diario del Sur\" \/>\n<meta property=\"og:description\" content=\"El presidente de la C\u00e1mara de Diputados, Mart\u00edn Menem, cuestion\u00f3 que la oposici\u00f3n busca \u00abimponer al Gobierno el presupuesto 2026\u00bb, adem\u00e1s de \u00ablimitar las facultades\u00bb para que emita DNU. \u00abEl Congreso de las primeras veces\u00bb, titul\u00f3 Menem el descargo que realiz\u00f3 horas despu\u00e9s de la renuncia de Jos\u00e9 Luis Espert \u2013atravesado por el esc\u00e1ndalo por [&hellip;]\" \/>\n<meta property=\"og:url\" content=\"https:\/\/diariodelsurdigital.com.ar\/?p=4997\" \/>\n<meta property=\"og:site_name\" content=\"Diario del Sur\" \/>\n<meta property=\"article:published_time\" content=\"2025-10-07T12:56:33+00:00\" \/>\n<meta property=\"article:modified_time\" content=\"2025-10-07T12:56:34+00:00\" \/>\n<meta property=\"og:image\" content=\"https:\/\/diariodelsurdigital.com.ar\/wp-content\/uploads\/2025\/10\/md-6.webp\" \/>\n\t<meta property=\"og:image:width\" content=\"992\" \/>\n\t<meta property=\"og:image:height\" content=\"599\" \/>\n\t<meta property=\"og:image:type\" content=\"image\/webp\" \/>\n<meta name=\"author\" content=\"Diario del Sur Digital\" \/>\n<meta name=\"twitter:card\" content=\"summary_large_image\" \/>\n<meta name=\"twitter:label1\" content=\"Escrito por\" \/>\n\t<meta name=\"twitter:data1\" content=\"Diario del Sur Digital\" \/>\n\t<meta name=\"twitter:label2\" content=\"Tiempo de lectura\" \/>\n\t<meta name=\"twitter:data2\" content=\"4 minutos\" \/>\n<script type=\"application\/ld+json\" class=\"yoast-schema-graph\">{\"@context\":\"https:\\\/\\\/schema.org\",\"@graph\":[{\"@type\":\"Article\",\"@id\":\"https:\\\/\\\/diariodelsurdigital.com.ar\\\/?p=4997#article\",\"isPartOf\":{\"@id\":\"https:\\\/\\\/diariodelsurdigital.com.ar\\\/?p=4997\"},\"author\":{\"name\":\"Diario del Sur Digital\",\"@id\":\"https:\\\/\\\/diariodelsurdigital.com.ar\\\/#\\\/schema\\\/person\\\/1a4992532ed62965c968031b49195c81\"},\"headline\":\"Mart\u00edn Menem cuestion\u00f3 a la oposici\u00f3n por \u00abacciones desestabilizantes\u00bb desde el Congreso\",\"datePublished\":\"2025-10-07T12:56:33+00:00\",\"dateModified\":\"2025-10-07T12:56:34+00:00\",\"mainEntityOfPage\":{\"@id\":\"https:\\\/\\\/diariodelsurdigital.com.ar\\\/?p=4997\"},\"wordCount\":753,\"commentCount\":0,\"image\":{\"@id\":\"https:\\\/\\\/diariodelsurdigital.com.ar\\\/?p=4997#primaryimage\"},\"thumbnailUrl\":\"https:\\\/\\\/diariodelsurdigital.com.ar\\\/wp-content\\\/uploads\\\/2025\\\/10\\\/md-6.webp\",\"articleSection\":[\"Nacionales\"],\"inLanguage\":\"es\",\"potentialAction\":[{\"@type\":\"CommentAction\",\"name\":\"Comment\",\"target\":[\"https:\\\/\\\/diariodelsurdigital.com.ar\\\/?p=4997#respond\"]}]},{\"@type\":\"WebPage\",\"@id\":\"https:\\\/\\\/diariodelsurdigital.com.ar\\\/?p=4997\",\"url\":\"https:\\\/\\\/diariodelsurdigital.com.ar\\\/?p=4997\",\"name\":\"Mart\u00edn Menem cuestion\u00f3 a la oposici\u00f3n por \\\"acciones desestabilizantes\\\" desde el Congreso - Diario del Sur\",\"isPartOf\":{\"@id\":\"https:\\\/\\\/diariodelsurdigital.com.ar\\\/#website\"},\"primaryImageOfPage\":{\"@id\":\"https:\\\/\\\/diariodelsurdigital.com.ar\\\/?p=4997#primaryimage\"},\"image\":{\"@id\":\"https:\\\/\\\/diariodelsurdigital.com.ar\\\/?p=4997#primaryimage\"},\"thumbnailUrl\":\"https:\\\/\\\/diariodelsurdigital.com.ar\\\/wp-content\\\/uploads\\\/2025\\\/10\\\/md-6.webp\",\"datePublished\":\"2025-10-07T12:56:33+00:00\",\"dateModified\":\"2025-10-07T12:56:34+00:00\",\"author\":{\"@id\":\"https:\\\/\\\/diariodelsurdigital.com.ar\\\/#\\\/schema\\\/person\\\/1a4992532ed62965c968031b49195c81\"},\"breadcrumb\":{\"@id\":\"https:\\\/\\\/diariodelsurdigital.com.ar\\\/?p=4997#breadcrumb\"},\"inLanguage\":\"es\",\"potentialAction\":[{\"@type\":\"ReadAction\",\"target\":[\"https:\\\/\\\/diariodelsurdigital.com.ar\\\/?p=4997\"]}]},{\"@type\":\"ImageObject\",\"inLanguage\":\"es\",\"@id\":\"https:\\\/\\\/diariodelsurdigital.com.ar\\\/?p=4997#primaryimage\",\"url\":\"https:\\\/\\\/diariodelsurdigital.com.ar\\\/wp-content\\\/uploads\\\/2025\\\/10\\\/md-6.webp\",\"contentUrl\":\"https:\\\/\\\/diariodelsurdigital.com.ar\\\/wp-content\\\/uploads\\\/2025\\\/10\\\/md-6.webp\",\"width\":992,\"height\":599},{\"@type\":\"BreadcrumbList\",\"@id\":\"https:\\\/\\\/diariodelsurdigital.com.ar\\\/?p=4997#breadcrumb\",\"itemListElement\":[{\"@type\":\"ListItem\",\"position\":1,\"name\":\"Portada\",\"item\":\"https:\\\/\\\/diariodelsurdigital.com.ar\\\/\"},{\"@type\":\"ListItem\",\"position\":2,\"name\":\"Mart\u00edn Menem cuestion\u00f3 a la oposici\u00f3n por \u00abacciones desestabilizantes\u00bb desde el Congreso\"}]},{\"@type\":\"WebSite\",\"@id\":\"https:\\\/\\\/diariodelsurdigital.com.ar\\\/#website\",\"url\":\"https:\\\/\\\/diariodelsurdigital.com.ar\\\/\",\"name\":\"Diario del Sur\",\"description\":\"Digital\",\"potentialAction\":[{\"@type\":\"SearchAction\",\"target\":{\"@type\":\"EntryPoint\",\"urlTemplate\":\"https:\\\/\\\/diariodelsurdigital.com.ar\\\/?s={search_term_string}\"},\"query-input\":{\"@type\":\"PropertyValueSpecification\",\"valueRequired\":true,\"valueName\":\"search_term_string\"}}],\"inLanguage\":\"es\"},{\"@type\":\"Person\",\"@id\":\"https:\\\/\\\/diariodelsurdigital.com.ar\\\/#\\\/schema\\\/person\\\/1a4992532ed62965c968031b49195c81\",\"name\":\"Diario del Sur Digital\",\"image\":{\"@type\":\"ImageObject\",\"inLanguage\":\"es\",\"@id\":\"https:\\\/\\\/secure.gravatar.com\\\/avatar\\\/f0c7c47fc7146d19828273b9b8eda651c9c7ab583767e6338d3d3bee825adf76?s=96&d=mm&r=g\",\"url\":\"https:\\\/\\\/secure.gravatar.com\\\/avatar\\\/f0c7c47fc7146d19828273b9b8eda651c9c7ab583767e6338d3d3bee825adf76?s=96&d=mm&r=g\",\"contentUrl\":\"https:\\\/\\\/secure.gravatar.com\\\/avatar\\\/f0c7c47fc7146d19828273b9b8eda651c9c7ab583767e6338d3d3bee825adf76?s=96&d=mm&r=g\",\"caption\":\"Diario del Sur Digital\"},\"url\":\"https:\\\/\\\/diariodelsurdigital.com.ar\\\/?author=4\"}]}<\/script>\n<!-- \/ Yoast SEO plugin. -->","yoast_head_json":{"title":"Mart\u00edn Menem cuestion\u00f3 a la oposici\u00f3n por \"acciones desestabilizantes\" desde el Congreso - Diario del Sur","robots":{"index":"index","follow":"follow","max-snippet":"max-snippet:-1","max-image-preview":"max-image-preview:large","max-video-preview":"max-video-preview:-1"},"canonical":"https:\/\/diariodelsurdigital.com.ar\/?p=4997","og_locale":"es_ES","og_type":"article","og_title":"Mart\u00edn Menem cuestion\u00f3 a la oposici\u00f3n por \"acciones desestabilizantes\" desde el Congreso - Diario del Sur","og_description":"El presidente de la C\u00e1mara de Diputados, Mart\u00edn Menem, cuestion\u00f3 que la oposici\u00f3n busca \u00abimponer al Gobierno el presupuesto 2026\u00bb, adem\u00e1s de \u00ablimitar las facultades\u00bb para que emita DNU. \u00abEl Congreso de las primeras veces\u00bb, titul\u00f3 Menem el descargo que realiz\u00f3 horas despu\u00e9s de la renuncia de Jos\u00e9 Luis Espert \u2013atravesado por el esc\u00e1ndalo por [&hellip;]","og_url":"https:\/\/diariodelsurdigital.com.ar\/?p=4997","og_site_name":"Diario del Sur","article_published_time":"2025-10-07T12:56:33+00:00","article_modified_time":"2025-10-07T12:56:34+00:00","og_image":[{"width":992,"height":599,"url":"https:\/\/diariodelsurdigital.com.ar\/wp-content\/uploads\/2025\/10\/md-6.webp","type":"image\/webp"}],"author":"Diario del Sur Digital","twitter_card":"summary_large_image","twitter_misc":{"Escrito por":"Diario del Sur Digital","Tiempo de lectura":"4 minutos"},"schema":{"@context":"https:\/\/schema.org","@graph":[{"@type":"Article","@id":"https:\/\/diariodelsurdigital.com.ar\/?p=4997#article","isPartOf":{"@id":"https:\/\/diariodelsurdigital.com.ar\/?p=4997"},"author":{"name":"Diario del Sur Digital","@id":"https:\/\/diariodelsurdigital.com.ar\/#\/schema\/person\/1a4992532ed62965c968031b49195c81"},"headline":"Mart\u00edn Menem cuestion\u00f3 a la oposici\u00f3n por \u00abacciones desestabilizantes\u00bb desde el Congreso","datePublished":"2025-10-07T12:56:33+00:00","dateModified":"2025-10-07T12:56:34+00:00","mainEntityOfPage":{"@id":"https:\/\/diariodelsurdigital.com.ar\/?p=4997"},"wordCount":753,"commentCount":0,"image":{"@id":"https:\/\/diariodelsurdigital.com.ar\/?p=4997#primaryimage"},"thumbnailUrl":"https:\/\/diariodelsurdigital.com.ar\/wp-content\/uploads\/2025\/10\/md-6.webp","articleSection":["Nacionales"],"inLanguage":"es","potentialAction":[{"@type":"CommentAction","name":"Comment","target":["https:\/\/diariodelsurdigital.com.ar\/?p=4997#respond"]}]},{"@type":"WebPage","@id":"https:\/\/diariodelsurdigital.com.ar\/?p=4997","url":"https:\/\/diariodelsurdigital.com.ar\/?p=4997","name":"Mart\u00edn Menem cuestion\u00f3 a la oposici\u00f3n por \"acciones desestabilizantes\" desde el Congreso - Diario del Sur","isPartOf":{"@id":"https:\/\/diariodelsurdigital.com.ar\/#website"},"primaryImageOfPage":{"@id":"https:\/\/diariodelsurdigital.com.ar\/?p=4997#primaryimage"},"image":{"@id":"https:\/\/diariodelsurdigital.com.ar\/?p=4997#primaryimage"},"thumbnailUrl":"https:\/\/diariodelsurdigital.com.ar\/wp-content\/uploads\/2025\/10\/md-6.webp","datePublished":"2025-10-07T12:56:33+00:00","dateModified":"2025-10-07T12:56:34+00:00","author":{"@id":"https:\/\/diariodelsurdigital.com.ar\/#\/schema\/person\/1a4992532ed62965c968031b49195c81"},"breadcrumb":{"@id":"https:\/\/diariodelsurdigital.com.ar\/?p=4997#breadcrumb"},"inLanguage":"es","potentialAction":[{"@type":"ReadAction","target":["https:\/\/diariodelsurdigital.com.ar\/?p=4997"]}]},{"@type":"ImageObject","inLanguage":"es","@id":"https:\/\/diariodelsurdigital.com.ar\/?p=4997#primaryimage","url":"https:\/\/diariodelsurdigital.com.ar\/wp-content\/uploads\/2025\/10\/md-6.webp","contentUrl":"https:\/\/diariodelsurdigital.com.ar\/wp-content\/uploads\/2025\/10\/md-6.webp","width":992,"height":599},{"@type":"BreadcrumbList","@id":"https:\/\/diariodelsurdigital.com.ar\/?p=4997#breadcrumb","itemListElement":[{"@type":"ListItem","position":1,"name":"Portada","item":"https:\/\/diariodelsurdigital.com.ar\/"},{"@type":"ListItem","position":2,"name":"Mart\u00edn Menem cuestion\u00f3 a la oposici\u00f3n por \u00abacciones desestabilizantes\u00bb desde el Congreso"}]},{"@type":"WebSite","@id":"https:\/\/diariodelsurdigital.com.ar\/#website","url":"https:\/\/diariodelsurdigital.com.ar\/","name":"Diario del Sur","description":"Digital","potentialAction":[{"@type":"SearchAction","target":{"@type":"EntryPoint","urlTemplate":"https:\/\/diariodelsurdigital.com.ar\/?s={search_term_string}"},"query-input":{"@type":"PropertyValueSpecification","valueRequired":true,"valueName":"search_term_string"}}],"inLanguage":"es"},{"@type":"Person","@id":"https:\/\/diariodelsurdigital.com.ar\/#\/schema\/person\/1a4992532ed62965c968031b49195c81","name":"Diario del Sur Digital","image":{"@type":"ImageObject","inLanguage":"es","@id":"https:\/\/secure.gravatar.com\/avatar\/f0c7c47fc7146d19828273b9b8eda651c9c7ab583767e6338d3d3bee825adf76?s=96&d=mm&r=g","url":"https:\/\/secure.gravatar.com\/avatar\/f0c7c47fc7146d19828273b9b8eda651c9c7ab583767e6338d3d3bee825adf76?s=96&d=mm&r=g","contentUrl":"https:\/\/secure.gravatar.com\/avatar\/f0c7c47fc7146d19828273b9b8eda651c9c7ab583767e6338d3d3bee825adf76?s=96&d=mm&r=g","caption":"Diario del Sur Digital"},"url":"https:\/\/diariodelsurdigital.com.ar\/?author=4"}]}},"_links":{"self":[{"href":"https:\/\/diariodelsurdigital.com.ar\/index.php?rest_route=\/wp\/v2\/posts\/4997","targetHints":{"allow":["GET"]}}],"collection":[{"href":"https:\/\/diariodelsurdigital.com.ar\/index.php?rest_route=\/wp\/v2\/posts"}],"about":[{"href":"https:\/\/diariodelsurdigital.com.ar\/index.php?rest_route=\/wp\/v2\/types\/post"}],"author":[{"embeddable":true,"href":"https:\/\/diariodelsurdigital.com.ar\/index.php?rest_route=\/wp\/v2\/users\/4"}],"replies":[{"embeddable":true,"href":"https:\/\/diariodelsurdigital.com.ar\/index.php?rest_route=%2Fwp%2Fv2%2Fcomments&post=4997"}],"version-history":[{"count":1,"href":"https:\/\/diariodelsurdigital.com.ar\/index.php?rest_route=\/wp\/v2\/posts\/4997\/revisions"}],"predecessor-version":[{"id":4999,"href":"https:\/\/diariodelsurdigital.com.ar\/index.php?rest_route=\/wp\/v2\/posts\/4997\/revisions\/4999"}],"wp:featuredmedia":[{"embeddable":true,"href":"https:\/\/diariodelsurdigital.com.ar\/index.php?rest_route=\/wp\/v2\/media\/4998"}],"wp:attachment":[{"href":"https:\/\/diariodelsurdigital.com.ar\/index.php?rest_route=%2Fwp%2Fv2%2Fmedia&parent=4997"}],"wp:term":[{"taxonomy":"category","embeddable":true,"href":"https:\/\/diariodelsurdigital.com.ar\/index.php?rest_route=%2Fwp%2Fv2%2Fcategories&post=4997"},{"taxonomy":"post_tag","embeddable":true,"href":"https:\/\/diariodelsurdigital.com.ar\/index.php?rest_route=%2Fwp%2Fv2%2Ftags&post=4997"}],"curies":[{"name":"wp","href":"https:\/\/api.w.org\/{rel}","templated":true}]}}