{"id":5003,"date":"2025-10-07T10:04:12","date_gmt":"2025-10-07T13:04:12","guid":{"rendered":"https:\/\/diariodelsurdigital.com.ar\/?p=5003"},"modified":"2025-10-07T10:04:13","modified_gmt":"2025-10-07T13:04:13","slug":"se-publico-la-designacion-del-concordiense-inaki-irurueta-como-nuevo-procurador-fiscal-de-la-provincia","status":"publish","type":"post","link":"https:\/\/diariodelsurdigital.com.ar\/?p=5003","title":{"rendered":"Se public\u00f3 la designaci\u00f3n del concordiense I\u00f1aki Irurueta como nuevo Procurador Fiscal de la Provincia"},"content":{"rendered":"\n<p>Se trata del abogado concordiense, I\u00f1aki Irurueta, quien ocupa un rol clave para la percepci\u00f3n de deudas tributarias. La medida busca agilizar el cobro por la v\u00eda judicial y aumentar la presi\u00f3n sobre contribuyentes morosos.<\/p>\n\n\n\n<p>El Gobernador de Entre R\u00edos, mediante el Bolet\u00edn Oficial N\u00ba 28.191, formaliz\u00f3 la designaci\u00f3n del Dr. I\u00f1aki Irurueta como Procurador Fiscal con jurisdicci\u00f3n en todo el \u00e1mbito provincial. El nombramiento se inscribe en la estrategia del Ejecutivo para intensificar las acciones judiciales destinadas al cobro de las acreencias fiscales y reducir la morosidad tributaria.<\/p>\n\n\n\n<p>La decisi\u00f3n tiene un impacto directo en la capacidad de la Fiscal\u00eda de Estado para accionar contra los deudores. La designaci\u00f3n, que obedece a la solicitud presentada por el propio Dr. Irurueta, asegura la cobertura de un puesto esencial para la representaci\u00f3n legal del Estado en litigios fiscales.<\/p>\n\n\n\n<p>Intensificaci\u00f3n del Cobro Coactivo<br>La importancia del decreto reside en la potestad que otorga al nuevo funcionario para impulsar el cobro coactivo. El Estado justifica la medida en la necesidad de \u00abpromover buenas conductas impositivas\u00bb, pero el foco real est\u00e1 puesto en la ejecuci\u00f3n legal de las deudas.<\/p>\n\n\n\n<p>El decreto se\u00f1ala en sus Considerandos: \u00abQue el mencionado profesional estar\u00e1 encargado de llevar a cabo acciones concretas con el fin de promover buenas conductas impositivas por parte de los contribuyentes y accionar mediante Apremio Fiscal, a quienes se les detectase morosidad en el pago de sus obligaciones impositivas\u00bb.<\/p>\n\n\n\n<p>La designaci\u00f3n se ampara en el C\u00f3digo Fiscal, que establece el mecanismo para este tipo de cobros: \u00abConforme lo establece el Segundo P\u00e1rrafo del Art\u00edculo 116\u00b0 del C\u00f3digo Fiscal (t.o. 2022), el cobro de las Obligaciones Fiscales debe llevarse a cabo a trav\u00e9s de Procuradores Fiscales que designe el Poder Ejecutivo\u00bb.<\/p>\n\n\n\n<p>El Art\u00edculo 1\u00b0 formaliza el alcance de la funci\u00f3n: \u00abDes\u00edgnase Procurador Fiscal con Jurisdicci\u00f3n en todo el territorio provincial, al Dr. I\u00f1aki IRURUETA\u2026 con domicilio legal en la ciudad de Concordia, Provincia de Entre R\u00edos, en virtud de lo expresado en los considerandos del presente Decreto\u00bb.<\/p>\n\n\n\n<p>El Art\u00edculo 2\u00b0 confirma la potestad legal del funcionario: \u00abAutor\u00edzase a la Escriban\u00eda Mayor de Gobierno a otorgar el Poder General para actuar en Juicios y Asuntos Administrativos a favor del Dr. I\u00f1aki IRURUETA, teniendo en cuenta lo dispuesto en el Art\u00edculo 1\u00ba del presente Decreto\u00bb.<\/p>\n\n\n\n<p>Perfil del nuevo Procurador Fiscal<br>Esta Agencia supo que el Dr. Irurueta es abogado egresado de la Universidad de Buenos Aires (UBA). Cuenta con una d\u00e9cada de experiencia profesional, gran parte de ella desarrollada en el Estudio Jur\u00eddico Irurueta en Concordia, un estudio familiar donde se especializ\u00f3 en Derecho Civil y Comercial, incluyendo Concursos y Quiebras y asesoramiento a empresas como TELECOM ARGENTINA S.A. y MEDICUS S.A..<\/p>\n\n\n\n<p>Adem\u00e1s de su pr\u00e1ctica privada, el Dr. Irurueta se desempe\u00f1\u00f3 como Asesor Legal en el INSSJP (PAMI), aportando conocimiento sobre la din\u00e1mica de los organismos p\u00fablicos. Su perfil se orienta al litigio complejo y a la gesti\u00f3n de carteras de cobro.<\/p>\n","protected":false},"excerpt":{"rendered":"<p>Se trata del abogado concordiense, I\u00f1aki Irurueta, quien ocupa un rol clave para la percepci\u00f3n de deudas tributarias. La medida busca agilizar el cobro por la v\u00eda judicial y aumentar la presi\u00f3n sobre contribuyentes morosos. El Gobernador de Entre R\u00edos, mediante el Bolet\u00edn Oficial N\u00ba 28.191, formaliz\u00f3 la designaci\u00f3n del Dr. I\u00f1aki Irurueta como Procurador [&hellip;]<\/p>\n","protected":false},"author":4,"featured_media":5004,"comment_status":"open","ping_status":"open","sticky":false,"template":"","format":"standard","meta":{"footnotes":""},"categories":[22,17],"tags":[],"class_list":{"0":"post-5003","1":"post","2":"type-post","3":"status-publish","4":"format-standard","5":"has-post-thumbnail","7":"category-politica","8":"category-provinciales"},"yoast_head":"<!-- This site is optimized with the Yoast SEO plugin v27.4 - https:\/\/yoast.com\/product\/yoast-seo-wordpress\/ -->\n<title>Se public\u00f3 la designaci\u00f3n del concordiense I\u00f1aki Irurueta como nuevo Procurador Fiscal de la Provincia - Diario del Sur<\/title>\n<meta name=\"robots\" content=\"index, follow, max-snippet:-1, max-image-preview:large, max-video-preview:-1\" \/>\n<link rel=\"canonical\" href=\"https:\/\/diariodelsurdigital.com.ar\/?p=5003\" \/>\n<meta property=\"og:locale\" content=\"es_ES\" \/>\n<meta property=\"og:type\" content=\"article\" \/>\n<meta property=\"og:title\" content=\"Se public\u00f3 la designaci\u00f3n del concordiense I\u00f1aki Irurueta como nuevo Procurador Fiscal de la Provincia - Diario del Sur\" \/>\n<meta property=\"og:description\" content=\"Se trata del abogado concordiense, I\u00f1aki Irurueta, quien ocupa un rol clave para la percepci\u00f3n de deudas tributarias. La medida busca agilizar el cobro por la v\u00eda judicial y aumentar la presi\u00f3n sobre contribuyentes morosos. El Gobernador de Entre R\u00edos, mediante el Bolet\u00edn Oficial N\u00ba 28.191, formaliz\u00f3 la designaci\u00f3n del Dr. I\u00f1aki Irurueta como Procurador [&hellip;]\" \/>\n<meta property=\"og:url\" content=\"https:\/\/diariodelsurdigital.com.ar\/?p=5003\" \/>\n<meta property=\"og:site_name\" content=\"Diario del Sur\" \/>\n<meta property=\"article:published_time\" content=\"2025-10-07T13:04:12+00:00\" \/>\n<meta property=\"article:modified_time\" content=\"2025-10-07T13:04:13+00:00\" \/>\n<meta property=\"og:image\" content=\"https:\/\/diariodelsurdigital.com.ar\/wp-content\/uploads\/2025\/10\/md-8.webp\" \/>\n\t<meta property=\"og:image:width\" content=\"992\" \/>\n\t<meta property=\"og:image:height\" content=\"661\" \/>\n\t<meta property=\"og:image:type\" content=\"image\/webp\" \/>\n<meta name=\"author\" content=\"Diario del Sur Digital\" \/>\n<meta name=\"twitter:card\" content=\"summary_large_image\" \/>\n<meta name=\"twitter:label1\" content=\"Escrito por\" \/>\n\t<meta name=\"twitter:data1\" content=\"Diario del Sur Digital\" \/>\n\t<meta name=\"twitter:label2\" content=\"Tiempo de lectura\" \/>\n\t<meta name=\"twitter:data2\" content=\"3 minutos\" \/>\n<script type=\"application\/ld+json\" class=\"yoast-schema-graph\">{\"@context\":\"https:\\\/\\\/schema.org\",\"@graph\":[{\"@type\":\"Article\",\"@id\":\"https:\\\/\\\/diariodelsurdigital.com.ar\\\/?p=5003#article\",\"isPartOf\":{\"@id\":\"https:\\\/\\\/diariodelsurdigital.com.ar\\\/?p=5003\"},\"author\":{\"name\":\"Diario del Sur Digital\",\"@id\":\"https:\\\/\\\/diariodelsurdigital.com.ar\\\/#\\\/schema\\\/person\\\/1a4992532ed62965c968031b49195c81\"},\"headline\":\"Se public\u00f3 la designaci\u00f3n del concordiense I\u00f1aki Irurueta como nuevo Procurador Fiscal de la Provincia\",\"datePublished\":\"2025-10-07T13:04:12+00:00\",\"dateModified\":\"2025-10-07T13:04:13+00:00\",\"mainEntityOfPage\":{\"@id\":\"https:\\\/\\\/diariodelsurdigital.com.ar\\\/?p=5003\"},\"wordCount\":537,\"commentCount\":0,\"image\":{\"@id\":\"https:\\\/\\\/diariodelsurdigital.com.ar\\\/?p=5003#primaryimage\"},\"thumbnailUrl\":\"https:\\\/\\\/diariodelsurdigital.com.ar\\\/wp-content\\\/uploads\\\/2025\\\/10\\\/md-8.webp\",\"articleSection\":[\"Pol\u00edtica\",\"Provinciales\"],\"inLanguage\":\"es\",\"potentialAction\":[{\"@type\":\"CommentAction\",\"name\":\"Comment\",\"target\":[\"https:\\\/\\\/diariodelsurdigital.com.ar\\\/?p=5003#respond\"]}]},{\"@type\":\"WebPage\",\"@id\":\"https:\\\/\\\/diariodelsurdigital.com.ar\\\/?p=5003\",\"url\":\"https:\\\/\\\/diariodelsurdigital.com.ar\\\/?p=5003\",\"name\":\"Se public\u00f3 la designaci\u00f3n del concordiense I\u00f1aki Irurueta como nuevo Procurador Fiscal de la Provincia - Diario del Sur\",\"isPartOf\":{\"@id\":\"https:\\\/\\\/diariodelsurdigital.com.ar\\\/#website\"},\"primaryImageOfPage\":{\"@id\":\"https:\\\/\\\/diariodelsurdigital.com.ar\\\/?p=5003#primaryimage\"},\"image\":{\"@id\":\"https:\\\/\\\/diariodelsurdigital.com.ar\\\/?p=5003#primaryimage\"},\"thumbnailUrl\":\"https:\\\/\\\/diariodelsurdigital.com.ar\\\/wp-content\\\/uploads\\\/2025\\\/10\\\/md-8.webp\",\"datePublished\":\"2025-10-07T13:04:12+00:00\",\"dateModified\":\"2025-10-07T13:04:13+00:00\",\"author\":{\"@id\":\"https:\\\/\\\/diariodelsurdigital.com.ar\\\/#\\\/schema\\\/person\\\/1a4992532ed62965c968031b49195c81\"},\"breadcrumb\":{\"@id\":\"https:\\\/\\\/diariodelsurdigital.com.ar\\\/?p=5003#breadcrumb\"},\"inLanguage\":\"es\",\"potentialAction\":[{\"@type\":\"ReadAction\",\"target\":[\"https:\\\/\\\/diariodelsurdigital.com.ar\\\/?p=5003\"]}]},{\"@type\":\"ImageObject\",\"inLanguage\":\"es\",\"@id\":\"https:\\\/\\\/diariodelsurdigital.com.ar\\\/?p=5003#primaryimage\",\"url\":\"https:\\\/\\\/diariodelsurdigital.com.ar\\\/wp-content\\\/uploads\\\/2025\\\/10\\\/md-8.webp\",\"contentUrl\":\"https:\\\/\\\/diariodelsurdigital.com.ar\\\/wp-content\\\/uploads\\\/2025\\\/10\\\/md-8.webp\",\"width\":992,\"height\":661},{\"@type\":\"BreadcrumbList\",\"@id\":\"https:\\\/\\\/diariodelsurdigital.com.ar\\\/?p=5003#breadcrumb\",\"itemListElement\":[{\"@type\":\"ListItem\",\"position\":1,\"name\":\"Portada\",\"item\":\"https:\\\/\\\/diariodelsurdigital.com.ar\\\/\"},{\"@type\":\"ListItem\",\"position\":2,\"name\":\"Se public\u00f3 la designaci\u00f3n del concordiense I\u00f1aki Irurueta como nuevo Procurador Fiscal de la Provincia\"}]},{\"@type\":\"WebSite\",\"@id\":\"https:\\\/\\\/diariodelsurdigital.com.ar\\\/#website\",\"url\":\"https:\\\/\\\/diariodelsurdigital.com.ar\\\/\",\"name\":\"Diario del Sur\",\"description\":\"Digital\",\"potentialAction\":[{\"@type\":\"SearchAction\",\"target\":{\"@type\":\"EntryPoint\",\"urlTemplate\":\"https:\\\/\\\/diariodelsurdigital.com.ar\\\/?s={search_term_string}\"},\"query-input\":{\"@type\":\"PropertyValueSpecification\",\"valueRequired\":true,\"valueName\":\"search_term_string\"}}],\"inLanguage\":\"es\"},{\"@type\":\"Person\",\"@id\":\"https:\\\/\\\/diariodelsurdigital.com.ar\\\/#\\\/schema\\\/person\\\/1a4992532ed62965c968031b49195c81\",\"name\":\"Diario del Sur Digital\",\"image\":{\"@type\":\"ImageObject\",\"inLanguage\":\"es\",\"@id\":\"https:\\\/\\\/secure.gravatar.com\\\/avatar\\\/f0c7c47fc7146d19828273b9b8eda651c9c7ab583767e6338d3d3bee825adf76?s=96&d=mm&r=g\",\"url\":\"https:\\\/\\\/secure.gravatar.com\\\/avatar\\\/f0c7c47fc7146d19828273b9b8eda651c9c7ab583767e6338d3d3bee825adf76?s=96&d=mm&r=g\",\"contentUrl\":\"https:\\\/\\\/secure.gravatar.com\\\/avatar\\\/f0c7c47fc7146d19828273b9b8eda651c9c7ab583767e6338d3d3bee825adf76?s=96&d=mm&r=g\",\"caption\":\"Diario del Sur Digital\"},\"url\":\"https:\\\/\\\/diariodelsurdigital.com.ar\\\/?author=4\"}]}<\/script>\n<!-- \/ Yoast SEO plugin. -->","yoast_head_json":{"title":"Se public\u00f3 la designaci\u00f3n del concordiense I\u00f1aki Irurueta como nuevo Procurador Fiscal de la Provincia - Diario del Sur","robots":{"index":"index","follow":"follow","max-snippet":"max-snippet:-1","max-image-preview":"max-image-preview:large","max-video-preview":"max-video-preview:-1"},"canonical":"https:\/\/diariodelsurdigital.com.ar\/?p=5003","og_locale":"es_ES","og_type":"article","og_title":"Se public\u00f3 la designaci\u00f3n del concordiense I\u00f1aki Irurueta como nuevo Procurador Fiscal de la Provincia - Diario del Sur","og_description":"Se trata del abogado concordiense, I\u00f1aki Irurueta, quien ocupa un rol clave para la percepci\u00f3n de deudas tributarias. La medida busca agilizar el cobro por la v\u00eda judicial y aumentar la presi\u00f3n sobre contribuyentes morosos. El Gobernador de Entre R\u00edos, mediante el Bolet\u00edn Oficial N\u00ba 28.191, formaliz\u00f3 la designaci\u00f3n del Dr. I\u00f1aki Irurueta como Procurador [&hellip;]","og_url":"https:\/\/diariodelsurdigital.com.ar\/?p=5003","og_site_name":"Diario del Sur","article_published_time":"2025-10-07T13:04:12+00:00","article_modified_time":"2025-10-07T13:04:13+00:00","og_image":[{"width":992,"height":661,"url":"https:\/\/diariodelsurdigital.com.ar\/wp-content\/uploads\/2025\/10\/md-8.webp","type":"image\/webp"}],"author":"Diario del Sur Digital","twitter_card":"summary_large_image","twitter_misc":{"Escrito por":"Diario del Sur Digital","Tiempo de lectura":"3 minutos"},"schema":{"@context":"https:\/\/schema.org","@graph":[{"@type":"Article","@id":"https:\/\/diariodelsurdigital.com.ar\/?p=5003#article","isPartOf":{"@id":"https:\/\/diariodelsurdigital.com.ar\/?p=5003"},"author":{"name":"Diario del Sur Digital","@id":"https:\/\/diariodelsurdigital.com.ar\/#\/schema\/person\/1a4992532ed62965c968031b49195c81"},"headline":"Se public\u00f3 la designaci\u00f3n del concordiense I\u00f1aki Irurueta como nuevo Procurador Fiscal de la Provincia","datePublished":"2025-10-07T13:04:12+00:00","dateModified":"2025-10-07T13:04:13+00:00","mainEntityOfPage":{"@id":"https:\/\/diariodelsurdigital.com.ar\/?p=5003"},"wordCount":537,"commentCount":0,"image":{"@id":"https:\/\/diariodelsurdigital.com.ar\/?p=5003#primaryimage"},"thumbnailUrl":"https:\/\/diariodelsurdigital.com.ar\/wp-content\/uploads\/2025\/10\/md-8.webp","articleSection":["Pol\u00edtica","Provinciales"],"inLanguage":"es","potentialAction":[{"@type":"CommentAction","name":"Comment","target":["https:\/\/diariodelsurdigital.com.ar\/?p=5003#respond"]}]},{"@type":"WebPage","@id":"https:\/\/diariodelsurdigital.com.ar\/?p=5003","url":"https:\/\/diariodelsurdigital.com.ar\/?p=5003","name":"Se public\u00f3 la designaci\u00f3n del concordiense I\u00f1aki Irurueta como nuevo Procurador Fiscal de la Provincia - Diario del Sur","isPartOf":{"@id":"https:\/\/diariodelsurdigital.com.ar\/#website"},"primaryImageOfPage":{"@id":"https:\/\/diariodelsurdigital.com.ar\/?p=5003#primaryimage"},"image":{"@id":"https:\/\/diariodelsurdigital.com.ar\/?p=5003#primaryimage"},"thumbnailUrl":"https:\/\/diariodelsurdigital.com.ar\/wp-content\/uploads\/2025\/10\/md-8.webp","datePublished":"2025-10-07T13:04:12+00:00","dateModified":"2025-10-07T13:04:13+00:00","author":{"@id":"https:\/\/diariodelsurdigital.com.ar\/#\/schema\/person\/1a4992532ed62965c968031b49195c81"},"breadcrumb":{"@id":"https:\/\/diariodelsurdigital.com.ar\/?p=5003#breadcrumb"},"inLanguage":"es","potentialAction":[{"@type":"ReadAction","target":["https:\/\/diariodelsurdigital.com.ar\/?p=5003"]}]},{"@type":"ImageObject","inLanguage":"es","@id":"https:\/\/diariodelsurdigital.com.ar\/?p=5003#primaryimage","url":"https:\/\/diariodelsurdigital.com.ar\/wp-content\/uploads\/2025\/10\/md-8.webp","contentUrl":"https:\/\/diariodelsurdigital.com.ar\/wp-content\/uploads\/2025\/10\/md-8.webp","width":992,"height":661},{"@type":"BreadcrumbList","@id":"https:\/\/diariodelsurdigital.com.ar\/?p=5003#breadcrumb","itemListElement":[{"@type":"ListItem","position":1,"name":"Portada","item":"https:\/\/diariodelsurdigital.com.ar\/"},{"@type":"ListItem","position":2,"name":"Se public\u00f3 la designaci\u00f3n del concordiense I\u00f1aki Irurueta como nuevo Procurador Fiscal de la Provincia"}]},{"@type":"WebSite","@id":"https:\/\/diariodelsurdigital.com.ar\/#website","url":"https:\/\/diariodelsurdigital.com.ar\/","name":"Diario del Sur","description":"Digital","potentialAction":[{"@type":"SearchAction","target":{"@type":"EntryPoint","urlTemplate":"https:\/\/diariodelsurdigital.com.ar\/?s={search_term_string}"},"query-input":{"@type":"PropertyValueSpecification","valueRequired":true,"valueName":"search_term_string"}}],"inLanguage":"es"},{"@type":"Person","@id":"https:\/\/diariodelsurdigital.com.ar\/#\/schema\/person\/1a4992532ed62965c968031b49195c81","name":"Diario del Sur Digital","image":{"@type":"ImageObject","inLanguage":"es","@id":"https:\/\/secure.gravatar.com\/avatar\/f0c7c47fc7146d19828273b9b8eda651c9c7ab583767e6338d3d3bee825adf76?s=96&d=mm&r=g","url":"https:\/\/secure.gravatar.com\/avatar\/f0c7c47fc7146d19828273b9b8eda651c9c7ab583767e6338d3d3bee825adf76?s=96&d=mm&r=g","contentUrl":"https:\/\/secure.gravatar.com\/avatar\/f0c7c47fc7146d19828273b9b8eda651c9c7ab583767e6338d3d3bee825adf76?s=96&d=mm&r=g","caption":"Diario del Sur Digital"},"url":"https:\/\/diariodelsurdigital.com.ar\/?author=4"}]}},"_links":{"self":[{"href":"https:\/\/diariodelsurdigital.com.ar\/index.php?rest_route=\/wp\/v2\/posts\/5003","targetHints":{"allow":["GET"]}}],"collection":[{"href":"https:\/\/diariodelsurdigital.com.ar\/index.php?rest_route=\/wp\/v2\/posts"}],"about":[{"href":"https:\/\/diariodelsurdigital.com.ar\/index.php?rest_route=\/wp\/v2\/types\/post"}],"author":[{"embeddable":true,"href":"https:\/\/diariodelsurdigital.com.ar\/index.php?rest_route=\/wp\/v2\/users\/4"}],"replies":[{"embeddable":true,"href":"https:\/\/diariodelsurdigital.com.ar\/index.php?rest_route=%2Fwp%2Fv2%2Fcomments&post=5003"}],"version-history":[{"count":1,"href":"https:\/\/diariodelsurdigital.com.ar\/index.php?rest_route=\/wp\/v2\/posts\/5003\/revisions"}],"predecessor-version":[{"id":5005,"href":"https:\/\/diariodelsurdigital.com.ar\/index.php?rest_route=\/wp\/v2\/posts\/5003\/revisions\/5005"}],"wp:featuredmedia":[{"embeddable":true,"href":"https:\/\/diariodelsurdigital.com.ar\/index.php?rest_route=\/wp\/v2\/media\/5004"}],"wp:attachment":[{"href":"https:\/\/diariodelsurdigital.com.ar\/index.php?rest_route=%2Fwp%2Fv2%2Fmedia&parent=5003"}],"wp:term":[{"taxonomy":"category","embeddable":true,"href":"https:\/\/diariodelsurdigital.com.ar\/index.php?rest_route=%2Fwp%2Fv2%2Fcategories&post=5003"},{"taxonomy":"post_tag","embeddable":true,"href":"https:\/\/diariodelsurdigital.com.ar\/index.php?rest_route=%2Fwp%2Fv2%2Ftags&post=5003"}],"curies":[{"name":"wp","href":"https:\/\/api.w.org\/{rel}","templated":true}]}}