{"id":502,"date":"2025-01-08T13:26:24","date_gmt":"2025-01-08T16:26:24","guid":{"rendered":"https:\/\/diariodelsurdigital.com.ar\/?p=502"},"modified":"2025-01-08T14:37:07","modified_gmt":"2025-01-08T17:37:07","slug":"el-exgobernador-sergio-urribarri-y-su-cunado-juan-pablo-aguilera-saldran-en-libertad","status":"publish","type":"post","link":"https:\/\/diariodelsurdigital.com.ar\/?p=502","title":{"rendered":"El exgobernador Sergio Urribarri y su cu\u00f1ado Juan Pablo Aguilera saldr\u00e1n en libertad"},"content":{"rendered":"\n<h2 class=\"wp-block-heading\" id=\"nota-title\"><\/h2>\n\n\n\n<p>El tribunal de feria, habilitado la semana pasada, en fallo dividido revoc\u00f3 la decisi\u00f3n de la C\u00e1mara de Casaci\u00f3n Penal de Paran\u00e1 por la cual el ex gobernador y su cu\u00f1ado cumpl\u00edan condena en la c\u00e1rcel.<\/p>\n\n\n\n<h5 class=\"wp-block-heading\">Fallo dividido<\/h5>\n\n\n\n<p><mark>Los vocales Germ\u00e1n Carlomagno y Leonardo Portela se inclinaron por las restricciones que cumpl\u00edan los condenados antes de ser detenidos. Miguel Giorgio se mantuvo en su posici\u00f3n y vot\u00f3 por el cumplimiento efectivo en la Unidad Penal.<\/mark><\/p>\n\n\n\n<p>Urribarri y Aguilera vuelven al estado anterior. Es decir, en libertad con restricciones, no prisi\u00f3n preventiva domiciliaria.&nbsp;<mark>Los vocales que fallaron por la libertad entendieron que la prisi\u00f3n preventiva fue una decisi\u00f3n \u201carbitraria\u201d.<\/mark><\/p>\n\n\n\n<p>\u201cLa prisi\u00f3n preventiva es la medida cautelar de coerci\u00f3n personal m\u00e1s severa posible y por ende reviste de car\u00e1cter excepcional\u201d, comenz\u00f3 diciendo Carlomagno, para citar a la doctora Mar\u00eda Ang\u00e9lica Gelli, cuando dijo que \u201cla prisi\u00f3n preventiva implica privar de la libertad a quienes son considerados inocentes por la Constituci\u00f3n Nacional, por lo que \u2018el mantenimiento de la prisi\u00f3n cautelar o su cesaci\u00f3n requiere de un criterio de decisi\u00f3n razonable por parte de los magistrados judiciales\u201d.<\/p>\n\n\n\n<p>\u201cLas pautas elaboradas por la ley, por la Corte Suprema de Justicia de la Naci\u00f3n y por la Corte Interamericana de Derechos Humanos constituyen est\u00e1ndares a considerar expresamente, pero no invoc\u00e1ndolos de un modo general\u201d, sostuvo.<\/p>\n\n\n\n<p>Marc\u00f3 que \u201clos jueces deben practicar un examen riguroso de los hechos y circunstancias que sirvan de base a la extensi\u00f3n del encarcelamiento porque, \u00e9ste, \u2018no deja de ser cautelar, y entonces la decisi\u00f3n debe contener la motivaci\u00f3n suficiente que permita evaluar si se ajusta a los requerimientos impuestos por la Corte Interamericana sobre Derechos Humanos, entre ellos, el de necesidad, en el sentido de que sean absolutamente indispensables para conseguir el fin deseado y que no exista una medida menos gravosa respecto al derecho intervenido entre todas aquellas que cuentan con la misma idoneidad para alcanzar el objetivo propuesto\u201d, dice m\u00e1s adelante la sentencia<\/p>\n\n\n\n<h5 class=\"wp-block-heading\">Los argumentos para disentir que tuvo Giorgio<\/h5>\n\n\n\n<p>Giorgio, el voto en disidencia, fue duro. \u201cEn primer lugar,&nbsp;<mark>no comparto como antecedente la habilitaci\u00f3n de feria bajo el pretexto gen\u00e9rico de afectaci\u00f3n de la libertad ambulatoria, cuando la presente causa se encontraba a despacho, dentro del plazo legal para resolver y bajo la \u00f3rbita de los jueces naturales<\/mark>&nbsp;que han sido sustra\u00eddos para que un Tribunal ad-hoc, de excepci\u00f3n y ef\u00edmero resuelva y, sobre todo, teniendo en cuenta que actualmente en esta Sala N\u00ba1 en lo Penal del STJ, de la cual soy vocal titular, tiene en tr\u00e1mite 24 impugnaciones extraordinarias con ciudadanos privados de la libertad, la mayor\u00eda afectados en su libertad ambulatoria con anterioridad a la situaci\u00f3n de los Sres. Urribarri y Aguilera\u201d, comenz\u00f3.<\/p>\n\n\n\n<p>Y continu\u00f3: \u201c<mark>Adem\u00e1s, una vez habilitada -indebidamente- la feria judicial, se deneg\u00f3 in limine la revocatoria planteada por el Ministerio P\u00fablico Fiscal como parte del proceso agraviada por esa decisi\u00f3n.&nbsp;<\/mark>No puede perderse de vista que al correrse vista a la fiscal\u00eda para que opine, se bilateraliz\u00f3 el incidente de habilitaci\u00f3n de feria, es decir, se constituy\u00f3 a la fiscal\u00eda en parte y luego, contradictoriamente, se le veda impugnar\u201d.<\/p>\n\n\n\n<p>Giorgio hab\u00eda pedido excusarse luego de que se habilite la feria por entender que al haber votado en el tribunal de origen se hab\u00eda da\u00f1ado el car\u00e1cter de \u201csecreto\u201d de su voto, ahora, en el nuevo tribunal.<\/p>\n\n\n\n<p>El vocal oriundo de Concordia, en su voto, dio detalles del proceso que impugna: \u201cSe instrumentaron plazos corridos, que no corresponden para la impugnaci\u00f3n extraordinaria; dict\u00e1ndose providencias para impulsar el proceso en d\u00edas y horas inh\u00e1biles (a guisa de ejemplo, el d\u00eda domingo 5 de enero de 2025 o lunes 6 de enero de 2025 a las 22:50 hs), convirtiendo este recurso excepcional en una suerte de Habeas corpus solapado y con una l\u00f3gica procedimental nunca vista en causas similares\u201d.<\/p>\n\n\n\n<p><strong>Fuente:<\/strong>&nbsp;P\u00e1gina Pol\u00edtica.<\/p>\n","protected":false},"excerpt":{"rendered":"<p>El tribunal de feria, habilitado la semana pasada, en fallo dividido revoc\u00f3 la decisi\u00f3n de la C\u00e1mara de Casaci\u00f3n Penal de Paran\u00e1 por la cual el ex gobernador y su cu\u00f1ado cumpl\u00edan condena en la c\u00e1rcel. Fallo dividido Los vocales Germ\u00e1n Carlomagno y Leonardo Portela se inclinaron por las restricciones que cumpl\u00edan los condenados antes [&hellip;]<\/p>\n","protected":false},"author":2,"featured_media":503,"comment_status":"open","ping_status":"open","sticky":false,"template":"","format":"standard","meta":{"footnotes":""},"categories":[22],"tags":[],"class_list":{"0":"post-502","1":"post","2":"type-post","3":"status-publish","4":"format-standard","5":"has-post-thumbnail","7":"category-politica"},"yoast_head":"<!-- This site is optimized with the Yoast SEO plugin v27.4 - https:\/\/yoast.com\/product\/yoast-seo-wordpress\/ -->\n<title>El exgobernador Sergio Urribarri y su cu\u00f1ado Juan Pablo Aguilera saldr\u00e1n en libertad - Diario del Sur<\/title>\n<meta name=\"robots\" content=\"index, follow, max-snippet:-1, max-image-preview:large, max-video-preview:-1\" \/>\n<link rel=\"canonical\" href=\"https:\/\/diariodelsurdigital.com.ar\/?p=502\" \/>\n<meta property=\"og:locale\" content=\"es_ES\" \/>\n<meta property=\"og:type\" content=\"article\" \/>\n<meta property=\"og:title\" content=\"El exgobernador Sergio Urribarri y su cu\u00f1ado Juan Pablo Aguilera saldr\u00e1n en libertad - Diario del Sur\" \/>\n<meta property=\"og:description\" content=\"El tribunal de feria, habilitado la semana pasada, en fallo dividido revoc\u00f3 la decisi\u00f3n de la C\u00e1mara de Casaci\u00f3n Penal de Paran\u00e1 por la cual el ex gobernador y su cu\u00f1ado cumpl\u00edan condena en la c\u00e1rcel. Fallo dividido Los vocales Germ\u00e1n Carlomagno y Leonardo Portela se inclinaron por las restricciones que cumpl\u00edan los condenados antes [&hellip;]\" \/>\n<meta property=\"og:url\" content=\"https:\/\/diariodelsurdigital.com.ar\/?p=502\" \/>\n<meta property=\"og:site_name\" content=\"Diario del Sur\" \/>\n<meta property=\"article:published_time\" content=\"2025-01-08T16:26:24+00:00\" \/>\n<meta property=\"article:modified_time\" content=\"2025-01-08T17:37:07+00:00\" \/>\n<meta property=\"og:image\" content=\"https:\/\/diariodelsurdigital.com.ar\/wp-content\/uploads\/2025\/01\/l_1736346026.jpg\" \/>\n\t<meta property=\"og:image:width\" content=\"426\" \/>\n\t<meta property=\"og:image:height\" content=\"284\" \/>\n\t<meta property=\"og:image:type\" content=\"image\/jpeg\" \/>\n<meta name=\"author\" content=\"Diario del Sur Digital\" \/>\n<meta name=\"twitter:card\" content=\"summary_large_image\" \/>\n<meta name=\"twitter:label1\" content=\"Escrito por\" \/>\n\t<meta name=\"twitter:data1\" content=\"Diario del Sur Digital\" \/>\n\t<meta name=\"twitter:label2\" content=\"Tiempo de lectura\" \/>\n\t<meta name=\"twitter:data2\" content=\"4 minutos\" \/>\n<script type=\"application\/ld+json\" class=\"yoast-schema-graph\">{\"@context\":\"https:\\\/\\\/schema.org\",\"@graph\":[{\"@type\":\"Article\",\"@id\":\"https:\\\/\\\/diariodelsurdigital.com.ar\\\/?p=502#article\",\"isPartOf\":{\"@id\":\"https:\\\/\\\/diariodelsurdigital.com.ar\\\/?p=502\"},\"author\":{\"name\":\"Diario del Sur Digital\",\"@id\":\"https:\\\/\\\/diariodelsurdigital.com.ar\\\/#\\\/schema\\\/person\\\/6136a32571657f7dba980b88b04c5465\"},\"headline\":\"El exgobernador Sergio Urribarri y su cu\u00f1ado Juan Pablo Aguilera saldr\u00e1n en libertad\",\"datePublished\":\"2025-01-08T16:26:24+00:00\",\"dateModified\":\"2025-01-08T17:37:07+00:00\",\"mainEntityOfPage\":{\"@id\":\"https:\\\/\\\/diariodelsurdigital.com.ar\\\/?p=502\"},\"wordCount\":710,\"commentCount\":0,\"image\":{\"@id\":\"https:\\\/\\\/diariodelsurdigital.com.ar\\\/?p=502#primaryimage\"},\"thumbnailUrl\":\"https:\\\/\\\/diariodelsurdigital.com.ar\\\/wp-content\\\/uploads\\\/2025\\\/01\\\/l_1736346026.jpg\",\"articleSection\":[\"Pol\u00edtica\"],\"inLanguage\":\"es\",\"potentialAction\":[{\"@type\":\"CommentAction\",\"name\":\"Comment\",\"target\":[\"https:\\\/\\\/diariodelsurdigital.com.ar\\\/?p=502#respond\"]}]},{\"@type\":\"WebPage\",\"@id\":\"https:\\\/\\\/diariodelsurdigital.com.ar\\\/?p=502\",\"url\":\"https:\\\/\\\/diariodelsurdigital.com.ar\\\/?p=502\",\"name\":\"El exgobernador Sergio Urribarri y su cu\u00f1ado Juan Pablo Aguilera saldr\u00e1n en libertad - Diario del Sur\",\"isPartOf\":{\"@id\":\"https:\\\/\\\/diariodelsurdigital.com.ar\\\/#website\"},\"primaryImageOfPage\":{\"@id\":\"https:\\\/\\\/diariodelsurdigital.com.ar\\\/?p=502#primaryimage\"},\"image\":{\"@id\":\"https:\\\/\\\/diariodelsurdigital.com.ar\\\/?p=502#primaryimage\"},\"thumbnailUrl\":\"https:\\\/\\\/diariodelsurdigital.com.ar\\\/wp-content\\\/uploads\\\/2025\\\/01\\\/l_1736346026.jpg\",\"datePublished\":\"2025-01-08T16:26:24+00:00\",\"dateModified\":\"2025-01-08T17:37:07+00:00\",\"author\":{\"@id\":\"https:\\\/\\\/diariodelsurdigital.com.ar\\\/#\\\/schema\\\/person\\\/6136a32571657f7dba980b88b04c5465\"},\"breadcrumb\":{\"@id\":\"https:\\\/\\\/diariodelsurdigital.com.ar\\\/?p=502#breadcrumb\"},\"inLanguage\":\"es\",\"potentialAction\":[{\"@type\":\"ReadAction\",\"target\":[\"https:\\\/\\\/diariodelsurdigital.com.ar\\\/?p=502\"]}]},{\"@type\":\"ImageObject\",\"inLanguage\":\"es\",\"@id\":\"https:\\\/\\\/diariodelsurdigital.com.ar\\\/?p=502#primaryimage\",\"url\":\"https:\\\/\\\/diariodelsurdigital.com.ar\\\/wp-content\\\/uploads\\\/2025\\\/01\\\/l_1736346026.jpg\",\"contentUrl\":\"https:\\\/\\\/diariodelsurdigital.com.ar\\\/wp-content\\\/uploads\\\/2025\\\/01\\\/l_1736346026.jpg\",\"width\":426,\"height\":284},{\"@type\":\"BreadcrumbList\",\"@id\":\"https:\\\/\\\/diariodelsurdigital.com.ar\\\/?p=502#breadcrumb\",\"itemListElement\":[{\"@type\":\"ListItem\",\"position\":1,\"name\":\"Portada\",\"item\":\"https:\\\/\\\/diariodelsurdigital.com.ar\\\/\"},{\"@type\":\"ListItem\",\"position\":2,\"name\":\"El exgobernador Sergio Urribarri y su cu\u00f1ado Juan Pablo Aguilera saldr\u00e1n en libertad\"}]},{\"@type\":\"WebSite\",\"@id\":\"https:\\\/\\\/diariodelsurdigital.com.ar\\\/#website\",\"url\":\"https:\\\/\\\/diariodelsurdigital.com.ar\\\/\",\"name\":\"Diario del Sur\",\"description\":\"Digital\",\"potentialAction\":[{\"@type\":\"SearchAction\",\"target\":{\"@type\":\"EntryPoint\",\"urlTemplate\":\"https:\\\/\\\/diariodelsurdigital.com.ar\\\/?s={search_term_string}\"},\"query-input\":{\"@type\":\"PropertyValueSpecification\",\"valueRequired\":true,\"valueName\":\"search_term_string\"}}],\"inLanguage\":\"es\"},{\"@type\":\"Person\",\"@id\":\"https:\\\/\\\/diariodelsurdigital.com.ar\\\/#\\\/schema\\\/person\\\/6136a32571657f7dba980b88b04c5465\",\"name\":\"Diario del Sur Digital\",\"image\":{\"@type\":\"ImageObject\",\"inLanguage\":\"es\",\"@id\":\"https:\\\/\\\/secure.gravatar.com\\\/avatar\\\/4c29ceac98541dd42460b2474aaa5dd37594d6ce6cb3cf2c101d09b48ee287ba?s=96&d=mm&r=g\",\"url\":\"https:\\\/\\\/secure.gravatar.com\\\/avatar\\\/4c29ceac98541dd42460b2474aaa5dd37594d6ce6cb3cf2c101d09b48ee287ba?s=96&d=mm&r=g\",\"contentUrl\":\"https:\\\/\\\/secure.gravatar.com\\\/avatar\\\/4c29ceac98541dd42460b2474aaa5dd37594d6ce6cb3cf2c101d09b48ee287ba?s=96&d=mm&r=g\",\"caption\":\"Diario del Sur Digital\"},\"url\":\"https:\\\/\\\/diariodelsurdigital.com.ar\\\/?author=2\"}]}<\/script>\n<!-- \/ Yoast SEO plugin. -->","yoast_head_json":{"title":"El exgobernador Sergio Urribarri y su cu\u00f1ado Juan Pablo Aguilera saldr\u00e1n en libertad - Diario del Sur","robots":{"index":"index","follow":"follow","max-snippet":"max-snippet:-1","max-image-preview":"max-image-preview:large","max-video-preview":"max-video-preview:-1"},"canonical":"https:\/\/diariodelsurdigital.com.ar\/?p=502","og_locale":"es_ES","og_type":"article","og_title":"El exgobernador Sergio Urribarri y su cu\u00f1ado Juan Pablo Aguilera saldr\u00e1n en libertad - Diario del Sur","og_description":"El tribunal de feria, habilitado la semana pasada, en fallo dividido revoc\u00f3 la decisi\u00f3n de la C\u00e1mara de Casaci\u00f3n Penal de Paran\u00e1 por la cual el ex gobernador y su cu\u00f1ado cumpl\u00edan condena en la c\u00e1rcel. Fallo dividido Los vocales Germ\u00e1n Carlomagno y Leonardo Portela se inclinaron por las restricciones que cumpl\u00edan los condenados antes [&hellip;]","og_url":"https:\/\/diariodelsurdigital.com.ar\/?p=502","og_site_name":"Diario del Sur","article_published_time":"2025-01-08T16:26:24+00:00","article_modified_time":"2025-01-08T17:37:07+00:00","og_image":[{"width":426,"height":284,"url":"https:\/\/diariodelsurdigital.com.ar\/wp-content\/uploads\/2025\/01\/l_1736346026.jpg","type":"image\/jpeg"}],"author":"Diario del Sur Digital","twitter_card":"summary_large_image","twitter_misc":{"Escrito por":"Diario del Sur Digital","Tiempo de lectura":"4 minutos"},"schema":{"@context":"https:\/\/schema.org","@graph":[{"@type":"Article","@id":"https:\/\/diariodelsurdigital.com.ar\/?p=502#article","isPartOf":{"@id":"https:\/\/diariodelsurdigital.com.ar\/?p=502"},"author":{"name":"Diario del Sur Digital","@id":"https:\/\/diariodelsurdigital.com.ar\/#\/schema\/person\/6136a32571657f7dba980b88b04c5465"},"headline":"El exgobernador Sergio Urribarri y su cu\u00f1ado Juan Pablo Aguilera saldr\u00e1n en libertad","datePublished":"2025-01-08T16:26:24+00:00","dateModified":"2025-01-08T17:37:07+00:00","mainEntityOfPage":{"@id":"https:\/\/diariodelsurdigital.com.ar\/?p=502"},"wordCount":710,"commentCount":0,"image":{"@id":"https:\/\/diariodelsurdigital.com.ar\/?p=502#primaryimage"},"thumbnailUrl":"https:\/\/diariodelsurdigital.com.ar\/wp-content\/uploads\/2025\/01\/l_1736346026.jpg","articleSection":["Pol\u00edtica"],"inLanguage":"es","potentialAction":[{"@type":"CommentAction","name":"Comment","target":["https:\/\/diariodelsurdigital.com.ar\/?p=502#respond"]}]},{"@type":"WebPage","@id":"https:\/\/diariodelsurdigital.com.ar\/?p=502","url":"https:\/\/diariodelsurdigital.com.ar\/?p=502","name":"El exgobernador Sergio Urribarri y su cu\u00f1ado Juan Pablo Aguilera saldr\u00e1n en libertad - Diario del Sur","isPartOf":{"@id":"https:\/\/diariodelsurdigital.com.ar\/#website"},"primaryImageOfPage":{"@id":"https:\/\/diariodelsurdigital.com.ar\/?p=502#primaryimage"},"image":{"@id":"https:\/\/diariodelsurdigital.com.ar\/?p=502#primaryimage"},"thumbnailUrl":"https:\/\/diariodelsurdigital.com.ar\/wp-content\/uploads\/2025\/01\/l_1736346026.jpg","datePublished":"2025-01-08T16:26:24+00:00","dateModified":"2025-01-08T17:37:07+00:00","author":{"@id":"https:\/\/diariodelsurdigital.com.ar\/#\/schema\/person\/6136a32571657f7dba980b88b04c5465"},"breadcrumb":{"@id":"https:\/\/diariodelsurdigital.com.ar\/?p=502#breadcrumb"},"inLanguage":"es","potentialAction":[{"@type":"ReadAction","target":["https:\/\/diariodelsurdigital.com.ar\/?p=502"]}]},{"@type":"ImageObject","inLanguage":"es","@id":"https:\/\/diariodelsurdigital.com.ar\/?p=502#primaryimage","url":"https:\/\/diariodelsurdigital.com.ar\/wp-content\/uploads\/2025\/01\/l_1736346026.jpg","contentUrl":"https:\/\/diariodelsurdigital.com.ar\/wp-content\/uploads\/2025\/01\/l_1736346026.jpg","width":426,"height":284},{"@type":"BreadcrumbList","@id":"https:\/\/diariodelsurdigital.com.ar\/?p=502#breadcrumb","itemListElement":[{"@type":"ListItem","position":1,"name":"Portada","item":"https:\/\/diariodelsurdigital.com.ar\/"},{"@type":"ListItem","position":2,"name":"El exgobernador Sergio Urribarri y su cu\u00f1ado Juan Pablo Aguilera saldr\u00e1n en libertad"}]},{"@type":"WebSite","@id":"https:\/\/diariodelsurdigital.com.ar\/#website","url":"https:\/\/diariodelsurdigital.com.ar\/","name":"Diario del Sur","description":"Digital","potentialAction":[{"@type":"SearchAction","target":{"@type":"EntryPoint","urlTemplate":"https:\/\/diariodelsurdigital.com.ar\/?s={search_term_string}"},"query-input":{"@type":"PropertyValueSpecification","valueRequired":true,"valueName":"search_term_string"}}],"inLanguage":"es"},{"@type":"Person","@id":"https:\/\/diariodelsurdigital.com.ar\/#\/schema\/person\/6136a32571657f7dba980b88b04c5465","name":"Diario del Sur Digital","image":{"@type":"ImageObject","inLanguage":"es","@id":"https:\/\/secure.gravatar.com\/avatar\/4c29ceac98541dd42460b2474aaa5dd37594d6ce6cb3cf2c101d09b48ee287ba?s=96&d=mm&r=g","url":"https:\/\/secure.gravatar.com\/avatar\/4c29ceac98541dd42460b2474aaa5dd37594d6ce6cb3cf2c101d09b48ee287ba?s=96&d=mm&r=g","contentUrl":"https:\/\/secure.gravatar.com\/avatar\/4c29ceac98541dd42460b2474aaa5dd37594d6ce6cb3cf2c101d09b48ee287ba?s=96&d=mm&r=g","caption":"Diario del Sur Digital"},"url":"https:\/\/diariodelsurdigital.com.ar\/?author=2"}]}},"_links":{"self":[{"href":"https:\/\/diariodelsurdigital.com.ar\/index.php?rest_route=\/wp\/v2\/posts\/502","targetHints":{"allow":["GET"]}}],"collection":[{"href":"https:\/\/diariodelsurdigital.com.ar\/index.php?rest_route=\/wp\/v2\/posts"}],"about":[{"href":"https:\/\/diariodelsurdigital.com.ar\/index.php?rest_route=\/wp\/v2\/types\/post"}],"author":[{"embeddable":true,"href":"https:\/\/diariodelsurdigital.com.ar\/index.php?rest_route=\/wp\/v2\/users\/2"}],"replies":[{"embeddable":true,"href":"https:\/\/diariodelsurdigital.com.ar\/index.php?rest_route=%2Fwp%2Fv2%2Fcomments&post=502"}],"version-history":[{"count":2,"href":"https:\/\/diariodelsurdigital.com.ar\/index.php?rest_route=\/wp\/v2\/posts\/502\/revisions"}],"predecessor-version":[{"id":505,"href":"https:\/\/diariodelsurdigital.com.ar\/index.php?rest_route=\/wp\/v2\/posts\/502\/revisions\/505"}],"wp:featuredmedia":[{"embeddable":true,"href":"https:\/\/diariodelsurdigital.com.ar\/index.php?rest_route=\/wp\/v2\/media\/503"}],"wp:attachment":[{"href":"https:\/\/diariodelsurdigital.com.ar\/index.php?rest_route=%2Fwp%2Fv2%2Fmedia&parent=502"}],"wp:term":[{"taxonomy":"category","embeddable":true,"href":"https:\/\/diariodelsurdigital.com.ar\/index.php?rest_route=%2Fwp%2Fv2%2Fcategories&post=502"},{"taxonomy":"post_tag","embeddable":true,"href":"https:\/\/diariodelsurdigital.com.ar\/index.php?rest_route=%2Fwp%2Fv2%2Ftags&post=502"}],"curies":[{"name":"wp","href":"https:\/\/api.w.org\/{rel}","templated":true}]}}