{"id":5025,"date":"2025-10-08T10:40:38","date_gmt":"2025-10-08T13:40:38","guid":{"rendered":"https:\/\/diariodelsurdigital.com.ar\/?p=5025"},"modified":"2025-10-08T10:40:39","modified_gmt":"2025-10-08T13:40:39","slug":"espert-firmo-con-fred-machado-un-contrato-por-1-millon-de-dolares-justo-antes-de-la-campana-de-2019","status":"publish","type":"post","link":"https:\/\/diariodelsurdigital.com.ar\/?p=5025","title":{"rendered":"Espert firm\u00f3 con Fred Machado un contrato por 1 mill\u00f3n de d\u00f3lares justo antes de la campa\u00f1a de 2019"},"content":{"rendered":"\n<p>El 7 de junio de 2019, 15 d\u00edas antes de presentarse formalmente como candidato a presidente, Jos\u00e9 Luis Espert firm\u00f3 un contrato de \u201clocaci\u00f3n de servicios\u201d por 1 mill\u00f3n de d\u00f3lares con Federico \u201cFred\u201d Machado, el empresario que este martes la Corte Suprema decidi\u00f3 extraditar a los Estados Unidos, donde lo juzgar\u00e1n por delitos ligados al narcotr\u00e1fico y el lavado de dinero.<\/p>\n\n\n\n<p><\/p>\n\n\n\n<p>El contrato, al que accedi\u00f3 LA NACION de una fuente que lo conoci\u00f3 desde sus inicios, dispon\u00eda que 100.000 d\u00f3lares fueran abonados \u201cen el acto de la suscripci\u00f3n\u201d del acuerdo; es decir, cuando Espert estaba a dos semanas de empezar oficialmente su campa\u00f1a; y el resto, \u201cen nueve cuotas mensuales consecutivas e iguales\u201d, todas de US$100.000 cada una, \u201ca partir del mes siguiente al de la suscripci\u00f3n\u201d del convenio, mediante \u201ctransferencia bancaria\u201d.<\/p>\n\n\n\n<p>Machado firm\u00f3 el contrato como \u201crepresentante\u201d de Minas del Pueblo, una empresa de Guatemala que era de \u00e9l y que hoy tambi\u00e9n est\u00e1 investigada y que fue intervenida por la justicia estadounidense.<\/p>\n\n\n\n<p>Machado, el mismo a\u00f1o de firma del contrato, le financi\u00f3 la campa\u00f1a presidencial a Espert con vuelos en un avi\u00f3n privado -la Justicia detect\u00f3 que fueron al menos 36- y una camioneta que puso a su disposici\u00f3n. En ese momento no era buscado por la justicia estadounidense. Todo esto fue admitido en las \u00faltimas horas por Espert, pero Machado habl\u00f3 adem\u00e1s de otras \u201c100 o 150 lucas\u201d (no lo especific\u00f3, pero pareci\u00f3 aludir a 100.000 o 150.000 d\u00f3lares) para \u201ccomida, hoteles, los aviones\u201d. Nada de esto fue declarado como fondos de campa\u00f1a.<\/p>\n\n\n\n<p>La semana pasada, cuando todav\u00eda era el primer candidato a diputado de la Alianza La Libertad Avanza en la provincia de Buenos Aires, Espert reconoci\u00f3 haber cobrado, en 2020, 200.000 d\u00f3lares de Minas del Pueblo y admiti\u00f3 la firma de un convenio con Machado. No dijo que era por un mill\u00f3n de d\u00f3lares ni que su redacci\u00f3n preve\u00eda que \u00e9l recibiera pagos cuando estaba en la carrera presidencial. Dijo, por el contrario, que tuvo una reuni\u00f3n a mediados de 2019 con un hombre de Machado, pero que \u00e9l le dijo que s\u00f3lo una vez que terminara la campa\u00f1a podr\u00eda asumir el compromiso como asesor privado.<\/p>\n\n\n\n<p>Espert reconoci\u00f3 el pago horas despu\u00e9s de que LA NACION public\u00f3 una constancia oficial, emitida por el Bank of America, de la transferencia de 200.000 d\u00f3lares que una firma ligada a Machado le hab\u00eda hecho a una cuenta bancaria en Nueva York. Antes, el candidato Juan Grabois hab\u00eda denunciado la existencia de ese pago, pero Espert se hab\u00eda negado a admitirlo.<\/p>\n\n\n\n<p>Seg\u00fan el contrato al que tuvo acceso LA NACION, Espert acept\u00f3 \u201cla realizaci\u00f3n de un an\u00e1lisis de mercado y el asesoramiento integral para refinanciar deuda y confeccionar un plan estrat\u00e9gico de ampliaci\u00f3n y crecimiento de la empresa a tres a\u00f1os, con su seguimiento y control, informando peri\u00f3dicamente al comitente sobre los avances del trabajo encomendado\u201d.<\/p>\n\n\n\n<p>En este punto, el contrato coincide con la versi\u00f3n de Espert -ratificada por Machado este martes- de que lo hab\u00edan contratado para asesorar como economista a una minera \u201cpara la reestructuraci\u00f3n de la deuda\u201d que ten\u00eda.<\/p>\n\n\n\n<p>El acuerdo preve\u00eda una estrategia de \u201crefinanciaci\u00f3n\u201d y una de \u201cexpansi\u00f3n\u201d. En cuanto a la refinanciaci\u00f3n establec\u00eda que \u201cal tratarse de un proceso complejo\u201d que requer\u00eda \u201cun asesoramiento especializado en estos temas\u201d, era \u201cnecesario que se realice un estudio y evaluaci\u00f3n profunda de la situaci\u00f3n econ\u00f3mica en concreto, se\u00f1alando y analizando las necesidades a corto y largo plazo de la empresa\u201d.<\/p>\n\n\n\n<p>Las pautas para Espert<\/p>\n\n\n\n<p>La redacci\u00f3n, poco convencional, le fijaba a Espert algunas pautas. Dec\u00eda, por ejemplo: \u201cDebemos tener en cuenta que la opci\u00f3n de una buena refinanciaci\u00f3n de la deuda, es siempre preferible al concurso de acreedores\u201d. Algunos tramos del contrato fueron redactados en primera persona: \u201cComo no todos los procesos de refinanciaci\u00f3n son iguales considero que siempre deben estar presentes los siguientes puntos\u201d, afirm\u00f3 en el documento quien parecer ser Machado, que enumer\u00f3, como primer punto a considerar la \u201cEstrategia de la Compa\u00f1\u00eda\u201d y dijo que \u201cla propuesta de refinanciaci\u00f3n debe contener una estrategia inicial\u201d. Tambi\u00e9n sostuvo que \u201cel plan debe plantear una negociaci\u00f3n colectiva e individual\u201d y que \u201ccontendr\u00e1 una reducci\u00f3n de costos y la mayor generaci\u00f3n de flujos de caja\u201d.<\/p>\n\n\n\n<p>Adem\u00e1s, el acuerdo preve\u00eda que se iba a plantear \u201cla posible ampliaci\u00f3n del capital, con aportes de sus accionistas u otros nuevos\u201d y que en la propuesta habr\u00eda \u201cque buscar el equilibrio entre los intereses de la empresa y de los acreedores\u201d.<\/p>\n\n\n\n<p>\u201cComo estas operaciones de refinanciaci\u00f3n de la deuda suelen ser procesos largos y complejos a los que hay que dar soluci\u00f3n, es de vital importancia involucrar a asesores legales, fiscales y financieros apoyando al equipo\u201d, preve\u00eda el documento dentro de la descripci\u00f3n de las tareas.<\/p>\n\n\n\n<p>En cuanto a la \u201cexpansi\u00f3n\u201d, pautaba que se elaborara un documento que reflejara \u201clas grandes decisiones\u201d que iban \u201ca orientar la marcha de la sociedad hacia la gesti\u00f3n de excelencia\u201d.<\/p>\n\n\n\n<p>Un plazo prorrogable<\/p>\n\n\n\n<p>El contrato ten\u00eda un \u201ctiempo estipulado para llevar a cabo el trabajo encomendado\u201d, que era de doce meses contados a partir de la firma del convenio. Pero establec\u00eda: \u201cAmbas partes expresan que el plazo convenido podr\u00e1 ser prorrogado por acuerdo de ambas por el plazo que estimen conveniente\u201d.<\/p>\n\n\n\n<p>Las pautas de los pagos estaban claramente fijadas: Espert deb\u00eda cobrar \u201cdentro de los primeros cinco d\u00edas de cada mes\u201d.<\/p>\n\n\n\n<p>Y Machado renunciaba \u201cexpresamente a alegar cualquier impedimento derivado de fuerza mayor caso fortuito o disposici\u00f3n estatal de la que resultare la imposibilidad de dar cumplimiento a los pagos en la especie de moneda pactada\u201d. Es decir, Espert se garantizaba cobrar -y en d\u00f3lares- sin importar lo que pasara en Guatemala.<\/p>\n\n\n\n<p>Espert relat\u00f3 que el contrato no avanz\u00f3 porque \u00e9l deb\u00eda viajar a conocer la mina y la pandemia de Covid se lo impidi\u00f3.<\/p>\n\n\n\n<p>El pacto ten\u00eda una parte dedicada a posibles \u201cincumplimientos\u201d. Dec\u00eda: \u201cPara el caso de que el prestador [Espert], no finalice el trabajo en el plazo establecido y no hubiere acuerdo en la pr\u00f3rroga del plazo facultar\u00e1 al comitente [Machado] a requerir al prestados a que de cumplimiento a su obligaci\u00f3n dentro de los pr\u00f3ximos (30) treinta d\u00edas, vencidos los cuales sin que haya satisfecho su prestaci\u00f3n quedar\u00e1 resuelto el contrato, pudiendo reclamar el comitente la devoluci\u00f3n de las sumas entregadas y los da\u00f1os y perjuicios ocasionados por la conducta del prestador\u201d.<\/p>\n\n\n\n<p>En este caso, seg\u00fan el relato de Espert, no devolvi\u00f3 el dinero pese a que no termin\u00f3 el trabajo, pero se debi\u00f3 a una raz\u00f3n de fuerza mayor, que fue la pandemia.<\/p>\n\n\n\n<p>Por \u00faltimo, el contrato establec\u00eda que ante cualquier controversia que pudiera surgir, las partes acordaban someterse a \u201cla competencia de los Tribunales Ordinarios de New York, de los Estados Unidos de Am\u00e9rica\u201d.<\/p>\n\n\n\n<p>El contrato est\u00e1 firmado, de pu\u00f1o y letra, por Espert y Machado, y est\u00e1 acompa\u00f1ado por un acta de certificaci\u00f3n de las firmas de un escribano p\u00fablico de la ciudad de Buenos Aires, fechado el 19 de junio de 2019, el mi\u00e9rcoles previo al s\u00e1bado en el que Espert se inscribi\u00f3 como precandidato a presidente para una elecci\u00f3n en la que super\u00f3 el corte de las PASO, el 11 de agosto, y finalmente qued\u00f3 sexto (con 1,5% de los votos) en las generales de octubre.<\/p>\n","protected":false},"excerpt":{"rendered":"<p>El 7 de junio de 2019, 15 d\u00edas antes de presentarse formalmente como candidato a presidente, Jos\u00e9 Luis Espert firm\u00f3 un contrato de \u201clocaci\u00f3n de servicios\u201d por 1 mill\u00f3n de d\u00f3lares con Federico \u201cFred\u201d Machado, el empresario que este martes la Corte Suprema decidi\u00f3 extraditar a los Estados Unidos, donde lo juzgar\u00e1n por delitos ligados [&hellip;]<\/p>\n","protected":false},"author":4,"featured_media":5026,"comment_status":"open","ping_status":"open","sticky":false,"template":"","format":"standard","meta":{"footnotes":""},"categories":[18,22],"tags":[],"class_list":{"0":"post-5025","1":"post","2":"type-post","3":"status-publish","4":"format-standard","5":"has-post-thumbnail","7":"category-nacionales","8":"category-politica"},"yoast_head":"<!-- This site is optimized with the Yoast SEO plugin v27.4 - https:\/\/yoast.com\/product\/yoast-seo-wordpress\/ -->\n<title>Espert firm\u00f3 con Fred Machado un contrato por 1 mill\u00f3n de d\u00f3lares justo antes de la campa\u00f1a de 2019 - Diario del Sur<\/title>\n<meta name=\"robots\" content=\"index, follow, max-snippet:-1, max-image-preview:large, max-video-preview:-1\" \/>\n<link rel=\"canonical\" href=\"https:\/\/diariodelsurdigital.com.ar\/?p=5025\" \/>\n<meta property=\"og:locale\" content=\"es_ES\" \/>\n<meta property=\"og:type\" content=\"article\" \/>\n<meta property=\"og:title\" content=\"Espert firm\u00f3 con Fred Machado un contrato por 1 mill\u00f3n de d\u00f3lares justo antes de la campa\u00f1a de 2019 - Diario del Sur\" \/>\n<meta property=\"og:description\" content=\"El 7 de junio de 2019, 15 d\u00edas antes de presentarse formalmente como candidato a presidente, Jos\u00e9 Luis Espert firm\u00f3 un contrato de \u201clocaci\u00f3n de servicios\u201d por 1 mill\u00f3n de d\u00f3lares con Federico \u201cFred\u201d Machado, el empresario que este martes la Corte Suprema decidi\u00f3 extraditar a los Estados Unidos, donde lo juzgar\u00e1n por delitos ligados [&hellip;]\" \/>\n<meta property=\"og:url\" content=\"https:\/\/diariodelsurdigital.com.ar\/?p=5025\" \/>\n<meta property=\"og:site_name\" content=\"Diario del Sur\" \/>\n<meta property=\"article:published_time\" content=\"2025-10-08T13:40:38+00:00\" \/>\n<meta property=\"article:modified_time\" content=\"2025-10-08T13:40:39+00:00\" \/>\n<meta property=\"og:image\" content=\"https:\/\/diariodelsurdigital.com.ar\/wp-content\/uploads\/2025\/10\/md-10.webp\" \/>\n\t<meta property=\"og:image:width\" content=\"992\" \/>\n\t<meta property=\"og:image:height\" content=\"674\" \/>\n\t<meta property=\"og:image:type\" content=\"image\/webp\" \/>\n<meta name=\"author\" content=\"Diario del Sur Digital\" \/>\n<meta name=\"twitter:card\" content=\"summary_large_image\" \/>\n<meta name=\"twitter:label1\" content=\"Escrito por\" \/>\n\t<meta name=\"twitter:data1\" content=\"Diario del Sur Digital\" \/>\n\t<meta name=\"twitter:label2\" content=\"Tiempo de lectura\" \/>\n\t<meta name=\"twitter:data2\" content=\"6 minutos\" \/>\n<script type=\"application\/ld+json\" class=\"yoast-schema-graph\">{\"@context\":\"https:\\\/\\\/schema.org\",\"@graph\":[{\"@type\":\"Article\",\"@id\":\"https:\\\/\\\/diariodelsurdigital.com.ar\\\/?p=5025#article\",\"isPartOf\":{\"@id\":\"https:\\\/\\\/diariodelsurdigital.com.ar\\\/?p=5025\"},\"author\":{\"name\":\"Diario del Sur Digital\",\"@id\":\"https:\\\/\\\/diariodelsurdigital.com.ar\\\/#\\\/schema\\\/person\\\/1a4992532ed62965c968031b49195c81\"},\"headline\":\"Espert firm\u00f3 con Fred Machado un contrato por 1 mill\u00f3n de d\u00f3lares justo antes de la campa\u00f1a de 2019\",\"datePublished\":\"2025-10-08T13:40:38+00:00\",\"dateModified\":\"2025-10-08T13:40:39+00:00\",\"mainEntityOfPage\":{\"@id\":\"https:\\\/\\\/diariodelsurdigital.com.ar\\\/?p=5025\"},\"wordCount\":1307,\"commentCount\":0,\"image\":{\"@id\":\"https:\\\/\\\/diariodelsurdigital.com.ar\\\/?p=5025#primaryimage\"},\"thumbnailUrl\":\"https:\\\/\\\/diariodelsurdigital.com.ar\\\/wp-content\\\/uploads\\\/2025\\\/10\\\/md-10.webp\",\"articleSection\":[\"Nacionales\",\"Pol\u00edtica\"],\"inLanguage\":\"es\",\"potentialAction\":[{\"@type\":\"CommentAction\",\"name\":\"Comment\",\"target\":[\"https:\\\/\\\/diariodelsurdigital.com.ar\\\/?p=5025#respond\"]}]},{\"@type\":\"WebPage\",\"@id\":\"https:\\\/\\\/diariodelsurdigital.com.ar\\\/?p=5025\",\"url\":\"https:\\\/\\\/diariodelsurdigital.com.ar\\\/?p=5025\",\"name\":\"Espert firm\u00f3 con Fred Machado un contrato por 1 mill\u00f3n de d\u00f3lares justo antes de la campa\u00f1a de 2019 - Diario del Sur\",\"isPartOf\":{\"@id\":\"https:\\\/\\\/diariodelsurdigital.com.ar\\\/#website\"},\"primaryImageOfPage\":{\"@id\":\"https:\\\/\\\/diariodelsurdigital.com.ar\\\/?p=5025#primaryimage\"},\"image\":{\"@id\":\"https:\\\/\\\/diariodelsurdigital.com.ar\\\/?p=5025#primaryimage\"},\"thumbnailUrl\":\"https:\\\/\\\/diariodelsurdigital.com.ar\\\/wp-content\\\/uploads\\\/2025\\\/10\\\/md-10.webp\",\"datePublished\":\"2025-10-08T13:40:38+00:00\",\"dateModified\":\"2025-10-08T13:40:39+00:00\",\"author\":{\"@id\":\"https:\\\/\\\/diariodelsurdigital.com.ar\\\/#\\\/schema\\\/person\\\/1a4992532ed62965c968031b49195c81\"},\"breadcrumb\":{\"@id\":\"https:\\\/\\\/diariodelsurdigital.com.ar\\\/?p=5025#breadcrumb\"},\"inLanguage\":\"es\",\"potentialAction\":[{\"@type\":\"ReadAction\",\"target\":[\"https:\\\/\\\/diariodelsurdigital.com.ar\\\/?p=5025\"]}]},{\"@type\":\"ImageObject\",\"inLanguage\":\"es\",\"@id\":\"https:\\\/\\\/diariodelsurdigital.com.ar\\\/?p=5025#primaryimage\",\"url\":\"https:\\\/\\\/diariodelsurdigital.com.ar\\\/wp-content\\\/uploads\\\/2025\\\/10\\\/md-10.webp\",\"contentUrl\":\"https:\\\/\\\/diariodelsurdigital.com.ar\\\/wp-content\\\/uploads\\\/2025\\\/10\\\/md-10.webp\",\"width\":992,\"height\":674},{\"@type\":\"BreadcrumbList\",\"@id\":\"https:\\\/\\\/diariodelsurdigital.com.ar\\\/?p=5025#breadcrumb\",\"itemListElement\":[{\"@type\":\"ListItem\",\"position\":1,\"name\":\"Portada\",\"item\":\"https:\\\/\\\/diariodelsurdigital.com.ar\\\/\"},{\"@type\":\"ListItem\",\"position\":2,\"name\":\"Espert firm\u00f3 con Fred Machado un contrato por 1 mill\u00f3n de d\u00f3lares justo antes de la campa\u00f1a de 2019\"}]},{\"@type\":\"WebSite\",\"@id\":\"https:\\\/\\\/diariodelsurdigital.com.ar\\\/#website\",\"url\":\"https:\\\/\\\/diariodelsurdigital.com.ar\\\/\",\"name\":\"Diario del Sur\",\"description\":\"Digital\",\"potentialAction\":[{\"@type\":\"SearchAction\",\"target\":{\"@type\":\"EntryPoint\",\"urlTemplate\":\"https:\\\/\\\/diariodelsurdigital.com.ar\\\/?s={search_term_string}\"},\"query-input\":{\"@type\":\"PropertyValueSpecification\",\"valueRequired\":true,\"valueName\":\"search_term_string\"}}],\"inLanguage\":\"es\"},{\"@type\":\"Person\",\"@id\":\"https:\\\/\\\/diariodelsurdigital.com.ar\\\/#\\\/schema\\\/person\\\/1a4992532ed62965c968031b49195c81\",\"name\":\"Diario del Sur Digital\",\"image\":{\"@type\":\"ImageObject\",\"inLanguage\":\"es\",\"@id\":\"https:\\\/\\\/secure.gravatar.com\\\/avatar\\\/f0c7c47fc7146d19828273b9b8eda651c9c7ab583767e6338d3d3bee825adf76?s=96&d=mm&r=g\",\"url\":\"https:\\\/\\\/secure.gravatar.com\\\/avatar\\\/f0c7c47fc7146d19828273b9b8eda651c9c7ab583767e6338d3d3bee825adf76?s=96&d=mm&r=g\",\"contentUrl\":\"https:\\\/\\\/secure.gravatar.com\\\/avatar\\\/f0c7c47fc7146d19828273b9b8eda651c9c7ab583767e6338d3d3bee825adf76?s=96&d=mm&r=g\",\"caption\":\"Diario del Sur Digital\"},\"url\":\"https:\\\/\\\/diariodelsurdigital.com.ar\\\/?author=4\"}]}<\/script>\n<!-- \/ Yoast SEO plugin. -->","yoast_head_json":{"title":"Espert firm\u00f3 con Fred Machado un contrato por 1 mill\u00f3n de d\u00f3lares justo antes de la campa\u00f1a de 2019 - Diario del Sur","robots":{"index":"index","follow":"follow","max-snippet":"max-snippet:-1","max-image-preview":"max-image-preview:large","max-video-preview":"max-video-preview:-1"},"canonical":"https:\/\/diariodelsurdigital.com.ar\/?p=5025","og_locale":"es_ES","og_type":"article","og_title":"Espert firm\u00f3 con Fred Machado un contrato por 1 mill\u00f3n de d\u00f3lares justo antes de la campa\u00f1a de 2019 - Diario del Sur","og_description":"El 7 de junio de 2019, 15 d\u00edas antes de presentarse formalmente como candidato a presidente, Jos\u00e9 Luis Espert firm\u00f3 un contrato de \u201clocaci\u00f3n de servicios\u201d por 1 mill\u00f3n de d\u00f3lares con Federico \u201cFred\u201d Machado, el empresario que este martes la Corte Suprema decidi\u00f3 extraditar a los Estados Unidos, donde lo juzgar\u00e1n por delitos ligados [&hellip;]","og_url":"https:\/\/diariodelsurdigital.com.ar\/?p=5025","og_site_name":"Diario del Sur","article_published_time":"2025-10-08T13:40:38+00:00","article_modified_time":"2025-10-08T13:40:39+00:00","og_image":[{"width":992,"height":674,"url":"https:\/\/diariodelsurdigital.com.ar\/wp-content\/uploads\/2025\/10\/md-10.webp","type":"image\/webp"}],"author":"Diario del Sur Digital","twitter_card":"summary_large_image","twitter_misc":{"Escrito por":"Diario del Sur Digital","Tiempo de lectura":"6 minutos"},"schema":{"@context":"https:\/\/schema.org","@graph":[{"@type":"Article","@id":"https:\/\/diariodelsurdigital.com.ar\/?p=5025#article","isPartOf":{"@id":"https:\/\/diariodelsurdigital.com.ar\/?p=5025"},"author":{"name":"Diario del Sur Digital","@id":"https:\/\/diariodelsurdigital.com.ar\/#\/schema\/person\/1a4992532ed62965c968031b49195c81"},"headline":"Espert firm\u00f3 con Fred Machado un contrato por 1 mill\u00f3n de d\u00f3lares justo antes de la campa\u00f1a de 2019","datePublished":"2025-10-08T13:40:38+00:00","dateModified":"2025-10-08T13:40:39+00:00","mainEntityOfPage":{"@id":"https:\/\/diariodelsurdigital.com.ar\/?p=5025"},"wordCount":1307,"commentCount":0,"image":{"@id":"https:\/\/diariodelsurdigital.com.ar\/?p=5025#primaryimage"},"thumbnailUrl":"https:\/\/diariodelsurdigital.com.ar\/wp-content\/uploads\/2025\/10\/md-10.webp","articleSection":["Nacionales","Pol\u00edtica"],"inLanguage":"es","potentialAction":[{"@type":"CommentAction","name":"Comment","target":["https:\/\/diariodelsurdigital.com.ar\/?p=5025#respond"]}]},{"@type":"WebPage","@id":"https:\/\/diariodelsurdigital.com.ar\/?p=5025","url":"https:\/\/diariodelsurdigital.com.ar\/?p=5025","name":"Espert firm\u00f3 con Fred Machado un contrato por 1 mill\u00f3n de d\u00f3lares justo antes de la campa\u00f1a de 2019 - Diario del Sur","isPartOf":{"@id":"https:\/\/diariodelsurdigital.com.ar\/#website"},"primaryImageOfPage":{"@id":"https:\/\/diariodelsurdigital.com.ar\/?p=5025#primaryimage"},"image":{"@id":"https:\/\/diariodelsurdigital.com.ar\/?p=5025#primaryimage"},"thumbnailUrl":"https:\/\/diariodelsurdigital.com.ar\/wp-content\/uploads\/2025\/10\/md-10.webp","datePublished":"2025-10-08T13:40:38+00:00","dateModified":"2025-10-08T13:40:39+00:00","author":{"@id":"https:\/\/diariodelsurdigital.com.ar\/#\/schema\/person\/1a4992532ed62965c968031b49195c81"},"breadcrumb":{"@id":"https:\/\/diariodelsurdigital.com.ar\/?p=5025#breadcrumb"},"inLanguage":"es","potentialAction":[{"@type":"ReadAction","target":["https:\/\/diariodelsurdigital.com.ar\/?p=5025"]}]},{"@type":"ImageObject","inLanguage":"es","@id":"https:\/\/diariodelsurdigital.com.ar\/?p=5025#primaryimage","url":"https:\/\/diariodelsurdigital.com.ar\/wp-content\/uploads\/2025\/10\/md-10.webp","contentUrl":"https:\/\/diariodelsurdigital.com.ar\/wp-content\/uploads\/2025\/10\/md-10.webp","width":992,"height":674},{"@type":"BreadcrumbList","@id":"https:\/\/diariodelsurdigital.com.ar\/?p=5025#breadcrumb","itemListElement":[{"@type":"ListItem","position":1,"name":"Portada","item":"https:\/\/diariodelsurdigital.com.ar\/"},{"@type":"ListItem","position":2,"name":"Espert firm\u00f3 con Fred Machado un contrato por 1 mill\u00f3n de d\u00f3lares justo antes de la campa\u00f1a de 2019"}]},{"@type":"WebSite","@id":"https:\/\/diariodelsurdigital.com.ar\/#website","url":"https:\/\/diariodelsurdigital.com.ar\/","name":"Diario del Sur","description":"Digital","potentialAction":[{"@type":"SearchAction","target":{"@type":"EntryPoint","urlTemplate":"https:\/\/diariodelsurdigital.com.ar\/?s={search_term_string}"},"query-input":{"@type":"PropertyValueSpecification","valueRequired":true,"valueName":"search_term_string"}}],"inLanguage":"es"},{"@type":"Person","@id":"https:\/\/diariodelsurdigital.com.ar\/#\/schema\/person\/1a4992532ed62965c968031b49195c81","name":"Diario del Sur Digital","image":{"@type":"ImageObject","inLanguage":"es","@id":"https:\/\/secure.gravatar.com\/avatar\/f0c7c47fc7146d19828273b9b8eda651c9c7ab583767e6338d3d3bee825adf76?s=96&d=mm&r=g","url":"https:\/\/secure.gravatar.com\/avatar\/f0c7c47fc7146d19828273b9b8eda651c9c7ab583767e6338d3d3bee825adf76?s=96&d=mm&r=g","contentUrl":"https:\/\/secure.gravatar.com\/avatar\/f0c7c47fc7146d19828273b9b8eda651c9c7ab583767e6338d3d3bee825adf76?s=96&d=mm&r=g","caption":"Diario del Sur Digital"},"url":"https:\/\/diariodelsurdigital.com.ar\/?author=4"}]}},"_links":{"self":[{"href":"https:\/\/diariodelsurdigital.com.ar\/index.php?rest_route=\/wp\/v2\/posts\/5025","targetHints":{"allow":["GET"]}}],"collection":[{"href":"https:\/\/diariodelsurdigital.com.ar\/index.php?rest_route=\/wp\/v2\/posts"}],"about":[{"href":"https:\/\/diariodelsurdigital.com.ar\/index.php?rest_route=\/wp\/v2\/types\/post"}],"author":[{"embeddable":true,"href":"https:\/\/diariodelsurdigital.com.ar\/index.php?rest_route=\/wp\/v2\/users\/4"}],"replies":[{"embeddable":true,"href":"https:\/\/diariodelsurdigital.com.ar\/index.php?rest_route=%2Fwp%2Fv2%2Fcomments&post=5025"}],"version-history":[{"count":1,"href":"https:\/\/diariodelsurdigital.com.ar\/index.php?rest_route=\/wp\/v2\/posts\/5025\/revisions"}],"predecessor-version":[{"id":5027,"href":"https:\/\/diariodelsurdigital.com.ar\/index.php?rest_route=\/wp\/v2\/posts\/5025\/revisions\/5027"}],"wp:featuredmedia":[{"embeddable":true,"href":"https:\/\/diariodelsurdigital.com.ar\/index.php?rest_route=\/wp\/v2\/media\/5026"}],"wp:attachment":[{"href":"https:\/\/diariodelsurdigital.com.ar\/index.php?rest_route=%2Fwp%2Fv2%2Fmedia&parent=5025"}],"wp:term":[{"taxonomy":"category","embeddable":true,"href":"https:\/\/diariodelsurdigital.com.ar\/index.php?rest_route=%2Fwp%2Fv2%2Fcategories&post=5025"},{"taxonomy":"post_tag","embeddable":true,"href":"https:\/\/diariodelsurdigital.com.ar\/index.php?rest_route=%2Fwp%2Fv2%2Ftags&post=5025"}],"curies":[{"name":"wp","href":"https:\/\/api.w.org\/{rel}","templated":true}]}}