{"id":5031,"date":"2025-10-08T10:45:59","date_gmt":"2025-10-08T13:45:59","guid":{"rendered":"https:\/\/diariodelsurdigital.com.ar\/?p=5031"},"modified":"2025-10-08T10:46:00","modified_gmt":"2025-10-08T13:46:00","slug":"israel-libero-a-tres-argentinos-que-formaron-parte-de-la-flotilla-global-sumud","status":"publish","type":"post","link":"https:\/\/diariodelsurdigital.com.ar\/?p=5031","title":{"rendered":"Israel liber\u00f3 a tres argentinos que formaron parte de la flotilla Global Sumud"},"content":{"rendered":"\n<p>La legisladora Celeste Fierro, el exdiputado cordob\u00e9s Ezequiel Peressini y el activista pol\u00edtico Carlos Bertola integraban la flotilla con ayuda humanitaria para Gaza que fue interceptada por el gobierno israel\u00ed.<\/p>\n\n\n\n<p><\/p>\n\n\n\n<p>Tres argentinos que viajaban rumbo a la Franja de Gaza en la Flotilla Global Sumud (GSF) y permanec\u00edan detenidos en Israel fueron liberados y expulsados este martes por ese pa\u00eds hacia Jordania, desde donde regresar\u00e1n a Argentina en dos vuelos que llegar\u00e1n entre el mi\u00e9rcoles por la noche y la madrugada del jueves.<\/p>\n\n\n\n<p>La legisladora del Frente de Izquierda (FIT) Celeste Fierro, el exdiputado provincial cordob\u00e9s Ezequiel Peressini y el activista pol\u00edtico Carlos Bertola fueron recibidos en Jordania por diplom\u00e1ticos uruguayos, debido a que Argentina no tiene sede diplom\u00e1tica en ese pa\u00eds. \u00ab\u00a1Al fin libre! Ahora me encuentro en Jordania, pronto partir\u00e9 hacia Argentina. Gracias a todos. Sigamos con los ojos en Gaza y denunciando el genocidio sionista. Nos vemos a la vuelta\u00bb, expres\u00f3 Fierro en una publicaci\u00f3n en sus redes sociales.<\/p>\n\n\n\n<p>Alejandro Bodart, candidato a diputado nacional de Buenos Aires y compa\u00f1ero de Fierro en el Movimiento Socialista de los Trabajadores (MST) en el FIT, mencion\u00f3 en otro posteo que gracias al reclamo y la movilizaci\u00f3n en Argentina y el mundo, ella est\u00e1 libre. Adem\u00e1s, alent\u00f3 a recibir a la legisladora en el Aeropuerto de Ezeiza a las 20 de este mi\u00e9rcoles.<\/p>\n\n\n\n<p>La Liga Internacional Socialista, organizaci\u00f3n a la que tambi\u00e9n forma parte Fierro, destac\u00f3 en una publicaci\u00f3n en su p\u00e1gina web: \u00abLa r\u00e1pida y contundente movilizaci\u00f3n mundial en defensa de la GSF y exigiendo la liberaci\u00f3n de los activistas fue la que impidi\u00f3 que los encierren por largos per\u00edodos de tiempo, como hab\u00eda amenazado el sionismo bajo falsas acusaciones de &#8216;terroristas'\u00bb. Y agreg\u00f3: \u00abLa lucha sigue. No hay tiempo para par\u00e9ntesis. Seguiremos los acontecimientos hasta que los activistas y Cele lleguen a casa. Y llamamos a seguir impulsando todas las acciones proyectadas por Palestina contra el genocidio, la limpieza \u00e9tnica, la ocupaci\u00f3n y el bloqueo a la ayuda humanitaria\u00bb, agreg\u00f3.<\/p>\n\n\n\n<p>Expulsados de Israel<br>La Unidad Internacional de Trabajadoras y Trabajadores-Cuarta Internacional (UIT-CI), que integra el cordob\u00e9s Ezequiel Peressini, tambi\u00e9n celebr\u00f3 las liberaciones y critic\u00f3 las condiciones en las que estuvieron recluidos. \u00abLos muros de ese penal de siniestra memoria para los palestinos esconden varios barracones. Ezequiel y los centenares de detenidos en condiciones aberrantes, supieron mantener firmes su dignidad frente a las presiones y provocaciones del sionismo y sus guardias\u00bb, manifest\u00f3, en referencia a la prisi\u00f3n de m\u00e1xima seguridad de Ketziot.<\/p>\n\n\n\n<p>Nuestra Patria, corriente donde milita Carlos \u201cCascote\u201d Bertola, indic\u00f3 en un comunicado que \u00e9l llegar\u00e1 en otro vuelo alrededor de las 3 de la madrugada del jueves al Aeroparque Internacional Jorge Newbery. Felipe Bertola, hijo de Carlos, afirm\u00f3 a la agencia de noticias EFE que la sede diplom\u00e1tica de Uruguay en Jordania les comunic\u00f3 que su padre fue enviado a ese pa\u00eds asi\u00e1tico y que, junto a los otros dos argentinos liberados, les realizaron chequeos m\u00e9dicos en un hospital.<\/p>\n\n\n\n<p>Bertola es el capit\u00e1n del Estrella y Manuel, un barco pesquero de bandera espa\u00f1ola preparado especialmente para la misi\u00f3n humanitaria. Adem\u00e1s de molitante, es hijo de desaparecidos durante la \u00faltima dictadura militar y vecino de la ciudad bonaerense de La Plata desde hace 25 a\u00f1os. \u00abSabemos a los peligros que nos exponemos porque la ferocidad de las Fuerzas de Defensa Israel\u00ed est\u00e1 a la luz de todos, hemos hecho cursos de no violencia para no responder a ninguna provocaci\u00f3n, no venimos a hacer ninguna acci\u00f3n violenta\u00bb, sostuvo Bertola, en una entrevista previa con P\u00e1gina|12, tras un ataque de drones cuando su embarcaci\u00f3n se dirig\u00eda a Gaza. \u00abQue los bloqueen (en referencia a los palestinos de la Franja) y no les dejen entrar alimentos en un lugar donde es muy dif\u00edcil producirlos es tremendo, est\u00e1n matando a toda una poblaci\u00f3n de hambre. No hay otra definici\u00f3n. Y encima todo siendo transmitido en vivo, intentan ocultarlo, pero la tecnolog\u00eda hace que esas im\u00e1genes recorran el mundo esas im\u00e1genes recorran el mundo\u00bb, detall\u00f3.<\/p>\n\n\n\n<p>Un cuarto argentino, Nicol\u00e1s Calabrese, residente desde hace una d\u00e9cada en Brasil, fue liberado por las autoridades israel\u00edes durante el fin de semana y ya se encuentra de vuelta en Sao Paulo.<\/p>\n\n\n\n<p>Las detenciones<br>La liberaci\u00f3n de los argentinos detenidos por Israel se produjo un d\u00eda despu\u00e9s de que los familiares realizaron un acto en Buenos Aires, en el que pidieron su inmediata liberaci\u00f3n y deportaci\u00f3n. En la Flotilla Global Sumud, encabezada por la ambientalista sueca Greta Thunberg, participaban m\u00e1s de 400 personas de m\u00e1s de 50 pa\u00edses, a bordo de 42 embarcaciones. Su objetivo era romper el bloqueo israel\u00ed de la Franja de Gaza, en una misi\u00f3n de car\u00e1cter humanitario que transportaba alimentos y medicamentos para la poblaci\u00f3n civil.<\/p>\n\n\n\n<p>Israel intercept\u00f3 entre el jueves y el viernes de la semana pasada uno a uno a 42 barcos y los activistas fueron encerrados en la prisi\u00f3n de Ketziot. M\u00e1s de 300 fueron liberados y devueltos a sus pa\u00edses entre el s\u00e1bado y el lunes. El equipo jur\u00eddico de la flotilla denunci\u00f3 graves abusos contra los participantes de la misi\u00f3n retenidos en Israel, despu\u00e9s de que el Ministerio de Exteriores del gobierno de Benjamin Netanyahu asegurara que se respetaban plenamente los derechos legales de los activistas.<\/p>\n\n\n\n<p>Seg\u00fan el listado actualizado del equipo legal de la Flotilla, los integrantes de que siguen encarcelados son una espa\u00f1ola, tres noruegos y dos marroqu\u00edes. El comit\u00e9 de abogados dijo que est\u00e1n en contacto con las autoridades competentes para conseguir sus liberaciones, y que los abogados pidieron permiso para visitar a los retenidos este mi\u00e9rcoles.<\/p>\n\n\n\n<p>Mientras tanto, la coalici\u00f3n Flotilla de la Libertad-Thousand Madleens, que navega rumbo a la Franja de Gaza con nueve barcos &#8211;un buque y ocho veleros&#8211; con el objetivo de romper el bloqueo de Israel a la entrega de ayuda humanitaria, prev\u00e9 llegar a la zona de riesgo &#8211;donde fueron abordados los barcos de la GSF&#8211;, inform\u00f3 a EFE un integrante de la misi\u00f3n. La flotilla, con unos 140 tripulantes, prev\u00e9 que sus embarcaciones sean interceptadas en el Mediterr\u00e1neo, igual que ocurri\u00f3 el pasado mi\u00e9rcoles con la GSM, seg\u00fan explic\u00f3 Charles Rodr\u00edguez dos Santos, bombero espa\u00f1ol integrante de la misi\u00f3n, por lo que los activistas se preparan durante la navegaci\u00f3n con entrenamientos y revisiones de los salvavidas.<\/p>\n","protected":false},"excerpt":{"rendered":"<p>La legisladora Celeste Fierro, el exdiputado cordob\u00e9s Ezequiel Peressini y el activista pol\u00edtico Carlos Bertola integraban la flotilla con ayuda humanitaria para Gaza que fue interceptada por el gobierno israel\u00ed. Tres argentinos que viajaban rumbo a la Franja de Gaza en la Flotilla Global Sumud (GSF) y permanec\u00edan detenidos en Israel fueron liberados y expulsados [&hellip;]<\/p>\n","protected":false},"author":4,"featured_media":5032,"comment_status":"open","ping_status":"open","sticky":false,"template":"","format":"standard","meta":{"footnotes":""},"categories":[20,22],"tags":[],"class_list":{"0":"post-5031","1":"post","2":"type-post","3":"status-publish","4":"format-standard","5":"has-post-thumbnail","7":"category-internacionales","8":"category-politica"},"yoast_head":"<!-- This site is optimized with the Yoast SEO plugin v27.4 - https:\/\/yoast.com\/product\/yoast-seo-wordpress\/ -->\n<title>Israel liber\u00f3 a tres argentinos que formaron parte de la flotilla Global Sumud - Diario del Sur<\/title>\n<meta name=\"robots\" content=\"index, follow, max-snippet:-1, max-image-preview:large, max-video-preview:-1\" \/>\n<link rel=\"canonical\" href=\"https:\/\/diariodelsurdigital.com.ar\/?p=5031\" \/>\n<meta property=\"og:locale\" content=\"es_ES\" \/>\n<meta property=\"og:type\" content=\"article\" \/>\n<meta property=\"og:title\" content=\"Israel liber\u00f3 a tres argentinos que formaron parte de la flotilla Global Sumud - Diario del Sur\" \/>\n<meta property=\"og:description\" content=\"La legisladora Celeste Fierro, el exdiputado cordob\u00e9s Ezequiel Peressini y el activista pol\u00edtico Carlos Bertola integraban la flotilla con ayuda humanitaria para Gaza que fue interceptada por el gobierno israel\u00ed. Tres argentinos que viajaban rumbo a la Franja de Gaza en la Flotilla Global Sumud (GSF) y permanec\u00edan detenidos en Israel fueron liberados y expulsados [&hellip;]\" \/>\n<meta property=\"og:url\" content=\"https:\/\/diariodelsurdigital.com.ar\/?p=5031\" \/>\n<meta property=\"og:site_name\" content=\"Diario del Sur\" \/>\n<meta property=\"article:published_time\" content=\"2025-10-08T13:45:59+00:00\" \/>\n<meta property=\"article:modified_time\" content=\"2025-10-08T13:46:00+00:00\" \/>\n<meta property=\"og:image\" content=\"https:\/\/diariodelsurdigital.com.ar\/wp-content\/uploads\/2025\/10\/md-12.webp\" \/>\n\t<meta property=\"og:image:width\" content=\"992\" \/>\n\t<meta property=\"og:image:height\" content=\"661\" \/>\n\t<meta property=\"og:image:type\" content=\"image\/webp\" \/>\n<meta name=\"author\" content=\"Diario del Sur Digital\" \/>\n<meta name=\"twitter:card\" content=\"summary_large_image\" \/>\n<meta name=\"twitter:label1\" content=\"Escrito por\" \/>\n\t<meta name=\"twitter:data1\" content=\"Diario del Sur Digital\" \/>\n\t<meta name=\"twitter:label2\" content=\"Tiempo de lectura\" \/>\n\t<meta name=\"twitter:data2\" content=\"5 minutos\" \/>\n<script type=\"application\/ld+json\" class=\"yoast-schema-graph\">{\"@context\":\"https:\\\/\\\/schema.org\",\"@graph\":[{\"@type\":\"Article\",\"@id\":\"https:\\\/\\\/diariodelsurdigital.com.ar\\\/?p=5031#article\",\"isPartOf\":{\"@id\":\"https:\\\/\\\/diariodelsurdigital.com.ar\\\/?p=5031\"},\"author\":{\"name\":\"Diario del Sur Digital\",\"@id\":\"https:\\\/\\\/diariodelsurdigital.com.ar\\\/#\\\/schema\\\/person\\\/1a4992532ed62965c968031b49195c81\"},\"headline\":\"Israel liber\u00f3 a tres argentinos que formaron parte de la flotilla Global Sumud\",\"datePublished\":\"2025-10-08T13:45:59+00:00\",\"dateModified\":\"2025-10-08T13:46:00+00:00\",\"mainEntityOfPage\":{\"@id\":\"https:\\\/\\\/diariodelsurdigital.com.ar\\\/?p=5031\"},\"wordCount\":1127,\"commentCount\":0,\"image\":{\"@id\":\"https:\\\/\\\/diariodelsurdigital.com.ar\\\/?p=5031#primaryimage\"},\"thumbnailUrl\":\"https:\\\/\\\/diariodelsurdigital.com.ar\\\/wp-content\\\/uploads\\\/2025\\\/10\\\/md-12.webp\",\"articleSection\":[\"Internacionales\",\"Pol\u00edtica\"],\"inLanguage\":\"es\",\"potentialAction\":[{\"@type\":\"CommentAction\",\"name\":\"Comment\",\"target\":[\"https:\\\/\\\/diariodelsurdigital.com.ar\\\/?p=5031#respond\"]}]},{\"@type\":\"WebPage\",\"@id\":\"https:\\\/\\\/diariodelsurdigital.com.ar\\\/?p=5031\",\"url\":\"https:\\\/\\\/diariodelsurdigital.com.ar\\\/?p=5031\",\"name\":\"Israel liber\u00f3 a tres argentinos que formaron parte de la flotilla Global Sumud - Diario del Sur\",\"isPartOf\":{\"@id\":\"https:\\\/\\\/diariodelsurdigital.com.ar\\\/#website\"},\"primaryImageOfPage\":{\"@id\":\"https:\\\/\\\/diariodelsurdigital.com.ar\\\/?p=5031#primaryimage\"},\"image\":{\"@id\":\"https:\\\/\\\/diariodelsurdigital.com.ar\\\/?p=5031#primaryimage\"},\"thumbnailUrl\":\"https:\\\/\\\/diariodelsurdigital.com.ar\\\/wp-content\\\/uploads\\\/2025\\\/10\\\/md-12.webp\",\"datePublished\":\"2025-10-08T13:45:59+00:00\",\"dateModified\":\"2025-10-08T13:46:00+00:00\",\"author\":{\"@id\":\"https:\\\/\\\/diariodelsurdigital.com.ar\\\/#\\\/schema\\\/person\\\/1a4992532ed62965c968031b49195c81\"},\"breadcrumb\":{\"@id\":\"https:\\\/\\\/diariodelsurdigital.com.ar\\\/?p=5031#breadcrumb\"},\"inLanguage\":\"es\",\"potentialAction\":[{\"@type\":\"ReadAction\",\"target\":[\"https:\\\/\\\/diariodelsurdigital.com.ar\\\/?p=5031\"]}]},{\"@type\":\"ImageObject\",\"inLanguage\":\"es\",\"@id\":\"https:\\\/\\\/diariodelsurdigital.com.ar\\\/?p=5031#primaryimage\",\"url\":\"https:\\\/\\\/diariodelsurdigital.com.ar\\\/wp-content\\\/uploads\\\/2025\\\/10\\\/md-12.webp\",\"contentUrl\":\"https:\\\/\\\/diariodelsurdigital.com.ar\\\/wp-content\\\/uploads\\\/2025\\\/10\\\/md-12.webp\",\"width\":992,\"height\":661},{\"@type\":\"BreadcrumbList\",\"@id\":\"https:\\\/\\\/diariodelsurdigital.com.ar\\\/?p=5031#breadcrumb\",\"itemListElement\":[{\"@type\":\"ListItem\",\"position\":1,\"name\":\"Portada\",\"item\":\"https:\\\/\\\/diariodelsurdigital.com.ar\\\/\"},{\"@type\":\"ListItem\",\"position\":2,\"name\":\"Israel liber\u00f3 a tres argentinos que formaron parte de la flotilla Global Sumud\"}]},{\"@type\":\"WebSite\",\"@id\":\"https:\\\/\\\/diariodelsurdigital.com.ar\\\/#website\",\"url\":\"https:\\\/\\\/diariodelsurdigital.com.ar\\\/\",\"name\":\"Diario del Sur\",\"description\":\"Digital\",\"potentialAction\":[{\"@type\":\"SearchAction\",\"target\":{\"@type\":\"EntryPoint\",\"urlTemplate\":\"https:\\\/\\\/diariodelsurdigital.com.ar\\\/?s={search_term_string}\"},\"query-input\":{\"@type\":\"PropertyValueSpecification\",\"valueRequired\":true,\"valueName\":\"search_term_string\"}}],\"inLanguage\":\"es\"},{\"@type\":\"Person\",\"@id\":\"https:\\\/\\\/diariodelsurdigital.com.ar\\\/#\\\/schema\\\/person\\\/1a4992532ed62965c968031b49195c81\",\"name\":\"Diario del Sur Digital\",\"image\":{\"@type\":\"ImageObject\",\"inLanguage\":\"es\",\"@id\":\"https:\\\/\\\/secure.gravatar.com\\\/avatar\\\/f0c7c47fc7146d19828273b9b8eda651c9c7ab583767e6338d3d3bee825adf76?s=96&d=mm&r=g\",\"url\":\"https:\\\/\\\/secure.gravatar.com\\\/avatar\\\/f0c7c47fc7146d19828273b9b8eda651c9c7ab583767e6338d3d3bee825adf76?s=96&d=mm&r=g\",\"contentUrl\":\"https:\\\/\\\/secure.gravatar.com\\\/avatar\\\/f0c7c47fc7146d19828273b9b8eda651c9c7ab583767e6338d3d3bee825adf76?s=96&d=mm&r=g\",\"caption\":\"Diario del Sur Digital\"},\"url\":\"https:\\\/\\\/diariodelsurdigital.com.ar\\\/?author=4\"}]}<\/script>\n<!-- \/ Yoast SEO plugin. -->","yoast_head_json":{"title":"Israel liber\u00f3 a tres argentinos que formaron parte de la flotilla Global Sumud - Diario del Sur","robots":{"index":"index","follow":"follow","max-snippet":"max-snippet:-1","max-image-preview":"max-image-preview:large","max-video-preview":"max-video-preview:-1"},"canonical":"https:\/\/diariodelsurdigital.com.ar\/?p=5031","og_locale":"es_ES","og_type":"article","og_title":"Israel liber\u00f3 a tres argentinos que formaron parte de la flotilla Global Sumud - Diario del Sur","og_description":"La legisladora Celeste Fierro, el exdiputado cordob\u00e9s Ezequiel Peressini y el activista pol\u00edtico Carlos Bertola integraban la flotilla con ayuda humanitaria para Gaza que fue interceptada por el gobierno israel\u00ed. Tres argentinos que viajaban rumbo a la Franja de Gaza en la Flotilla Global Sumud (GSF) y permanec\u00edan detenidos en Israel fueron liberados y expulsados [&hellip;]","og_url":"https:\/\/diariodelsurdigital.com.ar\/?p=5031","og_site_name":"Diario del Sur","article_published_time":"2025-10-08T13:45:59+00:00","article_modified_time":"2025-10-08T13:46:00+00:00","og_image":[{"width":992,"height":661,"url":"https:\/\/diariodelsurdigital.com.ar\/wp-content\/uploads\/2025\/10\/md-12.webp","type":"image\/webp"}],"author":"Diario del Sur Digital","twitter_card":"summary_large_image","twitter_misc":{"Escrito por":"Diario del Sur Digital","Tiempo de lectura":"5 minutos"},"schema":{"@context":"https:\/\/schema.org","@graph":[{"@type":"Article","@id":"https:\/\/diariodelsurdigital.com.ar\/?p=5031#article","isPartOf":{"@id":"https:\/\/diariodelsurdigital.com.ar\/?p=5031"},"author":{"name":"Diario del Sur Digital","@id":"https:\/\/diariodelsurdigital.com.ar\/#\/schema\/person\/1a4992532ed62965c968031b49195c81"},"headline":"Israel liber\u00f3 a tres argentinos que formaron parte de la flotilla Global Sumud","datePublished":"2025-10-08T13:45:59+00:00","dateModified":"2025-10-08T13:46:00+00:00","mainEntityOfPage":{"@id":"https:\/\/diariodelsurdigital.com.ar\/?p=5031"},"wordCount":1127,"commentCount":0,"image":{"@id":"https:\/\/diariodelsurdigital.com.ar\/?p=5031#primaryimage"},"thumbnailUrl":"https:\/\/diariodelsurdigital.com.ar\/wp-content\/uploads\/2025\/10\/md-12.webp","articleSection":["Internacionales","Pol\u00edtica"],"inLanguage":"es","potentialAction":[{"@type":"CommentAction","name":"Comment","target":["https:\/\/diariodelsurdigital.com.ar\/?p=5031#respond"]}]},{"@type":"WebPage","@id":"https:\/\/diariodelsurdigital.com.ar\/?p=5031","url":"https:\/\/diariodelsurdigital.com.ar\/?p=5031","name":"Israel liber\u00f3 a tres argentinos que formaron parte de la flotilla Global Sumud - Diario del Sur","isPartOf":{"@id":"https:\/\/diariodelsurdigital.com.ar\/#website"},"primaryImageOfPage":{"@id":"https:\/\/diariodelsurdigital.com.ar\/?p=5031#primaryimage"},"image":{"@id":"https:\/\/diariodelsurdigital.com.ar\/?p=5031#primaryimage"},"thumbnailUrl":"https:\/\/diariodelsurdigital.com.ar\/wp-content\/uploads\/2025\/10\/md-12.webp","datePublished":"2025-10-08T13:45:59+00:00","dateModified":"2025-10-08T13:46:00+00:00","author":{"@id":"https:\/\/diariodelsurdigital.com.ar\/#\/schema\/person\/1a4992532ed62965c968031b49195c81"},"breadcrumb":{"@id":"https:\/\/diariodelsurdigital.com.ar\/?p=5031#breadcrumb"},"inLanguage":"es","potentialAction":[{"@type":"ReadAction","target":["https:\/\/diariodelsurdigital.com.ar\/?p=5031"]}]},{"@type":"ImageObject","inLanguage":"es","@id":"https:\/\/diariodelsurdigital.com.ar\/?p=5031#primaryimage","url":"https:\/\/diariodelsurdigital.com.ar\/wp-content\/uploads\/2025\/10\/md-12.webp","contentUrl":"https:\/\/diariodelsurdigital.com.ar\/wp-content\/uploads\/2025\/10\/md-12.webp","width":992,"height":661},{"@type":"BreadcrumbList","@id":"https:\/\/diariodelsurdigital.com.ar\/?p=5031#breadcrumb","itemListElement":[{"@type":"ListItem","position":1,"name":"Portada","item":"https:\/\/diariodelsurdigital.com.ar\/"},{"@type":"ListItem","position":2,"name":"Israel liber\u00f3 a tres argentinos que formaron parte de la flotilla Global Sumud"}]},{"@type":"WebSite","@id":"https:\/\/diariodelsurdigital.com.ar\/#website","url":"https:\/\/diariodelsurdigital.com.ar\/","name":"Diario del Sur","description":"Digital","potentialAction":[{"@type":"SearchAction","target":{"@type":"EntryPoint","urlTemplate":"https:\/\/diariodelsurdigital.com.ar\/?s={search_term_string}"},"query-input":{"@type":"PropertyValueSpecification","valueRequired":true,"valueName":"search_term_string"}}],"inLanguage":"es"},{"@type":"Person","@id":"https:\/\/diariodelsurdigital.com.ar\/#\/schema\/person\/1a4992532ed62965c968031b49195c81","name":"Diario del Sur Digital","image":{"@type":"ImageObject","inLanguage":"es","@id":"https:\/\/secure.gravatar.com\/avatar\/f0c7c47fc7146d19828273b9b8eda651c9c7ab583767e6338d3d3bee825adf76?s=96&d=mm&r=g","url":"https:\/\/secure.gravatar.com\/avatar\/f0c7c47fc7146d19828273b9b8eda651c9c7ab583767e6338d3d3bee825adf76?s=96&d=mm&r=g","contentUrl":"https:\/\/secure.gravatar.com\/avatar\/f0c7c47fc7146d19828273b9b8eda651c9c7ab583767e6338d3d3bee825adf76?s=96&d=mm&r=g","caption":"Diario del Sur Digital"},"url":"https:\/\/diariodelsurdigital.com.ar\/?author=4"}]}},"_links":{"self":[{"href":"https:\/\/diariodelsurdigital.com.ar\/index.php?rest_route=\/wp\/v2\/posts\/5031","targetHints":{"allow":["GET"]}}],"collection":[{"href":"https:\/\/diariodelsurdigital.com.ar\/index.php?rest_route=\/wp\/v2\/posts"}],"about":[{"href":"https:\/\/diariodelsurdigital.com.ar\/index.php?rest_route=\/wp\/v2\/types\/post"}],"author":[{"embeddable":true,"href":"https:\/\/diariodelsurdigital.com.ar\/index.php?rest_route=\/wp\/v2\/users\/4"}],"replies":[{"embeddable":true,"href":"https:\/\/diariodelsurdigital.com.ar\/index.php?rest_route=%2Fwp%2Fv2%2Fcomments&post=5031"}],"version-history":[{"count":1,"href":"https:\/\/diariodelsurdigital.com.ar\/index.php?rest_route=\/wp\/v2\/posts\/5031\/revisions"}],"predecessor-version":[{"id":5033,"href":"https:\/\/diariodelsurdigital.com.ar\/index.php?rest_route=\/wp\/v2\/posts\/5031\/revisions\/5033"}],"wp:featuredmedia":[{"embeddable":true,"href":"https:\/\/diariodelsurdigital.com.ar\/index.php?rest_route=\/wp\/v2\/media\/5032"}],"wp:attachment":[{"href":"https:\/\/diariodelsurdigital.com.ar\/index.php?rest_route=%2Fwp%2Fv2%2Fmedia&parent=5031"}],"wp:term":[{"taxonomy":"category","embeddable":true,"href":"https:\/\/diariodelsurdigital.com.ar\/index.php?rest_route=%2Fwp%2Fv2%2Fcategories&post=5031"},{"taxonomy":"post_tag","embeddable":true,"href":"https:\/\/diariodelsurdigital.com.ar\/index.php?rest_route=%2Fwp%2Fv2%2Ftags&post=5031"}],"curies":[{"name":"wp","href":"https:\/\/api.w.org\/{rel}","templated":true}]}}