{"id":5038,"date":"2025-10-09T10:37:08","date_gmt":"2025-10-09T13:37:08","guid":{"rendered":"https:\/\/diariodelsurdigital.com.ar\/?p=5038"},"modified":"2025-10-09T10:37:09","modified_gmt":"2025-10-09T13:37:09","slug":"kristalina-georgieva-en-campana-por-javier-milei-el-fmi-bendice-el-ajuste-argentino","status":"publish","type":"post","link":"https:\/\/diariodelsurdigital.com.ar\/?p=5038","title":{"rendered":"Kristalina Georgieva en campa\u00f1a por Javier Milei: el FMI bendice el ajuste argentino"},"content":{"rendered":"\n<p>La titular del Fondo Monetario Internacional, Kristalina Georgieva, respald\u00f3 el ajuste que lleva adelante el presidente Javier Miliei y espera que la sociedad argentina tambi\u00e9n lo haga. \u201cHemos visto l\u00edderes valientes que recortaron pensiones y salarios en un 40% o 50%, y fueron reelegidos. \u00bfPor qu\u00e9? Porque lograron que la gente los acompa\u00f1ara\u201d, dijo, al poner a la Argentina como ejemplo de \u201cdisciplina fiscal\u201d.<\/p>\n\n\n\n<p>En pleno clima electoral y con el ministro Luis Caputo en Washington hace casi una semana, la directora gerente del Fondo Monetario Internacional (FMI), Kristalina Georgieva, volvi\u00f3 a respaldar p\u00fablicamente el programa econ\u00f3mico de Javier Milei. Lo hizo desde un evento del Milken Institute, el mismo foro que visit\u00f3 el Presidente semanas atr\u00e1s, y dej\u00f3 un mensaje que son\u00f3 m\u00e1s a campa\u00f1a que a an\u00e1lisis t\u00e9cnico: \u201cArgentina est\u00e1 llevando adelante un programa de ajuste muy dr\u00e1stico. El \u00e9xito va a depender de lograr que la gente acompa\u00f1e\u201d.<\/p>\n\n\n\n<p>La frase, breve pero contundente, gener\u00f3 varias lecturas pol\u00edticas. En un contexto donde el FMI define los pr\u00f3ximos desembolsos y el Gobierno enfrenta elecciones legislativas decisivas, Georgieva eligi\u00f3 un tono que mezcl\u00f3 advertencia y elogio. \u201cHemos visto l\u00edderes valientes que recortaron pensiones y salarios en un 40% o 50%, y fueron reelegidos. \u00bfPor qu\u00e9? Porque lograron que la gente los acompa\u00f1ara\u201d, dijo, al poner a la Argentina como ejemplo de \u201cdisciplina fiscal\u201d, seg\u00fan inform\u00f3 P\u00e1gina 12.<\/p>\n\n\n\n<p>Las palabras de la funcionaria llegan cuando el equipo econ\u00f3mico lleva cinco d\u00edas de conversaciones en Washington sin resultados concretos, mientras el Fondo mantiene la presi\u00f3n por avanzar con las reformas estructurales exigidas en el acuerdo.<\/p>\n\n\n\n<p>El discurso de Georgieva tambi\u00e9n apunt\u00f3 a un panorama m\u00e1s amplio. Desde el FMI, la funcionaria celebr\u00f3 que la econom\u00eda global \u201cse comport\u00f3 mejor de lo esperado\u201d, aunque advirti\u00f3 que la \u201cincertidumbre es la nueva normalidad\u201d. A la vez, llam\u00f3 a Europa a avanzar hacia una mayor integraci\u00f3n financiera y pidi\u00f3 a China \u201climpiar su mercado inmobiliario\u201d.<\/p>\n\n\n\n<p>El mensaje fue claro: el Fondo respalda el ajuste y espera que la sociedad argentina tambi\u00e9n lo haga. Lo que no dijo Georgieva es c\u00f3mo se reconstruye la confianza de un pueblo que, desde hace d\u00e9cadas, paga las cuentas de cada \u201cprograma exitoso\u201d.<\/p>\n","protected":false},"excerpt":{"rendered":"<p>La titular del Fondo Monetario Internacional, Kristalina Georgieva, respald\u00f3 el ajuste que lleva adelante el presidente Javier Miliei y espera que la sociedad argentina tambi\u00e9n lo haga. \u201cHemos visto l\u00edderes valientes que recortaron pensiones y salarios en un 40% o 50%, y fueron reelegidos. \u00bfPor qu\u00e9? Porque lograron que la gente los acompa\u00f1ara\u201d, dijo, al [&hellip;]<\/p>\n","protected":false},"author":4,"featured_media":5039,"comment_status":"open","ping_status":"open","sticky":false,"template":"","format":"standard","meta":{"footnotes":""},"categories":[20,22],"tags":[],"class_list":{"0":"post-5038","1":"post","2":"type-post","3":"status-publish","4":"format-standard","5":"has-post-thumbnail","7":"category-internacionales","8":"category-politica"},"yoast_head":"<!-- This site is optimized with the Yoast SEO plugin v27.4 - https:\/\/yoast.com\/product\/yoast-seo-wordpress\/ -->\n<title>Kristalina Georgieva en campa\u00f1a por Javier Milei: el FMI bendice el ajuste argentino - Diario del Sur<\/title>\n<meta name=\"robots\" content=\"index, follow, max-snippet:-1, max-image-preview:large, max-video-preview:-1\" \/>\n<link rel=\"canonical\" href=\"https:\/\/diariodelsurdigital.com.ar\/?p=5038\" \/>\n<meta property=\"og:locale\" content=\"es_ES\" \/>\n<meta property=\"og:type\" content=\"article\" \/>\n<meta property=\"og:title\" content=\"Kristalina Georgieva en campa\u00f1a por Javier Milei: el FMI bendice el ajuste argentino - Diario del Sur\" \/>\n<meta property=\"og:description\" content=\"La titular del Fondo Monetario Internacional, Kristalina Georgieva, respald\u00f3 el ajuste que lleva adelante el presidente Javier Miliei y espera que la sociedad argentina tambi\u00e9n lo haga. \u201cHemos visto l\u00edderes valientes que recortaron pensiones y salarios en un 40% o 50%, y fueron reelegidos. \u00bfPor qu\u00e9? Porque lograron que la gente los acompa\u00f1ara\u201d, dijo, al [&hellip;]\" \/>\n<meta property=\"og:url\" content=\"https:\/\/diariodelsurdigital.com.ar\/?p=5038\" \/>\n<meta property=\"og:site_name\" content=\"Diario del Sur\" \/>\n<meta property=\"article:published_time\" content=\"2025-10-09T13:37:08+00:00\" \/>\n<meta property=\"article:modified_time\" content=\"2025-10-09T13:37:09+00:00\" \/>\n<meta property=\"og:image\" content=\"https:\/\/diariodelsurdigital.com.ar\/wp-content\/uploads\/2025\/10\/md-14.webp\" \/>\n\t<meta property=\"og:image:width\" content=\"992\" \/>\n\t<meta property=\"og:image:height\" content=\"660\" \/>\n\t<meta property=\"og:image:type\" content=\"image\/webp\" \/>\n<meta name=\"author\" content=\"Diario del Sur Digital\" \/>\n<meta name=\"twitter:card\" content=\"summary_large_image\" \/>\n<meta name=\"twitter:label1\" content=\"Escrito por\" \/>\n\t<meta name=\"twitter:data1\" content=\"Diario del Sur Digital\" \/>\n\t<meta name=\"twitter:label2\" content=\"Tiempo de lectura\" \/>\n\t<meta name=\"twitter:data2\" content=\"2 minutos\" \/>\n<script type=\"application\/ld+json\" class=\"yoast-schema-graph\">{\"@context\":\"https:\\\/\\\/schema.org\",\"@graph\":[{\"@type\":\"Article\",\"@id\":\"https:\\\/\\\/diariodelsurdigital.com.ar\\\/?p=5038#article\",\"isPartOf\":{\"@id\":\"https:\\\/\\\/diariodelsurdigital.com.ar\\\/?p=5038\"},\"author\":{\"name\":\"Diario del Sur Digital\",\"@id\":\"https:\\\/\\\/diariodelsurdigital.com.ar\\\/#\\\/schema\\\/person\\\/1a4992532ed62965c968031b49195c81\"},\"headline\":\"Kristalina Georgieva en campa\u00f1a por Javier Milei: el FMI bendice el ajuste argentino\",\"datePublished\":\"2025-10-09T13:37:08+00:00\",\"dateModified\":\"2025-10-09T13:37:09+00:00\",\"mainEntityOfPage\":{\"@id\":\"https:\\\/\\\/diariodelsurdigital.com.ar\\\/?p=5038\"},\"wordCount\":400,\"commentCount\":0,\"image\":{\"@id\":\"https:\\\/\\\/diariodelsurdigital.com.ar\\\/?p=5038#primaryimage\"},\"thumbnailUrl\":\"https:\\\/\\\/diariodelsurdigital.com.ar\\\/wp-content\\\/uploads\\\/2025\\\/10\\\/md-14.webp\",\"articleSection\":[\"Internacionales\",\"Pol\u00edtica\"],\"inLanguage\":\"es\",\"potentialAction\":[{\"@type\":\"CommentAction\",\"name\":\"Comment\",\"target\":[\"https:\\\/\\\/diariodelsurdigital.com.ar\\\/?p=5038#respond\"]}]},{\"@type\":\"WebPage\",\"@id\":\"https:\\\/\\\/diariodelsurdigital.com.ar\\\/?p=5038\",\"url\":\"https:\\\/\\\/diariodelsurdigital.com.ar\\\/?p=5038\",\"name\":\"Kristalina Georgieva en campa\u00f1a por Javier Milei: el FMI bendice el ajuste argentino - Diario del Sur\",\"isPartOf\":{\"@id\":\"https:\\\/\\\/diariodelsurdigital.com.ar\\\/#website\"},\"primaryImageOfPage\":{\"@id\":\"https:\\\/\\\/diariodelsurdigital.com.ar\\\/?p=5038#primaryimage\"},\"image\":{\"@id\":\"https:\\\/\\\/diariodelsurdigital.com.ar\\\/?p=5038#primaryimage\"},\"thumbnailUrl\":\"https:\\\/\\\/diariodelsurdigital.com.ar\\\/wp-content\\\/uploads\\\/2025\\\/10\\\/md-14.webp\",\"datePublished\":\"2025-10-09T13:37:08+00:00\",\"dateModified\":\"2025-10-09T13:37:09+00:00\",\"author\":{\"@id\":\"https:\\\/\\\/diariodelsurdigital.com.ar\\\/#\\\/schema\\\/person\\\/1a4992532ed62965c968031b49195c81\"},\"breadcrumb\":{\"@id\":\"https:\\\/\\\/diariodelsurdigital.com.ar\\\/?p=5038#breadcrumb\"},\"inLanguage\":\"es\",\"potentialAction\":[{\"@type\":\"ReadAction\",\"target\":[\"https:\\\/\\\/diariodelsurdigital.com.ar\\\/?p=5038\"]}]},{\"@type\":\"ImageObject\",\"inLanguage\":\"es\",\"@id\":\"https:\\\/\\\/diariodelsurdigital.com.ar\\\/?p=5038#primaryimage\",\"url\":\"https:\\\/\\\/diariodelsurdigital.com.ar\\\/wp-content\\\/uploads\\\/2025\\\/10\\\/md-14.webp\",\"contentUrl\":\"https:\\\/\\\/diariodelsurdigital.com.ar\\\/wp-content\\\/uploads\\\/2025\\\/10\\\/md-14.webp\",\"width\":992,\"height\":660},{\"@type\":\"BreadcrumbList\",\"@id\":\"https:\\\/\\\/diariodelsurdigital.com.ar\\\/?p=5038#breadcrumb\",\"itemListElement\":[{\"@type\":\"ListItem\",\"position\":1,\"name\":\"Portada\",\"item\":\"https:\\\/\\\/diariodelsurdigital.com.ar\\\/\"},{\"@type\":\"ListItem\",\"position\":2,\"name\":\"Kristalina Georgieva en campa\u00f1a por Javier Milei: el FMI bendice el ajuste argentino\"}]},{\"@type\":\"WebSite\",\"@id\":\"https:\\\/\\\/diariodelsurdigital.com.ar\\\/#website\",\"url\":\"https:\\\/\\\/diariodelsurdigital.com.ar\\\/\",\"name\":\"Diario del Sur\",\"description\":\"Digital\",\"potentialAction\":[{\"@type\":\"SearchAction\",\"target\":{\"@type\":\"EntryPoint\",\"urlTemplate\":\"https:\\\/\\\/diariodelsurdigital.com.ar\\\/?s={search_term_string}\"},\"query-input\":{\"@type\":\"PropertyValueSpecification\",\"valueRequired\":true,\"valueName\":\"search_term_string\"}}],\"inLanguage\":\"es\"},{\"@type\":\"Person\",\"@id\":\"https:\\\/\\\/diariodelsurdigital.com.ar\\\/#\\\/schema\\\/person\\\/1a4992532ed62965c968031b49195c81\",\"name\":\"Diario del Sur Digital\",\"image\":{\"@type\":\"ImageObject\",\"inLanguage\":\"es\",\"@id\":\"https:\\\/\\\/secure.gravatar.com\\\/avatar\\\/f0c7c47fc7146d19828273b9b8eda651c9c7ab583767e6338d3d3bee825adf76?s=96&d=mm&r=g\",\"url\":\"https:\\\/\\\/secure.gravatar.com\\\/avatar\\\/f0c7c47fc7146d19828273b9b8eda651c9c7ab583767e6338d3d3bee825adf76?s=96&d=mm&r=g\",\"contentUrl\":\"https:\\\/\\\/secure.gravatar.com\\\/avatar\\\/f0c7c47fc7146d19828273b9b8eda651c9c7ab583767e6338d3d3bee825adf76?s=96&d=mm&r=g\",\"caption\":\"Diario del Sur Digital\"},\"url\":\"https:\\\/\\\/diariodelsurdigital.com.ar\\\/?author=4\"}]}<\/script>\n<!-- \/ Yoast SEO plugin. -->","yoast_head_json":{"title":"Kristalina Georgieva en campa\u00f1a por Javier Milei: el FMI bendice el ajuste argentino - Diario del Sur","robots":{"index":"index","follow":"follow","max-snippet":"max-snippet:-1","max-image-preview":"max-image-preview:large","max-video-preview":"max-video-preview:-1"},"canonical":"https:\/\/diariodelsurdigital.com.ar\/?p=5038","og_locale":"es_ES","og_type":"article","og_title":"Kristalina Georgieva en campa\u00f1a por Javier Milei: el FMI bendice el ajuste argentino - Diario del Sur","og_description":"La titular del Fondo Monetario Internacional, Kristalina Georgieva, respald\u00f3 el ajuste que lleva adelante el presidente Javier Miliei y espera que la sociedad argentina tambi\u00e9n lo haga. \u201cHemos visto l\u00edderes valientes que recortaron pensiones y salarios en un 40% o 50%, y fueron reelegidos. \u00bfPor qu\u00e9? Porque lograron que la gente los acompa\u00f1ara\u201d, dijo, al [&hellip;]","og_url":"https:\/\/diariodelsurdigital.com.ar\/?p=5038","og_site_name":"Diario del Sur","article_published_time":"2025-10-09T13:37:08+00:00","article_modified_time":"2025-10-09T13:37:09+00:00","og_image":[{"width":992,"height":660,"url":"https:\/\/diariodelsurdigital.com.ar\/wp-content\/uploads\/2025\/10\/md-14.webp","type":"image\/webp"}],"author":"Diario del Sur Digital","twitter_card":"summary_large_image","twitter_misc":{"Escrito por":"Diario del Sur Digital","Tiempo de lectura":"2 minutos"},"schema":{"@context":"https:\/\/schema.org","@graph":[{"@type":"Article","@id":"https:\/\/diariodelsurdigital.com.ar\/?p=5038#article","isPartOf":{"@id":"https:\/\/diariodelsurdigital.com.ar\/?p=5038"},"author":{"name":"Diario del Sur Digital","@id":"https:\/\/diariodelsurdigital.com.ar\/#\/schema\/person\/1a4992532ed62965c968031b49195c81"},"headline":"Kristalina Georgieva en campa\u00f1a por Javier Milei: el FMI bendice el ajuste argentino","datePublished":"2025-10-09T13:37:08+00:00","dateModified":"2025-10-09T13:37:09+00:00","mainEntityOfPage":{"@id":"https:\/\/diariodelsurdigital.com.ar\/?p=5038"},"wordCount":400,"commentCount":0,"image":{"@id":"https:\/\/diariodelsurdigital.com.ar\/?p=5038#primaryimage"},"thumbnailUrl":"https:\/\/diariodelsurdigital.com.ar\/wp-content\/uploads\/2025\/10\/md-14.webp","articleSection":["Internacionales","Pol\u00edtica"],"inLanguage":"es","potentialAction":[{"@type":"CommentAction","name":"Comment","target":["https:\/\/diariodelsurdigital.com.ar\/?p=5038#respond"]}]},{"@type":"WebPage","@id":"https:\/\/diariodelsurdigital.com.ar\/?p=5038","url":"https:\/\/diariodelsurdigital.com.ar\/?p=5038","name":"Kristalina Georgieva en campa\u00f1a por Javier Milei: el FMI bendice el ajuste argentino - Diario del Sur","isPartOf":{"@id":"https:\/\/diariodelsurdigital.com.ar\/#website"},"primaryImageOfPage":{"@id":"https:\/\/diariodelsurdigital.com.ar\/?p=5038#primaryimage"},"image":{"@id":"https:\/\/diariodelsurdigital.com.ar\/?p=5038#primaryimage"},"thumbnailUrl":"https:\/\/diariodelsurdigital.com.ar\/wp-content\/uploads\/2025\/10\/md-14.webp","datePublished":"2025-10-09T13:37:08+00:00","dateModified":"2025-10-09T13:37:09+00:00","author":{"@id":"https:\/\/diariodelsurdigital.com.ar\/#\/schema\/person\/1a4992532ed62965c968031b49195c81"},"breadcrumb":{"@id":"https:\/\/diariodelsurdigital.com.ar\/?p=5038#breadcrumb"},"inLanguage":"es","potentialAction":[{"@type":"ReadAction","target":["https:\/\/diariodelsurdigital.com.ar\/?p=5038"]}]},{"@type":"ImageObject","inLanguage":"es","@id":"https:\/\/diariodelsurdigital.com.ar\/?p=5038#primaryimage","url":"https:\/\/diariodelsurdigital.com.ar\/wp-content\/uploads\/2025\/10\/md-14.webp","contentUrl":"https:\/\/diariodelsurdigital.com.ar\/wp-content\/uploads\/2025\/10\/md-14.webp","width":992,"height":660},{"@type":"BreadcrumbList","@id":"https:\/\/diariodelsurdigital.com.ar\/?p=5038#breadcrumb","itemListElement":[{"@type":"ListItem","position":1,"name":"Portada","item":"https:\/\/diariodelsurdigital.com.ar\/"},{"@type":"ListItem","position":2,"name":"Kristalina Georgieva en campa\u00f1a por Javier Milei: el FMI bendice el ajuste argentino"}]},{"@type":"WebSite","@id":"https:\/\/diariodelsurdigital.com.ar\/#website","url":"https:\/\/diariodelsurdigital.com.ar\/","name":"Diario del Sur","description":"Digital","potentialAction":[{"@type":"SearchAction","target":{"@type":"EntryPoint","urlTemplate":"https:\/\/diariodelsurdigital.com.ar\/?s={search_term_string}"},"query-input":{"@type":"PropertyValueSpecification","valueRequired":true,"valueName":"search_term_string"}}],"inLanguage":"es"},{"@type":"Person","@id":"https:\/\/diariodelsurdigital.com.ar\/#\/schema\/person\/1a4992532ed62965c968031b49195c81","name":"Diario del Sur Digital","image":{"@type":"ImageObject","inLanguage":"es","@id":"https:\/\/secure.gravatar.com\/avatar\/f0c7c47fc7146d19828273b9b8eda651c9c7ab583767e6338d3d3bee825adf76?s=96&d=mm&r=g","url":"https:\/\/secure.gravatar.com\/avatar\/f0c7c47fc7146d19828273b9b8eda651c9c7ab583767e6338d3d3bee825adf76?s=96&d=mm&r=g","contentUrl":"https:\/\/secure.gravatar.com\/avatar\/f0c7c47fc7146d19828273b9b8eda651c9c7ab583767e6338d3d3bee825adf76?s=96&d=mm&r=g","caption":"Diario del Sur Digital"},"url":"https:\/\/diariodelsurdigital.com.ar\/?author=4"}]}},"_links":{"self":[{"href":"https:\/\/diariodelsurdigital.com.ar\/index.php?rest_route=\/wp\/v2\/posts\/5038","targetHints":{"allow":["GET"]}}],"collection":[{"href":"https:\/\/diariodelsurdigital.com.ar\/index.php?rest_route=\/wp\/v2\/posts"}],"about":[{"href":"https:\/\/diariodelsurdigital.com.ar\/index.php?rest_route=\/wp\/v2\/types\/post"}],"author":[{"embeddable":true,"href":"https:\/\/diariodelsurdigital.com.ar\/index.php?rest_route=\/wp\/v2\/users\/4"}],"replies":[{"embeddable":true,"href":"https:\/\/diariodelsurdigital.com.ar\/index.php?rest_route=%2Fwp%2Fv2%2Fcomments&post=5038"}],"version-history":[{"count":1,"href":"https:\/\/diariodelsurdigital.com.ar\/index.php?rest_route=\/wp\/v2\/posts\/5038\/revisions"}],"predecessor-version":[{"id":5040,"href":"https:\/\/diariodelsurdigital.com.ar\/index.php?rest_route=\/wp\/v2\/posts\/5038\/revisions\/5040"}],"wp:featuredmedia":[{"embeddable":true,"href":"https:\/\/diariodelsurdigital.com.ar\/index.php?rest_route=\/wp\/v2\/media\/5039"}],"wp:attachment":[{"href":"https:\/\/diariodelsurdigital.com.ar\/index.php?rest_route=%2Fwp%2Fv2%2Fmedia&parent=5038"}],"wp:term":[{"taxonomy":"category","embeddable":true,"href":"https:\/\/diariodelsurdigital.com.ar\/index.php?rest_route=%2Fwp%2Fv2%2Fcategories&post=5038"},{"taxonomy":"post_tag","embeddable":true,"href":"https:\/\/diariodelsurdigital.com.ar\/index.php?rest_route=%2Fwp%2Fv2%2Ftags&post=5038"}],"curies":[{"name":"wp","href":"https:\/\/api.w.org\/{rel}","templated":true}]}}