{"id":5041,"date":"2025-10-09T10:39:17","date_gmt":"2025-10-09T13:39:17","guid":{"rendered":"https:\/\/diariodelsurdigital.com.ar\/?p=5041"},"modified":"2025-10-09T10:39:18","modified_gmt":"2025-10-09T13:39:18","slug":"argentina-entre-los-paises-con-mas-casos-de-cancer-de-mama-y-cuello-de-utero-de-america-latina","status":"publish","type":"post","link":"https:\/\/diariodelsurdigital.com.ar\/?p=5041","title":{"rendered":"Argentina, entre los pa\u00edses con m\u00e1s casos de c\u00e1ncer de mama y cuello de \u00fatero de Am\u00e9rica Latina"},"content":{"rendered":"\n<p>Argentina registra una de las tasas de prevalencia m\u00e1s altas de la regi\u00f3n en ambos tipos de c\u00e1ncer, y ocupa el tercer lugar en c\u00e1ncer de mama y el quinto en cuello de \u00fatero. Aunque los avances m\u00e9dicos han mejorado el diagn\u00f3stico y los tratamientos, se proyecta un importante aumento de casos para 2050.<\/p>\n\n\n\n<p><\/p>\n\n\n\n<p>El c\u00e1ncer de mama y el de cuello de \u00fatero se encuentran entre los tipos m\u00e1s comunes que afectan a las mujeres en Argentina. Ambos presentan tasas de prevalencia m\u00e1s altas que el promedio regional, ubicando al pa\u00eds en el tercer y quinto lugar respectivamente en Am\u00e9rica Latina. Seg\u00fan el informe \u00abReducir la brecha de equidad\u00bb, elaborado por The Economist Impact con el respaldo de MSD Argentina, la tasa de prevalencia del c\u00e1ncer de mama en Argentina fue de 675,9 por cada 100 mil mujeres, frente a 463,5 en Am\u00e9rica Latina. En el caso del c\u00e1ncer de cuello uterino, la tasa local alcanz\u00f3 los 463,5, muy por encima del promedio regional, que es de 148.<\/p>\n\n\n\n<p>Si bien en los \u00faltimos a\u00f1os se registraron avances en el diagn\u00f3stico, el tratamiento y las campa\u00f1as de concientizaci\u00f3n, el impacto de estas enfermedades sigue siendo significativo. Y no todas las mujeres las enfrentan del mismo modo. En Argentina, el acceso a la detecci\u00f3n y al tratamiento del c\u00e1ncer var\u00eda seg\u00fan el nivel socioecon\u00f3mico, la cobertura m\u00e9dica y la zona geogr\u00e1fica. Las mujeres con menores ingresos tienen menos posibilidades de acceder a controles de rutina y muchas llegan al diagn\u00f3stico en etapas avanzadas, cuando las opciones terap\u00e9uticas se reducen. Esta inequidad convierte al c\u00e1ncer en un desaf\u00edo tanto sanitario como social.<\/p>\n\n\n\n<p>Frente a este escenario, The Economist Impact no solo analiza el estado actual de la atenci\u00f3n oncol\u00f3gica en el pa\u00eds, sino que tambi\u00e9n identifica las principales brechas y oportunidades para cerrarlas, as\u00ed como los factores sociales, econ\u00f3micos y estructurales que condicionan la prevenci\u00f3n, el diagn\u00f3stico y el tratamiento. Por otro lado, el informe propone l\u00edneas de acci\u00f3n concretas para responsables de pol\u00edticas p\u00fablicas, profesionales de la salud, organizaciones sociales y activistas con un objetivo claro: garantizar una atenci\u00f3n oncol\u00f3gica m\u00e1s equitativa para todas las mujeres argentinas.<\/p>\n\n\n\n<p>\u00abPara 2050 se espera que los casos de c\u00e1ncer de mama suban m\u00e1s de un 40% y los de cuello de \u00fatero, cerca de un 30%3. El panorama es preocupante. Por eso es clave seguir trabajando para que todas las mujeres, sin importar d\u00f3nde vivan o su situaci\u00f3n econ\u00f3mica, puedan acceder a controles, diagn\u00f3sticos y tratamientos a tiempo\u00bb, afirma Gabriela Bugar\u00edn, directora m\u00e9dica de Oncolog\u00eda de MSD Argentina.<\/p>\n\n\n\n<p>Factores que aumentan el riesgo<\/p>\n\n\n\n<p>No existe una \u00fanica causa para estos tipos de c\u00e1ncer, pero s\u00ed se conocen factores que aumentan el riesgo. Identificarlos permite tomar decisiones informadas y fortalecer las medidas de prevenci\u00f3n.<\/p>\n\n\n\n<p>En el caso del c\u00e1ncer de mama, los factores que se destacan incluyen antecedentes familiares, menstruaci\u00f3n temprana (antes de los 12 a\u00f1os), menopausia tard\u00eda (despu\u00e9s de los 55), no haber tenido hijos o tener el primero despu\u00e9s de los 30, obesidad, consumo de alcohol, terapia hormonal en la menopausia, tener tejido mamario denso, entre otros. La edad tambi\u00e9n es un factor determinante, dado que la mayor\u00eda de los diagn\u00f3sticos se producen en mujeres mayores de 40 a\u00f1os.<\/p>\n\n\n\n<p>En cuanto al c\u00e1ncer de cuello uterino, la causa m\u00e1s frecuente es la infecci\u00f3n persistente por el virus del papiloma humano (VPH), una enfermedad de transmisi\u00f3n sexual muy com\u00fan. Otros factores que incrementan el riesgo son el tabaquismo, el inicio temprano de la actividad sexual, m\u00faltiples parejas sexuales, infecciones de transmisi\u00f3n sexual no tratadas y un sistema inmunol\u00f3gico debilitado.<\/p>\n\n\n\n<p>Se\u00f1ales que no deben pasarse por alto<\/p>\n\n\n\n<p>Tanto el c\u00e1ncer de mama como el de cuello uterino pueden desarrollarse sin s\u00edntomas evidentes en sus etapas iniciales. Por eso, es esencial prestar atenci\u00f3n a los cambios sutiles y conocer las se\u00f1ales de alerta.<\/p>\n\n\n\n<p>En el caso del c\u00e1ncer de mama, la manifestaci\u00f3n m\u00e1s frecuente es un bulto o masa indolora en la mama o debajo del brazo. Sin embargo, tambi\u00e9n pueden observarse otras se\u00f1ales: engrosamiento, alteraciones en el tama\u00f1o o la forma de la mama, dolor, enrojecimiento, hundimiento de la piel, secreci\u00f3n inusual por el pez\u00f3n o cambios en la areola7.<\/p>\n\n\n\n<p>Por otra parte, en el c\u00e1ncer de cuello uterino los s\u00edntomas suelen aparecer en etapas m\u00e1s avanzadas. Los m\u00e1s comunes son el sangrado vaginal anormal -fuera del per\u00edodo, tras relaciones sexuales o luego de la menopausia-, flujo con olor fuerte o de aspecto sanguinolento, y dolor en la pelvis o durante las relaciones sexuales.<\/p>\n\n\n\n<p>Diagn\u00f3stico temprano<\/p>\n\n\n\n<p>Cuando se detectan en etapas iniciales, estos c\u00e1nceres tienen mayores probabilidades de tratamiento exitoso. Por eso, los controles regulares y las pruebas m\u00e9dicas espec\u00edficas son fundamentales. Para diagnosticar el c\u00e1ncer de mama, los profesionales de la salud utilizan herramientas como el examen f\u00edsico, mamograf\u00edas, ecograf\u00edas, resonancias magn\u00e9ticas, biopsias, entre otras.<\/p>\n\n\n\n<p>En el caso del c\u00e1ncer de cuello uterino, las pruebas m\u00e1s utilizadas son el Papanicolaou y el test de ADN del VPH. Si se detectan c\u00e9lulas anormales, se puede realizar una biopsia para confirmar el diagn\u00f3stico. Cuanto antes se act\u00fae, mayor es la posibilidad del \u00e9xito en el tratamiento.<\/p>\n","protected":false},"excerpt":{"rendered":"<p>Argentina registra una de las tasas de prevalencia m\u00e1s altas de la regi\u00f3n en ambos tipos de c\u00e1ncer, y ocupa el tercer lugar en c\u00e1ncer de mama y el quinto en cuello de \u00fatero. Aunque los avances m\u00e9dicos han mejorado el diagn\u00f3stico y los tratamientos, se proyecta un importante aumento de casos para 2050. El [&hellip;]<\/p>\n","protected":false},"author":4,"featured_media":5042,"comment_status":"open","ping_status":"open","sticky":false,"template":"","format":"standard","meta":{"footnotes":""},"categories":[19,18],"tags":[],"class_list":{"0":"post-5041","1":"post","2":"type-post","3":"status-publish","4":"format-standard","5":"has-post-thumbnail","7":"category-interes-general","8":"category-nacionales"},"yoast_head":"<!-- This site is optimized with the Yoast SEO plugin v27.4 - https:\/\/yoast.com\/product\/yoast-seo-wordpress\/ -->\n<title>Argentina, entre los pa\u00edses con m\u00e1s casos de c\u00e1ncer de mama y cuello de \u00fatero de Am\u00e9rica Latina - Diario del Sur<\/title>\n<meta name=\"robots\" content=\"index, follow, max-snippet:-1, max-image-preview:large, max-video-preview:-1\" \/>\n<link rel=\"canonical\" href=\"https:\/\/diariodelsurdigital.com.ar\/?p=5041\" \/>\n<meta property=\"og:locale\" content=\"es_ES\" \/>\n<meta property=\"og:type\" content=\"article\" \/>\n<meta property=\"og:title\" content=\"Argentina, entre los pa\u00edses con m\u00e1s casos de c\u00e1ncer de mama y cuello de \u00fatero de Am\u00e9rica Latina - Diario del Sur\" \/>\n<meta property=\"og:description\" content=\"Argentina registra una de las tasas de prevalencia m\u00e1s altas de la regi\u00f3n en ambos tipos de c\u00e1ncer, y ocupa el tercer lugar en c\u00e1ncer de mama y el quinto en cuello de \u00fatero. Aunque los avances m\u00e9dicos han mejorado el diagn\u00f3stico y los tratamientos, se proyecta un importante aumento de casos para 2050. El [&hellip;]\" \/>\n<meta property=\"og:url\" content=\"https:\/\/diariodelsurdigital.com.ar\/?p=5041\" \/>\n<meta property=\"og:site_name\" content=\"Diario del Sur\" \/>\n<meta property=\"article:published_time\" content=\"2025-10-09T13:39:17+00:00\" \/>\n<meta property=\"article:modified_time\" content=\"2025-10-09T13:39:18+00:00\" \/>\n<meta property=\"og:image\" content=\"https:\/\/diariodelsurdigital.com.ar\/wp-content\/uploads\/2025\/10\/md-15.webp\" \/>\n\t<meta property=\"og:image:width\" content=\"992\" \/>\n\t<meta property=\"og:image:height\" content=\"683\" \/>\n\t<meta property=\"og:image:type\" content=\"image\/webp\" \/>\n<meta name=\"author\" content=\"Diario del Sur Digital\" \/>\n<meta name=\"twitter:card\" content=\"summary_large_image\" \/>\n<meta name=\"twitter:label1\" content=\"Escrito por\" \/>\n\t<meta name=\"twitter:data1\" content=\"Diario del Sur Digital\" \/>\n\t<meta name=\"twitter:label2\" content=\"Tiempo de lectura\" \/>\n\t<meta name=\"twitter:data2\" content=\"5 minutos\" \/>\n<script type=\"application\/ld+json\" class=\"yoast-schema-graph\">{\"@context\":\"https:\\\/\\\/schema.org\",\"@graph\":[{\"@type\":\"Article\",\"@id\":\"https:\\\/\\\/diariodelsurdigital.com.ar\\\/?p=5041#article\",\"isPartOf\":{\"@id\":\"https:\\\/\\\/diariodelsurdigital.com.ar\\\/?p=5041\"},\"author\":{\"name\":\"Diario del Sur Digital\",\"@id\":\"https:\\\/\\\/diariodelsurdigital.com.ar\\\/#\\\/schema\\\/person\\\/1a4992532ed62965c968031b49195c81\"},\"headline\":\"Argentina, entre los pa\u00edses con m\u00e1s casos de c\u00e1ncer de mama y cuello de \u00fatero de Am\u00e9rica Latina\",\"datePublished\":\"2025-10-09T13:39:17+00:00\",\"dateModified\":\"2025-10-09T13:39:18+00:00\",\"mainEntityOfPage\":{\"@id\":\"https:\\\/\\\/diariodelsurdigital.com.ar\\\/?p=5041\"},\"wordCount\":964,\"commentCount\":0,\"image\":{\"@id\":\"https:\\\/\\\/diariodelsurdigital.com.ar\\\/?p=5041#primaryimage\"},\"thumbnailUrl\":\"https:\\\/\\\/diariodelsurdigital.com.ar\\\/wp-content\\\/uploads\\\/2025\\\/10\\\/md-15.webp\",\"articleSection\":[\"Inter\u00e9s General\",\"Nacionales\"],\"inLanguage\":\"es\",\"potentialAction\":[{\"@type\":\"CommentAction\",\"name\":\"Comment\",\"target\":[\"https:\\\/\\\/diariodelsurdigital.com.ar\\\/?p=5041#respond\"]}]},{\"@type\":\"WebPage\",\"@id\":\"https:\\\/\\\/diariodelsurdigital.com.ar\\\/?p=5041\",\"url\":\"https:\\\/\\\/diariodelsurdigital.com.ar\\\/?p=5041\",\"name\":\"Argentina, entre los pa\u00edses con m\u00e1s casos de c\u00e1ncer de mama y cuello de \u00fatero de Am\u00e9rica Latina - Diario del Sur\",\"isPartOf\":{\"@id\":\"https:\\\/\\\/diariodelsurdigital.com.ar\\\/#website\"},\"primaryImageOfPage\":{\"@id\":\"https:\\\/\\\/diariodelsurdigital.com.ar\\\/?p=5041#primaryimage\"},\"image\":{\"@id\":\"https:\\\/\\\/diariodelsurdigital.com.ar\\\/?p=5041#primaryimage\"},\"thumbnailUrl\":\"https:\\\/\\\/diariodelsurdigital.com.ar\\\/wp-content\\\/uploads\\\/2025\\\/10\\\/md-15.webp\",\"datePublished\":\"2025-10-09T13:39:17+00:00\",\"dateModified\":\"2025-10-09T13:39:18+00:00\",\"author\":{\"@id\":\"https:\\\/\\\/diariodelsurdigital.com.ar\\\/#\\\/schema\\\/person\\\/1a4992532ed62965c968031b49195c81\"},\"breadcrumb\":{\"@id\":\"https:\\\/\\\/diariodelsurdigital.com.ar\\\/?p=5041#breadcrumb\"},\"inLanguage\":\"es\",\"potentialAction\":[{\"@type\":\"ReadAction\",\"target\":[\"https:\\\/\\\/diariodelsurdigital.com.ar\\\/?p=5041\"]}]},{\"@type\":\"ImageObject\",\"inLanguage\":\"es\",\"@id\":\"https:\\\/\\\/diariodelsurdigital.com.ar\\\/?p=5041#primaryimage\",\"url\":\"https:\\\/\\\/diariodelsurdigital.com.ar\\\/wp-content\\\/uploads\\\/2025\\\/10\\\/md-15.webp\",\"contentUrl\":\"https:\\\/\\\/diariodelsurdigital.com.ar\\\/wp-content\\\/uploads\\\/2025\\\/10\\\/md-15.webp\",\"width\":992,\"height\":683},{\"@type\":\"BreadcrumbList\",\"@id\":\"https:\\\/\\\/diariodelsurdigital.com.ar\\\/?p=5041#breadcrumb\",\"itemListElement\":[{\"@type\":\"ListItem\",\"position\":1,\"name\":\"Portada\",\"item\":\"https:\\\/\\\/diariodelsurdigital.com.ar\\\/\"},{\"@type\":\"ListItem\",\"position\":2,\"name\":\"Argentina, entre los pa\u00edses con m\u00e1s casos de c\u00e1ncer de mama y cuello de \u00fatero de Am\u00e9rica Latina\"}]},{\"@type\":\"WebSite\",\"@id\":\"https:\\\/\\\/diariodelsurdigital.com.ar\\\/#website\",\"url\":\"https:\\\/\\\/diariodelsurdigital.com.ar\\\/\",\"name\":\"Diario del Sur\",\"description\":\"Digital\",\"potentialAction\":[{\"@type\":\"SearchAction\",\"target\":{\"@type\":\"EntryPoint\",\"urlTemplate\":\"https:\\\/\\\/diariodelsurdigital.com.ar\\\/?s={search_term_string}\"},\"query-input\":{\"@type\":\"PropertyValueSpecification\",\"valueRequired\":true,\"valueName\":\"search_term_string\"}}],\"inLanguage\":\"es\"},{\"@type\":\"Person\",\"@id\":\"https:\\\/\\\/diariodelsurdigital.com.ar\\\/#\\\/schema\\\/person\\\/1a4992532ed62965c968031b49195c81\",\"name\":\"Diario del Sur Digital\",\"image\":{\"@type\":\"ImageObject\",\"inLanguage\":\"es\",\"@id\":\"https:\\\/\\\/secure.gravatar.com\\\/avatar\\\/f0c7c47fc7146d19828273b9b8eda651c9c7ab583767e6338d3d3bee825adf76?s=96&d=mm&r=g\",\"url\":\"https:\\\/\\\/secure.gravatar.com\\\/avatar\\\/f0c7c47fc7146d19828273b9b8eda651c9c7ab583767e6338d3d3bee825adf76?s=96&d=mm&r=g\",\"contentUrl\":\"https:\\\/\\\/secure.gravatar.com\\\/avatar\\\/f0c7c47fc7146d19828273b9b8eda651c9c7ab583767e6338d3d3bee825adf76?s=96&d=mm&r=g\",\"caption\":\"Diario del Sur Digital\"},\"url\":\"https:\\\/\\\/diariodelsurdigital.com.ar\\\/?author=4\"}]}<\/script>\n<!-- \/ Yoast SEO plugin. -->","yoast_head_json":{"title":"Argentina, entre los pa\u00edses con m\u00e1s casos de c\u00e1ncer de mama y cuello de \u00fatero de Am\u00e9rica Latina - Diario del Sur","robots":{"index":"index","follow":"follow","max-snippet":"max-snippet:-1","max-image-preview":"max-image-preview:large","max-video-preview":"max-video-preview:-1"},"canonical":"https:\/\/diariodelsurdigital.com.ar\/?p=5041","og_locale":"es_ES","og_type":"article","og_title":"Argentina, entre los pa\u00edses con m\u00e1s casos de c\u00e1ncer de mama y cuello de \u00fatero de Am\u00e9rica Latina - Diario del Sur","og_description":"Argentina registra una de las tasas de prevalencia m\u00e1s altas de la regi\u00f3n en ambos tipos de c\u00e1ncer, y ocupa el tercer lugar en c\u00e1ncer de mama y el quinto en cuello de \u00fatero. Aunque los avances m\u00e9dicos han mejorado el diagn\u00f3stico y los tratamientos, se proyecta un importante aumento de casos para 2050. El [&hellip;]","og_url":"https:\/\/diariodelsurdigital.com.ar\/?p=5041","og_site_name":"Diario del Sur","article_published_time":"2025-10-09T13:39:17+00:00","article_modified_time":"2025-10-09T13:39:18+00:00","og_image":[{"width":992,"height":683,"url":"https:\/\/diariodelsurdigital.com.ar\/wp-content\/uploads\/2025\/10\/md-15.webp","type":"image\/webp"}],"author":"Diario del Sur Digital","twitter_card":"summary_large_image","twitter_misc":{"Escrito por":"Diario del Sur Digital","Tiempo de lectura":"5 minutos"},"schema":{"@context":"https:\/\/schema.org","@graph":[{"@type":"Article","@id":"https:\/\/diariodelsurdigital.com.ar\/?p=5041#article","isPartOf":{"@id":"https:\/\/diariodelsurdigital.com.ar\/?p=5041"},"author":{"name":"Diario del Sur Digital","@id":"https:\/\/diariodelsurdigital.com.ar\/#\/schema\/person\/1a4992532ed62965c968031b49195c81"},"headline":"Argentina, entre los pa\u00edses con m\u00e1s casos de c\u00e1ncer de mama y cuello de \u00fatero de Am\u00e9rica Latina","datePublished":"2025-10-09T13:39:17+00:00","dateModified":"2025-10-09T13:39:18+00:00","mainEntityOfPage":{"@id":"https:\/\/diariodelsurdigital.com.ar\/?p=5041"},"wordCount":964,"commentCount":0,"image":{"@id":"https:\/\/diariodelsurdigital.com.ar\/?p=5041#primaryimage"},"thumbnailUrl":"https:\/\/diariodelsurdigital.com.ar\/wp-content\/uploads\/2025\/10\/md-15.webp","articleSection":["Inter\u00e9s General","Nacionales"],"inLanguage":"es","potentialAction":[{"@type":"CommentAction","name":"Comment","target":["https:\/\/diariodelsurdigital.com.ar\/?p=5041#respond"]}]},{"@type":"WebPage","@id":"https:\/\/diariodelsurdigital.com.ar\/?p=5041","url":"https:\/\/diariodelsurdigital.com.ar\/?p=5041","name":"Argentina, entre los pa\u00edses con m\u00e1s casos de c\u00e1ncer de mama y cuello de \u00fatero de Am\u00e9rica Latina - Diario del Sur","isPartOf":{"@id":"https:\/\/diariodelsurdigital.com.ar\/#website"},"primaryImageOfPage":{"@id":"https:\/\/diariodelsurdigital.com.ar\/?p=5041#primaryimage"},"image":{"@id":"https:\/\/diariodelsurdigital.com.ar\/?p=5041#primaryimage"},"thumbnailUrl":"https:\/\/diariodelsurdigital.com.ar\/wp-content\/uploads\/2025\/10\/md-15.webp","datePublished":"2025-10-09T13:39:17+00:00","dateModified":"2025-10-09T13:39:18+00:00","author":{"@id":"https:\/\/diariodelsurdigital.com.ar\/#\/schema\/person\/1a4992532ed62965c968031b49195c81"},"breadcrumb":{"@id":"https:\/\/diariodelsurdigital.com.ar\/?p=5041#breadcrumb"},"inLanguage":"es","potentialAction":[{"@type":"ReadAction","target":["https:\/\/diariodelsurdigital.com.ar\/?p=5041"]}]},{"@type":"ImageObject","inLanguage":"es","@id":"https:\/\/diariodelsurdigital.com.ar\/?p=5041#primaryimage","url":"https:\/\/diariodelsurdigital.com.ar\/wp-content\/uploads\/2025\/10\/md-15.webp","contentUrl":"https:\/\/diariodelsurdigital.com.ar\/wp-content\/uploads\/2025\/10\/md-15.webp","width":992,"height":683},{"@type":"BreadcrumbList","@id":"https:\/\/diariodelsurdigital.com.ar\/?p=5041#breadcrumb","itemListElement":[{"@type":"ListItem","position":1,"name":"Portada","item":"https:\/\/diariodelsurdigital.com.ar\/"},{"@type":"ListItem","position":2,"name":"Argentina, entre los pa\u00edses con m\u00e1s casos de c\u00e1ncer de mama y cuello de \u00fatero de Am\u00e9rica Latina"}]},{"@type":"WebSite","@id":"https:\/\/diariodelsurdigital.com.ar\/#website","url":"https:\/\/diariodelsurdigital.com.ar\/","name":"Diario del Sur","description":"Digital","potentialAction":[{"@type":"SearchAction","target":{"@type":"EntryPoint","urlTemplate":"https:\/\/diariodelsurdigital.com.ar\/?s={search_term_string}"},"query-input":{"@type":"PropertyValueSpecification","valueRequired":true,"valueName":"search_term_string"}}],"inLanguage":"es"},{"@type":"Person","@id":"https:\/\/diariodelsurdigital.com.ar\/#\/schema\/person\/1a4992532ed62965c968031b49195c81","name":"Diario del Sur Digital","image":{"@type":"ImageObject","inLanguage":"es","@id":"https:\/\/secure.gravatar.com\/avatar\/f0c7c47fc7146d19828273b9b8eda651c9c7ab583767e6338d3d3bee825adf76?s=96&d=mm&r=g","url":"https:\/\/secure.gravatar.com\/avatar\/f0c7c47fc7146d19828273b9b8eda651c9c7ab583767e6338d3d3bee825adf76?s=96&d=mm&r=g","contentUrl":"https:\/\/secure.gravatar.com\/avatar\/f0c7c47fc7146d19828273b9b8eda651c9c7ab583767e6338d3d3bee825adf76?s=96&d=mm&r=g","caption":"Diario del Sur Digital"},"url":"https:\/\/diariodelsurdigital.com.ar\/?author=4"}]}},"_links":{"self":[{"href":"https:\/\/diariodelsurdigital.com.ar\/index.php?rest_route=\/wp\/v2\/posts\/5041","targetHints":{"allow":["GET"]}}],"collection":[{"href":"https:\/\/diariodelsurdigital.com.ar\/index.php?rest_route=\/wp\/v2\/posts"}],"about":[{"href":"https:\/\/diariodelsurdigital.com.ar\/index.php?rest_route=\/wp\/v2\/types\/post"}],"author":[{"embeddable":true,"href":"https:\/\/diariodelsurdigital.com.ar\/index.php?rest_route=\/wp\/v2\/users\/4"}],"replies":[{"embeddable":true,"href":"https:\/\/diariodelsurdigital.com.ar\/index.php?rest_route=%2Fwp%2Fv2%2Fcomments&post=5041"}],"version-history":[{"count":1,"href":"https:\/\/diariodelsurdigital.com.ar\/index.php?rest_route=\/wp\/v2\/posts\/5041\/revisions"}],"predecessor-version":[{"id":5043,"href":"https:\/\/diariodelsurdigital.com.ar\/index.php?rest_route=\/wp\/v2\/posts\/5041\/revisions\/5043"}],"wp:featuredmedia":[{"embeddable":true,"href":"https:\/\/diariodelsurdigital.com.ar\/index.php?rest_route=\/wp\/v2\/media\/5042"}],"wp:attachment":[{"href":"https:\/\/diariodelsurdigital.com.ar\/index.php?rest_route=%2Fwp%2Fv2%2Fmedia&parent=5041"}],"wp:term":[{"taxonomy":"category","embeddable":true,"href":"https:\/\/diariodelsurdigital.com.ar\/index.php?rest_route=%2Fwp%2Fv2%2Fcategories&post=5041"},{"taxonomy":"post_tag","embeddable":true,"href":"https:\/\/diariodelsurdigital.com.ar\/index.php?rest_route=%2Fwp%2Fv2%2Ftags&post=5041"}],"curies":[{"name":"wp","href":"https:\/\/api.w.org\/{rel}","templated":true}]}}