{"id":5044,"date":"2025-10-09T10:42:18","date_gmt":"2025-10-09T13:42:18","guid":{"rendered":"https:\/\/diariodelsurdigital.com.ar\/?p=5044"},"modified":"2025-10-09T10:42:19","modified_gmt":"2025-10-09T13:42:19","slug":"restricciones-a-los-dnu-como-votaron-los-diputados-entrerrianos","status":"publish","type":"post","link":"https:\/\/diariodelsurdigital.com.ar\/?p=5044","title":{"rendered":"Restricciones a los DNU: \u00bfC\u00f3mo votaron los diputados entrerrianos?"},"content":{"rendered":"\n<p>Tres votos fueron a favor: Osuna, Ledesma y Gaillard (UP). Benedetti (UCR) se abstuvo. Mientras que dos fueron en contra: Benedit (LLA) y Ballejos (PRO). Adem\u00e1s, hubo tres legisladores por la provincia ausentes: Bordet (UP), Antola (Democracia para Siempre) y Morchio (Encuentro Federal).<\/p>\n\n\n\n<p>La oposici\u00f3n no consigui\u00f3 este mi\u00e9rcoles aprobar de manera definitiva la reforma al r\u00e9gimen de Decretos de Necesidad y Urgencia (DNU). El proyecto, que buscaba imponer nuevas reglas de control legislativo sobre el Ejecutivo, deber\u00e1 volver al Senado luego de no alcanzar la mayor\u00eda absoluta de 129 votos requerida para sancionar su art\u00edculo 3, que establec\u00eda un plazo de 90 d\u00edas para que el Congreso trate los decretos presidenciales.<\/p>\n\n\n\n<p>Adem\u00e1s, la iniciativa exige la aprobaci\u00f3n expl\u00edcita de ambas C\u00e1maras para que los DNU sigan vigentes, lo que permitir\u00eda a la oposici\u00f3n invalidar decretos con mayor\u00eda en una sola C\u00e1mara.<\/p>\n\n\n\n<p>Por otro lado, establece que cada decreto deber\u00e1 referirse a un \u00e1rea en particular, con el fin de evitar una mezcla de temas en un solo texto.<\/p>\n\n\n\n<p>De convertirse en ley, la reforma impondr\u00eda una restricci\u00f3n significativa al margen de acci\u00f3n del Poder Ejecutivo en un contexto de minor\u00eda parlamentaria, obligando al Gobierno a negociar consensos amplios para avanzar con su agenda.<\/p>\n\n\n\n<p>Blanca Osuna public\u00f3 en X: \u201cSancionamos la reforma a la Ley de DNU. Un freno al autoritarismo de Javier Milei y al uso indiscriminado de decretos para gobernar por encima del Congreso y del pueblo\u201d.<\/p>\n\n\n\n<p>Por su parte, Gaillard uso la misma v\u00eda para expresarse: \u201cLogramos aprobar la modificaci\u00f3n de la Ley de DNU. Durante meses Milei us\u00f3 los decretos como si el Congreso no existiera. Hoy pusimos un freno a ese abuso. La democracia se defiende con instituciones que funcionen y un Congreso que haga valer la voluntad del pueblo\u201d.<\/p>\n\n\n\n<p>Desde el Gobierno nacional, consideran que es posible que el Senado ratifique el texto original pero al menos la discusi\u00f3n quedar\u00e1 postergada para despu\u00e9s de las elecciones legislativas del 26 de octubre.<\/p>\n","protected":false},"excerpt":{"rendered":"<p>Tres votos fueron a favor: Osuna, Ledesma y Gaillard (UP). Benedetti (UCR) se abstuvo. Mientras que dos fueron en contra: Benedit (LLA) y Ballejos (PRO). Adem\u00e1s, hubo tres legisladores por la provincia ausentes: Bordet (UP), Antola (Democracia para Siempre) y Morchio (Encuentro Federal). La oposici\u00f3n no consigui\u00f3 este mi\u00e9rcoles aprobar de manera definitiva la reforma [&hellip;]<\/p>\n","protected":false},"author":4,"featured_media":5045,"comment_status":"open","ping_status":"open","sticky":false,"template":"","format":"standard","meta":{"footnotes":""},"categories":[22],"tags":[],"class_list":{"0":"post-5044","1":"post","2":"type-post","3":"status-publish","4":"format-standard","5":"has-post-thumbnail","7":"category-politica"},"yoast_head":"<!-- This site is optimized with the Yoast SEO plugin v27.4 - https:\/\/yoast.com\/product\/yoast-seo-wordpress\/ -->\n<title>Restricciones a los DNU: \u00bfC\u00f3mo votaron los diputados entrerrianos? - Diario del Sur<\/title>\n<meta name=\"robots\" content=\"index, follow, max-snippet:-1, max-image-preview:large, max-video-preview:-1\" \/>\n<link rel=\"canonical\" href=\"https:\/\/diariodelsurdigital.com.ar\/?p=5044\" \/>\n<meta property=\"og:locale\" content=\"es_ES\" \/>\n<meta property=\"og:type\" content=\"article\" \/>\n<meta property=\"og:title\" content=\"Restricciones a los DNU: \u00bfC\u00f3mo votaron los diputados entrerrianos? - Diario del Sur\" \/>\n<meta property=\"og:description\" content=\"Tres votos fueron a favor: Osuna, Ledesma y Gaillard (UP). Benedetti (UCR) se abstuvo. Mientras que dos fueron en contra: Benedit (LLA) y Ballejos (PRO). Adem\u00e1s, hubo tres legisladores por la provincia ausentes: Bordet (UP), Antola (Democracia para Siempre) y Morchio (Encuentro Federal). La oposici\u00f3n no consigui\u00f3 este mi\u00e9rcoles aprobar de manera definitiva la reforma [&hellip;]\" \/>\n<meta property=\"og:url\" content=\"https:\/\/diariodelsurdigital.com.ar\/?p=5044\" \/>\n<meta property=\"og:site_name\" content=\"Diario del Sur\" \/>\n<meta property=\"article:published_time\" content=\"2025-10-09T13:42:18+00:00\" \/>\n<meta property=\"article:modified_time\" content=\"2025-10-09T13:42:19+00:00\" \/>\n<meta property=\"og:image\" content=\"https:\/\/diariodelsurdigital.com.ar\/wp-content\/uploads\/2025\/10\/md-16.webp\" \/>\n\t<meta property=\"og:image:width\" content=\"992\" \/>\n\t<meta property=\"og:image:height\" content=\"558\" \/>\n\t<meta property=\"og:image:type\" content=\"image\/webp\" \/>\n<meta name=\"author\" content=\"Diario del Sur Digital\" \/>\n<meta name=\"twitter:card\" content=\"summary_large_image\" \/>\n<meta name=\"twitter:label1\" content=\"Escrito por\" \/>\n\t<meta name=\"twitter:data1\" content=\"Diario del Sur Digital\" \/>\n\t<meta name=\"twitter:label2\" content=\"Tiempo de lectura\" \/>\n\t<meta name=\"twitter:data2\" content=\"2 minutos\" \/>\n<script type=\"application\/ld+json\" class=\"yoast-schema-graph\">{\"@context\":\"https:\\\/\\\/schema.org\",\"@graph\":[{\"@type\":\"Article\",\"@id\":\"https:\\\/\\\/diariodelsurdigital.com.ar\\\/?p=5044#article\",\"isPartOf\":{\"@id\":\"https:\\\/\\\/diariodelsurdigital.com.ar\\\/?p=5044\"},\"author\":{\"name\":\"Diario del Sur Digital\",\"@id\":\"https:\\\/\\\/diariodelsurdigital.com.ar\\\/#\\\/schema\\\/person\\\/1a4992532ed62965c968031b49195c81\"},\"headline\":\"Restricciones a los DNU: \u00bfC\u00f3mo votaron los diputados entrerrianos?\",\"datePublished\":\"2025-10-09T13:42:18+00:00\",\"dateModified\":\"2025-10-09T13:42:19+00:00\",\"mainEntityOfPage\":{\"@id\":\"https:\\\/\\\/diariodelsurdigital.com.ar\\\/?p=5044\"},\"wordCount\":357,\"commentCount\":0,\"image\":{\"@id\":\"https:\\\/\\\/diariodelsurdigital.com.ar\\\/?p=5044#primaryimage\"},\"thumbnailUrl\":\"https:\\\/\\\/diariodelsurdigital.com.ar\\\/wp-content\\\/uploads\\\/2025\\\/10\\\/md-16.webp\",\"articleSection\":[\"Pol\u00edtica\"],\"inLanguage\":\"es\",\"potentialAction\":[{\"@type\":\"CommentAction\",\"name\":\"Comment\",\"target\":[\"https:\\\/\\\/diariodelsurdigital.com.ar\\\/?p=5044#respond\"]}]},{\"@type\":\"WebPage\",\"@id\":\"https:\\\/\\\/diariodelsurdigital.com.ar\\\/?p=5044\",\"url\":\"https:\\\/\\\/diariodelsurdigital.com.ar\\\/?p=5044\",\"name\":\"Restricciones a los DNU: \u00bfC\u00f3mo votaron los diputados entrerrianos? - Diario del Sur\",\"isPartOf\":{\"@id\":\"https:\\\/\\\/diariodelsurdigital.com.ar\\\/#website\"},\"primaryImageOfPage\":{\"@id\":\"https:\\\/\\\/diariodelsurdigital.com.ar\\\/?p=5044#primaryimage\"},\"image\":{\"@id\":\"https:\\\/\\\/diariodelsurdigital.com.ar\\\/?p=5044#primaryimage\"},\"thumbnailUrl\":\"https:\\\/\\\/diariodelsurdigital.com.ar\\\/wp-content\\\/uploads\\\/2025\\\/10\\\/md-16.webp\",\"datePublished\":\"2025-10-09T13:42:18+00:00\",\"dateModified\":\"2025-10-09T13:42:19+00:00\",\"author\":{\"@id\":\"https:\\\/\\\/diariodelsurdigital.com.ar\\\/#\\\/schema\\\/person\\\/1a4992532ed62965c968031b49195c81\"},\"breadcrumb\":{\"@id\":\"https:\\\/\\\/diariodelsurdigital.com.ar\\\/?p=5044#breadcrumb\"},\"inLanguage\":\"es\",\"potentialAction\":[{\"@type\":\"ReadAction\",\"target\":[\"https:\\\/\\\/diariodelsurdigital.com.ar\\\/?p=5044\"]}]},{\"@type\":\"ImageObject\",\"inLanguage\":\"es\",\"@id\":\"https:\\\/\\\/diariodelsurdigital.com.ar\\\/?p=5044#primaryimage\",\"url\":\"https:\\\/\\\/diariodelsurdigital.com.ar\\\/wp-content\\\/uploads\\\/2025\\\/10\\\/md-16.webp\",\"contentUrl\":\"https:\\\/\\\/diariodelsurdigital.com.ar\\\/wp-content\\\/uploads\\\/2025\\\/10\\\/md-16.webp\",\"width\":992,\"height\":558},{\"@type\":\"BreadcrumbList\",\"@id\":\"https:\\\/\\\/diariodelsurdigital.com.ar\\\/?p=5044#breadcrumb\",\"itemListElement\":[{\"@type\":\"ListItem\",\"position\":1,\"name\":\"Portada\",\"item\":\"https:\\\/\\\/diariodelsurdigital.com.ar\\\/\"},{\"@type\":\"ListItem\",\"position\":2,\"name\":\"Restricciones a los DNU: \u00bfC\u00f3mo votaron los diputados entrerrianos?\"}]},{\"@type\":\"WebSite\",\"@id\":\"https:\\\/\\\/diariodelsurdigital.com.ar\\\/#website\",\"url\":\"https:\\\/\\\/diariodelsurdigital.com.ar\\\/\",\"name\":\"Diario del Sur\",\"description\":\"Digital\",\"potentialAction\":[{\"@type\":\"SearchAction\",\"target\":{\"@type\":\"EntryPoint\",\"urlTemplate\":\"https:\\\/\\\/diariodelsurdigital.com.ar\\\/?s={search_term_string}\"},\"query-input\":{\"@type\":\"PropertyValueSpecification\",\"valueRequired\":true,\"valueName\":\"search_term_string\"}}],\"inLanguage\":\"es\"},{\"@type\":\"Person\",\"@id\":\"https:\\\/\\\/diariodelsurdigital.com.ar\\\/#\\\/schema\\\/person\\\/1a4992532ed62965c968031b49195c81\",\"name\":\"Diario del Sur Digital\",\"image\":{\"@type\":\"ImageObject\",\"inLanguage\":\"es\",\"@id\":\"https:\\\/\\\/secure.gravatar.com\\\/avatar\\\/f0c7c47fc7146d19828273b9b8eda651c9c7ab583767e6338d3d3bee825adf76?s=96&d=mm&r=g\",\"url\":\"https:\\\/\\\/secure.gravatar.com\\\/avatar\\\/f0c7c47fc7146d19828273b9b8eda651c9c7ab583767e6338d3d3bee825adf76?s=96&d=mm&r=g\",\"contentUrl\":\"https:\\\/\\\/secure.gravatar.com\\\/avatar\\\/f0c7c47fc7146d19828273b9b8eda651c9c7ab583767e6338d3d3bee825adf76?s=96&d=mm&r=g\",\"caption\":\"Diario del Sur Digital\"},\"url\":\"https:\\\/\\\/diariodelsurdigital.com.ar\\\/?author=4\"}]}<\/script>\n<!-- \/ Yoast SEO plugin. -->","yoast_head_json":{"title":"Restricciones a los DNU: \u00bfC\u00f3mo votaron los diputados entrerrianos? - Diario del Sur","robots":{"index":"index","follow":"follow","max-snippet":"max-snippet:-1","max-image-preview":"max-image-preview:large","max-video-preview":"max-video-preview:-1"},"canonical":"https:\/\/diariodelsurdigital.com.ar\/?p=5044","og_locale":"es_ES","og_type":"article","og_title":"Restricciones a los DNU: \u00bfC\u00f3mo votaron los diputados entrerrianos? - Diario del Sur","og_description":"Tres votos fueron a favor: Osuna, Ledesma y Gaillard (UP). Benedetti (UCR) se abstuvo. Mientras que dos fueron en contra: Benedit (LLA) y Ballejos (PRO). Adem\u00e1s, hubo tres legisladores por la provincia ausentes: Bordet (UP), Antola (Democracia para Siempre) y Morchio (Encuentro Federal). La oposici\u00f3n no consigui\u00f3 este mi\u00e9rcoles aprobar de manera definitiva la reforma [&hellip;]","og_url":"https:\/\/diariodelsurdigital.com.ar\/?p=5044","og_site_name":"Diario del Sur","article_published_time":"2025-10-09T13:42:18+00:00","article_modified_time":"2025-10-09T13:42:19+00:00","og_image":[{"width":992,"height":558,"url":"https:\/\/diariodelsurdigital.com.ar\/wp-content\/uploads\/2025\/10\/md-16.webp","type":"image\/webp"}],"author":"Diario del Sur Digital","twitter_card":"summary_large_image","twitter_misc":{"Escrito por":"Diario del Sur Digital","Tiempo de lectura":"2 minutos"},"schema":{"@context":"https:\/\/schema.org","@graph":[{"@type":"Article","@id":"https:\/\/diariodelsurdigital.com.ar\/?p=5044#article","isPartOf":{"@id":"https:\/\/diariodelsurdigital.com.ar\/?p=5044"},"author":{"name":"Diario del Sur Digital","@id":"https:\/\/diariodelsurdigital.com.ar\/#\/schema\/person\/1a4992532ed62965c968031b49195c81"},"headline":"Restricciones a los DNU: \u00bfC\u00f3mo votaron los diputados entrerrianos?","datePublished":"2025-10-09T13:42:18+00:00","dateModified":"2025-10-09T13:42:19+00:00","mainEntityOfPage":{"@id":"https:\/\/diariodelsurdigital.com.ar\/?p=5044"},"wordCount":357,"commentCount":0,"image":{"@id":"https:\/\/diariodelsurdigital.com.ar\/?p=5044#primaryimage"},"thumbnailUrl":"https:\/\/diariodelsurdigital.com.ar\/wp-content\/uploads\/2025\/10\/md-16.webp","articleSection":["Pol\u00edtica"],"inLanguage":"es","potentialAction":[{"@type":"CommentAction","name":"Comment","target":["https:\/\/diariodelsurdigital.com.ar\/?p=5044#respond"]}]},{"@type":"WebPage","@id":"https:\/\/diariodelsurdigital.com.ar\/?p=5044","url":"https:\/\/diariodelsurdigital.com.ar\/?p=5044","name":"Restricciones a los DNU: \u00bfC\u00f3mo votaron los diputados entrerrianos? - Diario del Sur","isPartOf":{"@id":"https:\/\/diariodelsurdigital.com.ar\/#website"},"primaryImageOfPage":{"@id":"https:\/\/diariodelsurdigital.com.ar\/?p=5044#primaryimage"},"image":{"@id":"https:\/\/diariodelsurdigital.com.ar\/?p=5044#primaryimage"},"thumbnailUrl":"https:\/\/diariodelsurdigital.com.ar\/wp-content\/uploads\/2025\/10\/md-16.webp","datePublished":"2025-10-09T13:42:18+00:00","dateModified":"2025-10-09T13:42:19+00:00","author":{"@id":"https:\/\/diariodelsurdigital.com.ar\/#\/schema\/person\/1a4992532ed62965c968031b49195c81"},"breadcrumb":{"@id":"https:\/\/diariodelsurdigital.com.ar\/?p=5044#breadcrumb"},"inLanguage":"es","potentialAction":[{"@type":"ReadAction","target":["https:\/\/diariodelsurdigital.com.ar\/?p=5044"]}]},{"@type":"ImageObject","inLanguage":"es","@id":"https:\/\/diariodelsurdigital.com.ar\/?p=5044#primaryimage","url":"https:\/\/diariodelsurdigital.com.ar\/wp-content\/uploads\/2025\/10\/md-16.webp","contentUrl":"https:\/\/diariodelsurdigital.com.ar\/wp-content\/uploads\/2025\/10\/md-16.webp","width":992,"height":558},{"@type":"BreadcrumbList","@id":"https:\/\/diariodelsurdigital.com.ar\/?p=5044#breadcrumb","itemListElement":[{"@type":"ListItem","position":1,"name":"Portada","item":"https:\/\/diariodelsurdigital.com.ar\/"},{"@type":"ListItem","position":2,"name":"Restricciones a los DNU: \u00bfC\u00f3mo votaron los diputados entrerrianos?"}]},{"@type":"WebSite","@id":"https:\/\/diariodelsurdigital.com.ar\/#website","url":"https:\/\/diariodelsurdigital.com.ar\/","name":"Diario del Sur","description":"Digital","potentialAction":[{"@type":"SearchAction","target":{"@type":"EntryPoint","urlTemplate":"https:\/\/diariodelsurdigital.com.ar\/?s={search_term_string}"},"query-input":{"@type":"PropertyValueSpecification","valueRequired":true,"valueName":"search_term_string"}}],"inLanguage":"es"},{"@type":"Person","@id":"https:\/\/diariodelsurdigital.com.ar\/#\/schema\/person\/1a4992532ed62965c968031b49195c81","name":"Diario del Sur Digital","image":{"@type":"ImageObject","inLanguage":"es","@id":"https:\/\/secure.gravatar.com\/avatar\/f0c7c47fc7146d19828273b9b8eda651c9c7ab583767e6338d3d3bee825adf76?s=96&d=mm&r=g","url":"https:\/\/secure.gravatar.com\/avatar\/f0c7c47fc7146d19828273b9b8eda651c9c7ab583767e6338d3d3bee825adf76?s=96&d=mm&r=g","contentUrl":"https:\/\/secure.gravatar.com\/avatar\/f0c7c47fc7146d19828273b9b8eda651c9c7ab583767e6338d3d3bee825adf76?s=96&d=mm&r=g","caption":"Diario del Sur Digital"},"url":"https:\/\/diariodelsurdigital.com.ar\/?author=4"}]}},"_links":{"self":[{"href":"https:\/\/diariodelsurdigital.com.ar\/index.php?rest_route=\/wp\/v2\/posts\/5044","targetHints":{"allow":["GET"]}}],"collection":[{"href":"https:\/\/diariodelsurdigital.com.ar\/index.php?rest_route=\/wp\/v2\/posts"}],"about":[{"href":"https:\/\/diariodelsurdigital.com.ar\/index.php?rest_route=\/wp\/v2\/types\/post"}],"author":[{"embeddable":true,"href":"https:\/\/diariodelsurdigital.com.ar\/index.php?rest_route=\/wp\/v2\/users\/4"}],"replies":[{"embeddable":true,"href":"https:\/\/diariodelsurdigital.com.ar\/index.php?rest_route=%2Fwp%2Fv2%2Fcomments&post=5044"}],"version-history":[{"count":1,"href":"https:\/\/diariodelsurdigital.com.ar\/index.php?rest_route=\/wp\/v2\/posts\/5044\/revisions"}],"predecessor-version":[{"id":5046,"href":"https:\/\/diariodelsurdigital.com.ar\/index.php?rest_route=\/wp\/v2\/posts\/5044\/revisions\/5046"}],"wp:featuredmedia":[{"embeddable":true,"href":"https:\/\/diariodelsurdigital.com.ar\/index.php?rest_route=\/wp\/v2\/media\/5045"}],"wp:attachment":[{"href":"https:\/\/diariodelsurdigital.com.ar\/index.php?rest_route=%2Fwp%2Fv2%2Fmedia&parent=5044"}],"wp:term":[{"taxonomy":"category","embeddable":true,"href":"https:\/\/diariodelsurdigital.com.ar\/index.php?rest_route=%2Fwp%2Fv2%2Fcategories&post=5044"},{"taxonomy":"post_tag","embeddable":true,"href":"https:\/\/diariodelsurdigital.com.ar\/index.php?rest_route=%2Fwp%2Fv2%2Ftags&post=5044"}],"curies":[{"name":"wp","href":"https:\/\/api.w.org\/{rel}","templated":true}]}}