{"id":5047,"date":"2025-10-09T19:23:18","date_gmt":"2025-10-09T22:23:18","guid":{"rendered":"https:\/\/diariodelsurdigital.com.ar\/?p=5047"},"modified":"2025-10-09T19:23:19","modified_gmt":"2025-10-09T22:23:19","slug":"suspendieron-a-medico-que-impidio-la-realizacion-de-abortos","status":"publish","type":"post","link":"https:\/\/diariodelsurdigital.com.ar\/?p=5047","title":{"rendered":"Suspendieron a m\u00e9dico que impidi\u00f3 la realizaci\u00f3n de abortos"},"content":{"rendered":"\n<h4 class=\"wp-block-heading\" id=\"nota-title\">El Ministerio de Salud dispuso la sanci\u00f3n de suspensi\u00f3n por 30 d\u00edas sin goce de sueldos al m\u00e9dico Eduardo Fabi\u00e1n Badaracco, profesional interno de guardia del hospital Delicia Concepci\u00f3n Masvernat, de Concordia.<\/h4>\n\n\n\n<p>Al m\u00e9dico se le hab\u00eda reprochado que, en el mes de marzo de 2021, cuando se desempe\u00f1\u00f3 como director del Centro de Salud Martina B. de Caminal, de Concordia, orden\u00f3 a la m\u00e9dica Georgina Brambilla \u201ccesar con la aplicaci\u00f3n del Protocolo de Interrupci\u00f3n Voluntaria del Embarazo (IVE) en el mencionado Centro Asistencial, continuando solo con la Consejer\u00eda, aduciendo que los herederos del Juan Caminal, donante del inmueble donde funciona el Centro de Salud Mar\u00eda Martina B. de Caminal, le hab\u00edan comunicado su oposici\u00f3n a la pr\u00e1ctica del aborto, reclamando la suspensi\u00f3n de la misma, aduciendo que los perjudicaba asociar dicha pr\u00e1ctica m\u00e9dica al apellido Caminal, y que har\u00edan uso del derecho de revocar la donaci\u00f3n\u201d.<\/p>\n\n\n\n<p>Los detalles del caso, contenidos en el decreto del Poder Ejecutivo N\u00b0 2.544, del 19 de septiembre \u00faltimo, destacan que la orden que imparti\u00f3 el m\u00e9dico Badaracco \u201cimpidi\u00f3 la realizaci\u00f3n de IVE\/ILE durante los meses de marzo a mayo de 2021 en el \u00e1mbito del Centro de Salud Martina B. de Caminal, violando la Ley 27.610\u201d.<\/p>\n\n\n\n<p>Durante tres meses, entre marzo y mayo de 2021, el Centro de Salud Mar\u00eda Martina B. de Caminal, de Concordia, suspendi\u00f3 la aplicaci\u00f3n de la Ley N\u00b0 27.610 de Interrupci\u00f3n Voluntaria del Embarazo (IVE) por una compleja trama de situaci\u00f3nes ins\u00f3litas: un pedido expreso de los donantes del predio donde funciona ese centro asistencial, en Peligrini al 700, y una voluntad expresa de quien estaba al frente de la direcci\u00f3n, el m\u00e9dico Eduardo Fabi\u00e1n Badaracco, que primero adujo objeci\u00f3n de conciencia y despu\u00e9s tambi\u00e9n se neg\u00f3 a realizar pr\u00e1cticas de ecograf\u00edas a las pacientes que solicitaba la pr\u00e1ctica IVE.<\/p>\n\n\n\n<p>Badaracco explic\u00f3 que su petici\u00f3n fue no realizar diagn\u00f3sticos ecogr\u00e1ficos de pacientes \u201cque requieren en esa instituci\u00f3n la interrupci\u00f3n del embarazo, donde la profesional tratante me solicita que informe las semanas en curso de embarazo y la vitalidad del ni\u00f1o\u201d. Al respecto, sostiene que \u201crequiero a la superioridad que arbitre los medios necesarios para que mi persona, en la actuaci\u00f3n profesional, no tenga que intervenir en ning\u00fan paso m\u00e9dico que el fin sea la interrupci\u00f3n de un embarazo. Asimismo, debo manifestar que no tengo inconveniente alguno en realizar o desplegar mi saber profesional, en el seguimiento del paciente luego de realizado la interrupci\u00f3n legal del embarazo\u201d.<\/p>\n\n\n\n<p>Aunque el profesional ya no est\u00e1 al frente de ese centro de salud -es m\u00e9dico asistente en el Hospital Delicia Concepci\u00f3n Masvernat-, el Ministerio de Salud, a trav\u00e9s del decreto N\u00b0 601, del 28 de marzo de 2022, dispuso la instrucci\u00f3n de un sumario administrativo al m\u00e9dico Badaracco \u00abpor hallarse su conducta presuntamente incursa en la causal de cesant\u00eda\u00bb.<\/p>\n\n\n\n<p>El caso qued\u00f3 al descubierto luego de una intervenci\u00f3n de la responsable del Programa Provincial de Salud Sexual y Reproductiva, Luc\u00eda Grimalt, que pidi\u00f3 que la situaci\u00f3n en el Centro de Salud Caminal de Concordia tuviera una resoluci\u00f3n por cuanto hab\u00eda demanda de mujeres por la pr\u00e1ctica IVE que no eran respondidas. Grimalt plante\u00f3 tres ejes en su consulta: a) el alcance de la donaci\u00f3n efectuada por los familiares de Mar\u00eda Marina B de Caminal, y si hab\u00eda alg\u00fan condicionante para que el Estado pudiera aplicar su pol\u00edtica sanitaria; qu\u00e9 obligaciones que tiene el Estado Provincial sobre ese bien patrimonial c) la potestad del Ministerio de Salud para definir las pol\u00edticas sanitarias a llevarse a cabo en ese centro de salud; y d) la legalidad de la Ley N\u00ba 27.610 de Interrupci\u00f3n Voluntaria del Embarazo (IVE).<\/p>\n\n\n\n<p>Grimal punte\u00f3 una serie de hechos que ocurrieron a comienzos de 2021, y destacan una reuni\u00f3n mantenida por familiares del donante del predio donde se asienta el centro asistencial quienes manifestaron estar en contra de la pr\u00e1ctica de aborto y reclamaron la suspensi\u00f3n de la IVES, \u00abalegando que como herederos de la donaci\u00f3n pueden revocar la misma \u00b4dado que los perjudica asociar el apellido Caminal a la pr\u00e1ctica del aborto\u00b4\u201d, seg\u00fan se lee en el decreto N\u00b0 601.<\/p>\n\n\n\n<p>Tambi\u00e9n Grimalt menciona el hecho de haber tomado conocimiento \u00aba trav\u00e9s de la l\u00ednea 0800 de un pedido de IVE de una paciente de Concordia, el que al ser canalizado a trav\u00e9s de la referente para la realizaci\u00f3n de esa pr\u00e1ctica en el Centro Asistencial la misma refiere que \u00b4el doctor Badaracco, a cargo de la Direcci\u00f3n del Centro de Salud Martina Caminal, de Concordia, le inform\u00f3 que por inconvenientes surgidos no puede prescribir m\u00e1s la pr\u00e1ctica de IVE, solo hacer consejer\u00eda\u00b4. Esta medida fue tomada unilateralmente por el doctor Badaracco, dado que no existi\u00f3 nunca por parte de este programa ni la Direcci\u00f3n General de Primer Nivel de Atenci\u00f3n esa indicaci\u00f3n\u201d.<\/p>\n\n\n\n<p>El 25 de marzo de 2021 ocuri\u00f3 otro hecho peculiar: una m\u00e9dica en atenci\u00f3n a la directiva de Badaracco de no dar cabida a las pr\u00e1cticas IVE en el Centro de Salud Caminal solicit\u00f3 \u00abla derivaci\u00f3n a otro elector a fin de que se realice la pr\u00e1ctica y que el doctor Badaracco se niega a firmar, argumentando que esa gesti\u00f3n de IVE puede ocasionar que el Ministerio de Salud pierda la titularidad de la propiedad del centro de salud\u201d.<\/p>\n\n\n\n<p>La Ley N\u00b0 8.140, de 1998, por la cual se transfiri\u00f3 ese centro de salud de la \u00f3rbita de la Naci\u00f3n a jurisdicci\u00f3n del Ministerio de Salud de Entre R\u00edos y que contiene los t\u00e9rminos de aquella donaci\u00f3n de los Caminal establece que la donaci\u00f3n consta de dos puntos clave: que el edificio \u00absea destinado exclusiva y permanentemente para la instalaci\u00f3n del Centro de Higiene Maternal e Infantil de Concordia\u201d; y \u201cque dicho centro lleve como nombre el de su extinta esposa do\u00f1a Mar\u00eda Martina B. de Caminal\u201d.<\/p>\n\n\n\n<p>Al respecto, desde Salud indican que \u00aba la fecha ninguna de las mandas impuestas por el donante han sido violentadas por el Estado Provincial, en tanto efectivamente desde su aceptaci\u00f3n y hasta la fecha, las instalaciones del inmueble donado son usadas exclusivamente para el funcionamiento de un centro de salud, brindando servicios y realizando pr\u00e1cticas inherentes a la salud\u00bb, y que \u00abtampoco se ha producido una modificaci\u00f3n en la denominaci\u00f3n del centro de salud en cuesti\u00f3n, que amerite evaluar un posible incumplimiento de dicho cargo, ni se ha recibido reclamo alguno en sede administrativa\u00bb.<\/p>\n\n\n\n<p>En el descargo enviado desde el centro asistencial concordiense, el m\u00e9dico Badaracco refiere a la objeci\u00f3n de conciencia y plantea su pedido de no realizar diagn\u00f3sticos ecogr\u00e1ficos de pacientes \u201cque requieren en esa instituci\u00f3n la interrupci\u00f3n del embarazo, donde la profesional tratante me solicita que informe las semanas en curso de embarazo y la vitalidad del ni\u00f1o\u201d, y concluye su escrito manifestando \u201crequiero a la superioridad que arbitre los medios necesarios para que mi persona, en la actuaci\u00f3n profesional, no tenga que intervenir en ning\u00fan paso m\u00e9dico que el fin sea la interrupci\u00f3n de un embarazo. Asimismo, debo manifestar que no tengo inconveniente alguno en realizar o desplegar mi saber profesional, en el seguimiento del paciente luego de realizado la interrupci\u00f3n legal del embarazo\u201d.<\/p>\n\n\n\n<p>Una m\u00e9dica refiri\u00f3 que en el mes de marzo se le \u201csolicit\u00f3, por parte de la Direcci\u00f3n interina del Centro de Salud Mar\u00eda de Caminal el cese transitorio de la indicaci\u00f3n de protocolo IVE, \u00abcontinuando solo con la consejer\u00eda hasta tanto se solucione el inconveniente legal\/edilicio con los familiares del se\u00f1or Juan Caminal, donante del edificio donde hoy funciona el centro de salud\u201d.<\/p>\n\n\n\n<p>Desde la Direcci\u00f3n de Salud Materno Infanto Juvenil del Ministerio de Salud y el Programa Provincial de Salud Sexual y Reproductiva aclararon que la objeci\u00f3n de conciencia invocada por el doctor Badaracco \u00abno se encuadra dentro de las previsiones de la Ley N\u00ba 27.610, en tanto la objeci\u00f3n de conciencia conforme la establece el art\u00edculo 10\u00ba de la citada norma contempla su observancia en caso de intervenci\u00f3n directa \u2013pr\u00e1ctica concreta de IVE\/ILE\u2013, no siendo el m\u00e9todo diagn\u00f3stico ecogr\u00e1fico una intervenci\u00f3n directa en los t\u00e9rminos de la norma\u00bb.<\/p>\n\n\n\n<p>Adem\u00e1s, observan que \u00abde las constancias de autos surge que desde el mes de marzo hasta el mes de mayo se habr\u00eda obstaculizado y\/o interrumpido las pr\u00e1cticas de IVE\/ILE en el \u00e1mbito de ese centro de salud por decisi\u00f3n del doctor Badaracco, conforme surge de la nota de fojas 64 donde se indica que hubo un \u00b4cese transitorio de la indicaci\u00f3n de protocolo IVE\u00b4, en una clara violaci\u00f3n a lo establecido por la Ley N\u00ba 27.610 y fundado en suposiciones o reclamos verbalizados por supuestos familiares de los donatarios del predio en que se emplaza el centro de salud\u00bb.<\/p>\n\n\n\n<p>La recopilaci\u00f3n de toda esa documental y los testimonios recogidos derivaron en la decisi\u00f3n del Ministerio de Salud de iniciar un sumario al m\u00e9dico Badaracco que lo dejar\u00eda con un pie afura del sistema de salud p\u00fablico.<\/p>\n\n\n\n<p><\/p>\n\n\n\n<p>Fuente:\u00a0Entre R\u00edos Ahora<\/p>\n","protected":false},"excerpt":{"rendered":"<p>El Ministerio de Salud dispuso la sanci\u00f3n de suspensi\u00f3n por 30 d\u00edas sin goce de sueldos al m\u00e9dico Eduardo Fabi\u00e1n Badaracco, profesional interno de guardia del hospital Delicia Concepci\u00f3n Masvernat, de Concordia. Al m\u00e9dico se le hab\u00eda reprochado que, en el mes de marzo de 2021, cuando se desempe\u00f1\u00f3 como director del Centro de Salud [&hellip;]<\/p>\n","protected":false},"author":2,"featured_media":5048,"comment_status":"open","ping_status":"open","sticky":false,"template":"","format":"standard","meta":{"footnotes":""},"categories":[16],"tags":[],"class_list":{"0":"post-5047","1":"post","2":"type-post","3":"status-publish","4":"format-standard","5":"has-post-thumbnail","7":"category-locales"},"yoast_head":"<!-- This site is optimized with the Yoast SEO plugin v27.4 - https:\/\/yoast.com\/product\/yoast-seo-wordpress\/ -->\n<title>Suspendieron a m\u00e9dico que impidi\u00f3 la realizaci\u00f3n de abortos - Diario del Sur<\/title>\n<meta name=\"robots\" content=\"index, follow, max-snippet:-1, max-image-preview:large, max-video-preview:-1\" \/>\n<link rel=\"canonical\" href=\"https:\/\/diariodelsurdigital.com.ar\/?p=5047\" \/>\n<meta property=\"og:locale\" content=\"es_ES\" \/>\n<meta property=\"og:type\" content=\"article\" \/>\n<meta property=\"og:title\" content=\"Suspendieron a m\u00e9dico que impidi\u00f3 la realizaci\u00f3n de abortos - Diario del Sur\" \/>\n<meta property=\"og:description\" content=\"El Ministerio de Salud dispuso la sanci\u00f3n de suspensi\u00f3n por 30 d\u00edas sin goce de sueldos al m\u00e9dico Eduardo Fabi\u00e1n Badaracco, profesional interno de guardia del hospital Delicia Concepci\u00f3n Masvernat, de Concordia. Al m\u00e9dico se le hab\u00eda reprochado que, en el mes de marzo de 2021, cuando se desempe\u00f1\u00f3 como director del Centro de Salud [&hellip;]\" \/>\n<meta property=\"og:url\" content=\"https:\/\/diariodelsurdigital.com.ar\/?p=5047\" \/>\n<meta property=\"og:site_name\" content=\"Diario del Sur\" \/>\n<meta property=\"article:published_time\" content=\"2025-10-09T22:23:18+00:00\" \/>\n<meta property=\"article:modified_time\" content=\"2025-10-09T22:23:19+00:00\" \/>\n<meta property=\"og:image\" content=\"https:\/\/diariodelsurdigital.com.ar\/wp-content\/uploads\/2025\/10\/l_1652826652.jpg\" \/>\n\t<meta property=\"og:image:width\" content=\"417\" \/>\n\t<meta property=\"og:image:height\" content=\"278\" \/>\n\t<meta property=\"og:image:type\" content=\"image\/jpeg\" \/>\n<meta name=\"author\" content=\"Diario del Sur Digital\" \/>\n<meta name=\"twitter:card\" content=\"summary_large_image\" \/>\n<meta name=\"twitter:label1\" content=\"Escrito por\" \/>\n\t<meta name=\"twitter:data1\" content=\"Diario del Sur Digital\" \/>\n\t<meta name=\"twitter:label2\" content=\"Tiempo de lectura\" \/>\n\t<meta name=\"twitter:data2\" content=\"7 minutos\" \/>\n<script type=\"application\/ld+json\" class=\"yoast-schema-graph\">{\"@context\":\"https:\\\/\\\/schema.org\",\"@graph\":[{\"@type\":\"Article\",\"@id\":\"https:\\\/\\\/diariodelsurdigital.com.ar\\\/?p=5047#article\",\"isPartOf\":{\"@id\":\"https:\\\/\\\/diariodelsurdigital.com.ar\\\/?p=5047\"},\"author\":{\"name\":\"Diario del Sur Digital\",\"@id\":\"https:\\\/\\\/diariodelsurdigital.com.ar\\\/#\\\/schema\\\/person\\\/6136a32571657f7dba980b88b04c5465\"},\"headline\":\"Suspendieron a m\u00e9dico que impidi\u00f3 la realizaci\u00f3n de abortos\",\"datePublished\":\"2025-10-09T22:23:18+00:00\",\"dateModified\":\"2025-10-09T22:23:19+00:00\",\"mainEntityOfPage\":{\"@id\":\"https:\\\/\\\/diariodelsurdigital.com.ar\\\/?p=5047\"},\"wordCount\":1607,\"commentCount\":0,\"image\":{\"@id\":\"https:\\\/\\\/diariodelsurdigital.com.ar\\\/?p=5047#primaryimage\"},\"thumbnailUrl\":\"https:\\\/\\\/diariodelsurdigital.com.ar\\\/wp-content\\\/uploads\\\/2025\\\/10\\\/l_1652826652.jpg\",\"articleSection\":[\"Locales\"],\"inLanguage\":\"es\",\"potentialAction\":[{\"@type\":\"CommentAction\",\"name\":\"Comment\",\"target\":[\"https:\\\/\\\/diariodelsurdigital.com.ar\\\/?p=5047#respond\"]}]},{\"@type\":\"WebPage\",\"@id\":\"https:\\\/\\\/diariodelsurdigital.com.ar\\\/?p=5047\",\"url\":\"https:\\\/\\\/diariodelsurdigital.com.ar\\\/?p=5047\",\"name\":\"Suspendieron a m\u00e9dico que impidi\u00f3 la realizaci\u00f3n de abortos - Diario del Sur\",\"isPartOf\":{\"@id\":\"https:\\\/\\\/diariodelsurdigital.com.ar\\\/#website\"},\"primaryImageOfPage\":{\"@id\":\"https:\\\/\\\/diariodelsurdigital.com.ar\\\/?p=5047#primaryimage\"},\"image\":{\"@id\":\"https:\\\/\\\/diariodelsurdigital.com.ar\\\/?p=5047#primaryimage\"},\"thumbnailUrl\":\"https:\\\/\\\/diariodelsurdigital.com.ar\\\/wp-content\\\/uploads\\\/2025\\\/10\\\/l_1652826652.jpg\",\"datePublished\":\"2025-10-09T22:23:18+00:00\",\"dateModified\":\"2025-10-09T22:23:19+00:00\",\"author\":{\"@id\":\"https:\\\/\\\/diariodelsurdigital.com.ar\\\/#\\\/schema\\\/person\\\/6136a32571657f7dba980b88b04c5465\"},\"breadcrumb\":{\"@id\":\"https:\\\/\\\/diariodelsurdigital.com.ar\\\/?p=5047#breadcrumb\"},\"inLanguage\":\"es\",\"potentialAction\":[{\"@type\":\"ReadAction\",\"target\":[\"https:\\\/\\\/diariodelsurdigital.com.ar\\\/?p=5047\"]}]},{\"@type\":\"ImageObject\",\"inLanguage\":\"es\",\"@id\":\"https:\\\/\\\/diariodelsurdigital.com.ar\\\/?p=5047#primaryimage\",\"url\":\"https:\\\/\\\/diariodelsurdigital.com.ar\\\/wp-content\\\/uploads\\\/2025\\\/10\\\/l_1652826652.jpg\",\"contentUrl\":\"https:\\\/\\\/diariodelsurdigital.com.ar\\\/wp-content\\\/uploads\\\/2025\\\/10\\\/l_1652826652.jpg\",\"width\":417,\"height\":278},{\"@type\":\"BreadcrumbList\",\"@id\":\"https:\\\/\\\/diariodelsurdigital.com.ar\\\/?p=5047#breadcrumb\",\"itemListElement\":[{\"@type\":\"ListItem\",\"position\":1,\"name\":\"Portada\",\"item\":\"https:\\\/\\\/diariodelsurdigital.com.ar\\\/\"},{\"@type\":\"ListItem\",\"position\":2,\"name\":\"Suspendieron a m\u00e9dico que impidi\u00f3 la realizaci\u00f3n de abortos\"}]},{\"@type\":\"WebSite\",\"@id\":\"https:\\\/\\\/diariodelsurdigital.com.ar\\\/#website\",\"url\":\"https:\\\/\\\/diariodelsurdigital.com.ar\\\/\",\"name\":\"Diario del Sur\",\"description\":\"Digital\",\"potentialAction\":[{\"@type\":\"SearchAction\",\"target\":{\"@type\":\"EntryPoint\",\"urlTemplate\":\"https:\\\/\\\/diariodelsurdigital.com.ar\\\/?s={search_term_string}\"},\"query-input\":{\"@type\":\"PropertyValueSpecification\",\"valueRequired\":true,\"valueName\":\"search_term_string\"}}],\"inLanguage\":\"es\"},{\"@type\":\"Person\",\"@id\":\"https:\\\/\\\/diariodelsurdigital.com.ar\\\/#\\\/schema\\\/person\\\/6136a32571657f7dba980b88b04c5465\",\"name\":\"Diario del Sur Digital\",\"image\":{\"@type\":\"ImageObject\",\"inLanguage\":\"es\",\"@id\":\"https:\\\/\\\/secure.gravatar.com\\\/avatar\\\/4c29ceac98541dd42460b2474aaa5dd37594d6ce6cb3cf2c101d09b48ee287ba?s=96&d=mm&r=g\",\"url\":\"https:\\\/\\\/secure.gravatar.com\\\/avatar\\\/4c29ceac98541dd42460b2474aaa5dd37594d6ce6cb3cf2c101d09b48ee287ba?s=96&d=mm&r=g\",\"contentUrl\":\"https:\\\/\\\/secure.gravatar.com\\\/avatar\\\/4c29ceac98541dd42460b2474aaa5dd37594d6ce6cb3cf2c101d09b48ee287ba?s=96&d=mm&r=g\",\"caption\":\"Diario del Sur Digital\"},\"url\":\"https:\\\/\\\/diariodelsurdigital.com.ar\\\/?author=2\"}]}<\/script>\n<!-- \/ Yoast SEO plugin. -->","yoast_head_json":{"title":"Suspendieron a m\u00e9dico que impidi\u00f3 la realizaci\u00f3n de abortos - Diario del Sur","robots":{"index":"index","follow":"follow","max-snippet":"max-snippet:-1","max-image-preview":"max-image-preview:large","max-video-preview":"max-video-preview:-1"},"canonical":"https:\/\/diariodelsurdigital.com.ar\/?p=5047","og_locale":"es_ES","og_type":"article","og_title":"Suspendieron a m\u00e9dico que impidi\u00f3 la realizaci\u00f3n de abortos - Diario del Sur","og_description":"El Ministerio de Salud dispuso la sanci\u00f3n de suspensi\u00f3n por 30 d\u00edas sin goce de sueldos al m\u00e9dico Eduardo Fabi\u00e1n Badaracco, profesional interno de guardia del hospital Delicia Concepci\u00f3n Masvernat, de Concordia. Al m\u00e9dico se le hab\u00eda reprochado que, en el mes de marzo de 2021, cuando se desempe\u00f1\u00f3 como director del Centro de Salud [&hellip;]","og_url":"https:\/\/diariodelsurdigital.com.ar\/?p=5047","og_site_name":"Diario del Sur","article_published_time":"2025-10-09T22:23:18+00:00","article_modified_time":"2025-10-09T22:23:19+00:00","og_image":[{"width":417,"height":278,"url":"https:\/\/diariodelsurdigital.com.ar\/wp-content\/uploads\/2025\/10\/l_1652826652.jpg","type":"image\/jpeg"}],"author":"Diario del Sur Digital","twitter_card":"summary_large_image","twitter_misc":{"Escrito por":"Diario del Sur Digital","Tiempo de lectura":"7 minutos"},"schema":{"@context":"https:\/\/schema.org","@graph":[{"@type":"Article","@id":"https:\/\/diariodelsurdigital.com.ar\/?p=5047#article","isPartOf":{"@id":"https:\/\/diariodelsurdigital.com.ar\/?p=5047"},"author":{"name":"Diario del Sur Digital","@id":"https:\/\/diariodelsurdigital.com.ar\/#\/schema\/person\/6136a32571657f7dba980b88b04c5465"},"headline":"Suspendieron a m\u00e9dico que impidi\u00f3 la realizaci\u00f3n de abortos","datePublished":"2025-10-09T22:23:18+00:00","dateModified":"2025-10-09T22:23:19+00:00","mainEntityOfPage":{"@id":"https:\/\/diariodelsurdigital.com.ar\/?p=5047"},"wordCount":1607,"commentCount":0,"image":{"@id":"https:\/\/diariodelsurdigital.com.ar\/?p=5047#primaryimage"},"thumbnailUrl":"https:\/\/diariodelsurdigital.com.ar\/wp-content\/uploads\/2025\/10\/l_1652826652.jpg","articleSection":["Locales"],"inLanguage":"es","potentialAction":[{"@type":"CommentAction","name":"Comment","target":["https:\/\/diariodelsurdigital.com.ar\/?p=5047#respond"]}]},{"@type":"WebPage","@id":"https:\/\/diariodelsurdigital.com.ar\/?p=5047","url":"https:\/\/diariodelsurdigital.com.ar\/?p=5047","name":"Suspendieron a m\u00e9dico que impidi\u00f3 la realizaci\u00f3n de abortos - Diario del Sur","isPartOf":{"@id":"https:\/\/diariodelsurdigital.com.ar\/#website"},"primaryImageOfPage":{"@id":"https:\/\/diariodelsurdigital.com.ar\/?p=5047#primaryimage"},"image":{"@id":"https:\/\/diariodelsurdigital.com.ar\/?p=5047#primaryimage"},"thumbnailUrl":"https:\/\/diariodelsurdigital.com.ar\/wp-content\/uploads\/2025\/10\/l_1652826652.jpg","datePublished":"2025-10-09T22:23:18+00:00","dateModified":"2025-10-09T22:23:19+00:00","author":{"@id":"https:\/\/diariodelsurdigital.com.ar\/#\/schema\/person\/6136a32571657f7dba980b88b04c5465"},"breadcrumb":{"@id":"https:\/\/diariodelsurdigital.com.ar\/?p=5047#breadcrumb"},"inLanguage":"es","potentialAction":[{"@type":"ReadAction","target":["https:\/\/diariodelsurdigital.com.ar\/?p=5047"]}]},{"@type":"ImageObject","inLanguage":"es","@id":"https:\/\/diariodelsurdigital.com.ar\/?p=5047#primaryimage","url":"https:\/\/diariodelsurdigital.com.ar\/wp-content\/uploads\/2025\/10\/l_1652826652.jpg","contentUrl":"https:\/\/diariodelsurdigital.com.ar\/wp-content\/uploads\/2025\/10\/l_1652826652.jpg","width":417,"height":278},{"@type":"BreadcrumbList","@id":"https:\/\/diariodelsurdigital.com.ar\/?p=5047#breadcrumb","itemListElement":[{"@type":"ListItem","position":1,"name":"Portada","item":"https:\/\/diariodelsurdigital.com.ar\/"},{"@type":"ListItem","position":2,"name":"Suspendieron a m\u00e9dico que impidi\u00f3 la realizaci\u00f3n de abortos"}]},{"@type":"WebSite","@id":"https:\/\/diariodelsurdigital.com.ar\/#website","url":"https:\/\/diariodelsurdigital.com.ar\/","name":"Diario del Sur","description":"Digital","potentialAction":[{"@type":"SearchAction","target":{"@type":"EntryPoint","urlTemplate":"https:\/\/diariodelsurdigital.com.ar\/?s={search_term_string}"},"query-input":{"@type":"PropertyValueSpecification","valueRequired":true,"valueName":"search_term_string"}}],"inLanguage":"es"},{"@type":"Person","@id":"https:\/\/diariodelsurdigital.com.ar\/#\/schema\/person\/6136a32571657f7dba980b88b04c5465","name":"Diario del Sur Digital","image":{"@type":"ImageObject","inLanguage":"es","@id":"https:\/\/secure.gravatar.com\/avatar\/4c29ceac98541dd42460b2474aaa5dd37594d6ce6cb3cf2c101d09b48ee287ba?s=96&d=mm&r=g","url":"https:\/\/secure.gravatar.com\/avatar\/4c29ceac98541dd42460b2474aaa5dd37594d6ce6cb3cf2c101d09b48ee287ba?s=96&d=mm&r=g","contentUrl":"https:\/\/secure.gravatar.com\/avatar\/4c29ceac98541dd42460b2474aaa5dd37594d6ce6cb3cf2c101d09b48ee287ba?s=96&d=mm&r=g","caption":"Diario del Sur Digital"},"url":"https:\/\/diariodelsurdigital.com.ar\/?author=2"}]}},"_links":{"self":[{"href":"https:\/\/diariodelsurdigital.com.ar\/index.php?rest_route=\/wp\/v2\/posts\/5047","targetHints":{"allow":["GET"]}}],"collection":[{"href":"https:\/\/diariodelsurdigital.com.ar\/index.php?rest_route=\/wp\/v2\/posts"}],"about":[{"href":"https:\/\/diariodelsurdigital.com.ar\/index.php?rest_route=\/wp\/v2\/types\/post"}],"author":[{"embeddable":true,"href":"https:\/\/diariodelsurdigital.com.ar\/index.php?rest_route=\/wp\/v2\/users\/2"}],"replies":[{"embeddable":true,"href":"https:\/\/diariodelsurdigital.com.ar\/index.php?rest_route=%2Fwp%2Fv2%2Fcomments&post=5047"}],"version-history":[{"count":1,"href":"https:\/\/diariodelsurdigital.com.ar\/index.php?rest_route=\/wp\/v2\/posts\/5047\/revisions"}],"predecessor-version":[{"id":5049,"href":"https:\/\/diariodelsurdigital.com.ar\/index.php?rest_route=\/wp\/v2\/posts\/5047\/revisions\/5049"}],"wp:featuredmedia":[{"embeddable":true,"href":"https:\/\/diariodelsurdigital.com.ar\/index.php?rest_route=\/wp\/v2\/media\/5048"}],"wp:attachment":[{"href":"https:\/\/diariodelsurdigital.com.ar\/index.php?rest_route=%2Fwp%2Fv2%2Fmedia&parent=5047"}],"wp:term":[{"taxonomy":"category","embeddable":true,"href":"https:\/\/diariodelsurdigital.com.ar\/index.php?rest_route=%2Fwp%2Fv2%2Fcategories&post=5047"},{"taxonomy":"post_tag","embeddable":true,"href":"https:\/\/diariodelsurdigital.com.ar\/index.php?rest_route=%2Fwp%2Fv2%2Ftags&post=5047"}],"curies":[{"name":"wp","href":"https:\/\/api.w.org\/{rel}","templated":true}]}}