{"id":506,"date":"2025-01-08T14:43:03","date_gmt":"2025-01-08T17:43:03","guid":{"rendered":"https:\/\/diariodelsurdigital.com.ar\/?p=506"},"modified":"2025-01-08T14:44:03","modified_gmt":"2025-01-08T17:44:03","slug":"un-avion-historico-de-la-guerra-de-malvinas-vuelve-a-la-argentina","status":"publish","type":"post","link":"https:\/\/diariodelsurdigital.com.ar\/?p=506","title":{"rendered":"Un avi\u00f3n hist\u00f3rico de la guerra de malvinas vuelve a la Argentina"},"content":{"rendered":"\n<p>Un avi\u00f3n hist\u00f3rico, que tuvo una participaci\u00f3n clave en la guerra de Malvinas, est\u00e1 a punto de regresar al pa\u00eds, espec\u00edficamente, a Sunchales, a 40 km. de Rafaela.<\/p>\n\n\n\n<p>Aquel 21 de mayo de 1982, el Teniente de Nav\u00edo VGM Owen Guillermo Crippa conduc\u00eda ese Aermacchi MB 339 4 A 115, encontr\u00f3 que la flota brit\u00e1nica estaba desembarcando en el estrecho de San Carlos. Y decidi\u00f3 atacar a los ingleses en forma solitaria.<\/p>\n\n\n\n<p><a href=\"https:\/\/youtube.com\/watch?v=HD4YvPJQd1A%3Fautoplay%3D0%26mute%3D1%26enablejsapi%3D1\">https:\/\/youtube.com\/watch?v=HD4YvPJQd1A%3Fautoplay%3D0%26mute%3D1%26enablejsapi%3D1<\/a><\/p>\n\n\n\n<p>Se encontr\u00f3 frente a catorce buques ingleses y atac\u00f3 al primero, la Fragata HMS Argonaut, lanzando un cohete\u00a0<a href=\"https:\/\/es.wikipedia.org\/wiki\/Zuni_(cohete)\" target=\"_blank\" rel=\"noreferrer noopener\">Zuni<\/a>\u00a0de 127 mm. Abri\u00f3 fuego sobre la infraestructura del buque con ca\u00f1ones de 30 mm y cohetes. Intent\u00f3 afectar sus radares, lanzando el Zuni y volando rasante sobre sus antenas. Logr\u00f3 regresar a informar cu\u00e1ntos y d\u00f3nde estaba dispuesta la flota inglesa.<\/p>\n\n\n\n<p>Ese avi\u00f3n, durante la d\u00e9cada del 90, fue vendido al exterior y termin\u00f3 en Estados Unidos. Hace varios meses comenz\u00f3 una misi\u00f3n: ubicarlo y repatriarlo. Algo que se est\u00e1 a punto de lograr.<\/p>\n\n\n\n<p>El Aermacchi arribar\u00e1 al puerto de Montevideo el pr\u00f3ximo 10 de enero.<\/p>\n\n\n\n<p>De no mediar contratiempos, est\u00e1 previsto que antes de finalizar este mes llegue a la ciudad de Sunchales donde comenzar\u00e1 su proceso de restauraci\u00f3n.<\/p>\n\n\n\n<p>En simult\u00e1neo, se empezar\u00e1 a dise\u00f1ar el lugar donde la nave ser\u00e1 alojada para permitir su exhibici\u00f3n al mundo entero.<\/p>\n\n\n\n<p>Oportunamente se dar\u00e1n mayores precisiones sobre el momento del arribo y se convocar\u00e1 a toda la comunidad a participar del evento de bienvenida donde se dar\u00e1n m\u00e1s detalles sobre el proyecto y las campa\u00f1as para financiarlo.<\/p>\n","protected":false},"excerpt":{"rendered":"<p>Un avi\u00f3n hist\u00f3rico, que tuvo una participaci\u00f3n clave en la guerra de Malvinas, est\u00e1 a punto de regresar al pa\u00eds, espec\u00edficamente, a Sunchales, a 40 km. de Rafaela. Aquel 21 de mayo de 1982, el Teniente de Nav\u00edo VGM Owen Guillermo Crippa conduc\u00eda ese Aermacchi MB 339 4 A 115, encontr\u00f3 que la flota brit\u00e1nica [&hellip;]<\/p>\n","protected":false},"author":2,"featured_media":508,"comment_status":"open","ping_status":"open","sticky":false,"template":"","format":"standard","meta":{"footnotes":""},"categories":[18],"tags":[],"class_list":{"0":"post-506","1":"post","2":"type-post","3":"status-publish","4":"format-standard","5":"has-post-thumbnail","7":"category-nacionales"},"yoast_head":"<!-- This site is optimized with the Yoast SEO plugin v27.4 - https:\/\/yoast.com\/product\/yoast-seo-wordpress\/ -->\n<title>Un avi\u00f3n hist\u00f3rico de la guerra de malvinas vuelve a la Argentina - Diario del Sur<\/title>\n<meta name=\"robots\" content=\"index, follow, max-snippet:-1, max-image-preview:large, max-video-preview:-1\" \/>\n<link rel=\"canonical\" href=\"https:\/\/diariodelsurdigital.com.ar\/?p=506\" \/>\n<meta property=\"og:locale\" content=\"es_ES\" \/>\n<meta property=\"og:type\" content=\"article\" \/>\n<meta property=\"og:title\" content=\"Un avi\u00f3n hist\u00f3rico de la guerra de malvinas vuelve a la Argentina - Diario del Sur\" \/>\n<meta property=\"og:description\" content=\"Un avi\u00f3n hist\u00f3rico, que tuvo una participaci\u00f3n clave en la guerra de Malvinas, est\u00e1 a punto de regresar al pa\u00eds, espec\u00edficamente, a Sunchales, a 40 km. de Rafaela. Aquel 21 de mayo de 1982, el Teniente de Nav\u00edo VGM Owen Guillermo Crippa conduc\u00eda ese Aermacchi MB 339 4 A 115, encontr\u00f3 que la flota brit\u00e1nica [&hellip;]\" \/>\n<meta property=\"og:url\" content=\"https:\/\/diariodelsurdigital.com.ar\/?p=506\" \/>\n<meta property=\"og:site_name\" content=\"Diario del Sur\" \/>\n<meta property=\"article:published_time\" content=\"2025-01-08T17:43:03+00:00\" \/>\n<meta property=\"article:modified_time\" content=\"2025-01-08T17:44:03+00:00\" \/>\n<meta property=\"og:image\" content=\"https:\/\/diariodelsurdigital.com.ar\/wp-content\/uploads\/2025\/01\/AA1x7P65.jpg\" \/>\n\t<meta property=\"og:image:width\" content=\"483\" \/>\n\t<meta property=\"og:image:height\" content=\"279\" \/>\n\t<meta property=\"og:image:type\" content=\"image\/jpeg\" \/>\n<meta name=\"author\" content=\"Diario del Sur Digital\" \/>\n<meta name=\"twitter:card\" content=\"summary_large_image\" \/>\n<meta name=\"twitter:label1\" content=\"Escrito por\" \/>\n\t<meta name=\"twitter:data1\" content=\"Diario del Sur Digital\" \/>\n\t<meta name=\"twitter:label2\" content=\"Tiempo de lectura\" \/>\n\t<meta name=\"twitter:data2\" content=\"2 minutos\" \/>\n<script type=\"application\/ld+json\" class=\"yoast-schema-graph\">{\"@context\":\"https:\\\/\\\/schema.org\",\"@graph\":[{\"@type\":\"Article\",\"@id\":\"https:\\\/\\\/diariodelsurdigital.com.ar\\\/?p=506#article\",\"isPartOf\":{\"@id\":\"https:\\\/\\\/diariodelsurdigital.com.ar\\\/?p=506\"},\"author\":{\"name\":\"Diario del Sur Digital\",\"@id\":\"https:\\\/\\\/diariodelsurdigital.com.ar\\\/#\\\/schema\\\/person\\\/6136a32571657f7dba980b88b04c5465\"},\"headline\":\"Un avi\u00f3n hist\u00f3rico de la guerra de malvinas vuelve a la Argentina\",\"datePublished\":\"2025-01-08T17:43:03+00:00\",\"dateModified\":\"2025-01-08T17:44:03+00:00\",\"mainEntityOfPage\":{\"@id\":\"https:\\\/\\\/diariodelsurdigital.com.ar\\\/?p=506\"},\"wordCount\":299,\"commentCount\":0,\"image\":{\"@id\":\"https:\\\/\\\/diariodelsurdigital.com.ar\\\/?p=506#primaryimage\"},\"thumbnailUrl\":\"https:\\\/\\\/diariodelsurdigital.com.ar\\\/wp-content\\\/uploads\\\/2025\\\/01\\\/AA1x7P65.jpg\",\"articleSection\":[\"Nacionales\"],\"inLanguage\":\"es\",\"potentialAction\":[{\"@type\":\"CommentAction\",\"name\":\"Comment\",\"target\":[\"https:\\\/\\\/diariodelsurdigital.com.ar\\\/?p=506#respond\"]}]},{\"@type\":\"WebPage\",\"@id\":\"https:\\\/\\\/diariodelsurdigital.com.ar\\\/?p=506\",\"url\":\"https:\\\/\\\/diariodelsurdigital.com.ar\\\/?p=506\",\"name\":\"Un avi\u00f3n hist\u00f3rico de la guerra de malvinas vuelve a la Argentina - Diario del Sur\",\"isPartOf\":{\"@id\":\"https:\\\/\\\/diariodelsurdigital.com.ar\\\/#website\"},\"primaryImageOfPage\":{\"@id\":\"https:\\\/\\\/diariodelsurdigital.com.ar\\\/?p=506#primaryimage\"},\"image\":{\"@id\":\"https:\\\/\\\/diariodelsurdigital.com.ar\\\/?p=506#primaryimage\"},\"thumbnailUrl\":\"https:\\\/\\\/diariodelsurdigital.com.ar\\\/wp-content\\\/uploads\\\/2025\\\/01\\\/AA1x7P65.jpg\",\"datePublished\":\"2025-01-08T17:43:03+00:00\",\"dateModified\":\"2025-01-08T17:44:03+00:00\",\"author\":{\"@id\":\"https:\\\/\\\/diariodelsurdigital.com.ar\\\/#\\\/schema\\\/person\\\/6136a32571657f7dba980b88b04c5465\"},\"breadcrumb\":{\"@id\":\"https:\\\/\\\/diariodelsurdigital.com.ar\\\/?p=506#breadcrumb\"},\"inLanguage\":\"es\",\"potentialAction\":[{\"@type\":\"ReadAction\",\"target\":[\"https:\\\/\\\/diariodelsurdigital.com.ar\\\/?p=506\"]}]},{\"@type\":\"ImageObject\",\"inLanguage\":\"es\",\"@id\":\"https:\\\/\\\/diariodelsurdigital.com.ar\\\/?p=506#primaryimage\",\"url\":\"https:\\\/\\\/diariodelsurdigital.com.ar\\\/wp-content\\\/uploads\\\/2025\\\/01\\\/AA1x7P65.jpg\",\"contentUrl\":\"https:\\\/\\\/diariodelsurdigital.com.ar\\\/wp-content\\\/uploads\\\/2025\\\/01\\\/AA1x7P65.jpg\",\"width\":483,\"height\":279},{\"@type\":\"BreadcrumbList\",\"@id\":\"https:\\\/\\\/diariodelsurdigital.com.ar\\\/?p=506#breadcrumb\",\"itemListElement\":[{\"@type\":\"ListItem\",\"position\":1,\"name\":\"Portada\",\"item\":\"https:\\\/\\\/diariodelsurdigital.com.ar\\\/\"},{\"@type\":\"ListItem\",\"position\":2,\"name\":\"Un avi\u00f3n hist\u00f3rico de la guerra de malvinas vuelve a la Argentina\"}]},{\"@type\":\"WebSite\",\"@id\":\"https:\\\/\\\/diariodelsurdigital.com.ar\\\/#website\",\"url\":\"https:\\\/\\\/diariodelsurdigital.com.ar\\\/\",\"name\":\"Diario del Sur\",\"description\":\"Digital\",\"potentialAction\":[{\"@type\":\"SearchAction\",\"target\":{\"@type\":\"EntryPoint\",\"urlTemplate\":\"https:\\\/\\\/diariodelsurdigital.com.ar\\\/?s={search_term_string}\"},\"query-input\":{\"@type\":\"PropertyValueSpecification\",\"valueRequired\":true,\"valueName\":\"search_term_string\"}}],\"inLanguage\":\"es\"},{\"@type\":\"Person\",\"@id\":\"https:\\\/\\\/diariodelsurdigital.com.ar\\\/#\\\/schema\\\/person\\\/6136a32571657f7dba980b88b04c5465\",\"name\":\"Diario del Sur Digital\",\"image\":{\"@type\":\"ImageObject\",\"inLanguage\":\"es\",\"@id\":\"https:\\\/\\\/secure.gravatar.com\\\/avatar\\\/4c29ceac98541dd42460b2474aaa5dd37594d6ce6cb3cf2c101d09b48ee287ba?s=96&d=mm&r=g\",\"url\":\"https:\\\/\\\/secure.gravatar.com\\\/avatar\\\/4c29ceac98541dd42460b2474aaa5dd37594d6ce6cb3cf2c101d09b48ee287ba?s=96&d=mm&r=g\",\"contentUrl\":\"https:\\\/\\\/secure.gravatar.com\\\/avatar\\\/4c29ceac98541dd42460b2474aaa5dd37594d6ce6cb3cf2c101d09b48ee287ba?s=96&d=mm&r=g\",\"caption\":\"Diario del Sur Digital\"},\"url\":\"https:\\\/\\\/diariodelsurdigital.com.ar\\\/?author=2\"}]}<\/script>\n<!-- \/ Yoast SEO plugin. -->","yoast_head_json":{"title":"Un avi\u00f3n hist\u00f3rico de la guerra de malvinas vuelve a la Argentina - Diario del Sur","robots":{"index":"index","follow":"follow","max-snippet":"max-snippet:-1","max-image-preview":"max-image-preview:large","max-video-preview":"max-video-preview:-1"},"canonical":"https:\/\/diariodelsurdigital.com.ar\/?p=506","og_locale":"es_ES","og_type":"article","og_title":"Un avi\u00f3n hist\u00f3rico de la guerra de malvinas vuelve a la Argentina - Diario del Sur","og_description":"Un avi\u00f3n hist\u00f3rico, que tuvo una participaci\u00f3n clave en la guerra de Malvinas, est\u00e1 a punto de regresar al pa\u00eds, espec\u00edficamente, a Sunchales, a 40 km. de Rafaela. Aquel 21 de mayo de 1982, el Teniente de Nav\u00edo VGM Owen Guillermo Crippa conduc\u00eda ese Aermacchi MB 339 4 A 115, encontr\u00f3 que la flota brit\u00e1nica [&hellip;]","og_url":"https:\/\/diariodelsurdigital.com.ar\/?p=506","og_site_name":"Diario del Sur","article_published_time":"2025-01-08T17:43:03+00:00","article_modified_time":"2025-01-08T17:44:03+00:00","og_image":[{"width":483,"height":279,"url":"https:\/\/diariodelsurdigital.com.ar\/wp-content\/uploads\/2025\/01\/AA1x7P65.jpg","type":"image\/jpeg"}],"author":"Diario del Sur Digital","twitter_card":"summary_large_image","twitter_misc":{"Escrito por":"Diario del Sur Digital","Tiempo de lectura":"2 minutos"},"schema":{"@context":"https:\/\/schema.org","@graph":[{"@type":"Article","@id":"https:\/\/diariodelsurdigital.com.ar\/?p=506#article","isPartOf":{"@id":"https:\/\/diariodelsurdigital.com.ar\/?p=506"},"author":{"name":"Diario del Sur Digital","@id":"https:\/\/diariodelsurdigital.com.ar\/#\/schema\/person\/6136a32571657f7dba980b88b04c5465"},"headline":"Un avi\u00f3n hist\u00f3rico de la guerra de malvinas vuelve a la Argentina","datePublished":"2025-01-08T17:43:03+00:00","dateModified":"2025-01-08T17:44:03+00:00","mainEntityOfPage":{"@id":"https:\/\/diariodelsurdigital.com.ar\/?p=506"},"wordCount":299,"commentCount":0,"image":{"@id":"https:\/\/diariodelsurdigital.com.ar\/?p=506#primaryimage"},"thumbnailUrl":"https:\/\/diariodelsurdigital.com.ar\/wp-content\/uploads\/2025\/01\/AA1x7P65.jpg","articleSection":["Nacionales"],"inLanguage":"es","potentialAction":[{"@type":"CommentAction","name":"Comment","target":["https:\/\/diariodelsurdigital.com.ar\/?p=506#respond"]}]},{"@type":"WebPage","@id":"https:\/\/diariodelsurdigital.com.ar\/?p=506","url":"https:\/\/diariodelsurdigital.com.ar\/?p=506","name":"Un avi\u00f3n hist\u00f3rico de la guerra de malvinas vuelve a la Argentina - Diario del Sur","isPartOf":{"@id":"https:\/\/diariodelsurdigital.com.ar\/#website"},"primaryImageOfPage":{"@id":"https:\/\/diariodelsurdigital.com.ar\/?p=506#primaryimage"},"image":{"@id":"https:\/\/diariodelsurdigital.com.ar\/?p=506#primaryimage"},"thumbnailUrl":"https:\/\/diariodelsurdigital.com.ar\/wp-content\/uploads\/2025\/01\/AA1x7P65.jpg","datePublished":"2025-01-08T17:43:03+00:00","dateModified":"2025-01-08T17:44:03+00:00","author":{"@id":"https:\/\/diariodelsurdigital.com.ar\/#\/schema\/person\/6136a32571657f7dba980b88b04c5465"},"breadcrumb":{"@id":"https:\/\/diariodelsurdigital.com.ar\/?p=506#breadcrumb"},"inLanguage":"es","potentialAction":[{"@type":"ReadAction","target":["https:\/\/diariodelsurdigital.com.ar\/?p=506"]}]},{"@type":"ImageObject","inLanguage":"es","@id":"https:\/\/diariodelsurdigital.com.ar\/?p=506#primaryimage","url":"https:\/\/diariodelsurdigital.com.ar\/wp-content\/uploads\/2025\/01\/AA1x7P65.jpg","contentUrl":"https:\/\/diariodelsurdigital.com.ar\/wp-content\/uploads\/2025\/01\/AA1x7P65.jpg","width":483,"height":279},{"@type":"BreadcrumbList","@id":"https:\/\/diariodelsurdigital.com.ar\/?p=506#breadcrumb","itemListElement":[{"@type":"ListItem","position":1,"name":"Portada","item":"https:\/\/diariodelsurdigital.com.ar\/"},{"@type":"ListItem","position":2,"name":"Un avi\u00f3n hist\u00f3rico de la guerra de malvinas vuelve a la Argentina"}]},{"@type":"WebSite","@id":"https:\/\/diariodelsurdigital.com.ar\/#website","url":"https:\/\/diariodelsurdigital.com.ar\/","name":"Diario del Sur","description":"Digital","potentialAction":[{"@type":"SearchAction","target":{"@type":"EntryPoint","urlTemplate":"https:\/\/diariodelsurdigital.com.ar\/?s={search_term_string}"},"query-input":{"@type":"PropertyValueSpecification","valueRequired":true,"valueName":"search_term_string"}}],"inLanguage":"es"},{"@type":"Person","@id":"https:\/\/diariodelsurdigital.com.ar\/#\/schema\/person\/6136a32571657f7dba980b88b04c5465","name":"Diario del Sur Digital","image":{"@type":"ImageObject","inLanguage":"es","@id":"https:\/\/secure.gravatar.com\/avatar\/4c29ceac98541dd42460b2474aaa5dd37594d6ce6cb3cf2c101d09b48ee287ba?s=96&d=mm&r=g","url":"https:\/\/secure.gravatar.com\/avatar\/4c29ceac98541dd42460b2474aaa5dd37594d6ce6cb3cf2c101d09b48ee287ba?s=96&d=mm&r=g","contentUrl":"https:\/\/secure.gravatar.com\/avatar\/4c29ceac98541dd42460b2474aaa5dd37594d6ce6cb3cf2c101d09b48ee287ba?s=96&d=mm&r=g","caption":"Diario del Sur Digital"},"url":"https:\/\/diariodelsurdigital.com.ar\/?author=2"}]}},"_links":{"self":[{"href":"https:\/\/diariodelsurdigital.com.ar\/index.php?rest_route=\/wp\/v2\/posts\/506","targetHints":{"allow":["GET"]}}],"collection":[{"href":"https:\/\/diariodelsurdigital.com.ar\/index.php?rest_route=\/wp\/v2\/posts"}],"about":[{"href":"https:\/\/diariodelsurdigital.com.ar\/index.php?rest_route=\/wp\/v2\/types\/post"}],"author":[{"embeddable":true,"href":"https:\/\/diariodelsurdigital.com.ar\/index.php?rest_route=\/wp\/v2\/users\/2"}],"replies":[{"embeddable":true,"href":"https:\/\/diariodelsurdigital.com.ar\/index.php?rest_route=%2Fwp%2Fv2%2Fcomments&post=506"}],"version-history":[{"count":2,"href":"https:\/\/diariodelsurdigital.com.ar\/index.php?rest_route=\/wp\/v2\/posts\/506\/revisions"}],"predecessor-version":[{"id":511,"href":"https:\/\/diariodelsurdigital.com.ar\/index.php?rest_route=\/wp\/v2\/posts\/506\/revisions\/511"}],"wp:featuredmedia":[{"embeddable":true,"href":"https:\/\/diariodelsurdigital.com.ar\/index.php?rest_route=\/wp\/v2\/media\/508"}],"wp:attachment":[{"href":"https:\/\/diariodelsurdigital.com.ar\/index.php?rest_route=%2Fwp%2Fv2%2Fmedia&parent=506"}],"wp:term":[{"taxonomy":"category","embeddable":true,"href":"https:\/\/diariodelsurdigital.com.ar\/index.php?rest_route=%2Fwp%2Fv2%2Fcategories&post=506"},{"taxonomy":"post_tag","embeddable":true,"href":"https:\/\/diariodelsurdigital.com.ar\/index.php?rest_route=%2Fwp%2Fv2%2Ftags&post=506"}],"curies":[{"name":"wp","href":"https:\/\/api.w.org\/{rel}","templated":true}]}}