{"id":5065,"date":"2025-10-10T10:43:53","date_gmt":"2025-10-10T13:43:53","guid":{"rendered":"https:\/\/diariodelsurdigital.com.ar\/?p=5065"},"modified":"2025-10-10T10:43:54","modified_gmt":"2025-10-10T13:43:54","slug":"osuna-era-necesario-ponerle-un-freno-al-uso-discrecional-de-los-dnu-y-recuperar-el-rol-del-congreso","status":"publish","type":"post","link":"https:\/\/diariodelsurdigital.com.ar\/?p=5065","title":{"rendered":"Osuna: \u201cEra necesario ponerle un freno al uso discrecional de los DNU y recuperar el rol del Congreso\u201d"},"content":{"rendered":"\n<p>\u201cLogramos sancionar la reforma de la Ley de Decretos de Necesidad y Urgencia, era necesaria para delimitar el uso discrecional que el presidente hace de esta herramienta\u201d, destac\u00f3 la diputada nacional Blanca Osuna. Durante la sesi\u00f3n especial en la C\u00e1mara de Diputados se logr\u00f3 el qu\u00f3rum necesario a pesar de las presiones y maniobras del oficialismo para impedir su realizaci\u00f3n.<\/p>\n\n\n\n<p>La diputada se\u00f1al\u00f3 que \u201clos DNU de Milei no son ni de necesidad ni de urgencia, pero interfieren en el funcionamiento democr\u00e1tico, porque las normas deben discutirse y aprobarse en el Congreso\u201d.<\/p>\n\n\n\n<p>Osuna tambi\u00e9n se refiri\u00f3 a las denuncias por aprietes a legisladores en los d\u00edas previos a la sesi\u00f3n: \u201cHubo aprietes de todo tipo para que la sesi\u00f3n no pueda llevarse a cabo. Es grav\u00edsimo. En el caso del diputado Facundo Manes, oblig\u00f3 al presidente de la C\u00e1mara, Mart\u00edn Menem, a dar explicaciones. Esta pr\u00e1ctica de amenazas y presiones se repite con legisladores de distintos bloques y provincias\u201d.<\/p>\n\n\n\n<p>En relaci\u00f3n al proyecto de Presupuesto Nacional, Osuna advirti\u00f3: \u201cTenemos en mano una iniciativa que corta violentamente recursos para salud, educaci\u00f3n, las provincias y la obra p\u00fablica. Mientras tanto, el ministro de econom\u00eda, Luis Caputo y el equipo econ\u00f3mico est\u00e1n en Estados Unidos sin que se hayan dado a conocer una agenda de reuniones e interlocutores, cuando deber\u00edan estar ac\u00e1 discutiendo el presupuesto con nosotros\u201d.<\/p>\n\n\n\n<p>Por \u00faltimo, la diputada entrerriana subray\u00f3 que la sesi\u00f3n fue clave \u201cera un temario amplio y con acuerdos entre distintos bloques\u201d, incluyendo temas como el cumplimiento de la ley de emergencia y discapacidad, el funcionamiento de la bicameral de ni\u00f1ez y adolescencia y la designaci\u00f3n del Defensor de Ni\u00f1as, Ni\u00f1os y Adolescentes.<\/p>\n\n\n\n<p>\u201cHoy dimos una se\u00f1al clara: el Congreso est\u00e1 para debatir y poner l\u00edmites cuando el Ejecutivo avanza sobre sus atribuciones\u201d, concluy\u00f3 Osuna.<\/p>\n","protected":false},"excerpt":{"rendered":"<p>\u201cLogramos sancionar la reforma de la Ley de Decretos de Necesidad y Urgencia, era necesaria para delimitar el uso discrecional que el presidente hace de esta herramienta\u201d, destac\u00f3 la diputada nacional Blanca Osuna. Durante la sesi\u00f3n especial en la C\u00e1mara de Diputados se logr\u00f3 el qu\u00f3rum necesario a pesar de las presiones y maniobras del [&hellip;]<\/p>\n","protected":false},"author":4,"featured_media":5066,"comment_status":"open","ping_status":"open","sticky":false,"template":"","format":"standard","meta":{"footnotes":""},"categories":[22],"tags":[],"class_list":{"0":"post-5065","1":"post","2":"type-post","3":"status-publish","4":"format-standard","5":"has-post-thumbnail","7":"category-politica"},"yoast_head":"<!-- This site is optimized with the Yoast SEO plugin v27.4 - https:\/\/yoast.com\/product\/yoast-seo-wordpress\/ -->\n<title>Osuna: \u201cEra necesario ponerle un freno al uso discrecional de los DNU y recuperar el rol del Congreso\u201d - Diario del Sur<\/title>\n<meta name=\"robots\" content=\"index, follow, max-snippet:-1, max-image-preview:large, max-video-preview:-1\" \/>\n<link rel=\"canonical\" href=\"https:\/\/diariodelsurdigital.com.ar\/?p=5065\" \/>\n<meta property=\"og:locale\" content=\"es_ES\" \/>\n<meta property=\"og:type\" content=\"article\" \/>\n<meta property=\"og:title\" content=\"Osuna: \u201cEra necesario ponerle un freno al uso discrecional de los DNU y recuperar el rol del Congreso\u201d - Diario del Sur\" \/>\n<meta property=\"og:description\" content=\"\u201cLogramos sancionar la reforma de la Ley de Decretos de Necesidad y Urgencia, era necesaria para delimitar el uso discrecional que el presidente hace de esta herramienta\u201d, destac\u00f3 la diputada nacional Blanca Osuna. Durante la sesi\u00f3n especial en la C\u00e1mara de Diputados se logr\u00f3 el qu\u00f3rum necesario a pesar de las presiones y maniobras del [&hellip;]\" \/>\n<meta property=\"og:url\" content=\"https:\/\/diariodelsurdigital.com.ar\/?p=5065\" \/>\n<meta property=\"og:site_name\" content=\"Diario del Sur\" \/>\n<meta property=\"article:published_time\" content=\"2025-10-10T13:43:53+00:00\" \/>\n<meta property=\"article:modified_time\" content=\"2025-10-10T13:43:54+00:00\" \/>\n<meta property=\"og:image\" content=\"https:\/\/diariodelsurdigital.com.ar\/wp-content\/uploads\/2025\/10\/md-20.webp\" \/>\n\t<meta property=\"og:image:width\" content=\"992\" \/>\n\t<meta property=\"og:image:height\" content=\"658\" \/>\n\t<meta property=\"og:image:type\" content=\"image\/webp\" \/>\n<meta name=\"author\" content=\"Diario del Sur Digital\" \/>\n<meta name=\"twitter:card\" content=\"summary_large_image\" \/>\n<meta name=\"twitter:label1\" content=\"Escrito por\" \/>\n\t<meta name=\"twitter:data1\" content=\"Diario del Sur Digital\" \/>\n\t<meta name=\"twitter:label2\" content=\"Tiempo de lectura\" \/>\n\t<meta name=\"twitter:data2\" content=\"2 minutos\" \/>\n<script type=\"application\/ld+json\" class=\"yoast-schema-graph\">{\"@context\":\"https:\\\/\\\/schema.org\",\"@graph\":[{\"@type\":\"Article\",\"@id\":\"https:\\\/\\\/diariodelsurdigital.com.ar\\\/?p=5065#article\",\"isPartOf\":{\"@id\":\"https:\\\/\\\/diariodelsurdigital.com.ar\\\/?p=5065\"},\"author\":{\"name\":\"Diario del Sur Digital\",\"@id\":\"https:\\\/\\\/diariodelsurdigital.com.ar\\\/#\\\/schema\\\/person\\\/1a4992532ed62965c968031b49195c81\"},\"headline\":\"Osuna: \u201cEra necesario ponerle un freno al uso discrecional de los DNU y recuperar el rol del Congreso\u201d\",\"datePublished\":\"2025-10-10T13:43:53+00:00\",\"dateModified\":\"2025-10-10T13:43:54+00:00\",\"mainEntityOfPage\":{\"@id\":\"https:\\\/\\\/diariodelsurdigital.com.ar\\\/?p=5065\"},\"wordCount\":344,\"commentCount\":0,\"image\":{\"@id\":\"https:\\\/\\\/diariodelsurdigital.com.ar\\\/?p=5065#primaryimage\"},\"thumbnailUrl\":\"https:\\\/\\\/diariodelsurdigital.com.ar\\\/wp-content\\\/uploads\\\/2025\\\/10\\\/md-20.webp\",\"articleSection\":[\"Pol\u00edtica\"],\"inLanguage\":\"es\",\"potentialAction\":[{\"@type\":\"CommentAction\",\"name\":\"Comment\",\"target\":[\"https:\\\/\\\/diariodelsurdigital.com.ar\\\/?p=5065#respond\"]}]},{\"@type\":\"WebPage\",\"@id\":\"https:\\\/\\\/diariodelsurdigital.com.ar\\\/?p=5065\",\"url\":\"https:\\\/\\\/diariodelsurdigital.com.ar\\\/?p=5065\",\"name\":\"Osuna: \u201cEra necesario ponerle un freno al uso discrecional de los DNU y recuperar el rol del Congreso\u201d - Diario del Sur\",\"isPartOf\":{\"@id\":\"https:\\\/\\\/diariodelsurdigital.com.ar\\\/#website\"},\"primaryImageOfPage\":{\"@id\":\"https:\\\/\\\/diariodelsurdigital.com.ar\\\/?p=5065#primaryimage\"},\"image\":{\"@id\":\"https:\\\/\\\/diariodelsurdigital.com.ar\\\/?p=5065#primaryimage\"},\"thumbnailUrl\":\"https:\\\/\\\/diariodelsurdigital.com.ar\\\/wp-content\\\/uploads\\\/2025\\\/10\\\/md-20.webp\",\"datePublished\":\"2025-10-10T13:43:53+00:00\",\"dateModified\":\"2025-10-10T13:43:54+00:00\",\"author\":{\"@id\":\"https:\\\/\\\/diariodelsurdigital.com.ar\\\/#\\\/schema\\\/person\\\/1a4992532ed62965c968031b49195c81\"},\"breadcrumb\":{\"@id\":\"https:\\\/\\\/diariodelsurdigital.com.ar\\\/?p=5065#breadcrumb\"},\"inLanguage\":\"es\",\"potentialAction\":[{\"@type\":\"ReadAction\",\"target\":[\"https:\\\/\\\/diariodelsurdigital.com.ar\\\/?p=5065\"]}]},{\"@type\":\"ImageObject\",\"inLanguage\":\"es\",\"@id\":\"https:\\\/\\\/diariodelsurdigital.com.ar\\\/?p=5065#primaryimage\",\"url\":\"https:\\\/\\\/diariodelsurdigital.com.ar\\\/wp-content\\\/uploads\\\/2025\\\/10\\\/md-20.webp\",\"contentUrl\":\"https:\\\/\\\/diariodelsurdigital.com.ar\\\/wp-content\\\/uploads\\\/2025\\\/10\\\/md-20.webp\",\"width\":992,\"height\":658},{\"@type\":\"BreadcrumbList\",\"@id\":\"https:\\\/\\\/diariodelsurdigital.com.ar\\\/?p=5065#breadcrumb\",\"itemListElement\":[{\"@type\":\"ListItem\",\"position\":1,\"name\":\"Portada\",\"item\":\"https:\\\/\\\/diariodelsurdigital.com.ar\\\/\"},{\"@type\":\"ListItem\",\"position\":2,\"name\":\"Osuna: \u201cEra necesario ponerle un freno al uso discrecional de los DNU y recuperar el rol del Congreso\u201d\"}]},{\"@type\":\"WebSite\",\"@id\":\"https:\\\/\\\/diariodelsurdigital.com.ar\\\/#website\",\"url\":\"https:\\\/\\\/diariodelsurdigital.com.ar\\\/\",\"name\":\"Diario del Sur\",\"description\":\"Digital\",\"potentialAction\":[{\"@type\":\"SearchAction\",\"target\":{\"@type\":\"EntryPoint\",\"urlTemplate\":\"https:\\\/\\\/diariodelsurdigital.com.ar\\\/?s={search_term_string}\"},\"query-input\":{\"@type\":\"PropertyValueSpecification\",\"valueRequired\":true,\"valueName\":\"search_term_string\"}}],\"inLanguage\":\"es\"},{\"@type\":\"Person\",\"@id\":\"https:\\\/\\\/diariodelsurdigital.com.ar\\\/#\\\/schema\\\/person\\\/1a4992532ed62965c968031b49195c81\",\"name\":\"Diario del Sur Digital\",\"image\":{\"@type\":\"ImageObject\",\"inLanguage\":\"es\",\"@id\":\"https:\\\/\\\/secure.gravatar.com\\\/avatar\\\/f0c7c47fc7146d19828273b9b8eda651c9c7ab583767e6338d3d3bee825adf76?s=96&d=mm&r=g\",\"url\":\"https:\\\/\\\/secure.gravatar.com\\\/avatar\\\/f0c7c47fc7146d19828273b9b8eda651c9c7ab583767e6338d3d3bee825adf76?s=96&d=mm&r=g\",\"contentUrl\":\"https:\\\/\\\/secure.gravatar.com\\\/avatar\\\/f0c7c47fc7146d19828273b9b8eda651c9c7ab583767e6338d3d3bee825adf76?s=96&d=mm&r=g\",\"caption\":\"Diario del Sur Digital\"},\"url\":\"https:\\\/\\\/diariodelsurdigital.com.ar\\\/?author=4\"}]}<\/script>\n<!-- \/ Yoast SEO plugin. -->","yoast_head_json":{"title":"Osuna: \u201cEra necesario ponerle un freno al uso discrecional de los DNU y recuperar el rol del Congreso\u201d - Diario del Sur","robots":{"index":"index","follow":"follow","max-snippet":"max-snippet:-1","max-image-preview":"max-image-preview:large","max-video-preview":"max-video-preview:-1"},"canonical":"https:\/\/diariodelsurdigital.com.ar\/?p=5065","og_locale":"es_ES","og_type":"article","og_title":"Osuna: \u201cEra necesario ponerle un freno al uso discrecional de los DNU y recuperar el rol del Congreso\u201d - Diario del Sur","og_description":"\u201cLogramos sancionar la reforma de la Ley de Decretos de Necesidad y Urgencia, era necesaria para delimitar el uso discrecional que el presidente hace de esta herramienta\u201d, destac\u00f3 la diputada nacional Blanca Osuna. Durante la sesi\u00f3n especial en la C\u00e1mara de Diputados se logr\u00f3 el qu\u00f3rum necesario a pesar de las presiones y maniobras del [&hellip;]","og_url":"https:\/\/diariodelsurdigital.com.ar\/?p=5065","og_site_name":"Diario del Sur","article_published_time":"2025-10-10T13:43:53+00:00","article_modified_time":"2025-10-10T13:43:54+00:00","og_image":[{"width":992,"height":658,"url":"https:\/\/diariodelsurdigital.com.ar\/wp-content\/uploads\/2025\/10\/md-20.webp","type":"image\/webp"}],"author":"Diario del Sur Digital","twitter_card":"summary_large_image","twitter_misc":{"Escrito por":"Diario del Sur Digital","Tiempo de lectura":"2 minutos"},"schema":{"@context":"https:\/\/schema.org","@graph":[{"@type":"Article","@id":"https:\/\/diariodelsurdigital.com.ar\/?p=5065#article","isPartOf":{"@id":"https:\/\/diariodelsurdigital.com.ar\/?p=5065"},"author":{"name":"Diario del Sur Digital","@id":"https:\/\/diariodelsurdigital.com.ar\/#\/schema\/person\/1a4992532ed62965c968031b49195c81"},"headline":"Osuna: \u201cEra necesario ponerle un freno al uso discrecional de los DNU y recuperar el rol del Congreso\u201d","datePublished":"2025-10-10T13:43:53+00:00","dateModified":"2025-10-10T13:43:54+00:00","mainEntityOfPage":{"@id":"https:\/\/diariodelsurdigital.com.ar\/?p=5065"},"wordCount":344,"commentCount":0,"image":{"@id":"https:\/\/diariodelsurdigital.com.ar\/?p=5065#primaryimage"},"thumbnailUrl":"https:\/\/diariodelsurdigital.com.ar\/wp-content\/uploads\/2025\/10\/md-20.webp","articleSection":["Pol\u00edtica"],"inLanguage":"es","potentialAction":[{"@type":"CommentAction","name":"Comment","target":["https:\/\/diariodelsurdigital.com.ar\/?p=5065#respond"]}]},{"@type":"WebPage","@id":"https:\/\/diariodelsurdigital.com.ar\/?p=5065","url":"https:\/\/diariodelsurdigital.com.ar\/?p=5065","name":"Osuna: \u201cEra necesario ponerle un freno al uso discrecional de los DNU y recuperar el rol del Congreso\u201d - Diario del Sur","isPartOf":{"@id":"https:\/\/diariodelsurdigital.com.ar\/#website"},"primaryImageOfPage":{"@id":"https:\/\/diariodelsurdigital.com.ar\/?p=5065#primaryimage"},"image":{"@id":"https:\/\/diariodelsurdigital.com.ar\/?p=5065#primaryimage"},"thumbnailUrl":"https:\/\/diariodelsurdigital.com.ar\/wp-content\/uploads\/2025\/10\/md-20.webp","datePublished":"2025-10-10T13:43:53+00:00","dateModified":"2025-10-10T13:43:54+00:00","author":{"@id":"https:\/\/diariodelsurdigital.com.ar\/#\/schema\/person\/1a4992532ed62965c968031b49195c81"},"breadcrumb":{"@id":"https:\/\/diariodelsurdigital.com.ar\/?p=5065#breadcrumb"},"inLanguage":"es","potentialAction":[{"@type":"ReadAction","target":["https:\/\/diariodelsurdigital.com.ar\/?p=5065"]}]},{"@type":"ImageObject","inLanguage":"es","@id":"https:\/\/diariodelsurdigital.com.ar\/?p=5065#primaryimage","url":"https:\/\/diariodelsurdigital.com.ar\/wp-content\/uploads\/2025\/10\/md-20.webp","contentUrl":"https:\/\/diariodelsurdigital.com.ar\/wp-content\/uploads\/2025\/10\/md-20.webp","width":992,"height":658},{"@type":"BreadcrumbList","@id":"https:\/\/diariodelsurdigital.com.ar\/?p=5065#breadcrumb","itemListElement":[{"@type":"ListItem","position":1,"name":"Portada","item":"https:\/\/diariodelsurdigital.com.ar\/"},{"@type":"ListItem","position":2,"name":"Osuna: \u201cEra necesario ponerle un freno al uso discrecional de los DNU y recuperar el rol del Congreso\u201d"}]},{"@type":"WebSite","@id":"https:\/\/diariodelsurdigital.com.ar\/#website","url":"https:\/\/diariodelsurdigital.com.ar\/","name":"Diario del Sur","description":"Digital","potentialAction":[{"@type":"SearchAction","target":{"@type":"EntryPoint","urlTemplate":"https:\/\/diariodelsurdigital.com.ar\/?s={search_term_string}"},"query-input":{"@type":"PropertyValueSpecification","valueRequired":true,"valueName":"search_term_string"}}],"inLanguage":"es"},{"@type":"Person","@id":"https:\/\/diariodelsurdigital.com.ar\/#\/schema\/person\/1a4992532ed62965c968031b49195c81","name":"Diario del Sur Digital","image":{"@type":"ImageObject","inLanguage":"es","@id":"https:\/\/secure.gravatar.com\/avatar\/f0c7c47fc7146d19828273b9b8eda651c9c7ab583767e6338d3d3bee825adf76?s=96&d=mm&r=g","url":"https:\/\/secure.gravatar.com\/avatar\/f0c7c47fc7146d19828273b9b8eda651c9c7ab583767e6338d3d3bee825adf76?s=96&d=mm&r=g","contentUrl":"https:\/\/secure.gravatar.com\/avatar\/f0c7c47fc7146d19828273b9b8eda651c9c7ab583767e6338d3d3bee825adf76?s=96&d=mm&r=g","caption":"Diario del Sur Digital"},"url":"https:\/\/diariodelsurdigital.com.ar\/?author=4"}]}},"_links":{"self":[{"href":"https:\/\/diariodelsurdigital.com.ar\/index.php?rest_route=\/wp\/v2\/posts\/5065","targetHints":{"allow":["GET"]}}],"collection":[{"href":"https:\/\/diariodelsurdigital.com.ar\/index.php?rest_route=\/wp\/v2\/posts"}],"about":[{"href":"https:\/\/diariodelsurdigital.com.ar\/index.php?rest_route=\/wp\/v2\/types\/post"}],"author":[{"embeddable":true,"href":"https:\/\/diariodelsurdigital.com.ar\/index.php?rest_route=\/wp\/v2\/users\/4"}],"replies":[{"embeddable":true,"href":"https:\/\/diariodelsurdigital.com.ar\/index.php?rest_route=%2Fwp%2Fv2%2Fcomments&post=5065"}],"version-history":[{"count":1,"href":"https:\/\/diariodelsurdigital.com.ar\/index.php?rest_route=\/wp\/v2\/posts\/5065\/revisions"}],"predecessor-version":[{"id":5067,"href":"https:\/\/diariodelsurdigital.com.ar\/index.php?rest_route=\/wp\/v2\/posts\/5065\/revisions\/5067"}],"wp:featuredmedia":[{"embeddable":true,"href":"https:\/\/diariodelsurdigital.com.ar\/index.php?rest_route=\/wp\/v2\/media\/5066"}],"wp:attachment":[{"href":"https:\/\/diariodelsurdigital.com.ar\/index.php?rest_route=%2Fwp%2Fv2%2Fmedia&parent=5065"}],"wp:term":[{"taxonomy":"category","embeddable":true,"href":"https:\/\/diariodelsurdigital.com.ar\/index.php?rest_route=%2Fwp%2Fv2%2Fcategories&post=5065"},{"taxonomy":"post_tag","embeddable":true,"href":"https:\/\/diariodelsurdigital.com.ar\/index.php?rest_route=%2Fwp%2Fv2%2Ftags&post=5065"}],"curies":[{"name":"wp","href":"https:\/\/api.w.org\/{rel}","templated":true}]}}