{"id":5068,"date":"2025-10-10T20:13:49","date_gmt":"2025-10-10T23:13:49","guid":{"rendered":"https:\/\/diariodelsurdigital.com.ar\/?p=5068"},"modified":"2025-10-10T20:19:19","modified_gmt":"2025-10-10T23:19:19","slug":"lanzamiento-oficial-de-la-tercer-edicion-de-la-expo-navidad-2025-en-puerto-yerua","status":"publish","type":"post","link":"https:\/\/diariodelsurdigital.com.ar\/?p=5068","title":{"rendered":"Lanzamiento Oficial de la Tercer Edici\u00f3n de la EXPO NAVIDAD 2025 en Puerto Yeru\u00e1"},"content":{"rendered":"\n<p><strong>Un Evento de Arte, Cultura y Tradici\u00f3n<\/strong><\/p>\n\n\n\n<p>Este viernes 10 de octubre, a las 10 de la ma\u00f1ana, el caf\u00e9 bar Richmond de Concordia, cedido gentilmente por su propietario Leandro Lapiduz, fue el escenario elegido para el lanzamiento de la esperada tercera edici\u00f3n de la<strong> EXPO NAVIDAD 2025<\/strong>. Declarada de inter\u00e9s Tur\u00edstico por la Secretar\u00eda de Turismo de la Provincia. El evento, que promete ser una experiencia inolvidable para toda la familia, se realizar\u00e1 en Puerto Yeru\u00e1 y congregar\u00e1 a m\u00e1s de 100 expositores, artistas locales y regionales, y propuestas para todos los gustos.<\/p>\n\n\n\n<p>La presentaci\u00f3n cont\u00f3 con la presencia de diversos medios de comunicaci\u00f3n de la ciudad de Concordia, quienes tuvieron la oportunidad de dialogar con las organizadoras: Andrea Catalini, gestora y creadora del evento; Natalia Sandri, reconocida artesana y tallerista de la regi\u00f3n; Valeria Packowzki; Julieta Ferrer; y Micaela Penco. Ellas compartieron los detalles de esta iniciativa que, a\u00f1o tras a\u00f1o, se consolida como un referente en la agenda cultural y comercial de la zona.<\/p>\n\n\n\n<p><strong>La EXPO NAVIDAD 2025<\/strong>, se destaca por su diversidad y riqueza. M\u00e1s de 100 expositores, entre artesanos y emprendedores, presentar\u00e1n sus creaciones \u00fanicas. Adem\u00e1s, habr\u00e1 un vibrante patio gastron\u00f3mico para deleitar paladares, y un espacio de juegos especialmente dise\u00f1ado para los m\u00e1s peque\u00f1os. A lo largo de los tres d\u00edas del evento, se ofrecer\u00e1n una variada agenda de talleres y charlas sobre arte, decoraci\u00f3n, moda y belleza, enriqueciendo la experiencia de los visitantes.<\/p>\n\n\n\n<p>Los desfiles ser\u00e1n protagonistas, una gran pasarela de modas que mostrar\u00e1 el talento de dise\u00f1adores y emprendedores, y un emotivo desfile navide\u00f1o donde diferentes instituciones locales, lucir\u00e1n atuendos caracter\u00edsticos de la festividad. La m\u00fasica y el arte tambi\u00e9n dir\u00e1n presente con shows de artistas locales y de la regi\u00f3n, sum\u00e1ndose los ballets folkl\u00f3ricos de Puerto Yeru\u00e1, Concordia y localidades aleda\u00f1as, prometiendo un espect\u00e1culo de gran nivel.<\/p>\n\n\n\n<p>La programaci\u00f3n de la<strong> EXPO NAVIDAD 2025<\/strong> est\u00e1 pensada para ofrecer experiencias \u00fanicas cada d\u00eda:<\/p>\n\n\n\n<p><strong>Viernes: Navidad con Tradici\u00f3n y Cultura.<\/strong> Una jornada dedicada a las ra\u00edces y lo popular, con espect\u00e1culos folkl\u00f3ricos, ballets y la actuaci\u00f3n del reconocido artista Roberto Viera. Se ofrecer\u00e1n tambi\u00e9n talleres y charlas de arte y decoraci\u00f3n.<\/p>\n\n\n\n<p><strong>S\u00e1bado: Navidad con Estilo y Brillo.<\/strong> El d\u00eda se centrar\u00e1 en la moda, la belleza y el bienestar. Incluir\u00e1 un gran desfile de moda, talleres de maquillaje y cuidado personal, charlas con influencers y el esperado cierre musical a cargo del grupo Los Cachorros.<\/p>\n\n\n\n<p><strong>Domingo: Fantas\u00eda y Esp\u00edritu Navide\u00f1o.<\/strong> La jornada final ser\u00e1 m\u00e1gica, con todo el esp\u00edritu navide\u00f1o en su m\u00e1xima expresi\u00f3n. Habr\u00e1 talleres infantiles, un desfile navide\u00f1o con personajes y agrupaciones locales, la esperada visita de Pap\u00e1 Noel y el cierre del evento de la mano de Alejandro Quintana.<\/p>\n\n\n\n<p><strong>La EXPO NAVIDAD 2025<\/strong> se perfila como una cita imperdible para disfrutar en familia, celebrar la creatividad y vivir la magia de las fiestas en un entorno natural privilegiado como Puerto Yeru\u00e1.<\/p>\n\n\n\n<figure class=\"wp-block-image size-full\"><img loading=\"lazy\" decoding=\"async\" width=\"436\" height=\"318\" src=\"https:\/\/diariodelsurdigital.com.ar\/wp-content\/uploads\/2025\/10\/Imagen-de-WhatsApp-2025-10-10-a-las-17.16.17_2b251376.jpg\" alt=\"\" class=\"wp-image-5070\" srcset=\"https:\/\/diariodelsurdigital.com.ar\/wp-content\/uploads\/2025\/10\/Imagen-de-WhatsApp-2025-10-10-a-las-17.16.17_2b251376.jpg 436w, https:\/\/diariodelsurdigital.com.ar\/wp-content\/uploads\/2025\/10\/Imagen-de-WhatsApp-2025-10-10-a-las-17.16.17_2b251376-300x219.jpg 300w, https:\/\/diariodelsurdigital.com.ar\/wp-content\/uploads\/2025\/10\/Imagen-de-WhatsApp-2025-10-10-a-las-17.16.17_2b251376-324x235.jpg 324w\" sizes=\"auto, (max-width: 436px) 100vw, 436px\" \/><\/figure>\n","protected":false},"excerpt":{"rendered":"<p>Un Evento de Arte, Cultura y Tradici\u00f3n Este viernes 10 de octubre, a las 10 de la ma\u00f1ana, el caf\u00e9 bar Richmond de Concordia, cedido gentilmente por su propietario Leandro Lapiduz, fue el escenario elegido para el lanzamiento de la esperada tercera edici\u00f3n de la EXPO NAVIDAD 2025. Declarada de inter\u00e9s Tur\u00edstico por la Secretar\u00eda [&hellip;]<\/p>\n","protected":false},"author":2,"featured_media":5069,"comment_status":"open","ping_status":"open","sticky":false,"template":"","format":"standard","meta":{"footnotes":""},"categories":[19,16],"tags":[],"class_list":{"0":"post-5068","1":"post","2":"type-post","3":"status-publish","4":"format-standard","5":"has-post-thumbnail","7":"category-interes-general","8":"category-locales"},"yoast_head":"<!-- This site is optimized with the Yoast SEO plugin v27.4 - https:\/\/yoast.com\/product\/yoast-seo-wordpress\/ -->\n<title>Lanzamiento Oficial de la Tercer Edici\u00f3n de la EXPO NAVIDAD 2025 en Puerto Yeru\u00e1 - Diario del Sur<\/title>\n<meta name=\"robots\" content=\"index, follow, max-snippet:-1, max-image-preview:large, max-video-preview:-1\" \/>\n<link rel=\"canonical\" href=\"https:\/\/diariodelsurdigital.com.ar\/?p=5068\" \/>\n<meta property=\"og:locale\" content=\"es_ES\" \/>\n<meta property=\"og:type\" content=\"article\" \/>\n<meta property=\"og:title\" content=\"Lanzamiento Oficial de la Tercer Edici\u00f3n de la EXPO NAVIDAD 2025 en Puerto Yeru\u00e1 - Diario del Sur\" \/>\n<meta property=\"og:description\" content=\"Un Evento de Arte, Cultura y Tradici\u00f3n Este viernes 10 de octubre, a las 10 de la ma\u00f1ana, el caf\u00e9 bar Richmond de Concordia, cedido gentilmente por su propietario Leandro Lapiduz, fue el escenario elegido para el lanzamiento de la esperada tercera edici\u00f3n de la EXPO NAVIDAD 2025. Declarada de inter\u00e9s Tur\u00edstico por la Secretar\u00eda [&hellip;]\" \/>\n<meta property=\"og:url\" content=\"https:\/\/diariodelsurdigital.com.ar\/?p=5068\" \/>\n<meta property=\"og:site_name\" content=\"Diario del Sur\" \/>\n<meta property=\"article:published_time\" content=\"2025-10-10T23:13:49+00:00\" \/>\n<meta property=\"article:modified_time\" content=\"2025-10-10T23:19:19+00:00\" \/>\n<meta property=\"og:image\" content=\"https:\/\/diariodelsurdigital.com.ar\/wp-content\/uploads\/2025\/10\/Imagen-de-WhatsApp-2025-10-10-a-las-17.16.16_c0b37651.jpg\" \/>\n\t<meta property=\"og:image:width\" content=\"448\" \/>\n\t<meta property=\"og:image:height\" content=\"309\" \/>\n\t<meta property=\"og:image:type\" content=\"image\/jpeg\" \/>\n<meta name=\"author\" content=\"Diario del Sur Digital\" \/>\n<meta name=\"twitter:card\" content=\"summary_large_image\" \/>\n<meta name=\"twitter:label1\" content=\"Escrito por\" \/>\n\t<meta name=\"twitter:data1\" content=\"Diario del Sur Digital\" \/>\n\t<meta name=\"twitter:label2\" content=\"Tiempo de lectura\" \/>\n\t<meta name=\"twitter:data2\" content=\"3 minutos\" \/>\n<script type=\"application\/ld+json\" class=\"yoast-schema-graph\">{\"@context\":\"https:\\\/\\\/schema.org\",\"@graph\":[{\"@type\":\"Article\",\"@id\":\"https:\\\/\\\/diariodelsurdigital.com.ar\\\/?p=5068#article\",\"isPartOf\":{\"@id\":\"https:\\\/\\\/diariodelsurdigital.com.ar\\\/?p=5068\"},\"author\":{\"name\":\"Diario del Sur Digital\",\"@id\":\"https:\\\/\\\/diariodelsurdigital.com.ar\\\/#\\\/schema\\\/person\\\/6136a32571657f7dba980b88b04c5465\"},\"headline\":\"Lanzamiento Oficial de la Tercer Edici\u00f3n de la EXPO NAVIDAD 2025 en Puerto Yeru\u00e1\",\"datePublished\":\"2025-10-10T23:13:49+00:00\",\"dateModified\":\"2025-10-10T23:19:19+00:00\",\"mainEntityOfPage\":{\"@id\":\"https:\\\/\\\/diariodelsurdigital.com.ar\\\/?p=5068\"},\"wordCount\":543,\"commentCount\":0,\"image\":{\"@id\":\"https:\\\/\\\/diariodelsurdigital.com.ar\\\/?p=5068#primaryimage\"},\"thumbnailUrl\":\"https:\\\/\\\/diariodelsurdigital.com.ar\\\/wp-content\\\/uploads\\\/2025\\\/10\\\/Imagen-de-WhatsApp-2025-10-10-a-las-17.16.16_c0b37651.jpg\",\"articleSection\":[\"Inter\u00e9s General\",\"Locales\"],\"inLanguage\":\"es\",\"potentialAction\":[{\"@type\":\"CommentAction\",\"name\":\"Comment\",\"target\":[\"https:\\\/\\\/diariodelsurdigital.com.ar\\\/?p=5068#respond\"]}]},{\"@type\":\"WebPage\",\"@id\":\"https:\\\/\\\/diariodelsurdigital.com.ar\\\/?p=5068\",\"url\":\"https:\\\/\\\/diariodelsurdigital.com.ar\\\/?p=5068\",\"name\":\"Lanzamiento Oficial de la Tercer Edici\u00f3n de la EXPO NAVIDAD 2025 en Puerto Yeru\u00e1 - Diario del Sur\",\"isPartOf\":{\"@id\":\"https:\\\/\\\/diariodelsurdigital.com.ar\\\/#website\"},\"primaryImageOfPage\":{\"@id\":\"https:\\\/\\\/diariodelsurdigital.com.ar\\\/?p=5068#primaryimage\"},\"image\":{\"@id\":\"https:\\\/\\\/diariodelsurdigital.com.ar\\\/?p=5068#primaryimage\"},\"thumbnailUrl\":\"https:\\\/\\\/diariodelsurdigital.com.ar\\\/wp-content\\\/uploads\\\/2025\\\/10\\\/Imagen-de-WhatsApp-2025-10-10-a-las-17.16.16_c0b37651.jpg\",\"datePublished\":\"2025-10-10T23:13:49+00:00\",\"dateModified\":\"2025-10-10T23:19:19+00:00\",\"author\":{\"@id\":\"https:\\\/\\\/diariodelsurdigital.com.ar\\\/#\\\/schema\\\/person\\\/6136a32571657f7dba980b88b04c5465\"},\"breadcrumb\":{\"@id\":\"https:\\\/\\\/diariodelsurdigital.com.ar\\\/?p=5068#breadcrumb\"},\"inLanguage\":\"es\",\"potentialAction\":[{\"@type\":\"ReadAction\",\"target\":[\"https:\\\/\\\/diariodelsurdigital.com.ar\\\/?p=5068\"]}]},{\"@type\":\"ImageObject\",\"inLanguage\":\"es\",\"@id\":\"https:\\\/\\\/diariodelsurdigital.com.ar\\\/?p=5068#primaryimage\",\"url\":\"https:\\\/\\\/diariodelsurdigital.com.ar\\\/wp-content\\\/uploads\\\/2025\\\/10\\\/Imagen-de-WhatsApp-2025-10-10-a-las-17.16.16_c0b37651.jpg\",\"contentUrl\":\"https:\\\/\\\/diariodelsurdigital.com.ar\\\/wp-content\\\/uploads\\\/2025\\\/10\\\/Imagen-de-WhatsApp-2025-10-10-a-las-17.16.16_c0b37651.jpg\",\"width\":448,\"height\":309},{\"@type\":\"BreadcrumbList\",\"@id\":\"https:\\\/\\\/diariodelsurdigital.com.ar\\\/?p=5068#breadcrumb\",\"itemListElement\":[{\"@type\":\"ListItem\",\"position\":1,\"name\":\"Portada\",\"item\":\"https:\\\/\\\/diariodelsurdigital.com.ar\\\/\"},{\"@type\":\"ListItem\",\"position\":2,\"name\":\"Lanzamiento Oficial de la Tercer Edici\u00f3n de la EXPO NAVIDAD 2025 en Puerto Yeru\u00e1\"}]},{\"@type\":\"WebSite\",\"@id\":\"https:\\\/\\\/diariodelsurdigital.com.ar\\\/#website\",\"url\":\"https:\\\/\\\/diariodelsurdigital.com.ar\\\/\",\"name\":\"Diario del Sur\",\"description\":\"Digital\",\"potentialAction\":[{\"@type\":\"SearchAction\",\"target\":{\"@type\":\"EntryPoint\",\"urlTemplate\":\"https:\\\/\\\/diariodelsurdigital.com.ar\\\/?s={search_term_string}\"},\"query-input\":{\"@type\":\"PropertyValueSpecification\",\"valueRequired\":true,\"valueName\":\"search_term_string\"}}],\"inLanguage\":\"es\"},{\"@type\":\"Person\",\"@id\":\"https:\\\/\\\/diariodelsurdigital.com.ar\\\/#\\\/schema\\\/person\\\/6136a32571657f7dba980b88b04c5465\",\"name\":\"Diario del Sur Digital\",\"image\":{\"@type\":\"ImageObject\",\"inLanguage\":\"es\",\"@id\":\"https:\\\/\\\/secure.gravatar.com\\\/avatar\\\/4c29ceac98541dd42460b2474aaa5dd37594d6ce6cb3cf2c101d09b48ee287ba?s=96&d=mm&r=g\",\"url\":\"https:\\\/\\\/secure.gravatar.com\\\/avatar\\\/4c29ceac98541dd42460b2474aaa5dd37594d6ce6cb3cf2c101d09b48ee287ba?s=96&d=mm&r=g\",\"contentUrl\":\"https:\\\/\\\/secure.gravatar.com\\\/avatar\\\/4c29ceac98541dd42460b2474aaa5dd37594d6ce6cb3cf2c101d09b48ee287ba?s=96&d=mm&r=g\",\"caption\":\"Diario del Sur Digital\"},\"url\":\"https:\\\/\\\/diariodelsurdigital.com.ar\\\/?author=2\"}]}<\/script>\n<!-- \/ Yoast SEO plugin. -->","yoast_head_json":{"title":"Lanzamiento Oficial de la Tercer Edici\u00f3n de la EXPO NAVIDAD 2025 en Puerto Yeru\u00e1 - Diario del Sur","robots":{"index":"index","follow":"follow","max-snippet":"max-snippet:-1","max-image-preview":"max-image-preview:large","max-video-preview":"max-video-preview:-1"},"canonical":"https:\/\/diariodelsurdigital.com.ar\/?p=5068","og_locale":"es_ES","og_type":"article","og_title":"Lanzamiento Oficial de la Tercer Edici\u00f3n de la EXPO NAVIDAD 2025 en Puerto Yeru\u00e1 - Diario del Sur","og_description":"Un Evento de Arte, Cultura y Tradici\u00f3n Este viernes 10 de octubre, a las 10 de la ma\u00f1ana, el caf\u00e9 bar Richmond de Concordia, cedido gentilmente por su propietario Leandro Lapiduz, fue el escenario elegido para el lanzamiento de la esperada tercera edici\u00f3n de la EXPO NAVIDAD 2025. Declarada de inter\u00e9s Tur\u00edstico por la Secretar\u00eda [&hellip;]","og_url":"https:\/\/diariodelsurdigital.com.ar\/?p=5068","og_site_name":"Diario del Sur","article_published_time":"2025-10-10T23:13:49+00:00","article_modified_time":"2025-10-10T23:19:19+00:00","og_image":[{"width":448,"height":309,"url":"https:\/\/diariodelsurdigital.com.ar\/wp-content\/uploads\/2025\/10\/Imagen-de-WhatsApp-2025-10-10-a-las-17.16.16_c0b37651.jpg","type":"image\/jpeg"}],"author":"Diario del Sur Digital","twitter_card":"summary_large_image","twitter_misc":{"Escrito por":"Diario del Sur Digital","Tiempo de lectura":"3 minutos"},"schema":{"@context":"https:\/\/schema.org","@graph":[{"@type":"Article","@id":"https:\/\/diariodelsurdigital.com.ar\/?p=5068#article","isPartOf":{"@id":"https:\/\/diariodelsurdigital.com.ar\/?p=5068"},"author":{"name":"Diario del Sur Digital","@id":"https:\/\/diariodelsurdigital.com.ar\/#\/schema\/person\/6136a32571657f7dba980b88b04c5465"},"headline":"Lanzamiento Oficial de la Tercer Edici\u00f3n de la EXPO NAVIDAD 2025 en Puerto Yeru\u00e1","datePublished":"2025-10-10T23:13:49+00:00","dateModified":"2025-10-10T23:19:19+00:00","mainEntityOfPage":{"@id":"https:\/\/diariodelsurdigital.com.ar\/?p=5068"},"wordCount":543,"commentCount":0,"image":{"@id":"https:\/\/diariodelsurdigital.com.ar\/?p=5068#primaryimage"},"thumbnailUrl":"https:\/\/diariodelsurdigital.com.ar\/wp-content\/uploads\/2025\/10\/Imagen-de-WhatsApp-2025-10-10-a-las-17.16.16_c0b37651.jpg","articleSection":["Inter\u00e9s General","Locales"],"inLanguage":"es","potentialAction":[{"@type":"CommentAction","name":"Comment","target":["https:\/\/diariodelsurdigital.com.ar\/?p=5068#respond"]}]},{"@type":"WebPage","@id":"https:\/\/diariodelsurdigital.com.ar\/?p=5068","url":"https:\/\/diariodelsurdigital.com.ar\/?p=5068","name":"Lanzamiento Oficial de la Tercer Edici\u00f3n de la EXPO NAVIDAD 2025 en Puerto Yeru\u00e1 - Diario del Sur","isPartOf":{"@id":"https:\/\/diariodelsurdigital.com.ar\/#website"},"primaryImageOfPage":{"@id":"https:\/\/diariodelsurdigital.com.ar\/?p=5068#primaryimage"},"image":{"@id":"https:\/\/diariodelsurdigital.com.ar\/?p=5068#primaryimage"},"thumbnailUrl":"https:\/\/diariodelsurdigital.com.ar\/wp-content\/uploads\/2025\/10\/Imagen-de-WhatsApp-2025-10-10-a-las-17.16.16_c0b37651.jpg","datePublished":"2025-10-10T23:13:49+00:00","dateModified":"2025-10-10T23:19:19+00:00","author":{"@id":"https:\/\/diariodelsurdigital.com.ar\/#\/schema\/person\/6136a32571657f7dba980b88b04c5465"},"breadcrumb":{"@id":"https:\/\/diariodelsurdigital.com.ar\/?p=5068#breadcrumb"},"inLanguage":"es","potentialAction":[{"@type":"ReadAction","target":["https:\/\/diariodelsurdigital.com.ar\/?p=5068"]}]},{"@type":"ImageObject","inLanguage":"es","@id":"https:\/\/diariodelsurdigital.com.ar\/?p=5068#primaryimage","url":"https:\/\/diariodelsurdigital.com.ar\/wp-content\/uploads\/2025\/10\/Imagen-de-WhatsApp-2025-10-10-a-las-17.16.16_c0b37651.jpg","contentUrl":"https:\/\/diariodelsurdigital.com.ar\/wp-content\/uploads\/2025\/10\/Imagen-de-WhatsApp-2025-10-10-a-las-17.16.16_c0b37651.jpg","width":448,"height":309},{"@type":"BreadcrumbList","@id":"https:\/\/diariodelsurdigital.com.ar\/?p=5068#breadcrumb","itemListElement":[{"@type":"ListItem","position":1,"name":"Portada","item":"https:\/\/diariodelsurdigital.com.ar\/"},{"@type":"ListItem","position":2,"name":"Lanzamiento Oficial de la Tercer Edici\u00f3n de la EXPO NAVIDAD 2025 en Puerto Yeru\u00e1"}]},{"@type":"WebSite","@id":"https:\/\/diariodelsurdigital.com.ar\/#website","url":"https:\/\/diariodelsurdigital.com.ar\/","name":"Diario del Sur","description":"Digital","potentialAction":[{"@type":"SearchAction","target":{"@type":"EntryPoint","urlTemplate":"https:\/\/diariodelsurdigital.com.ar\/?s={search_term_string}"},"query-input":{"@type":"PropertyValueSpecification","valueRequired":true,"valueName":"search_term_string"}}],"inLanguage":"es"},{"@type":"Person","@id":"https:\/\/diariodelsurdigital.com.ar\/#\/schema\/person\/6136a32571657f7dba980b88b04c5465","name":"Diario del Sur Digital","image":{"@type":"ImageObject","inLanguage":"es","@id":"https:\/\/secure.gravatar.com\/avatar\/4c29ceac98541dd42460b2474aaa5dd37594d6ce6cb3cf2c101d09b48ee287ba?s=96&d=mm&r=g","url":"https:\/\/secure.gravatar.com\/avatar\/4c29ceac98541dd42460b2474aaa5dd37594d6ce6cb3cf2c101d09b48ee287ba?s=96&d=mm&r=g","contentUrl":"https:\/\/secure.gravatar.com\/avatar\/4c29ceac98541dd42460b2474aaa5dd37594d6ce6cb3cf2c101d09b48ee287ba?s=96&d=mm&r=g","caption":"Diario del Sur Digital"},"url":"https:\/\/diariodelsurdigital.com.ar\/?author=2"}]}},"_links":{"self":[{"href":"https:\/\/diariodelsurdigital.com.ar\/index.php?rest_route=\/wp\/v2\/posts\/5068","targetHints":{"allow":["GET"]}}],"collection":[{"href":"https:\/\/diariodelsurdigital.com.ar\/index.php?rest_route=\/wp\/v2\/posts"}],"about":[{"href":"https:\/\/diariodelsurdigital.com.ar\/index.php?rest_route=\/wp\/v2\/types\/post"}],"author":[{"embeddable":true,"href":"https:\/\/diariodelsurdigital.com.ar\/index.php?rest_route=\/wp\/v2\/users\/2"}],"replies":[{"embeddable":true,"href":"https:\/\/diariodelsurdigital.com.ar\/index.php?rest_route=%2Fwp%2Fv2%2Fcomments&post=5068"}],"version-history":[{"count":3,"href":"https:\/\/diariodelsurdigital.com.ar\/index.php?rest_route=\/wp\/v2\/posts\/5068\/revisions"}],"predecessor-version":[{"id":5073,"href":"https:\/\/diariodelsurdigital.com.ar\/index.php?rest_route=\/wp\/v2\/posts\/5068\/revisions\/5073"}],"wp:featuredmedia":[{"embeddable":true,"href":"https:\/\/diariodelsurdigital.com.ar\/index.php?rest_route=\/wp\/v2\/media\/5069"}],"wp:attachment":[{"href":"https:\/\/diariodelsurdigital.com.ar\/index.php?rest_route=%2Fwp%2Fv2%2Fmedia&parent=5068"}],"wp:term":[{"taxonomy":"category","embeddable":true,"href":"https:\/\/diariodelsurdigital.com.ar\/index.php?rest_route=%2Fwp%2Fv2%2Fcategories&post=5068"},{"taxonomy":"post_tag","embeddable":true,"href":"https:\/\/diariodelsurdigital.com.ar\/index.php?rest_route=%2Fwp%2Fv2%2Ftags&post=5068"}],"curies":[{"name":"wp","href":"https:\/\/api.w.org\/{rel}","templated":true}]}}