{"id":5074,"date":"2025-10-11T13:47:54","date_gmt":"2025-10-11T16:47:54","guid":{"rendered":"https:\/\/diariodelsurdigital.com.ar\/?p=5074"},"modified":"2025-10-11T13:47:55","modified_gmt":"2025-10-11T16:47:55","slug":"rige-alerta-por-tormentas-para-entre-rios","status":"publish","type":"post","link":"https:\/\/diariodelsurdigital.com.ar\/?p=5074","title":{"rendered":"Rige alerta por tormentas para Entre R\u00edos"},"content":{"rendered":"\n<p><\/p>\n\n\n\n<p>Este s\u00e1bado comenz\u00f3 con altas temperaturas y condiciones inestables en Entre R\u00edos, seg\u00fan los pron\u00f3sticos meteorol\u00f3gicos.<\/p>\n\n\n\n<p>En Paran\u00e1, La Paz, Villaguay, Nogoy\u00e1 y Diamante, la m\u00ednima ser\u00e1 de 17 grados y la m\u00e1xima alcanzar\u00e1 los 32. Se anticipa una jornada calurosa, con tormentas hacia la noche.<\/p>\n\n\n\n<p>En tanto, Concordia, Federal, Federaci\u00f3n, Feliciano y San Salvador registrar\u00e1n temperaturas entre 17 y 31 grados. El cielo estar\u00e1 mayormente nublado y se prev\u00e9 la llegada de lluvias tambi\u00e9n en horario nocturno.<\/p>\n\n\n\n<p>Por su parte, en el sur de la provincia, Gualeguaych\u00fa, Col\u00f3n, Uruguay, Tala e Ibicuy tendr\u00e1n 16 grados de m\u00ednima y 30 de m\u00e1xima, con precipitaciones que podr\u00edan comenzar por la tarde y extenderse durante la noche.<\/p>\n\n\n\n<p>Tras el paso del frente lluvioso, se espera un leve descenso de temperatura en la regi\u00f3n. Para este domingo, las m\u00e1ximas se ubicar\u00e1n en torno a los 23 grados, marcando el fin del calor intenso que predomin\u00f3 durante la semana.<\/p>\n\n\n\n<p>Fuente:\u00a0SMN &#8211; Ahora<\/p>\n","protected":false},"excerpt":{"rendered":"<p>Este s\u00e1bado comenz\u00f3 con altas temperaturas y condiciones inestables en Entre R\u00edos, seg\u00fan los pron\u00f3sticos meteorol\u00f3gicos. En Paran\u00e1, La Paz, Villaguay, Nogoy\u00e1 y Diamante, la m\u00ednima ser\u00e1 de 17 grados y la m\u00e1xima alcanzar\u00e1 los 32. Se anticipa una jornada calurosa, con tormentas hacia la noche. En tanto, Concordia, Federal, Federaci\u00f3n, Feliciano y San Salvador [&hellip;]<\/p>\n","protected":false},"author":2,"featured_media":5075,"comment_status":"open","ping_status":"open","sticky":false,"template":"","format":"standard","meta":{"footnotes":""},"categories":[19],"tags":[],"class_list":{"0":"post-5074","1":"post","2":"type-post","3":"status-publish","4":"format-standard","5":"has-post-thumbnail","7":"category-interes-general"},"yoast_head":"<!-- This site is optimized with the Yoast SEO plugin v27.4 - https:\/\/yoast.com\/product\/yoast-seo-wordpress\/ -->\n<title>Rige alerta por tormentas para Entre R\u00edos - Diario del Sur<\/title>\n<meta name=\"robots\" content=\"index, follow, max-snippet:-1, max-image-preview:large, max-video-preview:-1\" \/>\n<link rel=\"canonical\" href=\"https:\/\/diariodelsurdigital.com.ar\/?p=5074\" \/>\n<meta property=\"og:locale\" content=\"es_ES\" \/>\n<meta property=\"og:type\" content=\"article\" \/>\n<meta property=\"og:title\" content=\"Rige alerta por tormentas para Entre R\u00edos - Diario del Sur\" \/>\n<meta property=\"og:description\" content=\"Este s\u00e1bado comenz\u00f3 con altas temperaturas y condiciones inestables en Entre R\u00edos, seg\u00fan los pron\u00f3sticos meteorol\u00f3gicos. En Paran\u00e1, La Paz, Villaguay, Nogoy\u00e1 y Diamante, la m\u00ednima ser\u00e1 de 17 grados y la m\u00e1xima alcanzar\u00e1 los 32. Se anticipa una jornada calurosa, con tormentas hacia la noche. En tanto, Concordia, Federal, Federaci\u00f3n, Feliciano y San Salvador [&hellip;]\" \/>\n<meta property=\"og:url\" content=\"https:\/\/diariodelsurdigital.com.ar\/?p=5074\" \/>\n<meta property=\"og:site_name\" content=\"Diario del Sur\" \/>\n<meta property=\"article:published_time\" content=\"2025-10-11T16:47:54+00:00\" \/>\n<meta property=\"article:modified_time\" content=\"2025-10-11T16:47:55+00:00\" \/>\n<meta property=\"og:image\" content=\"https:\/\/diariodelsurdigital.com.ar\/wp-content\/uploads\/2025\/10\/multimedia.normal.860d82ed7ccde0ff.dG9ybWVudGFzX25vcm1hbC53ZWJw.png\" \/>\n\t<meta property=\"og:image:width\" content=\"447\" \/>\n\t<meta property=\"og:image:height\" content=\"269\" \/>\n\t<meta property=\"og:image:type\" content=\"image\/png\" \/>\n<meta name=\"author\" content=\"Diario del Sur Digital\" \/>\n<meta name=\"twitter:card\" content=\"summary_large_image\" \/>\n<meta name=\"twitter:label1\" content=\"Escrito por\" \/>\n\t<meta name=\"twitter:data1\" content=\"Diario del Sur Digital\" \/>\n\t<meta name=\"twitter:label2\" content=\"Tiempo de lectura\" \/>\n\t<meta name=\"twitter:data2\" content=\"1 minuto\" \/>\n<script type=\"application\/ld+json\" class=\"yoast-schema-graph\">{\"@context\":\"https:\\\/\\\/schema.org\",\"@graph\":[{\"@type\":\"Article\",\"@id\":\"https:\\\/\\\/diariodelsurdigital.com.ar\\\/?p=5074#article\",\"isPartOf\":{\"@id\":\"https:\\\/\\\/diariodelsurdigital.com.ar\\\/?p=5074\"},\"author\":{\"name\":\"Diario del Sur Digital\",\"@id\":\"https:\\\/\\\/diariodelsurdigital.com.ar\\\/#\\\/schema\\\/person\\\/6136a32571657f7dba980b88b04c5465\"},\"headline\":\"Rige alerta por tormentas para Entre R\u00edos\",\"datePublished\":\"2025-10-11T16:47:54+00:00\",\"dateModified\":\"2025-10-11T16:47:55+00:00\",\"mainEntityOfPage\":{\"@id\":\"https:\\\/\\\/diariodelsurdigital.com.ar\\\/?p=5074\"},\"wordCount\":178,\"commentCount\":0,\"image\":{\"@id\":\"https:\\\/\\\/diariodelsurdigital.com.ar\\\/?p=5074#primaryimage\"},\"thumbnailUrl\":\"https:\\\/\\\/diariodelsurdigital.com.ar\\\/wp-content\\\/uploads\\\/2025\\\/10\\\/multimedia.normal.860d82ed7ccde0ff.dG9ybWVudGFzX25vcm1hbC53ZWJw.png\",\"articleSection\":[\"Inter\u00e9s General\"],\"inLanguage\":\"es\",\"potentialAction\":[{\"@type\":\"CommentAction\",\"name\":\"Comment\",\"target\":[\"https:\\\/\\\/diariodelsurdigital.com.ar\\\/?p=5074#respond\"]}]},{\"@type\":\"WebPage\",\"@id\":\"https:\\\/\\\/diariodelsurdigital.com.ar\\\/?p=5074\",\"url\":\"https:\\\/\\\/diariodelsurdigital.com.ar\\\/?p=5074\",\"name\":\"Rige alerta por tormentas para Entre R\u00edos - Diario del Sur\",\"isPartOf\":{\"@id\":\"https:\\\/\\\/diariodelsurdigital.com.ar\\\/#website\"},\"primaryImageOfPage\":{\"@id\":\"https:\\\/\\\/diariodelsurdigital.com.ar\\\/?p=5074#primaryimage\"},\"image\":{\"@id\":\"https:\\\/\\\/diariodelsurdigital.com.ar\\\/?p=5074#primaryimage\"},\"thumbnailUrl\":\"https:\\\/\\\/diariodelsurdigital.com.ar\\\/wp-content\\\/uploads\\\/2025\\\/10\\\/multimedia.normal.860d82ed7ccde0ff.dG9ybWVudGFzX25vcm1hbC53ZWJw.png\",\"datePublished\":\"2025-10-11T16:47:54+00:00\",\"dateModified\":\"2025-10-11T16:47:55+00:00\",\"author\":{\"@id\":\"https:\\\/\\\/diariodelsurdigital.com.ar\\\/#\\\/schema\\\/person\\\/6136a32571657f7dba980b88b04c5465\"},\"breadcrumb\":{\"@id\":\"https:\\\/\\\/diariodelsurdigital.com.ar\\\/?p=5074#breadcrumb\"},\"inLanguage\":\"es\",\"potentialAction\":[{\"@type\":\"ReadAction\",\"target\":[\"https:\\\/\\\/diariodelsurdigital.com.ar\\\/?p=5074\"]}]},{\"@type\":\"ImageObject\",\"inLanguage\":\"es\",\"@id\":\"https:\\\/\\\/diariodelsurdigital.com.ar\\\/?p=5074#primaryimage\",\"url\":\"https:\\\/\\\/diariodelsurdigital.com.ar\\\/wp-content\\\/uploads\\\/2025\\\/10\\\/multimedia.normal.860d82ed7ccde0ff.dG9ybWVudGFzX25vcm1hbC53ZWJw.png\",\"contentUrl\":\"https:\\\/\\\/diariodelsurdigital.com.ar\\\/wp-content\\\/uploads\\\/2025\\\/10\\\/multimedia.normal.860d82ed7ccde0ff.dG9ybWVudGFzX25vcm1hbC53ZWJw.png\",\"width\":447,\"height\":269},{\"@type\":\"BreadcrumbList\",\"@id\":\"https:\\\/\\\/diariodelsurdigital.com.ar\\\/?p=5074#breadcrumb\",\"itemListElement\":[{\"@type\":\"ListItem\",\"position\":1,\"name\":\"Portada\",\"item\":\"https:\\\/\\\/diariodelsurdigital.com.ar\\\/\"},{\"@type\":\"ListItem\",\"position\":2,\"name\":\"Rige alerta por tormentas para Entre R\u00edos\"}]},{\"@type\":\"WebSite\",\"@id\":\"https:\\\/\\\/diariodelsurdigital.com.ar\\\/#website\",\"url\":\"https:\\\/\\\/diariodelsurdigital.com.ar\\\/\",\"name\":\"Diario del Sur\",\"description\":\"Digital\",\"potentialAction\":[{\"@type\":\"SearchAction\",\"target\":{\"@type\":\"EntryPoint\",\"urlTemplate\":\"https:\\\/\\\/diariodelsurdigital.com.ar\\\/?s={search_term_string}\"},\"query-input\":{\"@type\":\"PropertyValueSpecification\",\"valueRequired\":true,\"valueName\":\"search_term_string\"}}],\"inLanguage\":\"es\"},{\"@type\":\"Person\",\"@id\":\"https:\\\/\\\/diariodelsurdigital.com.ar\\\/#\\\/schema\\\/person\\\/6136a32571657f7dba980b88b04c5465\",\"name\":\"Diario del Sur Digital\",\"image\":{\"@type\":\"ImageObject\",\"inLanguage\":\"es\",\"@id\":\"https:\\\/\\\/secure.gravatar.com\\\/avatar\\\/4c29ceac98541dd42460b2474aaa5dd37594d6ce6cb3cf2c101d09b48ee287ba?s=96&d=mm&r=g\",\"url\":\"https:\\\/\\\/secure.gravatar.com\\\/avatar\\\/4c29ceac98541dd42460b2474aaa5dd37594d6ce6cb3cf2c101d09b48ee287ba?s=96&d=mm&r=g\",\"contentUrl\":\"https:\\\/\\\/secure.gravatar.com\\\/avatar\\\/4c29ceac98541dd42460b2474aaa5dd37594d6ce6cb3cf2c101d09b48ee287ba?s=96&d=mm&r=g\",\"caption\":\"Diario del Sur Digital\"},\"url\":\"https:\\\/\\\/diariodelsurdigital.com.ar\\\/?author=2\"}]}<\/script>\n<!-- \/ Yoast SEO plugin. -->","yoast_head_json":{"title":"Rige alerta por tormentas para Entre R\u00edos - Diario del Sur","robots":{"index":"index","follow":"follow","max-snippet":"max-snippet:-1","max-image-preview":"max-image-preview:large","max-video-preview":"max-video-preview:-1"},"canonical":"https:\/\/diariodelsurdigital.com.ar\/?p=5074","og_locale":"es_ES","og_type":"article","og_title":"Rige alerta por tormentas para Entre R\u00edos - Diario del Sur","og_description":"Este s\u00e1bado comenz\u00f3 con altas temperaturas y condiciones inestables en Entre R\u00edos, seg\u00fan los pron\u00f3sticos meteorol\u00f3gicos. En Paran\u00e1, La Paz, Villaguay, Nogoy\u00e1 y Diamante, la m\u00ednima ser\u00e1 de 17 grados y la m\u00e1xima alcanzar\u00e1 los 32. Se anticipa una jornada calurosa, con tormentas hacia la noche. En tanto, Concordia, Federal, Federaci\u00f3n, Feliciano y San Salvador [&hellip;]","og_url":"https:\/\/diariodelsurdigital.com.ar\/?p=5074","og_site_name":"Diario del Sur","article_published_time":"2025-10-11T16:47:54+00:00","article_modified_time":"2025-10-11T16:47:55+00:00","og_image":[{"width":447,"height":269,"url":"https:\/\/diariodelsurdigital.com.ar\/wp-content\/uploads\/2025\/10\/multimedia.normal.860d82ed7ccde0ff.dG9ybWVudGFzX25vcm1hbC53ZWJw.png","type":"image\/png"}],"author":"Diario del Sur Digital","twitter_card":"summary_large_image","twitter_misc":{"Escrito por":"Diario del Sur Digital","Tiempo de lectura":"1 minuto"},"schema":{"@context":"https:\/\/schema.org","@graph":[{"@type":"Article","@id":"https:\/\/diariodelsurdigital.com.ar\/?p=5074#article","isPartOf":{"@id":"https:\/\/diariodelsurdigital.com.ar\/?p=5074"},"author":{"name":"Diario del Sur Digital","@id":"https:\/\/diariodelsurdigital.com.ar\/#\/schema\/person\/6136a32571657f7dba980b88b04c5465"},"headline":"Rige alerta por tormentas para Entre R\u00edos","datePublished":"2025-10-11T16:47:54+00:00","dateModified":"2025-10-11T16:47:55+00:00","mainEntityOfPage":{"@id":"https:\/\/diariodelsurdigital.com.ar\/?p=5074"},"wordCount":178,"commentCount":0,"image":{"@id":"https:\/\/diariodelsurdigital.com.ar\/?p=5074#primaryimage"},"thumbnailUrl":"https:\/\/diariodelsurdigital.com.ar\/wp-content\/uploads\/2025\/10\/multimedia.normal.860d82ed7ccde0ff.dG9ybWVudGFzX25vcm1hbC53ZWJw.png","articleSection":["Inter\u00e9s General"],"inLanguage":"es","potentialAction":[{"@type":"CommentAction","name":"Comment","target":["https:\/\/diariodelsurdigital.com.ar\/?p=5074#respond"]}]},{"@type":"WebPage","@id":"https:\/\/diariodelsurdigital.com.ar\/?p=5074","url":"https:\/\/diariodelsurdigital.com.ar\/?p=5074","name":"Rige alerta por tormentas para Entre R\u00edos - Diario del Sur","isPartOf":{"@id":"https:\/\/diariodelsurdigital.com.ar\/#website"},"primaryImageOfPage":{"@id":"https:\/\/diariodelsurdigital.com.ar\/?p=5074#primaryimage"},"image":{"@id":"https:\/\/diariodelsurdigital.com.ar\/?p=5074#primaryimage"},"thumbnailUrl":"https:\/\/diariodelsurdigital.com.ar\/wp-content\/uploads\/2025\/10\/multimedia.normal.860d82ed7ccde0ff.dG9ybWVudGFzX25vcm1hbC53ZWJw.png","datePublished":"2025-10-11T16:47:54+00:00","dateModified":"2025-10-11T16:47:55+00:00","author":{"@id":"https:\/\/diariodelsurdigital.com.ar\/#\/schema\/person\/6136a32571657f7dba980b88b04c5465"},"breadcrumb":{"@id":"https:\/\/diariodelsurdigital.com.ar\/?p=5074#breadcrumb"},"inLanguage":"es","potentialAction":[{"@type":"ReadAction","target":["https:\/\/diariodelsurdigital.com.ar\/?p=5074"]}]},{"@type":"ImageObject","inLanguage":"es","@id":"https:\/\/diariodelsurdigital.com.ar\/?p=5074#primaryimage","url":"https:\/\/diariodelsurdigital.com.ar\/wp-content\/uploads\/2025\/10\/multimedia.normal.860d82ed7ccde0ff.dG9ybWVudGFzX25vcm1hbC53ZWJw.png","contentUrl":"https:\/\/diariodelsurdigital.com.ar\/wp-content\/uploads\/2025\/10\/multimedia.normal.860d82ed7ccde0ff.dG9ybWVudGFzX25vcm1hbC53ZWJw.png","width":447,"height":269},{"@type":"BreadcrumbList","@id":"https:\/\/diariodelsurdigital.com.ar\/?p=5074#breadcrumb","itemListElement":[{"@type":"ListItem","position":1,"name":"Portada","item":"https:\/\/diariodelsurdigital.com.ar\/"},{"@type":"ListItem","position":2,"name":"Rige alerta por tormentas para Entre R\u00edos"}]},{"@type":"WebSite","@id":"https:\/\/diariodelsurdigital.com.ar\/#website","url":"https:\/\/diariodelsurdigital.com.ar\/","name":"Diario del Sur","description":"Digital","potentialAction":[{"@type":"SearchAction","target":{"@type":"EntryPoint","urlTemplate":"https:\/\/diariodelsurdigital.com.ar\/?s={search_term_string}"},"query-input":{"@type":"PropertyValueSpecification","valueRequired":true,"valueName":"search_term_string"}}],"inLanguage":"es"},{"@type":"Person","@id":"https:\/\/diariodelsurdigital.com.ar\/#\/schema\/person\/6136a32571657f7dba980b88b04c5465","name":"Diario del Sur Digital","image":{"@type":"ImageObject","inLanguage":"es","@id":"https:\/\/secure.gravatar.com\/avatar\/4c29ceac98541dd42460b2474aaa5dd37594d6ce6cb3cf2c101d09b48ee287ba?s=96&d=mm&r=g","url":"https:\/\/secure.gravatar.com\/avatar\/4c29ceac98541dd42460b2474aaa5dd37594d6ce6cb3cf2c101d09b48ee287ba?s=96&d=mm&r=g","contentUrl":"https:\/\/secure.gravatar.com\/avatar\/4c29ceac98541dd42460b2474aaa5dd37594d6ce6cb3cf2c101d09b48ee287ba?s=96&d=mm&r=g","caption":"Diario del Sur Digital"},"url":"https:\/\/diariodelsurdigital.com.ar\/?author=2"}]}},"_links":{"self":[{"href":"https:\/\/diariodelsurdigital.com.ar\/index.php?rest_route=\/wp\/v2\/posts\/5074","targetHints":{"allow":["GET"]}}],"collection":[{"href":"https:\/\/diariodelsurdigital.com.ar\/index.php?rest_route=\/wp\/v2\/posts"}],"about":[{"href":"https:\/\/diariodelsurdigital.com.ar\/index.php?rest_route=\/wp\/v2\/types\/post"}],"author":[{"embeddable":true,"href":"https:\/\/diariodelsurdigital.com.ar\/index.php?rest_route=\/wp\/v2\/users\/2"}],"replies":[{"embeddable":true,"href":"https:\/\/diariodelsurdigital.com.ar\/index.php?rest_route=%2Fwp%2Fv2%2Fcomments&post=5074"}],"version-history":[{"count":1,"href":"https:\/\/diariodelsurdigital.com.ar\/index.php?rest_route=\/wp\/v2\/posts\/5074\/revisions"}],"predecessor-version":[{"id":5076,"href":"https:\/\/diariodelsurdigital.com.ar\/index.php?rest_route=\/wp\/v2\/posts\/5074\/revisions\/5076"}],"wp:featuredmedia":[{"embeddable":true,"href":"https:\/\/diariodelsurdigital.com.ar\/index.php?rest_route=\/wp\/v2\/media\/5075"}],"wp:attachment":[{"href":"https:\/\/diariodelsurdigital.com.ar\/index.php?rest_route=%2Fwp%2Fv2%2Fmedia&parent=5074"}],"wp:term":[{"taxonomy":"category","embeddable":true,"href":"https:\/\/diariodelsurdigital.com.ar\/index.php?rest_route=%2Fwp%2Fv2%2Fcategories&post=5074"},{"taxonomy":"post_tag","embeddable":true,"href":"https:\/\/diariodelsurdigital.com.ar\/index.php?rest_route=%2Fwp%2Fv2%2Ftags&post=5074"}],"curies":[{"name":"wp","href":"https:\/\/api.w.org\/{rel}","templated":true}]}}