{"id":5077,"date":"2025-10-11T17:52:11","date_gmt":"2025-10-11T20:52:11","guid":{"rendered":"https:\/\/diariodelsurdigital.com.ar\/?p=5077"},"modified":"2025-10-11T17:54:31","modified_gmt":"2025-10-11T20:54:31","slug":"clarin-publico-el-regalo-que-no-fue-frigerio-y-michel-entre-las-plumas-del-proyecto-que-valia-tres-veces-los-atn","status":"publish","type":"post","link":"https:\/\/diariodelsurdigital.com.ar\/?p=5077","title":{"rendered":"Clar\u00edn public\u00f3 el \u201cregalo\u201d que no fue: Frigerio y Michel entre las plumas del proyecto que val\u00eda tres veces los ATN"},"content":{"rendered":"\n<h4 class=\"wp-block-heading\"><strong>El proyecto que preve\u00eda distribuir $1,58 billones en recursos extra para las provincias \u2014el triple del reparto de los ATN\u2014 fue rechazado por tres votos. Frigerio y Michel participaron en su redacci\u00f3n junto a gobernadores.<\/strong><\/h4>\n\n\n\n<p>Quienes escarban en las profundidades de la pol\u00edtica advierten que este \u201cregalo\u201d del Congreso no era un gesto simb\u00f3lico: implicaba miles de millones que iban a las provincias. El proyecto de reparto del impuesto a los combustibles, redactado con la participaci\u00f3n de Rogelio Frigerio, Guillermo Michel y varios gobernadores, se convirti\u00f3 en una promesa truncada tras una votaci\u00f3n ajustada que termin\u00f3 beneficiando al Gobierno nacional.<\/p>\n\n\n\n<p><strong>Un reparto que val\u00eda tres veces m\u00e1s que los ATN<\/strong><\/p>\n\n\n\n<p>De acuerdo con estimaciones econ\u00f3micas, la recaudaci\u00f3n proyectada del impuesto a los combustibles para 2025 rondar\u00eda los $4,8 billones.<\/p>\n\n\n\n<p>La iniciativa \u2014acordada por los 24 gobernadores en el Consejo Federal de Inversiones (CFI)\u2014 propon\u00eda elevar la participaci\u00f3n directa de las provincias del 25% al 58%. Esa diferencia representaba unos $1,58 billones adicionales en recursos coparticipables.<\/p>\n\n\n\n<p>El monto era tres veces superior al valor de los Aportes del Tesoro Nacional (ATN) que hoy se distribuyen de manera discrecional desde la Casa Rosada. Para los mandatarios provinciales, la aprobaci\u00f3n del proyecto significaba autonom\u00eda financiera y previsibilidad, adem\u00e1s de romper con la dependencia pol\u00edtica del gobierno central.<\/p>\n\n\n\n<p><strong>C\u00f3mo se hubiesen repartido los fondos<\/strong><\/p>\n\n\n\n<p>El texto propon\u00eda que de los fondos derivados del impuesto a los combustibles:<\/p>\n\n\n\n<ul class=\"wp-block-list\">\n<li>25% se repartiera en partes iguales entre todas las jurisdicciones, incluyendo CABA.<\/li>\n\n\n\n<li>El 75% restante se distribuyera seg\u00fan los coeficientes de coparticipaci\u00f3n vigentes.<\/li>\n\n\n\n<li>Se eliminaban los fideicomisos espec\u00edficos \u2014Infraestructura H\u00eddrica, Transporte, entre otros\u2014, que actualmente absorben buena parte de esa recaudaci\u00f3n y reducen los montos que llegan a las provincias.<\/li>\n<\/ul>\n\n\n\n<p>Este esquema de reparto directo hubiera representado una inyecci\u00f3n inmediata de fondos para obras p\u00fablicas, rutas, infraestructura energ\u00e9tica y programas sociales en cada distrito.<\/p>\n\n\n\n<p>En Entre R\u00edos, por ejemplo, el impacto estimado equival\u00eda a m\u00e1s de $45.000 millones adicionales en 2025.<\/p>\n\n\n\n<p><strong>Una noche que cambi\u00f3 el mapa fiscal<\/strong><\/p>\n\n\n\n<p>Aunque el respaldo inicial fue un\u00e1nime, el proyecto naufrag\u00f3 en la madrugada del jueves por apenas tres votos. Ese margen m\u00ednimo bast\u00f3 para frustrar lo que los mandatarios consideraban la reforma fiscal m\u00e1s relevante del a\u00f1o.<\/p>\n\n\n\n<p>Con solo tres de los 119 ausentes, la ley habr\u00eda prosperado.<\/p>\n\n\n\n<p>Los gobernadores de la Liga de Provincias Unidas \u2014entre ellos Pullaro, Torres, Vald\u00e9s, Morales y Frigerio\u2014 expresaron su malestar por la ca\u00edda. El bloque ya hab\u00eda celebrado la media sanci\u00f3n previa y consideraba la norma m\u00e1s rentable que los ATN, pero debi\u00f3 retroceder ante el rev\u00e9s parlamentario.<\/p>\n\n\n\n<figure class=\"wp-block-image\"><img decoding=\"async\" src=\"https:\/\/informedigital.com.ar\/wp-content\/uploads\/2025\/10\/pegada-1760205060-Z4Nn.jpeg\" alt=\"\"\/><\/figure>\n\n\n\n<p>Lo que dijo Clar\u00edn&nbsp;<\/p>\n\n\n\n<p><strong>El nuevo tablero pol\u00edtico<\/strong><\/p>\n\n\n\n<p>El Gobierno nacional consigui\u00f3, con esa derrota provincial, evitar una obligaci\u00f3n de reparto autom\u00e1tico que hubiera afectado su margen de manejo presupuestario.<\/p>\n\n\n\n<p>En la misma sesi\u00f3n, la oposici\u00f3n moderada decidi\u00f3 no insistir con el rechazo de los Decretos de Necesidad y Urgencia (DNU), garantizando una tregua pol\u00edtica hasta el debate del Presupuesto 2026, previsto para el 12 de noviembre.<\/p>\n\n\n\n<p>Para ese d\u00eda, se espera un nuevo intento de recomposici\u00f3n con los gobernadores, mientras se negocian los seis cargos vacantes en la Auditor\u00eda General de la Naci\u00f3n (AGN).<\/p>\n\n\n\n<p>Detr\u00e1s de esa trama, Clar\u00edn revel\u00f3 que la pulseada por el reparto de combustibles fue tambi\u00e9n una batalla por poder y control pol\u00edtico, m\u00e1s que por t\u00e9cnica fiscal.<\/p>\n\n\n\n<p><strong>El impacto para Entre R\u00edos y la regi\u00f3n<\/strong><\/p>\n\n\n\n<p>En la proyecci\u00f3n federal, Entre R\u00edos habr\u00eda sido una de las provincias m\u00e1s beneficiadas por la redistribuci\u00f3n. El esquema inclu\u00eda montos directos para infraestructura y rutas provinciales, adem\u00e1s de fondos compensatorios para municipios medianos.<\/p>\n\n\n\n<p>El rev\u00e9s implica que esos recursos \u2014alrededor de $45.000 millones\u2014 no llegar\u00e1n durante 2025 y seguir\u00e1n concentrados en Naci\u00f3n.<\/p>\n\n\n\n<p><strong>Un \u201cregalo\u201d frustrado<\/strong><\/p>\n\n\n\n<p>La derrota del proyecto fue le\u00edda por los gobernadores como una se\u00f1al pol\u00edtica antes de las elecciones: el Congreso opt\u00f3 por sostener el equilibrio de poder con la Casa Rosada, sacrificando una ley que hubiese modificado el federalismo fiscal.<\/p>\n\n\n\n<p>Fuente: Informe Digital<\/p>\n","protected":false},"excerpt":{"rendered":"<p>El proyecto que preve\u00eda distribuir $1,58 billones en recursos extra para las provincias \u2014el triple del reparto de los ATN\u2014 fue rechazado por tres votos. Frigerio y Michel participaron en su redacci\u00f3n junto a gobernadores. Quienes escarban en las profundidades de la pol\u00edtica advierten que este \u201cregalo\u201d del Congreso no era un gesto simb\u00f3lico: implicaba [&hellip;]<\/p>\n","protected":false},"author":2,"featured_media":5079,"comment_status":"open","ping_status":"open","sticky":false,"template":"","format":"standard","meta":{"footnotes":""},"categories":[17],"tags":[],"class_list":{"0":"post-5077","1":"post","2":"type-post","3":"status-publish","4":"format-standard","5":"has-post-thumbnail","7":"category-provinciales"},"yoast_head":"<!-- This site is optimized with the Yoast SEO plugin v27.4 - https:\/\/yoast.com\/product\/yoast-seo-wordpress\/ -->\n<title>Clar\u00edn public\u00f3 el \u201cregalo\u201d que no fue: Frigerio y Michel entre las plumas del proyecto que val\u00eda tres veces los ATN - Diario del Sur<\/title>\n<meta name=\"robots\" content=\"index, follow, max-snippet:-1, max-image-preview:large, max-video-preview:-1\" \/>\n<link rel=\"canonical\" href=\"https:\/\/diariodelsurdigital.com.ar\/?p=5077\" \/>\n<meta property=\"og:locale\" content=\"es_ES\" \/>\n<meta property=\"og:type\" content=\"article\" \/>\n<meta property=\"og:title\" content=\"Clar\u00edn public\u00f3 el \u201cregalo\u201d que no fue: Frigerio y Michel entre las plumas del proyecto que val\u00eda tres veces los ATN - Diario del Sur\" \/>\n<meta property=\"og:description\" content=\"El proyecto que preve\u00eda distribuir $1,58 billones en recursos extra para las provincias \u2014el triple del reparto de los ATN\u2014 fue rechazado por tres votos. Frigerio y Michel participaron en su redacci\u00f3n junto a gobernadores. Quienes escarban en las profundidades de la pol\u00edtica advierten que este \u201cregalo\u201d del Congreso no era un gesto simb\u00f3lico: implicaba [&hellip;]\" \/>\n<meta property=\"og:url\" content=\"https:\/\/diariodelsurdigital.com.ar\/?p=5077\" \/>\n<meta property=\"og:site_name\" content=\"Diario del Sur\" \/>\n<meta property=\"article:published_time\" content=\"2025-10-11T20:52:11+00:00\" \/>\n<meta property=\"article:modified_time\" content=\"2025-10-11T20:54:31+00:00\" \/>\n<meta property=\"og:image\" content=\"https:\/\/diariodelsurdigital.com.ar\/wp-content\/uploads\/2025\/10\/pegada-1760204963-kJXZ-scaled-1.jpeg\" \/>\n\t<meta property=\"og:image:width\" content=\"496\" \/>\n\t<meta property=\"og:image:height\" content=\"353\" \/>\n\t<meta property=\"og:image:type\" content=\"image\/jpeg\" \/>\n<meta name=\"author\" content=\"Diario del Sur Digital\" \/>\n<meta name=\"twitter:card\" content=\"summary_large_image\" \/>\n<meta name=\"twitter:label1\" content=\"Escrito por\" \/>\n\t<meta name=\"twitter:data1\" content=\"Diario del Sur Digital\" \/>\n\t<meta name=\"twitter:label2\" content=\"Tiempo de lectura\" \/>\n\t<meta name=\"twitter:data2\" content=\"4 minutos\" \/>\n<script type=\"application\/ld+json\" class=\"yoast-schema-graph\">{\"@context\":\"https:\\\/\\\/schema.org\",\"@graph\":[{\"@type\":\"Article\",\"@id\":\"https:\\\/\\\/diariodelsurdigital.com.ar\\\/?p=5077#article\",\"isPartOf\":{\"@id\":\"https:\\\/\\\/diariodelsurdigital.com.ar\\\/?p=5077\"},\"author\":{\"name\":\"Diario del Sur Digital\",\"@id\":\"https:\\\/\\\/diariodelsurdigital.com.ar\\\/#\\\/schema\\\/person\\\/6136a32571657f7dba980b88b04c5465\"},\"headline\":\"Clar\u00edn public\u00f3 el \u201cregalo\u201d que no fue: Frigerio y Michel entre las plumas del proyecto que val\u00eda tres veces los ATN\",\"datePublished\":\"2025-10-11T20:52:11+00:00\",\"dateModified\":\"2025-10-11T20:54:31+00:00\",\"mainEntityOfPage\":{\"@id\":\"https:\\\/\\\/diariodelsurdigital.com.ar\\\/?p=5077\"},\"wordCount\":736,\"commentCount\":0,\"image\":{\"@id\":\"https:\\\/\\\/diariodelsurdigital.com.ar\\\/?p=5077#primaryimage\"},\"thumbnailUrl\":\"https:\\\/\\\/diariodelsurdigital.com.ar\\\/wp-content\\\/uploads\\\/2025\\\/10\\\/pegada-1760204963-kJXZ-scaled-1.jpeg\",\"articleSection\":[\"Provinciales\"],\"inLanguage\":\"es\",\"potentialAction\":[{\"@type\":\"CommentAction\",\"name\":\"Comment\",\"target\":[\"https:\\\/\\\/diariodelsurdigital.com.ar\\\/?p=5077#respond\"]}]},{\"@type\":\"WebPage\",\"@id\":\"https:\\\/\\\/diariodelsurdigital.com.ar\\\/?p=5077\",\"url\":\"https:\\\/\\\/diariodelsurdigital.com.ar\\\/?p=5077\",\"name\":\"Clar\u00edn public\u00f3 el \u201cregalo\u201d que no fue: Frigerio y Michel entre las plumas del proyecto que val\u00eda tres veces los ATN - Diario del Sur\",\"isPartOf\":{\"@id\":\"https:\\\/\\\/diariodelsurdigital.com.ar\\\/#website\"},\"primaryImageOfPage\":{\"@id\":\"https:\\\/\\\/diariodelsurdigital.com.ar\\\/?p=5077#primaryimage\"},\"image\":{\"@id\":\"https:\\\/\\\/diariodelsurdigital.com.ar\\\/?p=5077#primaryimage\"},\"thumbnailUrl\":\"https:\\\/\\\/diariodelsurdigital.com.ar\\\/wp-content\\\/uploads\\\/2025\\\/10\\\/pegada-1760204963-kJXZ-scaled-1.jpeg\",\"datePublished\":\"2025-10-11T20:52:11+00:00\",\"dateModified\":\"2025-10-11T20:54:31+00:00\",\"author\":{\"@id\":\"https:\\\/\\\/diariodelsurdigital.com.ar\\\/#\\\/schema\\\/person\\\/6136a32571657f7dba980b88b04c5465\"},\"breadcrumb\":{\"@id\":\"https:\\\/\\\/diariodelsurdigital.com.ar\\\/?p=5077#breadcrumb\"},\"inLanguage\":\"es\",\"potentialAction\":[{\"@type\":\"ReadAction\",\"target\":[\"https:\\\/\\\/diariodelsurdigital.com.ar\\\/?p=5077\"]}]},{\"@type\":\"ImageObject\",\"inLanguage\":\"es\",\"@id\":\"https:\\\/\\\/diariodelsurdigital.com.ar\\\/?p=5077#primaryimage\",\"url\":\"https:\\\/\\\/diariodelsurdigital.com.ar\\\/wp-content\\\/uploads\\\/2025\\\/10\\\/pegada-1760204963-kJXZ-scaled-1.jpeg\",\"contentUrl\":\"https:\\\/\\\/diariodelsurdigital.com.ar\\\/wp-content\\\/uploads\\\/2025\\\/10\\\/pegada-1760204963-kJXZ-scaled-1.jpeg\",\"width\":496,\"height\":353},{\"@type\":\"BreadcrumbList\",\"@id\":\"https:\\\/\\\/diariodelsurdigital.com.ar\\\/?p=5077#breadcrumb\",\"itemListElement\":[{\"@type\":\"ListItem\",\"position\":1,\"name\":\"Portada\",\"item\":\"https:\\\/\\\/diariodelsurdigital.com.ar\\\/\"},{\"@type\":\"ListItem\",\"position\":2,\"name\":\"Clar\u00edn public\u00f3 el \u201cregalo\u201d que no fue: Frigerio y Michel entre las plumas del proyecto que val\u00eda tres veces los ATN\"}]},{\"@type\":\"WebSite\",\"@id\":\"https:\\\/\\\/diariodelsurdigital.com.ar\\\/#website\",\"url\":\"https:\\\/\\\/diariodelsurdigital.com.ar\\\/\",\"name\":\"Diario del Sur\",\"description\":\"Digital\",\"potentialAction\":[{\"@type\":\"SearchAction\",\"target\":{\"@type\":\"EntryPoint\",\"urlTemplate\":\"https:\\\/\\\/diariodelsurdigital.com.ar\\\/?s={search_term_string}\"},\"query-input\":{\"@type\":\"PropertyValueSpecification\",\"valueRequired\":true,\"valueName\":\"search_term_string\"}}],\"inLanguage\":\"es\"},{\"@type\":\"Person\",\"@id\":\"https:\\\/\\\/diariodelsurdigital.com.ar\\\/#\\\/schema\\\/person\\\/6136a32571657f7dba980b88b04c5465\",\"name\":\"Diario del Sur Digital\",\"image\":{\"@type\":\"ImageObject\",\"inLanguage\":\"es\",\"@id\":\"https:\\\/\\\/secure.gravatar.com\\\/avatar\\\/4c29ceac98541dd42460b2474aaa5dd37594d6ce6cb3cf2c101d09b48ee287ba?s=96&d=mm&r=g\",\"url\":\"https:\\\/\\\/secure.gravatar.com\\\/avatar\\\/4c29ceac98541dd42460b2474aaa5dd37594d6ce6cb3cf2c101d09b48ee287ba?s=96&d=mm&r=g\",\"contentUrl\":\"https:\\\/\\\/secure.gravatar.com\\\/avatar\\\/4c29ceac98541dd42460b2474aaa5dd37594d6ce6cb3cf2c101d09b48ee287ba?s=96&d=mm&r=g\",\"caption\":\"Diario del Sur Digital\"},\"url\":\"https:\\\/\\\/diariodelsurdigital.com.ar\\\/?author=2\"}]}<\/script>\n<!-- \/ Yoast SEO plugin. -->","yoast_head_json":{"title":"Clar\u00edn public\u00f3 el \u201cregalo\u201d que no fue: Frigerio y Michel entre las plumas del proyecto que val\u00eda tres veces los ATN - Diario del Sur","robots":{"index":"index","follow":"follow","max-snippet":"max-snippet:-1","max-image-preview":"max-image-preview:large","max-video-preview":"max-video-preview:-1"},"canonical":"https:\/\/diariodelsurdigital.com.ar\/?p=5077","og_locale":"es_ES","og_type":"article","og_title":"Clar\u00edn public\u00f3 el \u201cregalo\u201d que no fue: Frigerio y Michel entre las plumas del proyecto que val\u00eda tres veces los ATN - Diario del Sur","og_description":"El proyecto que preve\u00eda distribuir $1,58 billones en recursos extra para las provincias \u2014el triple del reparto de los ATN\u2014 fue rechazado por tres votos. Frigerio y Michel participaron en su redacci\u00f3n junto a gobernadores. Quienes escarban en las profundidades de la pol\u00edtica advierten que este \u201cregalo\u201d del Congreso no era un gesto simb\u00f3lico: implicaba [&hellip;]","og_url":"https:\/\/diariodelsurdigital.com.ar\/?p=5077","og_site_name":"Diario del Sur","article_published_time":"2025-10-11T20:52:11+00:00","article_modified_time":"2025-10-11T20:54:31+00:00","og_image":[{"width":496,"height":353,"url":"https:\/\/diariodelsurdigital.com.ar\/wp-content\/uploads\/2025\/10\/pegada-1760204963-kJXZ-scaled-1.jpeg","type":"image\/jpeg"}],"author":"Diario del Sur Digital","twitter_card":"summary_large_image","twitter_misc":{"Escrito por":"Diario del Sur Digital","Tiempo de lectura":"4 minutos"},"schema":{"@context":"https:\/\/schema.org","@graph":[{"@type":"Article","@id":"https:\/\/diariodelsurdigital.com.ar\/?p=5077#article","isPartOf":{"@id":"https:\/\/diariodelsurdigital.com.ar\/?p=5077"},"author":{"name":"Diario del Sur Digital","@id":"https:\/\/diariodelsurdigital.com.ar\/#\/schema\/person\/6136a32571657f7dba980b88b04c5465"},"headline":"Clar\u00edn public\u00f3 el \u201cregalo\u201d que no fue: Frigerio y Michel entre las plumas del proyecto que val\u00eda tres veces los ATN","datePublished":"2025-10-11T20:52:11+00:00","dateModified":"2025-10-11T20:54:31+00:00","mainEntityOfPage":{"@id":"https:\/\/diariodelsurdigital.com.ar\/?p=5077"},"wordCount":736,"commentCount":0,"image":{"@id":"https:\/\/diariodelsurdigital.com.ar\/?p=5077#primaryimage"},"thumbnailUrl":"https:\/\/diariodelsurdigital.com.ar\/wp-content\/uploads\/2025\/10\/pegada-1760204963-kJXZ-scaled-1.jpeg","articleSection":["Provinciales"],"inLanguage":"es","potentialAction":[{"@type":"CommentAction","name":"Comment","target":["https:\/\/diariodelsurdigital.com.ar\/?p=5077#respond"]}]},{"@type":"WebPage","@id":"https:\/\/diariodelsurdigital.com.ar\/?p=5077","url":"https:\/\/diariodelsurdigital.com.ar\/?p=5077","name":"Clar\u00edn public\u00f3 el \u201cregalo\u201d que no fue: Frigerio y Michel entre las plumas del proyecto que val\u00eda tres veces los ATN - Diario del Sur","isPartOf":{"@id":"https:\/\/diariodelsurdigital.com.ar\/#website"},"primaryImageOfPage":{"@id":"https:\/\/diariodelsurdigital.com.ar\/?p=5077#primaryimage"},"image":{"@id":"https:\/\/diariodelsurdigital.com.ar\/?p=5077#primaryimage"},"thumbnailUrl":"https:\/\/diariodelsurdigital.com.ar\/wp-content\/uploads\/2025\/10\/pegada-1760204963-kJXZ-scaled-1.jpeg","datePublished":"2025-10-11T20:52:11+00:00","dateModified":"2025-10-11T20:54:31+00:00","author":{"@id":"https:\/\/diariodelsurdigital.com.ar\/#\/schema\/person\/6136a32571657f7dba980b88b04c5465"},"breadcrumb":{"@id":"https:\/\/diariodelsurdigital.com.ar\/?p=5077#breadcrumb"},"inLanguage":"es","potentialAction":[{"@type":"ReadAction","target":["https:\/\/diariodelsurdigital.com.ar\/?p=5077"]}]},{"@type":"ImageObject","inLanguage":"es","@id":"https:\/\/diariodelsurdigital.com.ar\/?p=5077#primaryimage","url":"https:\/\/diariodelsurdigital.com.ar\/wp-content\/uploads\/2025\/10\/pegada-1760204963-kJXZ-scaled-1.jpeg","contentUrl":"https:\/\/diariodelsurdigital.com.ar\/wp-content\/uploads\/2025\/10\/pegada-1760204963-kJXZ-scaled-1.jpeg","width":496,"height":353},{"@type":"BreadcrumbList","@id":"https:\/\/diariodelsurdigital.com.ar\/?p=5077#breadcrumb","itemListElement":[{"@type":"ListItem","position":1,"name":"Portada","item":"https:\/\/diariodelsurdigital.com.ar\/"},{"@type":"ListItem","position":2,"name":"Clar\u00edn public\u00f3 el \u201cregalo\u201d que no fue: Frigerio y Michel entre las plumas del proyecto que val\u00eda tres veces los ATN"}]},{"@type":"WebSite","@id":"https:\/\/diariodelsurdigital.com.ar\/#website","url":"https:\/\/diariodelsurdigital.com.ar\/","name":"Diario del Sur","description":"Digital","potentialAction":[{"@type":"SearchAction","target":{"@type":"EntryPoint","urlTemplate":"https:\/\/diariodelsurdigital.com.ar\/?s={search_term_string}"},"query-input":{"@type":"PropertyValueSpecification","valueRequired":true,"valueName":"search_term_string"}}],"inLanguage":"es"},{"@type":"Person","@id":"https:\/\/diariodelsurdigital.com.ar\/#\/schema\/person\/6136a32571657f7dba980b88b04c5465","name":"Diario del Sur Digital","image":{"@type":"ImageObject","inLanguage":"es","@id":"https:\/\/secure.gravatar.com\/avatar\/4c29ceac98541dd42460b2474aaa5dd37594d6ce6cb3cf2c101d09b48ee287ba?s=96&d=mm&r=g","url":"https:\/\/secure.gravatar.com\/avatar\/4c29ceac98541dd42460b2474aaa5dd37594d6ce6cb3cf2c101d09b48ee287ba?s=96&d=mm&r=g","contentUrl":"https:\/\/secure.gravatar.com\/avatar\/4c29ceac98541dd42460b2474aaa5dd37594d6ce6cb3cf2c101d09b48ee287ba?s=96&d=mm&r=g","caption":"Diario del Sur Digital"},"url":"https:\/\/diariodelsurdigital.com.ar\/?author=2"}]}},"_links":{"self":[{"href":"https:\/\/diariodelsurdigital.com.ar\/index.php?rest_route=\/wp\/v2\/posts\/5077","targetHints":{"allow":["GET"]}}],"collection":[{"href":"https:\/\/diariodelsurdigital.com.ar\/index.php?rest_route=\/wp\/v2\/posts"}],"about":[{"href":"https:\/\/diariodelsurdigital.com.ar\/index.php?rest_route=\/wp\/v2\/types\/post"}],"author":[{"embeddable":true,"href":"https:\/\/diariodelsurdigital.com.ar\/index.php?rest_route=\/wp\/v2\/users\/2"}],"replies":[{"embeddable":true,"href":"https:\/\/diariodelsurdigital.com.ar\/index.php?rest_route=%2Fwp%2Fv2%2Fcomments&post=5077"}],"version-history":[{"count":1,"href":"https:\/\/diariodelsurdigital.com.ar\/index.php?rest_route=\/wp\/v2\/posts\/5077\/revisions"}],"predecessor-version":[{"id":5078,"href":"https:\/\/diariodelsurdigital.com.ar\/index.php?rest_route=\/wp\/v2\/posts\/5077\/revisions\/5078"}],"wp:featuredmedia":[{"embeddable":true,"href":"https:\/\/diariodelsurdigital.com.ar\/index.php?rest_route=\/wp\/v2\/media\/5079"}],"wp:attachment":[{"href":"https:\/\/diariodelsurdigital.com.ar\/index.php?rest_route=%2Fwp%2Fv2%2Fmedia&parent=5077"}],"wp:term":[{"taxonomy":"category","embeddable":true,"href":"https:\/\/diariodelsurdigital.com.ar\/index.php?rest_route=%2Fwp%2Fv2%2Fcategories&post=5077"},{"taxonomy":"post_tag","embeddable":true,"href":"https:\/\/diariodelsurdigital.com.ar\/index.php?rest_route=%2Fwp%2Fv2%2Ftags&post=5077"}],"curies":[{"name":"wp","href":"https:\/\/api.w.org\/{rel}","templated":true}]}}