{"id":5084,"date":"2025-10-12T13:33:51","date_gmt":"2025-10-12T16:33:51","guid":{"rendered":"https:\/\/diariodelsurdigital.com.ar\/?p=5084"},"modified":"2025-10-12T13:33:51","modified_gmt":"2025-10-12T16:33:51","slug":"harta-de-operaciones-gaillard-pide-que-el-pj-explique-el-vinculo-de-michel-con-milei","status":"publish","type":"post","link":"https:\/\/diariodelsurdigital.com.ar\/?p=5084","title":{"rendered":"Harta de operaciones, Gaillard pide que el PJ explique el v\u00ednculo de Michel con Milei"},"content":{"rendered":"\n<p><\/p>\n\n\n\n<p>\u201cEstamos hartos de fake news, operaciones y campa\u00f1a sucia contra nuestra lista por parte de quienes deber\u00edan estar dando explicaciones sobre los bolsos de Michel y su v\u00ednculo con Javier Milei\u201d, asever\u00f3 la diputada nacional Carolina Gaillard (UxP), candidata a senadora nacional de la lista<strong> Ahora 503<\/strong>, en referencia a las graves denuncias que formul\u00f3 en medios provinciales y nacionales la diputada provincial y periodista Marcela Pagano (Bloque Coherencia).<\/p>\n\n\n\n<p>\u201cUna diputada nacional asegura en medios provinciales y nacionales que Michel es aliado de Milei, que le financi\u00f3 la campa\u00f1a en Entre R\u00edos en 2023, que podr\u00eda ser convocado para un cargo por el gobierno libertario, que sacaban bolsos del estudio de Michel en Recoleta \u00bfy nadie va a explicar nada? No queda otra que pensar que el que calla otorga\u201d, expuso luego.<\/p>\n\n\n\n<p>\u201cAhora difunden en medios fantasmas financiados por ellos mismos que un subsidio que el gobierno otorg\u00f3 a una cooperativa cultural fue para nuestro proyecto pol\u00edtico. Este tipo de pr\u00e1cticas, que quedan r\u00e1pidamente en evidencia, repugnan a la militancia, a la ciudadan\u00eda y a los trabajadores de la cultura\u201d, advirti\u00f3.<\/p>\n\n\n\n<p>\u201cSe ve que tienen miedo de que se compruebe en las urnas que nuestra lista representa lo que ellos no representan y tienen que acudir a este tipo de maniobras\u201d, a\u00f1adi\u00f3 la legisladora, en referencia a Fuerza Entre R\u00edos.<\/p>\n\n\n\n<p>\u201cDespu\u00e9s de lo de Kueider no se puede seguir apoyando a figuras oscuras que no se sabe qu\u00e9 har\u00e1n si llegan al Congreso. \u00bfCu\u00e1ntas cosas m\u00e1s saldr\u00e1n a la luz en estos d\u00edas sobre las mil caras de Guillermo Michel?\u201d, se pregunt\u00f3 finalmente.<\/p>\n\n\n\n<figure class=\"wp-block-image size-full\"><img loading=\"lazy\" decoding=\"async\" width=\"501\" height=\"627\" src=\"https:\/\/diariodelsurdigital.com.ar\/wp-content\/uploads\/2025\/10\/Imagen-de-WhatsApp-2025-10-12-a-las-11.36.34_7a9092c3.jpg\" alt=\"\" class=\"wp-image-5086\" srcset=\"https:\/\/diariodelsurdigital.com.ar\/wp-content\/uploads\/2025\/10\/Imagen-de-WhatsApp-2025-10-12-a-las-11.36.34_7a9092c3.jpg 501w, https:\/\/diariodelsurdigital.com.ar\/wp-content\/uploads\/2025\/10\/Imagen-de-WhatsApp-2025-10-12-a-las-11.36.34_7a9092c3-240x300.jpg 240w, https:\/\/diariodelsurdigital.com.ar\/wp-content\/uploads\/2025\/10\/Imagen-de-WhatsApp-2025-10-12-a-las-11.36.34_7a9092c3-336x420.jpg 336w\" sizes=\"auto, (max-width: 501px) 100vw, 501px\" \/><\/figure>\n","protected":false},"excerpt":{"rendered":"<p>\u201cEstamos hartos de fake news, operaciones y campa\u00f1a sucia contra nuestra lista por parte de quienes deber\u00edan estar dando explicaciones sobre los bolsos de Michel y su v\u00ednculo con Javier Milei\u201d, asever\u00f3 la diputada nacional Carolina Gaillard (UxP), candidata a senadora nacional de la lista Ahora 503, en referencia a las graves denuncias que formul\u00f3 [&hellip;]<\/p>\n","protected":false},"author":2,"featured_media":5085,"comment_status":"open","ping_status":"open","sticky":false,"template":"","format":"standard","meta":{"footnotes":""},"categories":[22,17],"tags":[],"class_list":{"0":"post-5084","1":"post","2":"type-post","3":"status-publish","4":"format-standard","5":"has-post-thumbnail","7":"category-politica","8":"category-provinciales"},"yoast_head":"<!-- This site is optimized with the Yoast SEO plugin v27.4 - https:\/\/yoast.com\/product\/yoast-seo-wordpress\/ -->\n<title>Harta de operaciones, Gaillard pide que el PJ explique el v\u00ednculo de Michel con Milei - Diario del Sur<\/title>\n<meta name=\"robots\" content=\"index, follow, max-snippet:-1, max-image-preview:large, max-video-preview:-1\" \/>\n<link rel=\"canonical\" href=\"https:\/\/diariodelsurdigital.com.ar\/?p=5084\" \/>\n<meta property=\"og:locale\" content=\"es_ES\" \/>\n<meta property=\"og:type\" content=\"article\" \/>\n<meta property=\"og:title\" content=\"Harta de operaciones, Gaillard pide que el PJ explique el v\u00ednculo de Michel con Milei - Diario del Sur\" \/>\n<meta property=\"og:description\" content=\"\u201cEstamos hartos de fake news, operaciones y campa\u00f1a sucia contra nuestra lista por parte de quienes deber\u00edan estar dando explicaciones sobre los bolsos de Michel y su v\u00ednculo con Javier Milei\u201d, asever\u00f3 la diputada nacional Carolina Gaillard (UxP), candidata a senadora nacional de la lista Ahora 503, en referencia a las graves denuncias que formul\u00f3 [&hellip;]\" \/>\n<meta property=\"og:url\" content=\"https:\/\/diariodelsurdigital.com.ar\/?p=5084\" \/>\n<meta property=\"og:site_name\" content=\"Diario del Sur\" \/>\n<meta property=\"article:published_time\" content=\"2025-10-12T16:33:51+00:00\" \/>\n<meta property=\"og:image\" content=\"https:\/\/diariodelsurdigital.com.ar\/wp-content\/uploads\/2025\/10\/Imagen-de-WhatsApp-2025-10-12-a-las-13.31.21_08e0983e.jpg\" \/>\n\t<meta property=\"og:image:width\" content=\"445\" \/>\n\t<meta property=\"og:image:height\" content=\"310\" \/>\n\t<meta property=\"og:image:type\" content=\"image\/jpeg\" \/>\n<meta name=\"author\" content=\"Diario del Sur Digital\" \/>\n<meta name=\"twitter:card\" content=\"summary_large_image\" \/>\n<meta name=\"twitter:label1\" content=\"Escrito por\" \/>\n\t<meta name=\"twitter:data1\" content=\"Diario del Sur Digital\" \/>\n\t<meta name=\"twitter:label2\" content=\"Tiempo de lectura\" \/>\n\t<meta name=\"twitter:data2\" content=\"2 minutos\" \/>\n<script type=\"application\/ld+json\" class=\"yoast-schema-graph\">{\"@context\":\"https:\\\/\\\/schema.org\",\"@graph\":[{\"@type\":\"Article\",\"@id\":\"https:\\\/\\\/diariodelsurdigital.com.ar\\\/?p=5084#article\",\"isPartOf\":{\"@id\":\"https:\\\/\\\/diariodelsurdigital.com.ar\\\/?p=5084\"},\"author\":{\"name\":\"Diario del Sur Digital\",\"@id\":\"https:\\\/\\\/diariodelsurdigital.com.ar\\\/#\\\/schema\\\/person\\\/6136a32571657f7dba980b88b04c5465\"},\"headline\":\"Harta de operaciones, Gaillard pide que el PJ explique el v\u00ednculo de Michel con Milei\",\"datePublished\":\"2025-10-12T16:33:51+00:00\",\"mainEntityOfPage\":{\"@id\":\"https:\\\/\\\/diariodelsurdigital.com.ar\\\/?p=5084\"},\"wordCount\":295,\"commentCount\":0,\"image\":{\"@id\":\"https:\\\/\\\/diariodelsurdigital.com.ar\\\/?p=5084#primaryimage\"},\"thumbnailUrl\":\"https:\\\/\\\/diariodelsurdigital.com.ar\\\/wp-content\\\/uploads\\\/2025\\\/10\\\/Imagen-de-WhatsApp-2025-10-12-a-las-13.31.21_08e0983e.jpg\",\"articleSection\":[\"Pol\u00edtica\",\"Provinciales\"],\"inLanguage\":\"es\",\"potentialAction\":[{\"@type\":\"CommentAction\",\"name\":\"Comment\",\"target\":[\"https:\\\/\\\/diariodelsurdigital.com.ar\\\/?p=5084#respond\"]}]},{\"@type\":\"WebPage\",\"@id\":\"https:\\\/\\\/diariodelsurdigital.com.ar\\\/?p=5084\",\"url\":\"https:\\\/\\\/diariodelsurdigital.com.ar\\\/?p=5084\",\"name\":\"Harta de operaciones, Gaillard pide que el PJ explique el v\u00ednculo de Michel con Milei - Diario del Sur\",\"isPartOf\":{\"@id\":\"https:\\\/\\\/diariodelsurdigital.com.ar\\\/#website\"},\"primaryImageOfPage\":{\"@id\":\"https:\\\/\\\/diariodelsurdigital.com.ar\\\/?p=5084#primaryimage\"},\"image\":{\"@id\":\"https:\\\/\\\/diariodelsurdigital.com.ar\\\/?p=5084#primaryimage\"},\"thumbnailUrl\":\"https:\\\/\\\/diariodelsurdigital.com.ar\\\/wp-content\\\/uploads\\\/2025\\\/10\\\/Imagen-de-WhatsApp-2025-10-12-a-las-13.31.21_08e0983e.jpg\",\"datePublished\":\"2025-10-12T16:33:51+00:00\",\"author\":{\"@id\":\"https:\\\/\\\/diariodelsurdigital.com.ar\\\/#\\\/schema\\\/person\\\/6136a32571657f7dba980b88b04c5465\"},\"breadcrumb\":{\"@id\":\"https:\\\/\\\/diariodelsurdigital.com.ar\\\/?p=5084#breadcrumb\"},\"inLanguage\":\"es\",\"potentialAction\":[{\"@type\":\"ReadAction\",\"target\":[\"https:\\\/\\\/diariodelsurdigital.com.ar\\\/?p=5084\"]}]},{\"@type\":\"ImageObject\",\"inLanguage\":\"es\",\"@id\":\"https:\\\/\\\/diariodelsurdigital.com.ar\\\/?p=5084#primaryimage\",\"url\":\"https:\\\/\\\/diariodelsurdigital.com.ar\\\/wp-content\\\/uploads\\\/2025\\\/10\\\/Imagen-de-WhatsApp-2025-10-12-a-las-13.31.21_08e0983e.jpg\",\"contentUrl\":\"https:\\\/\\\/diariodelsurdigital.com.ar\\\/wp-content\\\/uploads\\\/2025\\\/10\\\/Imagen-de-WhatsApp-2025-10-12-a-las-13.31.21_08e0983e.jpg\",\"width\":445,\"height\":310},{\"@type\":\"BreadcrumbList\",\"@id\":\"https:\\\/\\\/diariodelsurdigital.com.ar\\\/?p=5084#breadcrumb\",\"itemListElement\":[{\"@type\":\"ListItem\",\"position\":1,\"name\":\"Portada\",\"item\":\"https:\\\/\\\/diariodelsurdigital.com.ar\\\/\"},{\"@type\":\"ListItem\",\"position\":2,\"name\":\"Harta de operaciones, Gaillard pide que el PJ explique el v\u00ednculo de Michel con Milei\"}]},{\"@type\":\"WebSite\",\"@id\":\"https:\\\/\\\/diariodelsurdigital.com.ar\\\/#website\",\"url\":\"https:\\\/\\\/diariodelsurdigital.com.ar\\\/\",\"name\":\"Diario del Sur\",\"description\":\"Digital\",\"potentialAction\":[{\"@type\":\"SearchAction\",\"target\":{\"@type\":\"EntryPoint\",\"urlTemplate\":\"https:\\\/\\\/diariodelsurdigital.com.ar\\\/?s={search_term_string}\"},\"query-input\":{\"@type\":\"PropertyValueSpecification\",\"valueRequired\":true,\"valueName\":\"search_term_string\"}}],\"inLanguage\":\"es\"},{\"@type\":\"Person\",\"@id\":\"https:\\\/\\\/diariodelsurdigital.com.ar\\\/#\\\/schema\\\/person\\\/6136a32571657f7dba980b88b04c5465\",\"name\":\"Diario del Sur Digital\",\"image\":{\"@type\":\"ImageObject\",\"inLanguage\":\"es\",\"@id\":\"https:\\\/\\\/secure.gravatar.com\\\/avatar\\\/4c29ceac98541dd42460b2474aaa5dd37594d6ce6cb3cf2c101d09b48ee287ba?s=96&d=mm&r=g\",\"url\":\"https:\\\/\\\/secure.gravatar.com\\\/avatar\\\/4c29ceac98541dd42460b2474aaa5dd37594d6ce6cb3cf2c101d09b48ee287ba?s=96&d=mm&r=g\",\"contentUrl\":\"https:\\\/\\\/secure.gravatar.com\\\/avatar\\\/4c29ceac98541dd42460b2474aaa5dd37594d6ce6cb3cf2c101d09b48ee287ba?s=96&d=mm&r=g\",\"caption\":\"Diario del Sur Digital\"},\"url\":\"https:\\\/\\\/diariodelsurdigital.com.ar\\\/?author=2\"}]}<\/script>\n<!-- \/ Yoast SEO plugin. -->","yoast_head_json":{"title":"Harta de operaciones, Gaillard pide que el PJ explique el v\u00ednculo de Michel con Milei - Diario del Sur","robots":{"index":"index","follow":"follow","max-snippet":"max-snippet:-1","max-image-preview":"max-image-preview:large","max-video-preview":"max-video-preview:-1"},"canonical":"https:\/\/diariodelsurdigital.com.ar\/?p=5084","og_locale":"es_ES","og_type":"article","og_title":"Harta de operaciones, Gaillard pide que el PJ explique el v\u00ednculo de Michel con Milei - Diario del Sur","og_description":"\u201cEstamos hartos de fake news, operaciones y campa\u00f1a sucia contra nuestra lista por parte de quienes deber\u00edan estar dando explicaciones sobre los bolsos de Michel y su v\u00ednculo con Javier Milei\u201d, asever\u00f3 la diputada nacional Carolina Gaillard (UxP), candidata a senadora nacional de la lista Ahora 503, en referencia a las graves denuncias que formul\u00f3 [&hellip;]","og_url":"https:\/\/diariodelsurdigital.com.ar\/?p=5084","og_site_name":"Diario del Sur","article_published_time":"2025-10-12T16:33:51+00:00","og_image":[{"width":445,"height":310,"url":"https:\/\/diariodelsurdigital.com.ar\/wp-content\/uploads\/2025\/10\/Imagen-de-WhatsApp-2025-10-12-a-las-13.31.21_08e0983e.jpg","type":"image\/jpeg"}],"author":"Diario del Sur Digital","twitter_card":"summary_large_image","twitter_misc":{"Escrito por":"Diario del Sur Digital","Tiempo de lectura":"2 minutos"},"schema":{"@context":"https:\/\/schema.org","@graph":[{"@type":"Article","@id":"https:\/\/diariodelsurdigital.com.ar\/?p=5084#article","isPartOf":{"@id":"https:\/\/diariodelsurdigital.com.ar\/?p=5084"},"author":{"name":"Diario del Sur Digital","@id":"https:\/\/diariodelsurdigital.com.ar\/#\/schema\/person\/6136a32571657f7dba980b88b04c5465"},"headline":"Harta de operaciones, Gaillard pide que el PJ explique el v\u00ednculo de Michel con Milei","datePublished":"2025-10-12T16:33:51+00:00","mainEntityOfPage":{"@id":"https:\/\/diariodelsurdigital.com.ar\/?p=5084"},"wordCount":295,"commentCount":0,"image":{"@id":"https:\/\/diariodelsurdigital.com.ar\/?p=5084#primaryimage"},"thumbnailUrl":"https:\/\/diariodelsurdigital.com.ar\/wp-content\/uploads\/2025\/10\/Imagen-de-WhatsApp-2025-10-12-a-las-13.31.21_08e0983e.jpg","articleSection":["Pol\u00edtica","Provinciales"],"inLanguage":"es","potentialAction":[{"@type":"CommentAction","name":"Comment","target":["https:\/\/diariodelsurdigital.com.ar\/?p=5084#respond"]}]},{"@type":"WebPage","@id":"https:\/\/diariodelsurdigital.com.ar\/?p=5084","url":"https:\/\/diariodelsurdigital.com.ar\/?p=5084","name":"Harta de operaciones, Gaillard pide que el PJ explique el v\u00ednculo de Michel con Milei - Diario del Sur","isPartOf":{"@id":"https:\/\/diariodelsurdigital.com.ar\/#website"},"primaryImageOfPage":{"@id":"https:\/\/diariodelsurdigital.com.ar\/?p=5084#primaryimage"},"image":{"@id":"https:\/\/diariodelsurdigital.com.ar\/?p=5084#primaryimage"},"thumbnailUrl":"https:\/\/diariodelsurdigital.com.ar\/wp-content\/uploads\/2025\/10\/Imagen-de-WhatsApp-2025-10-12-a-las-13.31.21_08e0983e.jpg","datePublished":"2025-10-12T16:33:51+00:00","author":{"@id":"https:\/\/diariodelsurdigital.com.ar\/#\/schema\/person\/6136a32571657f7dba980b88b04c5465"},"breadcrumb":{"@id":"https:\/\/diariodelsurdigital.com.ar\/?p=5084#breadcrumb"},"inLanguage":"es","potentialAction":[{"@type":"ReadAction","target":["https:\/\/diariodelsurdigital.com.ar\/?p=5084"]}]},{"@type":"ImageObject","inLanguage":"es","@id":"https:\/\/diariodelsurdigital.com.ar\/?p=5084#primaryimage","url":"https:\/\/diariodelsurdigital.com.ar\/wp-content\/uploads\/2025\/10\/Imagen-de-WhatsApp-2025-10-12-a-las-13.31.21_08e0983e.jpg","contentUrl":"https:\/\/diariodelsurdigital.com.ar\/wp-content\/uploads\/2025\/10\/Imagen-de-WhatsApp-2025-10-12-a-las-13.31.21_08e0983e.jpg","width":445,"height":310},{"@type":"BreadcrumbList","@id":"https:\/\/diariodelsurdigital.com.ar\/?p=5084#breadcrumb","itemListElement":[{"@type":"ListItem","position":1,"name":"Portada","item":"https:\/\/diariodelsurdigital.com.ar\/"},{"@type":"ListItem","position":2,"name":"Harta de operaciones, Gaillard pide que el PJ explique el v\u00ednculo de Michel con Milei"}]},{"@type":"WebSite","@id":"https:\/\/diariodelsurdigital.com.ar\/#website","url":"https:\/\/diariodelsurdigital.com.ar\/","name":"Diario del Sur","description":"Digital","potentialAction":[{"@type":"SearchAction","target":{"@type":"EntryPoint","urlTemplate":"https:\/\/diariodelsurdigital.com.ar\/?s={search_term_string}"},"query-input":{"@type":"PropertyValueSpecification","valueRequired":true,"valueName":"search_term_string"}}],"inLanguage":"es"},{"@type":"Person","@id":"https:\/\/diariodelsurdigital.com.ar\/#\/schema\/person\/6136a32571657f7dba980b88b04c5465","name":"Diario del Sur Digital","image":{"@type":"ImageObject","inLanguage":"es","@id":"https:\/\/secure.gravatar.com\/avatar\/4c29ceac98541dd42460b2474aaa5dd37594d6ce6cb3cf2c101d09b48ee287ba?s=96&d=mm&r=g","url":"https:\/\/secure.gravatar.com\/avatar\/4c29ceac98541dd42460b2474aaa5dd37594d6ce6cb3cf2c101d09b48ee287ba?s=96&d=mm&r=g","contentUrl":"https:\/\/secure.gravatar.com\/avatar\/4c29ceac98541dd42460b2474aaa5dd37594d6ce6cb3cf2c101d09b48ee287ba?s=96&d=mm&r=g","caption":"Diario del Sur Digital"},"url":"https:\/\/diariodelsurdigital.com.ar\/?author=2"}]}},"_links":{"self":[{"href":"https:\/\/diariodelsurdigital.com.ar\/index.php?rest_route=\/wp\/v2\/posts\/5084","targetHints":{"allow":["GET"]}}],"collection":[{"href":"https:\/\/diariodelsurdigital.com.ar\/index.php?rest_route=\/wp\/v2\/posts"}],"about":[{"href":"https:\/\/diariodelsurdigital.com.ar\/index.php?rest_route=\/wp\/v2\/types\/post"}],"author":[{"embeddable":true,"href":"https:\/\/diariodelsurdigital.com.ar\/index.php?rest_route=\/wp\/v2\/users\/2"}],"replies":[{"embeddable":true,"href":"https:\/\/diariodelsurdigital.com.ar\/index.php?rest_route=%2Fwp%2Fv2%2Fcomments&post=5084"}],"version-history":[{"count":1,"href":"https:\/\/diariodelsurdigital.com.ar\/index.php?rest_route=\/wp\/v2\/posts\/5084\/revisions"}],"predecessor-version":[{"id":5087,"href":"https:\/\/diariodelsurdigital.com.ar\/index.php?rest_route=\/wp\/v2\/posts\/5084\/revisions\/5087"}],"wp:featuredmedia":[{"embeddable":true,"href":"https:\/\/diariodelsurdigital.com.ar\/index.php?rest_route=\/wp\/v2\/media\/5085"}],"wp:attachment":[{"href":"https:\/\/diariodelsurdigital.com.ar\/index.php?rest_route=%2Fwp%2Fv2%2Fmedia&parent=5084"}],"wp:term":[{"taxonomy":"category","embeddable":true,"href":"https:\/\/diariodelsurdigital.com.ar\/index.php?rest_route=%2Fwp%2Fv2%2Fcategories&post=5084"},{"taxonomy":"post_tag","embeddable":true,"href":"https:\/\/diariodelsurdigital.com.ar\/index.php?rest_route=%2Fwp%2Fv2%2Ftags&post=5084"}],"curies":[{"name":"wp","href":"https:\/\/api.w.org\/{rel}","templated":true}]}}