{"id":5094,"date":"2025-10-13T10:38:37","date_gmt":"2025-10-13T13:38:37","guid":{"rendered":"https:\/\/diariodelsurdigital.com.ar\/?p=5094"},"modified":"2025-10-13T10:38:38","modified_gmt":"2025-10-13T13:38:38","slug":"entre-rios-tuvo-una-ocupacion-turistica-que-promedio-el-65","status":"publish","type":"post","link":"https:\/\/diariodelsurdigital.com.ar\/?p=5094","title":{"rendered":"Entre R\u00edos tuvo una ocupaci\u00f3n tur\u00edstica que promedi\u00f3 el 65%"},"content":{"rendered":"\n<p>Los datos fueron proporcionados por la Confederaci\u00f3n Argentina de la Mediana Empresa (CAME). Villa Elisa fue el destino m\u00e1s elegido.<\/p>\n\n\n\n<p>\u201cLa provincia vivi\u00f3 un fin de semana largo de intenso movimiento tur\u00edstico, alcanzando niveles de ocupaci\u00f3n destacados en sus principales destinos. El promedio provincial se ubic\u00f3 entre el 60% y el 70%, con picos en localidades que registraron plena ocupaci\u00f3n\u201d, se se\u00f1ala en el informe al que accedi\u00f3 esta Agencia,<\/p>\n\n\n\n<p>\u201cEn Villa Elisa, los alojamientos alcanzaron el 99%, en Santa Elena el 90%, en Federaci\u00f3n el 75%, en Gualeguaych\u00fa el 67%, en Paran\u00e1 el 60% y en Col\u00f3n el 60%. Tambi\u00e9n Concordia tuvo un buen movimiento. En el norte entrerriano, Santa Elena se consolid\u00f3 como uno de los destinos m\u00e1s elegidos, con ocupaci\u00f3n casi plena en hoteles y campings colmados de visitantes que disfrutaron de caminatas por la costa del Paran\u00e1, pesca deportiva, excursiones por las islas y una nutrida agenda cultural\u201d.<\/p>\n\n\n\n<p>\u201cEn el litoral del R\u00edo Uruguay, Col\u00f3n recibi\u00f3 miles de visitantes con una amplia programaci\u00f3n de espect\u00e1culos al aire libre, ferias de artesanos y propuestas gastron\u00f3micas, mientras que San Jos\u00e9 dio inicio al programa \u2018El Verano m\u00e1s largo de Entre R\u00edos\u2019, con la apertura anticipada de sus playas y la incorporaci\u00f3n de las noches termales, que combinan relax, m\u00fasica y gastronom\u00eda\u201d.<\/p>\n","protected":false},"excerpt":{"rendered":"<p>Los datos fueron proporcionados por la Confederaci\u00f3n Argentina de la Mediana Empresa (CAME). Villa Elisa fue el destino m\u00e1s elegido. \u201cLa provincia vivi\u00f3 un fin de semana largo de intenso movimiento tur\u00edstico, alcanzando niveles de ocupaci\u00f3n destacados en sus principales destinos. El promedio provincial se ubic\u00f3 entre el 60% y el 70%, con picos en [&hellip;]<\/p>\n","protected":false},"author":4,"featured_media":5095,"comment_status":"open","ping_status":"open","sticky":false,"template":"","format":"standard","meta":{"footnotes":""},"categories":[17],"tags":[],"class_list":{"0":"post-5094","1":"post","2":"type-post","3":"status-publish","4":"format-standard","5":"has-post-thumbnail","7":"category-provinciales"},"yoast_head":"<!-- This site is optimized with the Yoast SEO plugin v27.4 - https:\/\/yoast.com\/product\/yoast-seo-wordpress\/ -->\n<title>Entre R\u00edos tuvo una ocupaci\u00f3n tur\u00edstica que promedi\u00f3 el 65% - Diario del Sur<\/title>\n<meta name=\"robots\" content=\"index, follow, max-snippet:-1, max-image-preview:large, max-video-preview:-1\" \/>\n<link rel=\"canonical\" href=\"https:\/\/diariodelsurdigital.com.ar\/?p=5094\" \/>\n<meta property=\"og:locale\" content=\"es_ES\" \/>\n<meta property=\"og:type\" content=\"article\" \/>\n<meta property=\"og:title\" content=\"Entre R\u00edos tuvo una ocupaci\u00f3n tur\u00edstica que promedi\u00f3 el 65% - Diario del Sur\" \/>\n<meta property=\"og:description\" content=\"Los datos fueron proporcionados por la Confederaci\u00f3n Argentina de la Mediana Empresa (CAME). Villa Elisa fue el destino m\u00e1s elegido. \u201cLa provincia vivi\u00f3 un fin de semana largo de intenso movimiento tur\u00edstico, alcanzando niveles de ocupaci\u00f3n destacados en sus principales destinos. El promedio provincial se ubic\u00f3 entre el 60% y el 70%, con picos en [&hellip;]\" \/>\n<meta property=\"og:url\" content=\"https:\/\/diariodelsurdigital.com.ar\/?p=5094\" \/>\n<meta property=\"og:site_name\" content=\"Diario del Sur\" \/>\n<meta property=\"article:published_time\" content=\"2025-10-13T13:38:37+00:00\" \/>\n<meta property=\"article:modified_time\" content=\"2025-10-13T13:38:38+00:00\" \/>\n<meta property=\"og:image\" content=\"https:\/\/diariodelsurdigital.com.ar\/wp-content\/uploads\/2025\/10\/md-21.webp\" \/>\n\t<meta property=\"og:image:width\" content=\"992\" \/>\n\t<meta property=\"og:image:height\" content=\"557\" \/>\n\t<meta property=\"og:image:type\" content=\"image\/webp\" \/>\n<meta name=\"author\" content=\"Diario del Sur Digital\" \/>\n<meta name=\"twitter:card\" content=\"summary_large_image\" \/>\n<meta name=\"twitter:label1\" content=\"Escrito por\" \/>\n\t<meta name=\"twitter:data1\" content=\"Diario del Sur Digital\" \/>\n\t<meta name=\"twitter:label2\" content=\"Tiempo de lectura\" \/>\n\t<meta name=\"twitter:data2\" content=\"2 minutos\" \/>\n<script type=\"application\/ld+json\" class=\"yoast-schema-graph\">{\"@context\":\"https:\\\/\\\/schema.org\",\"@graph\":[{\"@type\":\"Article\",\"@id\":\"https:\\\/\\\/diariodelsurdigital.com.ar\\\/?p=5094#article\",\"isPartOf\":{\"@id\":\"https:\\\/\\\/diariodelsurdigital.com.ar\\\/?p=5094\"},\"author\":{\"name\":\"Diario del Sur Digital\",\"@id\":\"https:\\\/\\\/diariodelsurdigital.com.ar\\\/#\\\/schema\\\/person\\\/1a4992532ed62965c968031b49195c81\"},\"headline\":\"Entre R\u00edos tuvo una ocupaci\u00f3n tur\u00edstica que promedi\u00f3 el 65%\",\"datePublished\":\"2025-10-13T13:38:37+00:00\",\"dateModified\":\"2025-10-13T13:38:38+00:00\",\"mainEntityOfPage\":{\"@id\":\"https:\\\/\\\/diariodelsurdigital.com.ar\\\/?p=5094\"},\"wordCount\":238,\"commentCount\":0,\"image\":{\"@id\":\"https:\\\/\\\/diariodelsurdigital.com.ar\\\/?p=5094#primaryimage\"},\"thumbnailUrl\":\"https:\\\/\\\/diariodelsurdigital.com.ar\\\/wp-content\\\/uploads\\\/2025\\\/10\\\/md-21.webp\",\"articleSection\":[\"Provinciales\"],\"inLanguage\":\"es\",\"potentialAction\":[{\"@type\":\"CommentAction\",\"name\":\"Comment\",\"target\":[\"https:\\\/\\\/diariodelsurdigital.com.ar\\\/?p=5094#respond\"]}]},{\"@type\":\"WebPage\",\"@id\":\"https:\\\/\\\/diariodelsurdigital.com.ar\\\/?p=5094\",\"url\":\"https:\\\/\\\/diariodelsurdigital.com.ar\\\/?p=5094\",\"name\":\"Entre R\u00edos tuvo una ocupaci\u00f3n tur\u00edstica que promedi\u00f3 el 65% - Diario del Sur\",\"isPartOf\":{\"@id\":\"https:\\\/\\\/diariodelsurdigital.com.ar\\\/#website\"},\"primaryImageOfPage\":{\"@id\":\"https:\\\/\\\/diariodelsurdigital.com.ar\\\/?p=5094#primaryimage\"},\"image\":{\"@id\":\"https:\\\/\\\/diariodelsurdigital.com.ar\\\/?p=5094#primaryimage\"},\"thumbnailUrl\":\"https:\\\/\\\/diariodelsurdigital.com.ar\\\/wp-content\\\/uploads\\\/2025\\\/10\\\/md-21.webp\",\"datePublished\":\"2025-10-13T13:38:37+00:00\",\"dateModified\":\"2025-10-13T13:38:38+00:00\",\"author\":{\"@id\":\"https:\\\/\\\/diariodelsurdigital.com.ar\\\/#\\\/schema\\\/person\\\/1a4992532ed62965c968031b49195c81\"},\"breadcrumb\":{\"@id\":\"https:\\\/\\\/diariodelsurdigital.com.ar\\\/?p=5094#breadcrumb\"},\"inLanguage\":\"es\",\"potentialAction\":[{\"@type\":\"ReadAction\",\"target\":[\"https:\\\/\\\/diariodelsurdigital.com.ar\\\/?p=5094\"]}]},{\"@type\":\"ImageObject\",\"inLanguage\":\"es\",\"@id\":\"https:\\\/\\\/diariodelsurdigital.com.ar\\\/?p=5094#primaryimage\",\"url\":\"https:\\\/\\\/diariodelsurdigital.com.ar\\\/wp-content\\\/uploads\\\/2025\\\/10\\\/md-21.webp\",\"contentUrl\":\"https:\\\/\\\/diariodelsurdigital.com.ar\\\/wp-content\\\/uploads\\\/2025\\\/10\\\/md-21.webp\",\"width\":992,\"height\":557},{\"@type\":\"BreadcrumbList\",\"@id\":\"https:\\\/\\\/diariodelsurdigital.com.ar\\\/?p=5094#breadcrumb\",\"itemListElement\":[{\"@type\":\"ListItem\",\"position\":1,\"name\":\"Portada\",\"item\":\"https:\\\/\\\/diariodelsurdigital.com.ar\\\/\"},{\"@type\":\"ListItem\",\"position\":2,\"name\":\"Entre R\u00edos tuvo una ocupaci\u00f3n tur\u00edstica que promedi\u00f3 el 65%\"}]},{\"@type\":\"WebSite\",\"@id\":\"https:\\\/\\\/diariodelsurdigital.com.ar\\\/#website\",\"url\":\"https:\\\/\\\/diariodelsurdigital.com.ar\\\/\",\"name\":\"Diario del Sur\",\"description\":\"Digital\",\"potentialAction\":[{\"@type\":\"SearchAction\",\"target\":{\"@type\":\"EntryPoint\",\"urlTemplate\":\"https:\\\/\\\/diariodelsurdigital.com.ar\\\/?s={search_term_string}\"},\"query-input\":{\"@type\":\"PropertyValueSpecification\",\"valueRequired\":true,\"valueName\":\"search_term_string\"}}],\"inLanguage\":\"es\"},{\"@type\":\"Person\",\"@id\":\"https:\\\/\\\/diariodelsurdigital.com.ar\\\/#\\\/schema\\\/person\\\/1a4992532ed62965c968031b49195c81\",\"name\":\"Diario del Sur Digital\",\"image\":{\"@type\":\"ImageObject\",\"inLanguage\":\"es\",\"@id\":\"https:\\\/\\\/secure.gravatar.com\\\/avatar\\\/f0c7c47fc7146d19828273b9b8eda651c9c7ab583767e6338d3d3bee825adf76?s=96&d=mm&r=g\",\"url\":\"https:\\\/\\\/secure.gravatar.com\\\/avatar\\\/f0c7c47fc7146d19828273b9b8eda651c9c7ab583767e6338d3d3bee825adf76?s=96&d=mm&r=g\",\"contentUrl\":\"https:\\\/\\\/secure.gravatar.com\\\/avatar\\\/f0c7c47fc7146d19828273b9b8eda651c9c7ab583767e6338d3d3bee825adf76?s=96&d=mm&r=g\",\"caption\":\"Diario del Sur Digital\"},\"url\":\"https:\\\/\\\/diariodelsurdigital.com.ar\\\/?author=4\"}]}<\/script>\n<!-- \/ Yoast SEO plugin. -->","yoast_head_json":{"title":"Entre R\u00edos tuvo una ocupaci\u00f3n tur\u00edstica que promedi\u00f3 el 65% - Diario del Sur","robots":{"index":"index","follow":"follow","max-snippet":"max-snippet:-1","max-image-preview":"max-image-preview:large","max-video-preview":"max-video-preview:-1"},"canonical":"https:\/\/diariodelsurdigital.com.ar\/?p=5094","og_locale":"es_ES","og_type":"article","og_title":"Entre R\u00edos tuvo una ocupaci\u00f3n tur\u00edstica que promedi\u00f3 el 65% - Diario del Sur","og_description":"Los datos fueron proporcionados por la Confederaci\u00f3n Argentina de la Mediana Empresa (CAME). Villa Elisa fue el destino m\u00e1s elegido. \u201cLa provincia vivi\u00f3 un fin de semana largo de intenso movimiento tur\u00edstico, alcanzando niveles de ocupaci\u00f3n destacados en sus principales destinos. El promedio provincial se ubic\u00f3 entre el 60% y el 70%, con picos en [&hellip;]","og_url":"https:\/\/diariodelsurdigital.com.ar\/?p=5094","og_site_name":"Diario del Sur","article_published_time":"2025-10-13T13:38:37+00:00","article_modified_time":"2025-10-13T13:38:38+00:00","og_image":[{"width":992,"height":557,"url":"https:\/\/diariodelsurdigital.com.ar\/wp-content\/uploads\/2025\/10\/md-21.webp","type":"image\/webp"}],"author":"Diario del Sur Digital","twitter_card":"summary_large_image","twitter_misc":{"Escrito por":"Diario del Sur Digital","Tiempo de lectura":"2 minutos"},"schema":{"@context":"https:\/\/schema.org","@graph":[{"@type":"Article","@id":"https:\/\/diariodelsurdigital.com.ar\/?p=5094#article","isPartOf":{"@id":"https:\/\/diariodelsurdigital.com.ar\/?p=5094"},"author":{"name":"Diario del Sur Digital","@id":"https:\/\/diariodelsurdigital.com.ar\/#\/schema\/person\/1a4992532ed62965c968031b49195c81"},"headline":"Entre R\u00edos tuvo una ocupaci\u00f3n tur\u00edstica que promedi\u00f3 el 65%","datePublished":"2025-10-13T13:38:37+00:00","dateModified":"2025-10-13T13:38:38+00:00","mainEntityOfPage":{"@id":"https:\/\/diariodelsurdigital.com.ar\/?p=5094"},"wordCount":238,"commentCount":0,"image":{"@id":"https:\/\/diariodelsurdigital.com.ar\/?p=5094#primaryimage"},"thumbnailUrl":"https:\/\/diariodelsurdigital.com.ar\/wp-content\/uploads\/2025\/10\/md-21.webp","articleSection":["Provinciales"],"inLanguage":"es","potentialAction":[{"@type":"CommentAction","name":"Comment","target":["https:\/\/diariodelsurdigital.com.ar\/?p=5094#respond"]}]},{"@type":"WebPage","@id":"https:\/\/diariodelsurdigital.com.ar\/?p=5094","url":"https:\/\/diariodelsurdigital.com.ar\/?p=5094","name":"Entre R\u00edos tuvo una ocupaci\u00f3n tur\u00edstica que promedi\u00f3 el 65% - Diario del Sur","isPartOf":{"@id":"https:\/\/diariodelsurdigital.com.ar\/#website"},"primaryImageOfPage":{"@id":"https:\/\/diariodelsurdigital.com.ar\/?p=5094#primaryimage"},"image":{"@id":"https:\/\/diariodelsurdigital.com.ar\/?p=5094#primaryimage"},"thumbnailUrl":"https:\/\/diariodelsurdigital.com.ar\/wp-content\/uploads\/2025\/10\/md-21.webp","datePublished":"2025-10-13T13:38:37+00:00","dateModified":"2025-10-13T13:38:38+00:00","author":{"@id":"https:\/\/diariodelsurdigital.com.ar\/#\/schema\/person\/1a4992532ed62965c968031b49195c81"},"breadcrumb":{"@id":"https:\/\/diariodelsurdigital.com.ar\/?p=5094#breadcrumb"},"inLanguage":"es","potentialAction":[{"@type":"ReadAction","target":["https:\/\/diariodelsurdigital.com.ar\/?p=5094"]}]},{"@type":"ImageObject","inLanguage":"es","@id":"https:\/\/diariodelsurdigital.com.ar\/?p=5094#primaryimage","url":"https:\/\/diariodelsurdigital.com.ar\/wp-content\/uploads\/2025\/10\/md-21.webp","contentUrl":"https:\/\/diariodelsurdigital.com.ar\/wp-content\/uploads\/2025\/10\/md-21.webp","width":992,"height":557},{"@type":"BreadcrumbList","@id":"https:\/\/diariodelsurdigital.com.ar\/?p=5094#breadcrumb","itemListElement":[{"@type":"ListItem","position":1,"name":"Portada","item":"https:\/\/diariodelsurdigital.com.ar\/"},{"@type":"ListItem","position":2,"name":"Entre R\u00edos tuvo una ocupaci\u00f3n tur\u00edstica que promedi\u00f3 el 65%"}]},{"@type":"WebSite","@id":"https:\/\/diariodelsurdigital.com.ar\/#website","url":"https:\/\/diariodelsurdigital.com.ar\/","name":"Diario del Sur","description":"Digital","potentialAction":[{"@type":"SearchAction","target":{"@type":"EntryPoint","urlTemplate":"https:\/\/diariodelsurdigital.com.ar\/?s={search_term_string}"},"query-input":{"@type":"PropertyValueSpecification","valueRequired":true,"valueName":"search_term_string"}}],"inLanguage":"es"},{"@type":"Person","@id":"https:\/\/diariodelsurdigital.com.ar\/#\/schema\/person\/1a4992532ed62965c968031b49195c81","name":"Diario del Sur Digital","image":{"@type":"ImageObject","inLanguage":"es","@id":"https:\/\/secure.gravatar.com\/avatar\/f0c7c47fc7146d19828273b9b8eda651c9c7ab583767e6338d3d3bee825adf76?s=96&d=mm&r=g","url":"https:\/\/secure.gravatar.com\/avatar\/f0c7c47fc7146d19828273b9b8eda651c9c7ab583767e6338d3d3bee825adf76?s=96&d=mm&r=g","contentUrl":"https:\/\/secure.gravatar.com\/avatar\/f0c7c47fc7146d19828273b9b8eda651c9c7ab583767e6338d3d3bee825adf76?s=96&d=mm&r=g","caption":"Diario del Sur Digital"},"url":"https:\/\/diariodelsurdigital.com.ar\/?author=4"}]}},"_links":{"self":[{"href":"https:\/\/diariodelsurdigital.com.ar\/index.php?rest_route=\/wp\/v2\/posts\/5094","targetHints":{"allow":["GET"]}}],"collection":[{"href":"https:\/\/diariodelsurdigital.com.ar\/index.php?rest_route=\/wp\/v2\/posts"}],"about":[{"href":"https:\/\/diariodelsurdigital.com.ar\/index.php?rest_route=\/wp\/v2\/types\/post"}],"author":[{"embeddable":true,"href":"https:\/\/diariodelsurdigital.com.ar\/index.php?rest_route=\/wp\/v2\/users\/4"}],"replies":[{"embeddable":true,"href":"https:\/\/diariodelsurdigital.com.ar\/index.php?rest_route=%2Fwp%2Fv2%2Fcomments&post=5094"}],"version-history":[{"count":1,"href":"https:\/\/diariodelsurdigital.com.ar\/index.php?rest_route=\/wp\/v2\/posts\/5094\/revisions"}],"predecessor-version":[{"id":5096,"href":"https:\/\/diariodelsurdigital.com.ar\/index.php?rest_route=\/wp\/v2\/posts\/5094\/revisions\/5096"}],"wp:featuredmedia":[{"embeddable":true,"href":"https:\/\/diariodelsurdigital.com.ar\/index.php?rest_route=\/wp\/v2\/media\/5095"}],"wp:attachment":[{"href":"https:\/\/diariodelsurdigital.com.ar\/index.php?rest_route=%2Fwp%2Fv2%2Fmedia&parent=5094"}],"wp:term":[{"taxonomy":"category","embeddable":true,"href":"https:\/\/diariodelsurdigital.com.ar\/index.php?rest_route=%2Fwp%2Fv2%2Fcategories&post=5094"},{"taxonomy":"post_tag","embeddable":true,"href":"https:\/\/diariodelsurdigital.com.ar\/index.php?rest_route=%2Fwp%2Fv2%2Ftags&post=5094"}],"curies":[{"name":"wp","href":"https:\/\/api.w.org\/{rel}","templated":true}]}}