{"id":5097,"date":"2025-10-13T10:40:19","date_gmt":"2025-10-13T13:40:19","guid":{"rendered":"https:\/\/diariodelsurdigital.com.ar\/?p=5097"},"modified":"2025-10-13T10:40:20","modified_gmt":"2025-10-13T13:40:20","slug":"otra-semana-caliente-en-el-congreso-se-inicia-el-debate-del-presupuesto-y-diputados-interpela-a-luis-caputo-y-karina-milei","status":"publish","type":"post","link":"https:\/\/diariodelsurdigital.com.ar\/?p=5097","title":{"rendered":"Otra semana caliente en el Congreso: se inicia el debate del Presupuesto y Diputados interpela a Luis Caputo y Karina Milei"},"content":{"rendered":"\n<p>La oposici\u00f3n motoriza dict\u00e1menes para retomar una agenda de sesiones despu\u00e9s de las elecciones. El temario incluye deportes, discapacidad, pymes y deuda.<\/p>\n\n\n\n<p>La \u00faltima sesi\u00f3n en Diputados tuvo como principal resultado la disposici\u00f3n de una inusual actividad en comisiones para esta semana. Ante la estrategia oficialista de no convocar el tratamiento de agendas de otros espacios, la oposici\u00f3n insisti\u00f3 con el recurso de emplazamiento y consigui\u00f3 la aprobaci\u00f3n de siete plenarios, que incluir\u00e1n el inicio del debate del Presupuesto 2026. Dentro del Senado ya se discute la posibilidad de una sesi\u00f3n antes de las elecciones, que incluso podr\u00eda ser citada el pr\u00f3ximo jueves.<\/p>\n\n\n\n<p>A pesar de que el Gobierno tom\u00f3 aire al evitar la reforma de la ley de DNUs, recuperando voluntades que tanto menemistas como caputistas se atribuyeron como m\u00e9rito de su capacidad de negociaci\u00f3n, lo que sobreviene no es tarea sencilla. Su principal preocupaci\u00f3n no radica en las interpelaciones para el pr\u00f3ximo mi\u00e9rcoles a Luis Caputo -para conocerse los detalles del acuerdo con Scott Bessent-, Karina Milei y Mario Lugones -para indagar sobre las presuntas coimas en ANDIS-: tanto el ministro de Econom\u00eda como la secretaria General de la Presidencia estar\u00edan en los Estados Unidos, en el marco del encuentro de Javier Milei con Donald Trump.<\/p>\n\n\n\n<p>En esa situaci\u00f3n quedar\u00eda expuesta la ausencia del ministro de Salud, pero el funcionario nunca acudi\u00f3 a las anteriores convocatorias y ser\u00eda una sorpresa que haga una excepci\u00f3n. Quien volver\u00eda a quedar en la centralidad de las acusaciones opositoras es Guillermo Francos, a quien apuntan por el Decreto 681\/2025, que promulg\u00f3 la ley de emergencia en discapacidad pero en su art\u00edculo segundo no la efectiviz\u00f3, al solicitarle al Congreso el origen de los fondos para costearlo. Este mi\u00e9rcoles hubo media sanci\u00f3n para derogar ese art\u00edculo y sobre el jefe de Gabinete ya recae una advertencia de moci\u00f3n de censura, que implicar\u00eda la remoci\u00f3n de su puesto, public\u00f3 \u00c1mbito.<\/p>\n\n\n\n<p>A\u00fan as\u00ed, el debate m\u00e1s importante que se abre es la ley de Presupuesto 2026. El Congreso, y principalmente los gobernadores, ya cuentan con antecedentes sobrados para sospechar que en Casa Rosada podr\u00edan omitir sancionar una ley y volver a administrar partidas con discrecionalidad. Es por eso que se aprob\u00f3 el emplazamiento de dos encuentros semanales, con el fin de dictaminar un proyecto en una s\u00e9ptima reuni\u00f3n, fechada para el 4 de noviembre. La discusi\u00f3n de la Comisi\u00f3n de Presupuesto estar\u00eda presidida por \u00abBertie\u00bb Benegas Lynch. Nuevamente, Carlos Guberman -secretario de Hacienda- y Pablo Quir\u00f3n -secretario de Finanzas- fueron los primeros citados para explicar la intenci\u00f3n oficialista.<\/p>\n","protected":false},"excerpt":{"rendered":"<p>La oposici\u00f3n motoriza dict\u00e1menes para retomar una agenda de sesiones despu\u00e9s de las elecciones. El temario incluye deportes, discapacidad, pymes y deuda. La \u00faltima sesi\u00f3n en Diputados tuvo como principal resultado la disposici\u00f3n de una inusual actividad en comisiones para esta semana. Ante la estrategia oficialista de no convocar el tratamiento de agendas de otros [&hellip;]<\/p>\n","protected":false},"author":4,"featured_media":5098,"comment_status":"open","ping_status":"open","sticky":false,"template":"","format":"standard","meta":{"footnotes":""},"categories":[18,22],"tags":[],"class_list":{"0":"post-5097","1":"post","2":"type-post","3":"status-publish","4":"format-standard","5":"has-post-thumbnail","7":"category-nacionales","8":"category-politica"},"yoast_head":"<!-- This site is optimized with the Yoast SEO plugin v27.4 - https:\/\/yoast.com\/product\/yoast-seo-wordpress\/ -->\n<title>Otra semana caliente en el Congreso: se inicia el debate del Presupuesto y Diputados interpela a Luis Caputo y Karina Milei - Diario del Sur<\/title>\n<meta name=\"robots\" content=\"index, follow, max-snippet:-1, max-image-preview:large, max-video-preview:-1\" \/>\n<link rel=\"canonical\" href=\"https:\/\/diariodelsurdigital.com.ar\/?p=5097\" \/>\n<meta property=\"og:locale\" content=\"es_ES\" \/>\n<meta property=\"og:type\" content=\"article\" \/>\n<meta property=\"og:title\" content=\"Otra semana caliente en el Congreso: se inicia el debate del Presupuesto y Diputados interpela a Luis Caputo y Karina Milei - Diario del Sur\" \/>\n<meta property=\"og:description\" content=\"La oposici\u00f3n motoriza dict\u00e1menes para retomar una agenda de sesiones despu\u00e9s de las elecciones. El temario incluye deportes, discapacidad, pymes y deuda. La \u00faltima sesi\u00f3n en Diputados tuvo como principal resultado la disposici\u00f3n de una inusual actividad en comisiones para esta semana. Ante la estrategia oficialista de no convocar el tratamiento de agendas de otros [&hellip;]\" \/>\n<meta property=\"og:url\" content=\"https:\/\/diariodelsurdigital.com.ar\/?p=5097\" \/>\n<meta property=\"og:site_name\" content=\"Diario del Sur\" \/>\n<meta property=\"article:published_time\" content=\"2025-10-13T13:40:19+00:00\" \/>\n<meta property=\"article:modified_time\" content=\"2025-10-13T13:40:20+00:00\" \/>\n<meta property=\"og:image\" content=\"https:\/\/diariodelsurdigital.com.ar\/wp-content\/uploads\/2025\/10\/md-22.webp\" \/>\n\t<meta property=\"og:image:width\" content=\"992\" \/>\n\t<meta property=\"og:image:height\" content=\"660\" \/>\n\t<meta property=\"og:image:type\" content=\"image\/webp\" \/>\n<meta name=\"author\" content=\"Diario del Sur Digital\" \/>\n<meta name=\"twitter:card\" content=\"summary_large_image\" \/>\n<meta name=\"twitter:label1\" content=\"Escrito por\" \/>\n\t<meta name=\"twitter:data1\" content=\"Diario del Sur Digital\" \/>\n\t<meta name=\"twitter:label2\" content=\"Tiempo de lectura\" \/>\n\t<meta name=\"twitter:data2\" content=\"3 minutos\" \/>\n<script type=\"application\/ld+json\" class=\"yoast-schema-graph\">{\"@context\":\"https:\\\/\\\/schema.org\",\"@graph\":[{\"@type\":\"Article\",\"@id\":\"https:\\\/\\\/diariodelsurdigital.com.ar\\\/?p=5097#article\",\"isPartOf\":{\"@id\":\"https:\\\/\\\/diariodelsurdigital.com.ar\\\/?p=5097\"},\"author\":{\"name\":\"Diario del Sur Digital\",\"@id\":\"https:\\\/\\\/diariodelsurdigital.com.ar\\\/#\\\/schema\\\/person\\\/1a4992532ed62965c968031b49195c81\"},\"headline\":\"Otra semana caliente en el Congreso: se inicia el debate del Presupuesto y Diputados interpela a Luis Caputo y Karina Milei\",\"datePublished\":\"2025-10-13T13:40:19+00:00\",\"dateModified\":\"2025-10-13T13:40:20+00:00\",\"mainEntityOfPage\":{\"@id\":\"https:\\\/\\\/diariodelsurdigital.com.ar\\\/?p=5097\"},\"wordCount\":480,\"commentCount\":0,\"image\":{\"@id\":\"https:\\\/\\\/diariodelsurdigital.com.ar\\\/?p=5097#primaryimage\"},\"thumbnailUrl\":\"https:\\\/\\\/diariodelsurdigital.com.ar\\\/wp-content\\\/uploads\\\/2025\\\/10\\\/md-22.webp\",\"articleSection\":[\"Nacionales\",\"Pol\u00edtica\"],\"inLanguage\":\"es\",\"potentialAction\":[{\"@type\":\"CommentAction\",\"name\":\"Comment\",\"target\":[\"https:\\\/\\\/diariodelsurdigital.com.ar\\\/?p=5097#respond\"]}]},{\"@type\":\"WebPage\",\"@id\":\"https:\\\/\\\/diariodelsurdigital.com.ar\\\/?p=5097\",\"url\":\"https:\\\/\\\/diariodelsurdigital.com.ar\\\/?p=5097\",\"name\":\"Otra semana caliente en el Congreso: se inicia el debate del Presupuesto y Diputados interpela a Luis Caputo y Karina Milei - Diario del Sur\",\"isPartOf\":{\"@id\":\"https:\\\/\\\/diariodelsurdigital.com.ar\\\/#website\"},\"primaryImageOfPage\":{\"@id\":\"https:\\\/\\\/diariodelsurdigital.com.ar\\\/?p=5097#primaryimage\"},\"image\":{\"@id\":\"https:\\\/\\\/diariodelsurdigital.com.ar\\\/?p=5097#primaryimage\"},\"thumbnailUrl\":\"https:\\\/\\\/diariodelsurdigital.com.ar\\\/wp-content\\\/uploads\\\/2025\\\/10\\\/md-22.webp\",\"datePublished\":\"2025-10-13T13:40:19+00:00\",\"dateModified\":\"2025-10-13T13:40:20+00:00\",\"author\":{\"@id\":\"https:\\\/\\\/diariodelsurdigital.com.ar\\\/#\\\/schema\\\/person\\\/1a4992532ed62965c968031b49195c81\"},\"breadcrumb\":{\"@id\":\"https:\\\/\\\/diariodelsurdigital.com.ar\\\/?p=5097#breadcrumb\"},\"inLanguage\":\"es\",\"potentialAction\":[{\"@type\":\"ReadAction\",\"target\":[\"https:\\\/\\\/diariodelsurdigital.com.ar\\\/?p=5097\"]}]},{\"@type\":\"ImageObject\",\"inLanguage\":\"es\",\"@id\":\"https:\\\/\\\/diariodelsurdigital.com.ar\\\/?p=5097#primaryimage\",\"url\":\"https:\\\/\\\/diariodelsurdigital.com.ar\\\/wp-content\\\/uploads\\\/2025\\\/10\\\/md-22.webp\",\"contentUrl\":\"https:\\\/\\\/diariodelsurdigital.com.ar\\\/wp-content\\\/uploads\\\/2025\\\/10\\\/md-22.webp\",\"width\":992,\"height\":660},{\"@type\":\"BreadcrumbList\",\"@id\":\"https:\\\/\\\/diariodelsurdigital.com.ar\\\/?p=5097#breadcrumb\",\"itemListElement\":[{\"@type\":\"ListItem\",\"position\":1,\"name\":\"Portada\",\"item\":\"https:\\\/\\\/diariodelsurdigital.com.ar\\\/\"},{\"@type\":\"ListItem\",\"position\":2,\"name\":\"Otra semana caliente en el Congreso: se inicia el debate del Presupuesto y Diputados interpela a Luis Caputo y Karina Milei\"}]},{\"@type\":\"WebSite\",\"@id\":\"https:\\\/\\\/diariodelsurdigital.com.ar\\\/#website\",\"url\":\"https:\\\/\\\/diariodelsurdigital.com.ar\\\/\",\"name\":\"Diario del Sur\",\"description\":\"Digital\",\"potentialAction\":[{\"@type\":\"SearchAction\",\"target\":{\"@type\":\"EntryPoint\",\"urlTemplate\":\"https:\\\/\\\/diariodelsurdigital.com.ar\\\/?s={search_term_string}\"},\"query-input\":{\"@type\":\"PropertyValueSpecification\",\"valueRequired\":true,\"valueName\":\"search_term_string\"}}],\"inLanguage\":\"es\"},{\"@type\":\"Person\",\"@id\":\"https:\\\/\\\/diariodelsurdigital.com.ar\\\/#\\\/schema\\\/person\\\/1a4992532ed62965c968031b49195c81\",\"name\":\"Diario del Sur Digital\",\"image\":{\"@type\":\"ImageObject\",\"inLanguage\":\"es\",\"@id\":\"https:\\\/\\\/secure.gravatar.com\\\/avatar\\\/f0c7c47fc7146d19828273b9b8eda651c9c7ab583767e6338d3d3bee825adf76?s=96&d=mm&r=g\",\"url\":\"https:\\\/\\\/secure.gravatar.com\\\/avatar\\\/f0c7c47fc7146d19828273b9b8eda651c9c7ab583767e6338d3d3bee825adf76?s=96&d=mm&r=g\",\"contentUrl\":\"https:\\\/\\\/secure.gravatar.com\\\/avatar\\\/f0c7c47fc7146d19828273b9b8eda651c9c7ab583767e6338d3d3bee825adf76?s=96&d=mm&r=g\",\"caption\":\"Diario del Sur Digital\"},\"url\":\"https:\\\/\\\/diariodelsurdigital.com.ar\\\/?author=4\"}]}<\/script>\n<!-- \/ Yoast SEO plugin. -->","yoast_head_json":{"title":"Otra semana caliente en el Congreso: se inicia el debate del Presupuesto y Diputados interpela a Luis Caputo y Karina Milei - Diario del Sur","robots":{"index":"index","follow":"follow","max-snippet":"max-snippet:-1","max-image-preview":"max-image-preview:large","max-video-preview":"max-video-preview:-1"},"canonical":"https:\/\/diariodelsurdigital.com.ar\/?p=5097","og_locale":"es_ES","og_type":"article","og_title":"Otra semana caliente en el Congreso: se inicia el debate del Presupuesto y Diputados interpela a Luis Caputo y Karina Milei - Diario del Sur","og_description":"La oposici\u00f3n motoriza dict\u00e1menes para retomar una agenda de sesiones despu\u00e9s de las elecciones. El temario incluye deportes, discapacidad, pymes y deuda. La \u00faltima sesi\u00f3n en Diputados tuvo como principal resultado la disposici\u00f3n de una inusual actividad en comisiones para esta semana. Ante la estrategia oficialista de no convocar el tratamiento de agendas de otros [&hellip;]","og_url":"https:\/\/diariodelsurdigital.com.ar\/?p=5097","og_site_name":"Diario del Sur","article_published_time":"2025-10-13T13:40:19+00:00","article_modified_time":"2025-10-13T13:40:20+00:00","og_image":[{"width":992,"height":660,"url":"https:\/\/diariodelsurdigital.com.ar\/wp-content\/uploads\/2025\/10\/md-22.webp","type":"image\/webp"}],"author":"Diario del Sur Digital","twitter_card":"summary_large_image","twitter_misc":{"Escrito por":"Diario del Sur Digital","Tiempo de lectura":"3 minutos"},"schema":{"@context":"https:\/\/schema.org","@graph":[{"@type":"Article","@id":"https:\/\/diariodelsurdigital.com.ar\/?p=5097#article","isPartOf":{"@id":"https:\/\/diariodelsurdigital.com.ar\/?p=5097"},"author":{"name":"Diario del Sur Digital","@id":"https:\/\/diariodelsurdigital.com.ar\/#\/schema\/person\/1a4992532ed62965c968031b49195c81"},"headline":"Otra semana caliente en el Congreso: se inicia el debate del Presupuesto y Diputados interpela a Luis Caputo y Karina Milei","datePublished":"2025-10-13T13:40:19+00:00","dateModified":"2025-10-13T13:40:20+00:00","mainEntityOfPage":{"@id":"https:\/\/diariodelsurdigital.com.ar\/?p=5097"},"wordCount":480,"commentCount":0,"image":{"@id":"https:\/\/diariodelsurdigital.com.ar\/?p=5097#primaryimage"},"thumbnailUrl":"https:\/\/diariodelsurdigital.com.ar\/wp-content\/uploads\/2025\/10\/md-22.webp","articleSection":["Nacionales","Pol\u00edtica"],"inLanguage":"es","potentialAction":[{"@type":"CommentAction","name":"Comment","target":["https:\/\/diariodelsurdigital.com.ar\/?p=5097#respond"]}]},{"@type":"WebPage","@id":"https:\/\/diariodelsurdigital.com.ar\/?p=5097","url":"https:\/\/diariodelsurdigital.com.ar\/?p=5097","name":"Otra semana caliente en el Congreso: se inicia el debate del Presupuesto y Diputados interpela a Luis Caputo y Karina Milei - Diario del Sur","isPartOf":{"@id":"https:\/\/diariodelsurdigital.com.ar\/#website"},"primaryImageOfPage":{"@id":"https:\/\/diariodelsurdigital.com.ar\/?p=5097#primaryimage"},"image":{"@id":"https:\/\/diariodelsurdigital.com.ar\/?p=5097#primaryimage"},"thumbnailUrl":"https:\/\/diariodelsurdigital.com.ar\/wp-content\/uploads\/2025\/10\/md-22.webp","datePublished":"2025-10-13T13:40:19+00:00","dateModified":"2025-10-13T13:40:20+00:00","author":{"@id":"https:\/\/diariodelsurdigital.com.ar\/#\/schema\/person\/1a4992532ed62965c968031b49195c81"},"breadcrumb":{"@id":"https:\/\/diariodelsurdigital.com.ar\/?p=5097#breadcrumb"},"inLanguage":"es","potentialAction":[{"@type":"ReadAction","target":["https:\/\/diariodelsurdigital.com.ar\/?p=5097"]}]},{"@type":"ImageObject","inLanguage":"es","@id":"https:\/\/diariodelsurdigital.com.ar\/?p=5097#primaryimage","url":"https:\/\/diariodelsurdigital.com.ar\/wp-content\/uploads\/2025\/10\/md-22.webp","contentUrl":"https:\/\/diariodelsurdigital.com.ar\/wp-content\/uploads\/2025\/10\/md-22.webp","width":992,"height":660},{"@type":"BreadcrumbList","@id":"https:\/\/diariodelsurdigital.com.ar\/?p=5097#breadcrumb","itemListElement":[{"@type":"ListItem","position":1,"name":"Portada","item":"https:\/\/diariodelsurdigital.com.ar\/"},{"@type":"ListItem","position":2,"name":"Otra semana caliente en el Congreso: se inicia el debate del Presupuesto y Diputados interpela a Luis Caputo y Karina Milei"}]},{"@type":"WebSite","@id":"https:\/\/diariodelsurdigital.com.ar\/#website","url":"https:\/\/diariodelsurdigital.com.ar\/","name":"Diario del Sur","description":"Digital","potentialAction":[{"@type":"SearchAction","target":{"@type":"EntryPoint","urlTemplate":"https:\/\/diariodelsurdigital.com.ar\/?s={search_term_string}"},"query-input":{"@type":"PropertyValueSpecification","valueRequired":true,"valueName":"search_term_string"}}],"inLanguage":"es"},{"@type":"Person","@id":"https:\/\/diariodelsurdigital.com.ar\/#\/schema\/person\/1a4992532ed62965c968031b49195c81","name":"Diario del Sur Digital","image":{"@type":"ImageObject","inLanguage":"es","@id":"https:\/\/secure.gravatar.com\/avatar\/f0c7c47fc7146d19828273b9b8eda651c9c7ab583767e6338d3d3bee825adf76?s=96&d=mm&r=g","url":"https:\/\/secure.gravatar.com\/avatar\/f0c7c47fc7146d19828273b9b8eda651c9c7ab583767e6338d3d3bee825adf76?s=96&d=mm&r=g","contentUrl":"https:\/\/secure.gravatar.com\/avatar\/f0c7c47fc7146d19828273b9b8eda651c9c7ab583767e6338d3d3bee825adf76?s=96&d=mm&r=g","caption":"Diario del Sur Digital"},"url":"https:\/\/diariodelsurdigital.com.ar\/?author=4"}]}},"_links":{"self":[{"href":"https:\/\/diariodelsurdigital.com.ar\/index.php?rest_route=\/wp\/v2\/posts\/5097","targetHints":{"allow":["GET"]}}],"collection":[{"href":"https:\/\/diariodelsurdigital.com.ar\/index.php?rest_route=\/wp\/v2\/posts"}],"about":[{"href":"https:\/\/diariodelsurdigital.com.ar\/index.php?rest_route=\/wp\/v2\/types\/post"}],"author":[{"embeddable":true,"href":"https:\/\/diariodelsurdigital.com.ar\/index.php?rest_route=\/wp\/v2\/users\/4"}],"replies":[{"embeddable":true,"href":"https:\/\/diariodelsurdigital.com.ar\/index.php?rest_route=%2Fwp%2Fv2%2Fcomments&post=5097"}],"version-history":[{"count":1,"href":"https:\/\/diariodelsurdigital.com.ar\/index.php?rest_route=\/wp\/v2\/posts\/5097\/revisions"}],"predecessor-version":[{"id":5099,"href":"https:\/\/diariodelsurdigital.com.ar\/index.php?rest_route=\/wp\/v2\/posts\/5097\/revisions\/5099"}],"wp:featuredmedia":[{"embeddable":true,"href":"https:\/\/diariodelsurdigital.com.ar\/index.php?rest_route=\/wp\/v2\/media\/5098"}],"wp:attachment":[{"href":"https:\/\/diariodelsurdigital.com.ar\/index.php?rest_route=%2Fwp%2Fv2%2Fmedia&parent=5097"}],"wp:term":[{"taxonomy":"category","embeddable":true,"href":"https:\/\/diariodelsurdigital.com.ar\/index.php?rest_route=%2Fwp%2Fv2%2Fcategories&post=5097"},{"taxonomy":"post_tag","embeddable":true,"href":"https:\/\/diariodelsurdigital.com.ar\/index.php?rest_route=%2Fwp%2Fv2%2Ftags&post=5097"}],"curies":[{"name":"wp","href":"https:\/\/api.w.org\/{rel}","templated":true}]}}