{"id":5100,"date":"2025-10-13T10:42:13","date_gmt":"2025-10-13T13:42:13","guid":{"rendered":"https:\/\/diariodelsurdigital.com.ar\/?p=5100"},"modified":"2025-10-13T10:42:14","modified_gmt":"2025-10-13T13:42:14","slug":"fallecio-este-domingo-el-musico-y-poeta-jorge-mendez-autor-de-entranables-versos-y-canciones-riberenas","status":"publish","type":"post","link":"https:\/\/diariodelsurdigital.com.ar\/?p=5100","title":{"rendered":"Falleci\u00f3 este domingo el m\u00fasico y poeta Jorge M\u00e9ndez, autor de entra\u00f1ables versos y canciones ribere\u00f1as"},"content":{"rendered":"\n<p>Este domingo 12 falleci\u00f3 el poeta y cantor Jorge M\u00e9ndez. Viv\u00eda en Oro Verde. La noticia fue confirmada por sus familiares, quienes indicaron que sus restos ser\u00e1n velados de 15 a 21. M\u00e9ndez, naci\u00f3 en Paran\u00e1 en 1942. Su poes\u00eda se nutri\u00f3 de lecturas, de silencios, de conversaciones con los cl\u00e1sicos de la lengua castellana y con los poetas de su Entre R\u00edos natal. Adem\u00e1s de notables canciones como Canci\u00f3n de Puerto S\u00e1nchez, M\u00e9ndez fue autor de otra entra\u00f1able pieza: \u201cEl puentecito de La Picada\u201d.<\/p>\n\n\n\n<p>Jorge M\u00e9ndez falleci\u00f3 este domingo 12 de octubre a la edad de 83 a\u00f1os. As\u00ed lo confirmaron sus familiares. El prol\u00edfico cantor y poeta viv\u00eda en Oro Verde. Es autor de obras entra\u00f1ables del cancionero popular entrerriano. Entre sus piezas m\u00e1s conocidas se destacan Canci\u00f3n de Puerto S\u00e1nchez, Puentecito de la Picada, El viejo Aguar\u00e1 y Palabras al Principito, entre otras de notable factura musical y po\u00e9tica. Los versos que rememoraron el paisaje y la gente de Puerto S\u00e1nchez fueron traducidos al ingl\u00e9s, al alem\u00e1n y al guaran\u00ed.<\/p>\n\n\n\n<p>A lo largo de su carrera recibi\u00f3 premios y distinciones, como el reconocimiento del Senado de la Naci\u00f3n por su aporte cultural y social. Entre otros logros de su larga carrera art\u00edstica se encuentra que en 1965 particip\u00f3 del festival de Cosqu\u00edn, donde logr\u00f3 destacarse. Este logro le permiti\u00f3 grabar su primer disco. A\u00f1os despu\u00e9s, en 1983, incansable, public\u00f3 su primer libro de poemas Raz\u00f3n de ser. La Sociedad Argentina de Autores y Compositores edit\u00f3 su biograf\u00eda dedicada a autores populares del litoral.<\/p>\n","protected":false},"excerpt":{"rendered":"<p>Este domingo 12 falleci\u00f3 el poeta y cantor Jorge M\u00e9ndez. Viv\u00eda en Oro Verde. La noticia fue confirmada por sus familiares, quienes indicaron que sus restos ser\u00e1n velados de 15 a 21. M\u00e9ndez, naci\u00f3 en Paran\u00e1 en 1942. Su poes\u00eda se nutri\u00f3 de lecturas, de silencios, de conversaciones con los cl\u00e1sicos de la lengua castellana [&hellip;]<\/p>\n","protected":false},"author":4,"featured_media":5101,"comment_status":"open","ping_status":"open","sticky":false,"template":"","format":"standard","meta":{"footnotes":""},"categories":[19,17],"tags":[],"class_list":{"0":"post-5100","1":"post","2":"type-post","3":"status-publish","4":"format-standard","5":"has-post-thumbnail","7":"category-interes-general","8":"category-provinciales"},"yoast_head":"<!-- This site is optimized with the Yoast SEO plugin v27.4 - https:\/\/yoast.com\/product\/yoast-seo-wordpress\/ -->\n<title>Falleci\u00f3 este domingo el m\u00fasico y poeta Jorge M\u00e9ndez, autor de entra\u00f1ables versos y canciones ribere\u00f1as - Diario del Sur<\/title>\n<meta name=\"robots\" content=\"index, follow, max-snippet:-1, max-image-preview:large, max-video-preview:-1\" \/>\n<link rel=\"canonical\" href=\"https:\/\/diariodelsurdigital.com.ar\/?p=5100\" \/>\n<meta property=\"og:locale\" content=\"es_ES\" \/>\n<meta property=\"og:type\" content=\"article\" \/>\n<meta property=\"og:title\" content=\"Falleci\u00f3 este domingo el m\u00fasico y poeta Jorge M\u00e9ndez, autor de entra\u00f1ables versos y canciones ribere\u00f1as - Diario del Sur\" \/>\n<meta property=\"og:description\" content=\"Este domingo 12 falleci\u00f3 el poeta y cantor Jorge M\u00e9ndez. Viv\u00eda en Oro Verde. La noticia fue confirmada por sus familiares, quienes indicaron que sus restos ser\u00e1n velados de 15 a 21. M\u00e9ndez, naci\u00f3 en Paran\u00e1 en 1942. Su poes\u00eda se nutri\u00f3 de lecturas, de silencios, de conversaciones con los cl\u00e1sicos de la lengua castellana [&hellip;]\" \/>\n<meta property=\"og:url\" content=\"https:\/\/diariodelsurdigital.com.ar\/?p=5100\" \/>\n<meta property=\"og:site_name\" content=\"Diario del Sur\" \/>\n<meta property=\"article:published_time\" content=\"2025-10-13T13:42:13+00:00\" \/>\n<meta property=\"article:modified_time\" content=\"2025-10-13T13:42:14+00:00\" \/>\n<meta property=\"og:image\" content=\"https:\/\/diariodelsurdigital.com.ar\/wp-content\/uploads\/2025\/10\/md-23.webp\" \/>\n\t<meta property=\"og:image:width\" content=\"992\" \/>\n\t<meta property=\"og:image:height\" content=\"555\" \/>\n\t<meta property=\"og:image:type\" content=\"image\/webp\" \/>\n<meta name=\"author\" content=\"Diario del Sur Digital\" \/>\n<meta name=\"twitter:card\" content=\"summary_large_image\" \/>\n<meta name=\"twitter:label1\" content=\"Escrito por\" \/>\n\t<meta name=\"twitter:data1\" content=\"Diario del Sur Digital\" \/>\n\t<meta name=\"twitter:label2\" content=\"Tiempo de lectura\" \/>\n\t<meta name=\"twitter:data2\" content=\"2 minutos\" \/>\n<script type=\"application\/ld+json\" class=\"yoast-schema-graph\">{\"@context\":\"https:\\\/\\\/schema.org\",\"@graph\":[{\"@type\":\"Article\",\"@id\":\"https:\\\/\\\/diariodelsurdigital.com.ar\\\/?p=5100#article\",\"isPartOf\":{\"@id\":\"https:\\\/\\\/diariodelsurdigital.com.ar\\\/?p=5100\"},\"author\":{\"name\":\"Diario del Sur Digital\",\"@id\":\"https:\\\/\\\/diariodelsurdigital.com.ar\\\/#\\\/schema\\\/person\\\/1a4992532ed62965c968031b49195c81\"},\"headline\":\"Falleci\u00f3 este domingo el m\u00fasico y poeta Jorge M\u00e9ndez, autor de entra\u00f1ables versos y canciones ribere\u00f1as\",\"datePublished\":\"2025-10-13T13:42:13+00:00\",\"dateModified\":\"2025-10-13T13:42:14+00:00\",\"mainEntityOfPage\":{\"@id\":\"https:\\\/\\\/diariodelsurdigital.com.ar\\\/?p=5100\"},\"wordCount\":299,\"commentCount\":0,\"image\":{\"@id\":\"https:\\\/\\\/diariodelsurdigital.com.ar\\\/?p=5100#primaryimage\"},\"thumbnailUrl\":\"https:\\\/\\\/diariodelsurdigital.com.ar\\\/wp-content\\\/uploads\\\/2025\\\/10\\\/md-23.webp\",\"articleSection\":[\"Inter\u00e9s General\",\"Provinciales\"],\"inLanguage\":\"es\",\"potentialAction\":[{\"@type\":\"CommentAction\",\"name\":\"Comment\",\"target\":[\"https:\\\/\\\/diariodelsurdigital.com.ar\\\/?p=5100#respond\"]}]},{\"@type\":\"WebPage\",\"@id\":\"https:\\\/\\\/diariodelsurdigital.com.ar\\\/?p=5100\",\"url\":\"https:\\\/\\\/diariodelsurdigital.com.ar\\\/?p=5100\",\"name\":\"Falleci\u00f3 este domingo el m\u00fasico y poeta Jorge M\u00e9ndez, autor de entra\u00f1ables versos y canciones ribere\u00f1as - Diario del Sur\",\"isPartOf\":{\"@id\":\"https:\\\/\\\/diariodelsurdigital.com.ar\\\/#website\"},\"primaryImageOfPage\":{\"@id\":\"https:\\\/\\\/diariodelsurdigital.com.ar\\\/?p=5100#primaryimage\"},\"image\":{\"@id\":\"https:\\\/\\\/diariodelsurdigital.com.ar\\\/?p=5100#primaryimage\"},\"thumbnailUrl\":\"https:\\\/\\\/diariodelsurdigital.com.ar\\\/wp-content\\\/uploads\\\/2025\\\/10\\\/md-23.webp\",\"datePublished\":\"2025-10-13T13:42:13+00:00\",\"dateModified\":\"2025-10-13T13:42:14+00:00\",\"author\":{\"@id\":\"https:\\\/\\\/diariodelsurdigital.com.ar\\\/#\\\/schema\\\/person\\\/1a4992532ed62965c968031b49195c81\"},\"breadcrumb\":{\"@id\":\"https:\\\/\\\/diariodelsurdigital.com.ar\\\/?p=5100#breadcrumb\"},\"inLanguage\":\"es\",\"potentialAction\":[{\"@type\":\"ReadAction\",\"target\":[\"https:\\\/\\\/diariodelsurdigital.com.ar\\\/?p=5100\"]}]},{\"@type\":\"ImageObject\",\"inLanguage\":\"es\",\"@id\":\"https:\\\/\\\/diariodelsurdigital.com.ar\\\/?p=5100#primaryimage\",\"url\":\"https:\\\/\\\/diariodelsurdigital.com.ar\\\/wp-content\\\/uploads\\\/2025\\\/10\\\/md-23.webp\",\"contentUrl\":\"https:\\\/\\\/diariodelsurdigital.com.ar\\\/wp-content\\\/uploads\\\/2025\\\/10\\\/md-23.webp\",\"width\":992,\"height\":555},{\"@type\":\"BreadcrumbList\",\"@id\":\"https:\\\/\\\/diariodelsurdigital.com.ar\\\/?p=5100#breadcrumb\",\"itemListElement\":[{\"@type\":\"ListItem\",\"position\":1,\"name\":\"Portada\",\"item\":\"https:\\\/\\\/diariodelsurdigital.com.ar\\\/\"},{\"@type\":\"ListItem\",\"position\":2,\"name\":\"Falleci\u00f3 este domingo el m\u00fasico y poeta Jorge M\u00e9ndez, autor de entra\u00f1ables versos y canciones ribere\u00f1as\"}]},{\"@type\":\"WebSite\",\"@id\":\"https:\\\/\\\/diariodelsurdigital.com.ar\\\/#website\",\"url\":\"https:\\\/\\\/diariodelsurdigital.com.ar\\\/\",\"name\":\"Diario del Sur\",\"description\":\"Digital\",\"potentialAction\":[{\"@type\":\"SearchAction\",\"target\":{\"@type\":\"EntryPoint\",\"urlTemplate\":\"https:\\\/\\\/diariodelsurdigital.com.ar\\\/?s={search_term_string}\"},\"query-input\":{\"@type\":\"PropertyValueSpecification\",\"valueRequired\":true,\"valueName\":\"search_term_string\"}}],\"inLanguage\":\"es\"},{\"@type\":\"Person\",\"@id\":\"https:\\\/\\\/diariodelsurdigital.com.ar\\\/#\\\/schema\\\/person\\\/1a4992532ed62965c968031b49195c81\",\"name\":\"Diario del Sur Digital\",\"image\":{\"@type\":\"ImageObject\",\"inLanguage\":\"es\",\"@id\":\"https:\\\/\\\/secure.gravatar.com\\\/avatar\\\/f0c7c47fc7146d19828273b9b8eda651c9c7ab583767e6338d3d3bee825adf76?s=96&d=mm&r=g\",\"url\":\"https:\\\/\\\/secure.gravatar.com\\\/avatar\\\/f0c7c47fc7146d19828273b9b8eda651c9c7ab583767e6338d3d3bee825adf76?s=96&d=mm&r=g\",\"contentUrl\":\"https:\\\/\\\/secure.gravatar.com\\\/avatar\\\/f0c7c47fc7146d19828273b9b8eda651c9c7ab583767e6338d3d3bee825adf76?s=96&d=mm&r=g\",\"caption\":\"Diario del Sur Digital\"},\"url\":\"https:\\\/\\\/diariodelsurdigital.com.ar\\\/?author=4\"}]}<\/script>\n<!-- \/ Yoast SEO plugin. -->","yoast_head_json":{"title":"Falleci\u00f3 este domingo el m\u00fasico y poeta Jorge M\u00e9ndez, autor de entra\u00f1ables versos y canciones ribere\u00f1as - Diario del Sur","robots":{"index":"index","follow":"follow","max-snippet":"max-snippet:-1","max-image-preview":"max-image-preview:large","max-video-preview":"max-video-preview:-1"},"canonical":"https:\/\/diariodelsurdigital.com.ar\/?p=5100","og_locale":"es_ES","og_type":"article","og_title":"Falleci\u00f3 este domingo el m\u00fasico y poeta Jorge M\u00e9ndez, autor de entra\u00f1ables versos y canciones ribere\u00f1as - Diario del Sur","og_description":"Este domingo 12 falleci\u00f3 el poeta y cantor Jorge M\u00e9ndez. Viv\u00eda en Oro Verde. La noticia fue confirmada por sus familiares, quienes indicaron que sus restos ser\u00e1n velados de 15 a 21. M\u00e9ndez, naci\u00f3 en Paran\u00e1 en 1942. Su poes\u00eda se nutri\u00f3 de lecturas, de silencios, de conversaciones con los cl\u00e1sicos de la lengua castellana [&hellip;]","og_url":"https:\/\/diariodelsurdigital.com.ar\/?p=5100","og_site_name":"Diario del Sur","article_published_time":"2025-10-13T13:42:13+00:00","article_modified_time":"2025-10-13T13:42:14+00:00","og_image":[{"width":992,"height":555,"url":"https:\/\/diariodelsurdigital.com.ar\/wp-content\/uploads\/2025\/10\/md-23.webp","type":"image\/webp"}],"author":"Diario del Sur Digital","twitter_card":"summary_large_image","twitter_misc":{"Escrito por":"Diario del Sur Digital","Tiempo de lectura":"2 minutos"},"schema":{"@context":"https:\/\/schema.org","@graph":[{"@type":"Article","@id":"https:\/\/diariodelsurdigital.com.ar\/?p=5100#article","isPartOf":{"@id":"https:\/\/diariodelsurdigital.com.ar\/?p=5100"},"author":{"name":"Diario del Sur Digital","@id":"https:\/\/diariodelsurdigital.com.ar\/#\/schema\/person\/1a4992532ed62965c968031b49195c81"},"headline":"Falleci\u00f3 este domingo el m\u00fasico y poeta Jorge M\u00e9ndez, autor de entra\u00f1ables versos y canciones ribere\u00f1as","datePublished":"2025-10-13T13:42:13+00:00","dateModified":"2025-10-13T13:42:14+00:00","mainEntityOfPage":{"@id":"https:\/\/diariodelsurdigital.com.ar\/?p=5100"},"wordCount":299,"commentCount":0,"image":{"@id":"https:\/\/diariodelsurdigital.com.ar\/?p=5100#primaryimage"},"thumbnailUrl":"https:\/\/diariodelsurdigital.com.ar\/wp-content\/uploads\/2025\/10\/md-23.webp","articleSection":["Inter\u00e9s General","Provinciales"],"inLanguage":"es","potentialAction":[{"@type":"CommentAction","name":"Comment","target":["https:\/\/diariodelsurdigital.com.ar\/?p=5100#respond"]}]},{"@type":"WebPage","@id":"https:\/\/diariodelsurdigital.com.ar\/?p=5100","url":"https:\/\/diariodelsurdigital.com.ar\/?p=5100","name":"Falleci\u00f3 este domingo el m\u00fasico y poeta Jorge M\u00e9ndez, autor de entra\u00f1ables versos y canciones ribere\u00f1as - Diario del Sur","isPartOf":{"@id":"https:\/\/diariodelsurdigital.com.ar\/#website"},"primaryImageOfPage":{"@id":"https:\/\/diariodelsurdigital.com.ar\/?p=5100#primaryimage"},"image":{"@id":"https:\/\/diariodelsurdigital.com.ar\/?p=5100#primaryimage"},"thumbnailUrl":"https:\/\/diariodelsurdigital.com.ar\/wp-content\/uploads\/2025\/10\/md-23.webp","datePublished":"2025-10-13T13:42:13+00:00","dateModified":"2025-10-13T13:42:14+00:00","author":{"@id":"https:\/\/diariodelsurdigital.com.ar\/#\/schema\/person\/1a4992532ed62965c968031b49195c81"},"breadcrumb":{"@id":"https:\/\/diariodelsurdigital.com.ar\/?p=5100#breadcrumb"},"inLanguage":"es","potentialAction":[{"@type":"ReadAction","target":["https:\/\/diariodelsurdigital.com.ar\/?p=5100"]}]},{"@type":"ImageObject","inLanguage":"es","@id":"https:\/\/diariodelsurdigital.com.ar\/?p=5100#primaryimage","url":"https:\/\/diariodelsurdigital.com.ar\/wp-content\/uploads\/2025\/10\/md-23.webp","contentUrl":"https:\/\/diariodelsurdigital.com.ar\/wp-content\/uploads\/2025\/10\/md-23.webp","width":992,"height":555},{"@type":"BreadcrumbList","@id":"https:\/\/diariodelsurdigital.com.ar\/?p=5100#breadcrumb","itemListElement":[{"@type":"ListItem","position":1,"name":"Portada","item":"https:\/\/diariodelsurdigital.com.ar\/"},{"@type":"ListItem","position":2,"name":"Falleci\u00f3 este domingo el m\u00fasico y poeta Jorge M\u00e9ndez, autor de entra\u00f1ables versos y canciones ribere\u00f1as"}]},{"@type":"WebSite","@id":"https:\/\/diariodelsurdigital.com.ar\/#website","url":"https:\/\/diariodelsurdigital.com.ar\/","name":"Diario del Sur","description":"Digital","potentialAction":[{"@type":"SearchAction","target":{"@type":"EntryPoint","urlTemplate":"https:\/\/diariodelsurdigital.com.ar\/?s={search_term_string}"},"query-input":{"@type":"PropertyValueSpecification","valueRequired":true,"valueName":"search_term_string"}}],"inLanguage":"es"},{"@type":"Person","@id":"https:\/\/diariodelsurdigital.com.ar\/#\/schema\/person\/1a4992532ed62965c968031b49195c81","name":"Diario del Sur Digital","image":{"@type":"ImageObject","inLanguage":"es","@id":"https:\/\/secure.gravatar.com\/avatar\/f0c7c47fc7146d19828273b9b8eda651c9c7ab583767e6338d3d3bee825adf76?s=96&d=mm&r=g","url":"https:\/\/secure.gravatar.com\/avatar\/f0c7c47fc7146d19828273b9b8eda651c9c7ab583767e6338d3d3bee825adf76?s=96&d=mm&r=g","contentUrl":"https:\/\/secure.gravatar.com\/avatar\/f0c7c47fc7146d19828273b9b8eda651c9c7ab583767e6338d3d3bee825adf76?s=96&d=mm&r=g","caption":"Diario del Sur Digital"},"url":"https:\/\/diariodelsurdigital.com.ar\/?author=4"}]}},"_links":{"self":[{"href":"https:\/\/diariodelsurdigital.com.ar\/index.php?rest_route=\/wp\/v2\/posts\/5100","targetHints":{"allow":["GET"]}}],"collection":[{"href":"https:\/\/diariodelsurdigital.com.ar\/index.php?rest_route=\/wp\/v2\/posts"}],"about":[{"href":"https:\/\/diariodelsurdigital.com.ar\/index.php?rest_route=\/wp\/v2\/types\/post"}],"author":[{"embeddable":true,"href":"https:\/\/diariodelsurdigital.com.ar\/index.php?rest_route=\/wp\/v2\/users\/4"}],"replies":[{"embeddable":true,"href":"https:\/\/diariodelsurdigital.com.ar\/index.php?rest_route=%2Fwp%2Fv2%2Fcomments&post=5100"}],"version-history":[{"count":1,"href":"https:\/\/diariodelsurdigital.com.ar\/index.php?rest_route=\/wp\/v2\/posts\/5100\/revisions"}],"predecessor-version":[{"id":5102,"href":"https:\/\/diariodelsurdigital.com.ar\/index.php?rest_route=\/wp\/v2\/posts\/5100\/revisions\/5102"}],"wp:featuredmedia":[{"embeddable":true,"href":"https:\/\/diariodelsurdigital.com.ar\/index.php?rest_route=\/wp\/v2\/media\/5101"}],"wp:attachment":[{"href":"https:\/\/diariodelsurdigital.com.ar\/index.php?rest_route=%2Fwp%2Fv2%2Fmedia&parent=5100"}],"wp:term":[{"taxonomy":"category","embeddable":true,"href":"https:\/\/diariodelsurdigital.com.ar\/index.php?rest_route=%2Fwp%2Fv2%2Fcategories&post=5100"},{"taxonomy":"post_tag","embeddable":true,"href":"https:\/\/diariodelsurdigital.com.ar\/index.php?rest_route=%2Fwp%2Fv2%2Ftags&post=5100"}],"curies":[{"name":"wp","href":"https:\/\/api.w.org\/{rel}","templated":true}]}}