{"id":5103,"date":"2025-10-13T10:43:55","date_gmt":"2025-10-13T13:43:55","guid":{"rendered":"https:\/\/diariodelsurdigital.com.ar\/?p=5103"},"modified":"2025-10-13T10:43:55","modified_gmt":"2025-10-13T13:43:55","slug":"hamas-libero-a-los-ultimos-20-rehenes-de-israel-vivos-tras-dos-anos-en-cautiverio","status":"publish","type":"post","link":"https:\/\/diariodelsurdigital.com.ar\/?p=5103","title":{"rendered":"Ham\u00e1s liber\u00f3 a los \u00faltimos 20 rehenes de Israel vivos tras dos a\u00f1os en cautiverio"},"content":{"rendered":"\n<p>Entre los liberados hay tres argentinos. Para este martes se espera la entrega de los cuerpos de los 28 rehenes fallecidos que a\u00fan permanecen en Gaza.<\/p>\n\n\n\n<p>Ham\u00e1s liber\u00f3 este lunes a los \u00faltimos 20 rehenes israel\u00edes vivos, que permanecieron m\u00e1s de dos a\u00f1os cautivos en la Franja de Gaza tras el ataque del 7 de octubre de 2023. Entre ellos hay tres argentinos. La liberaci\u00f3n se concret\u00f3 en dos grupos y forma parte del acuerdo de alto el fuego impulsado por Donald Trump.<\/p>\n\n\n\n<p>Los rehenes fueron entregados primero al Comit\u00e9 Internacional de la Cruz Roja, que los traslad\u00f3 a las fuerzas israel\u00edes. Luego fueron revisados por m\u00e9dicos militares antes de reencontrarse con sus familias. \u201cHemos estado esperando 738 d\u00edas para decir esto: bienvenidos a casa\u201d, public\u00f3 el Ministerio de Relaciones Exteriores de Israel en su cuenta de X.<\/p>\n\n\n\n<p>El acuerdo contempla un intercambio de prisioneros: Israel liberar\u00e1 a 1.968 palestinos detenidos, de los cuales 154 ser\u00e1n deportados fuera del pa\u00eds. La Autoridad de Prisioneros y el Club de Prisioneros Palestinos confirmaron que entre ellos hay 250 personas con cadena perpetua. Adem\u00e1s, 1.718 presos de Gaza ser\u00e1n liberados en el enclave.<\/p>\n\n\n\n<p>Se prev\u00e9 que el presidente estadounidense Donald Trump arribe a Israel este lunes por la ma\u00f1ana para mantener reuniones con el primer ministro Benjamin Netanyahu y con familiares de los rehenes en el Parlamento israel\u00ed.<\/p>\n\n\n\n<p>M\u00e1s tarde, el mandatario viajar\u00e1 a Sharm el-Sheij, Egipto, donde participar\u00e1 de una cumbre internacional destinada a reforzar el alto el fuego entre Israel y Ham\u00e1s y a impulsar un nuevo proceso de di\u00e1logo para la estabilidad en Oriente Medio.<\/p>\n\n\n\n<p>Los pr\u00f3ximos pasos del acuerdo de paz<\/p>\n\n\n\n<p>El acuerdo tambi\u00e9n prev\u00e9 que ma\u00f1ana martes Ham\u00e1s entregue los cuerpos de los 28 rehenes fallecidos que a\u00fan permanecen en Gaza. Sin embargo, autoridades israel\u00edes advirtieron que parte de ellos no han podido ser localizados.<\/p>\n\n\n\n<p>Se espera que el alto el fuego tambi\u00e9n venga acompa\u00f1ado de un aumento de la ayuda humanitaria en Gaza, donde algunas zonas est\u00e1n sumidas en la hambruna, public\u00f3 \u00c1mbito.<\/p>\n\n\n\n<p>Con la liberaci\u00f3n de los \u00faltimos cautivos vivos, se cierra uno de los cap\u00edtulos m\u00e1s dolorosos del conflicto iniciado hace dos a\u00f1os entre Israel y el grupo islamista Ham\u00e1s.<\/p>\n","protected":false},"excerpt":{"rendered":"<p>Entre los liberados hay tres argentinos. Para este martes se espera la entrega de los cuerpos de los 28 rehenes fallecidos que a\u00fan permanecen en Gaza. Ham\u00e1s liber\u00f3 este lunes a los \u00faltimos 20 rehenes israel\u00edes vivos, que permanecieron m\u00e1s de dos a\u00f1os cautivos en la Franja de Gaza tras el ataque del 7 de [&hellip;]<\/p>\n","protected":false},"author":4,"featured_media":5104,"comment_status":"open","ping_status":"open","sticky":false,"template":"","format":"standard","meta":{"footnotes":""},"categories":[20],"tags":[],"class_list":{"0":"post-5103","1":"post","2":"type-post","3":"status-publish","4":"format-standard","5":"has-post-thumbnail","7":"category-internacionales"},"yoast_head":"<!-- This site is optimized with the Yoast SEO plugin v27.4 - https:\/\/yoast.com\/product\/yoast-seo-wordpress\/ -->\n<title>Ham\u00e1s liber\u00f3 a los \u00faltimos 20 rehenes de Israel vivos tras dos a\u00f1os en cautiverio - Diario del Sur<\/title>\n<meta name=\"robots\" content=\"index, follow, max-snippet:-1, max-image-preview:large, max-video-preview:-1\" \/>\n<link rel=\"canonical\" href=\"https:\/\/diariodelsurdigital.com.ar\/?p=5103\" \/>\n<meta property=\"og:locale\" content=\"es_ES\" \/>\n<meta property=\"og:type\" content=\"article\" \/>\n<meta property=\"og:title\" content=\"Ham\u00e1s liber\u00f3 a los \u00faltimos 20 rehenes de Israel vivos tras dos a\u00f1os en cautiverio - Diario del Sur\" \/>\n<meta property=\"og:description\" content=\"Entre los liberados hay tres argentinos. Para este martes se espera la entrega de los cuerpos de los 28 rehenes fallecidos que a\u00fan permanecen en Gaza. Ham\u00e1s liber\u00f3 este lunes a los \u00faltimos 20 rehenes israel\u00edes vivos, que permanecieron m\u00e1s de dos a\u00f1os cautivos en la Franja de Gaza tras el ataque del 7 de [&hellip;]\" \/>\n<meta property=\"og:url\" content=\"https:\/\/diariodelsurdigital.com.ar\/?p=5103\" \/>\n<meta property=\"og:site_name\" content=\"Diario del Sur\" \/>\n<meta property=\"article:published_time\" content=\"2025-10-13T13:43:55+00:00\" \/>\n<meta property=\"og:image\" content=\"https:\/\/diariodelsurdigital.com.ar\/wp-content\/uploads\/2025\/10\/md-24-1.webp\" \/>\n\t<meta property=\"og:image:width\" content=\"992\" \/>\n\t<meta property=\"og:image:height\" content=\"557\" \/>\n\t<meta property=\"og:image:type\" content=\"image\/webp\" \/>\n<meta name=\"author\" content=\"Diario del Sur Digital\" \/>\n<meta name=\"twitter:card\" content=\"summary_large_image\" \/>\n<meta name=\"twitter:label1\" content=\"Escrito por\" \/>\n\t<meta name=\"twitter:data1\" content=\"Diario del Sur Digital\" \/>\n\t<meta name=\"twitter:label2\" content=\"Tiempo de lectura\" \/>\n\t<meta name=\"twitter:data2\" content=\"2 minutos\" \/>\n<script type=\"application\/ld+json\" class=\"yoast-schema-graph\">{\"@context\":\"https:\\\/\\\/schema.org\",\"@graph\":[{\"@type\":\"Article\",\"@id\":\"https:\\\/\\\/diariodelsurdigital.com.ar\\\/?p=5103#article\",\"isPartOf\":{\"@id\":\"https:\\\/\\\/diariodelsurdigital.com.ar\\\/?p=5103\"},\"author\":{\"name\":\"Diario del Sur Digital\",\"@id\":\"https:\\\/\\\/diariodelsurdigital.com.ar\\\/#\\\/schema\\\/person\\\/1a4992532ed62965c968031b49195c81\"},\"headline\":\"Ham\u00e1s liber\u00f3 a los \u00faltimos 20 rehenes de Israel vivos tras dos a\u00f1os en cautiverio\",\"datePublished\":\"2025-10-13T13:43:55+00:00\",\"mainEntityOfPage\":{\"@id\":\"https:\\\/\\\/diariodelsurdigital.com.ar\\\/?p=5103\"},\"wordCount\":402,\"commentCount\":0,\"image\":{\"@id\":\"https:\\\/\\\/diariodelsurdigital.com.ar\\\/?p=5103#primaryimage\"},\"thumbnailUrl\":\"https:\\\/\\\/diariodelsurdigital.com.ar\\\/wp-content\\\/uploads\\\/2025\\\/10\\\/md-24-1.webp\",\"articleSection\":[\"Internacionales\"],\"inLanguage\":\"es\",\"potentialAction\":[{\"@type\":\"CommentAction\",\"name\":\"Comment\",\"target\":[\"https:\\\/\\\/diariodelsurdigital.com.ar\\\/?p=5103#respond\"]}]},{\"@type\":\"WebPage\",\"@id\":\"https:\\\/\\\/diariodelsurdigital.com.ar\\\/?p=5103\",\"url\":\"https:\\\/\\\/diariodelsurdigital.com.ar\\\/?p=5103\",\"name\":\"Ham\u00e1s liber\u00f3 a los \u00faltimos 20 rehenes de Israel vivos tras dos a\u00f1os en cautiverio - Diario del Sur\",\"isPartOf\":{\"@id\":\"https:\\\/\\\/diariodelsurdigital.com.ar\\\/#website\"},\"primaryImageOfPage\":{\"@id\":\"https:\\\/\\\/diariodelsurdigital.com.ar\\\/?p=5103#primaryimage\"},\"image\":{\"@id\":\"https:\\\/\\\/diariodelsurdigital.com.ar\\\/?p=5103#primaryimage\"},\"thumbnailUrl\":\"https:\\\/\\\/diariodelsurdigital.com.ar\\\/wp-content\\\/uploads\\\/2025\\\/10\\\/md-24-1.webp\",\"datePublished\":\"2025-10-13T13:43:55+00:00\",\"author\":{\"@id\":\"https:\\\/\\\/diariodelsurdigital.com.ar\\\/#\\\/schema\\\/person\\\/1a4992532ed62965c968031b49195c81\"},\"breadcrumb\":{\"@id\":\"https:\\\/\\\/diariodelsurdigital.com.ar\\\/?p=5103#breadcrumb\"},\"inLanguage\":\"es\",\"potentialAction\":[{\"@type\":\"ReadAction\",\"target\":[\"https:\\\/\\\/diariodelsurdigital.com.ar\\\/?p=5103\"]}]},{\"@type\":\"ImageObject\",\"inLanguage\":\"es\",\"@id\":\"https:\\\/\\\/diariodelsurdigital.com.ar\\\/?p=5103#primaryimage\",\"url\":\"https:\\\/\\\/diariodelsurdigital.com.ar\\\/wp-content\\\/uploads\\\/2025\\\/10\\\/md-24-1.webp\",\"contentUrl\":\"https:\\\/\\\/diariodelsurdigital.com.ar\\\/wp-content\\\/uploads\\\/2025\\\/10\\\/md-24-1.webp\",\"width\":992,\"height\":557},{\"@type\":\"BreadcrumbList\",\"@id\":\"https:\\\/\\\/diariodelsurdigital.com.ar\\\/?p=5103#breadcrumb\",\"itemListElement\":[{\"@type\":\"ListItem\",\"position\":1,\"name\":\"Portada\",\"item\":\"https:\\\/\\\/diariodelsurdigital.com.ar\\\/\"},{\"@type\":\"ListItem\",\"position\":2,\"name\":\"Ham\u00e1s liber\u00f3 a los \u00faltimos 20 rehenes de Israel vivos tras dos a\u00f1os en cautiverio\"}]},{\"@type\":\"WebSite\",\"@id\":\"https:\\\/\\\/diariodelsurdigital.com.ar\\\/#website\",\"url\":\"https:\\\/\\\/diariodelsurdigital.com.ar\\\/\",\"name\":\"Diario del Sur\",\"description\":\"Digital\",\"potentialAction\":[{\"@type\":\"SearchAction\",\"target\":{\"@type\":\"EntryPoint\",\"urlTemplate\":\"https:\\\/\\\/diariodelsurdigital.com.ar\\\/?s={search_term_string}\"},\"query-input\":{\"@type\":\"PropertyValueSpecification\",\"valueRequired\":true,\"valueName\":\"search_term_string\"}}],\"inLanguage\":\"es\"},{\"@type\":\"Person\",\"@id\":\"https:\\\/\\\/diariodelsurdigital.com.ar\\\/#\\\/schema\\\/person\\\/1a4992532ed62965c968031b49195c81\",\"name\":\"Diario del Sur Digital\",\"image\":{\"@type\":\"ImageObject\",\"inLanguage\":\"es\",\"@id\":\"https:\\\/\\\/secure.gravatar.com\\\/avatar\\\/f0c7c47fc7146d19828273b9b8eda651c9c7ab583767e6338d3d3bee825adf76?s=96&d=mm&r=g\",\"url\":\"https:\\\/\\\/secure.gravatar.com\\\/avatar\\\/f0c7c47fc7146d19828273b9b8eda651c9c7ab583767e6338d3d3bee825adf76?s=96&d=mm&r=g\",\"contentUrl\":\"https:\\\/\\\/secure.gravatar.com\\\/avatar\\\/f0c7c47fc7146d19828273b9b8eda651c9c7ab583767e6338d3d3bee825adf76?s=96&d=mm&r=g\",\"caption\":\"Diario del Sur Digital\"},\"url\":\"https:\\\/\\\/diariodelsurdigital.com.ar\\\/?author=4\"}]}<\/script>\n<!-- \/ Yoast SEO plugin. -->","yoast_head_json":{"title":"Ham\u00e1s liber\u00f3 a los \u00faltimos 20 rehenes de Israel vivos tras dos a\u00f1os en cautiverio - Diario del Sur","robots":{"index":"index","follow":"follow","max-snippet":"max-snippet:-1","max-image-preview":"max-image-preview:large","max-video-preview":"max-video-preview:-1"},"canonical":"https:\/\/diariodelsurdigital.com.ar\/?p=5103","og_locale":"es_ES","og_type":"article","og_title":"Ham\u00e1s liber\u00f3 a los \u00faltimos 20 rehenes de Israel vivos tras dos a\u00f1os en cautiverio - Diario del Sur","og_description":"Entre los liberados hay tres argentinos. Para este martes se espera la entrega de los cuerpos de los 28 rehenes fallecidos que a\u00fan permanecen en Gaza. Ham\u00e1s liber\u00f3 este lunes a los \u00faltimos 20 rehenes israel\u00edes vivos, que permanecieron m\u00e1s de dos a\u00f1os cautivos en la Franja de Gaza tras el ataque del 7 de [&hellip;]","og_url":"https:\/\/diariodelsurdigital.com.ar\/?p=5103","og_site_name":"Diario del Sur","article_published_time":"2025-10-13T13:43:55+00:00","og_image":[{"width":992,"height":557,"url":"https:\/\/diariodelsurdigital.com.ar\/wp-content\/uploads\/2025\/10\/md-24-1.webp","type":"image\/webp"}],"author":"Diario del Sur Digital","twitter_card":"summary_large_image","twitter_misc":{"Escrito por":"Diario del Sur Digital","Tiempo de lectura":"2 minutos"},"schema":{"@context":"https:\/\/schema.org","@graph":[{"@type":"Article","@id":"https:\/\/diariodelsurdigital.com.ar\/?p=5103#article","isPartOf":{"@id":"https:\/\/diariodelsurdigital.com.ar\/?p=5103"},"author":{"name":"Diario del Sur Digital","@id":"https:\/\/diariodelsurdigital.com.ar\/#\/schema\/person\/1a4992532ed62965c968031b49195c81"},"headline":"Ham\u00e1s liber\u00f3 a los \u00faltimos 20 rehenes de Israel vivos tras dos a\u00f1os en cautiverio","datePublished":"2025-10-13T13:43:55+00:00","mainEntityOfPage":{"@id":"https:\/\/diariodelsurdigital.com.ar\/?p=5103"},"wordCount":402,"commentCount":0,"image":{"@id":"https:\/\/diariodelsurdigital.com.ar\/?p=5103#primaryimage"},"thumbnailUrl":"https:\/\/diariodelsurdigital.com.ar\/wp-content\/uploads\/2025\/10\/md-24-1.webp","articleSection":["Internacionales"],"inLanguage":"es","potentialAction":[{"@type":"CommentAction","name":"Comment","target":["https:\/\/diariodelsurdigital.com.ar\/?p=5103#respond"]}]},{"@type":"WebPage","@id":"https:\/\/diariodelsurdigital.com.ar\/?p=5103","url":"https:\/\/diariodelsurdigital.com.ar\/?p=5103","name":"Ham\u00e1s liber\u00f3 a los \u00faltimos 20 rehenes de Israel vivos tras dos a\u00f1os en cautiverio - Diario del Sur","isPartOf":{"@id":"https:\/\/diariodelsurdigital.com.ar\/#website"},"primaryImageOfPage":{"@id":"https:\/\/diariodelsurdigital.com.ar\/?p=5103#primaryimage"},"image":{"@id":"https:\/\/diariodelsurdigital.com.ar\/?p=5103#primaryimage"},"thumbnailUrl":"https:\/\/diariodelsurdigital.com.ar\/wp-content\/uploads\/2025\/10\/md-24-1.webp","datePublished":"2025-10-13T13:43:55+00:00","author":{"@id":"https:\/\/diariodelsurdigital.com.ar\/#\/schema\/person\/1a4992532ed62965c968031b49195c81"},"breadcrumb":{"@id":"https:\/\/diariodelsurdigital.com.ar\/?p=5103#breadcrumb"},"inLanguage":"es","potentialAction":[{"@type":"ReadAction","target":["https:\/\/diariodelsurdigital.com.ar\/?p=5103"]}]},{"@type":"ImageObject","inLanguage":"es","@id":"https:\/\/diariodelsurdigital.com.ar\/?p=5103#primaryimage","url":"https:\/\/diariodelsurdigital.com.ar\/wp-content\/uploads\/2025\/10\/md-24-1.webp","contentUrl":"https:\/\/diariodelsurdigital.com.ar\/wp-content\/uploads\/2025\/10\/md-24-1.webp","width":992,"height":557},{"@type":"BreadcrumbList","@id":"https:\/\/diariodelsurdigital.com.ar\/?p=5103#breadcrumb","itemListElement":[{"@type":"ListItem","position":1,"name":"Portada","item":"https:\/\/diariodelsurdigital.com.ar\/"},{"@type":"ListItem","position":2,"name":"Ham\u00e1s liber\u00f3 a los \u00faltimos 20 rehenes de Israel vivos tras dos a\u00f1os en cautiverio"}]},{"@type":"WebSite","@id":"https:\/\/diariodelsurdigital.com.ar\/#website","url":"https:\/\/diariodelsurdigital.com.ar\/","name":"Diario del Sur","description":"Digital","potentialAction":[{"@type":"SearchAction","target":{"@type":"EntryPoint","urlTemplate":"https:\/\/diariodelsurdigital.com.ar\/?s={search_term_string}"},"query-input":{"@type":"PropertyValueSpecification","valueRequired":true,"valueName":"search_term_string"}}],"inLanguage":"es"},{"@type":"Person","@id":"https:\/\/diariodelsurdigital.com.ar\/#\/schema\/person\/1a4992532ed62965c968031b49195c81","name":"Diario del Sur Digital","image":{"@type":"ImageObject","inLanguage":"es","@id":"https:\/\/secure.gravatar.com\/avatar\/f0c7c47fc7146d19828273b9b8eda651c9c7ab583767e6338d3d3bee825adf76?s=96&d=mm&r=g","url":"https:\/\/secure.gravatar.com\/avatar\/f0c7c47fc7146d19828273b9b8eda651c9c7ab583767e6338d3d3bee825adf76?s=96&d=mm&r=g","contentUrl":"https:\/\/secure.gravatar.com\/avatar\/f0c7c47fc7146d19828273b9b8eda651c9c7ab583767e6338d3d3bee825adf76?s=96&d=mm&r=g","caption":"Diario del Sur Digital"},"url":"https:\/\/diariodelsurdigital.com.ar\/?author=4"}]}},"_links":{"self":[{"href":"https:\/\/diariodelsurdigital.com.ar\/index.php?rest_route=\/wp\/v2\/posts\/5103","targetHints":{"allow":["GET"]}}],"collection":[{"href":"https:\/\/diariodelsurdigital.com.ar\/index.php?rest_route=\/wp\/v2\/posts"}],"about":[{"href":"https:\/\/diariodelsurdigital.com.ar\/index.php?rest_route=\/wp\/v2\/types\/post"}],"author":[{"embeddable":true,"href":"https:\/\/diariodelsurdigital.com.ar\/index.php?rest_route=\/wp\/v2\/users\/4"}],"replies":[{"embeddable":true,"href":"https:\/\/diariodelsurdigital.com.ar\/index.php?rest_route=%2Fwp%2Fv2%2Fcomments&post=5103"}],"version-history":[{"count":1,"href":"https:\/\/diariodelsurdigital.com.ar\/index.php?rest_route=\/wp\/v2\/posts\/5103\/revisions"}],"predecessor-version":[{"id":5105,"href":"https:\/\/diariodelsurdigital.com.ar\/index.php?rest_route=\/wp\/v2\/posts\/5103\/revisions\/5105"}],"wp:featuredmedia":[{"embeddable":true,"href":"https:\/\/diariodelsurdigital.com.ar\/index.php?rest_route=\/wp\/v2\/media\/5104"}],"wp:attachment":[{"href":"https:\/\/diariodelsurdigital.com.ar\/index.php?rest_route=%2Fwp%2Fv2%2Fmedia&parent=5103"}],"wp:term":[{"taxonomy":"category","embeddable":true,"href":"https:\/\/diariodelsurdigital.com.ar\/index.php?rest_route=%2Fwp%2Fv2%2Fcategories&post=5103"},{"taxonomy":"post_tag","embeddable":true,"href":"https:\/\/diariodelsurdigital.com.ar\/index.php?rest_route=%2Fwp%2Fv2%2Ftags&post=5103"}],"curies":[{"name":"wp","href":"https:\/\/api.w.org\/{rel}","templated":true}]}}